{"id":164515,"date":"2022-03-29T17:52:31","date_gmt":"2022-03-29T20:52:31","guid":{"rendered":"https:\/\/experienciadevida.com.ar\/portalurbano\/?p=164515"},"modified":"2022-03-29T17:54:49","modified_gmt":"2022-03-29T20:54:49","slug":"ya-comenzaron-las-obras-en-el-nuevo-edificio-de-la-escuela-de-artes-visuales","status":"publish","type":"post","link":"https:\/\/experienciadevida.com.ar\/portalurbano\/ya-comenzaron-las-obras-en-el-nuevo-edificio-de-la-escuela-de-artes-visuales\/","title":{"rendered":"Ya comenzaron las obras en el nuevo edificio de la Escuela de Artes Visuales"},"content":{"rendered":"<p>Ya comenzaron las obras en el nuevo edificio de la Escuela de Artes Visuales, la empresa se encuentra trabajando en el lugar.<\/p>\n<p><a href=\"https:\/\/experienciadevida.com.ar\/portalurbano\/ya-comenzaron-las-obras-en-el-nuevo-edificio-de-la-escuela-de-artes-visuales\/ya-comenzaron\/\" rel=\"attachment wp-att-164518\"><img decoding=\"async\" class=\"alignnone size-full wp-image-164518\" src=\"https:\/\/experienciadevida.com.ar\/portalurbano\/wp-content\/uploads\/2022\/03\/Ya-comenzaron.jpg\" alt=\"Ya comenzaron \" width=\"960\" height=\"640\" srcset=\"https:\/\/experienciadevida.com.ar\/portalurbano\/wp-content\/uploads\/2022\/03\/Ya-comenzaron.jpg 960w, https:\/\/experienciadevida.com.ar\/portalurbano\/wp-content\/uploads\/2022\/03\/Ya-comenzaron-300x200.jpg 300w, https:\/\/experienciadevida.com.ar\/portalurbano\/wp-content\/uploads\/2022\/03\/Ya-comenzaron-768x512.jpg 768w\" sizes=\"(max-width: 960px) 100vw, 960px\" \/><\/a><\/p>\n<p>Este martes Consejeros Escolares del Frente de Todos confirmaron que ya se iniciaron las obras en la nueva sede que tendr\u00e1 la Escuela de Artes Visuales \u201cMiguel \u00c1ngel Galgano\u201d ubicada en el mismo predio donde funciona la Escuela de Educaci\u00f3n Agraria N\u00b01.<\/p>\n<p>Cabe destacar que como se inform\u00f3 d\u00edas atr\u00e1s la provincia ya deposit\u00f3 al municipio el anticipo de $4.479.720 y el total de la inversi\u00f3n asciende a m\u00e1s de 29 millones de pesos. Se trata de una demanda hist\u00f3rica de la comunidad educativa y que luego de varios a\u00f1os comienza a concretarse.<\/p>\n<p><a href=\"https:\/\/experienciadevida.com.ar\/portalurbano\/ya-comenzaron-las-obras-en-el-nuevo-edificio-de-la-escuela-de-artes-visuales\/las-obras-2\/\" rel=\"attachment wp-att-164519\"><img decoding=\"async\" class=\"alignnone size-full wp-image-164519\" src=\"https:\/\/experienciadevida.com.ar\/portalurbano\/wp-content\/uploads\/2022\/03\/las-obras.jpg\" alt=\"las obras \" width=\"960\" height=\"590\" srcset=\"https:\/\/experienciadevida.com.ar\/portalurbano\/wp-content\/uploads\/2022\/03\/las-obras.jpg 960w, https:\/\/experienciadevida.com.ar\/portalurbano\/wp-content\/uploads\/2022\/03\/las-obras-300x184.jpg 300w, https:\/\/experienciadevida.com.ar\/portalurbano\/wp-content\/uploads\/2022\/03\/las-obras-768x472.jpg 768w\" sizes=\"(max-width: 960px) 100vw, 960px\" \/><\/a><\/p>\n","protected":false},"excerpt":{"rendered":"<p>Ya comenzaron las obras en el nuevo edificio de la Escuela de Artes Visuales, la&#8230;<\/p>\n","protected":false},"author":1,"featured_media":164516,"comment_status":"closed","ping_status":"closed","sticky":false,"template":"","format":"standard","meta":{"content-type":""},"categories":[27,51],"tags":[],"nelio_content":{"isAutoShareEnabled":false,"autoShareEndMode":"default","automationSources":{"useContentSentences":true,"useSocialTemplates":true,"useCustomSentences":false,"customSentences":[]},"followers":[1],"suggestedReferences":[],"includedReferences":[],"efiUrl":"","efiAlt":"","highlights":[]},"yoast_head":"<!-- This site is optimized with the Yoast SEO plugin v20.7 - https:\/\/yoast.com\/wordpress\/plugins\/seo\/ -->\n<title>Ya comenzaron las obras en el nuevo edificio de la escuela de artes<\/title>\n<meta name=\"description\" content=\"Ya comenzaron las obras en el nuevo edificio de la Escuela de Artes Visuales, la empresa se encuentra trabajando en el lugar.\" \/>\n<meta name=\"robots\" content=\"index, follow, max-snippet:-1, max-image-preview:large, max-video-preview:-1\" \/>\n<link rel=\"canonical\" href=\"https:\/\/experienciadevida.com.ar\/portalurbano\/ya-comenzaron-las-obras-en-el-nuevo-edificio-de-la-escuela-de-artes-visuales\/\" \/>\n<meta property=\"og:locale\" content=\"es_ES\" \/>\n<meta property=\"og:type\" content=\"article\" \/>\n<meta property=\"og:title\" content=\"Ya comenzaron las obras en el nuevo edificio de la escuela de artes\" \/>\n<meta property=\"og:description\" content=\"Ya comenzaron las obras en el nuevo edificio de la Escuela de Artes Visuales, la empresa se encuentra trabajando en el lugar.\" \/>\n<meta property=\"og:url\" content=\"https:\/\/experienciadevida.com.ar\/portalurbano\/ya-comenzaron-las-obras-en-el-nuevo-edificio-de-la-escuela-de-artes-visuales\/\" \/>\n<meta property=\"article:publisher\" content=\"https:\/\/www.facebook.com\/Portal-Urbano-171542830093757\/\" \/>\n<meta property=\"article:published_time\" content=\"2022-03-29T20:52:31+00:00\" \/>\n<meta property=\"article:modified_time\" content=\"2022-03-29T20:54:49+00:00\" \/>\n<meta property=\"og:image\" content=\"https:\/\/experienciadevida.com.ar\/portalurbano\/wp-content\/uploads\/2022\/03\/Ya-comenzaron-las-obras.jpg\" \/>\n\t<meta property=\"og:image:width\" content=\"960\" \/>\n\t<meta property=\"og:image:height\" content=\"610\" \/>\n\t<meta property=\"og:image:type\" content=\"image\/jpeg\" \/>\n<meta name=\"author\" content=\"admpu17wp\" \/>\n<meta name=\"twitter:card\" content=\"summary_large_image\" \/>\n<meta name=\"twitter:creator\" content=\"@portalurbanook\" \/>\n<meta name=\"twitter:site\" content=\"@portalurbanook\" \/>\n<meta name=\"twitter:label1\" content=\"Escrito por\" \/>\n\t<meta name=\"twitter:data1\" content=\"admpu17wp\" \/>\n\t<meta name=\"twitter:label2\" content=\"Tiempo de lectura\" \/>\n\t<meta name=\"twitter:data2\" content=\"1 minuto\" \/>\n<script type=\"application\/ld+json\" class=\"yoast-schema-graph\">{\"@context\":\"https:\/\/schema.org\",\"@graph\":[{\"@type\":\"Article\",\"@id\":\"https:\/\/experienciadevida.com.ar\/portalurbano\/ya-comenzaron-las-obras-en-el-nuevo-edificio-de-la-escuela-de-artes-visuales\/#article\",\"isPartOf\":{\"@id\":\"https:\/\/experienciadevida.com.ar\/portalurbano\/ya-comenzaron-las-obras-en-el-nuevo-edificio-de-la-escuela-de-artes-visuales\/\"},\"author\":{\"name\":\"admpu17wp\",\"@id\":\"https:\/\/experienciadevida.com.ar\/portalurbano\/#\/schema\/person\/02dd326b1c4b056e9cc972486934a3a7\"},\"headline\":\"Ya comenzaron las obras en el nuevo edificio de la Escuela de Artes Visuales\",\"datePublished\":\"2022-03-29T20:52:31+00:00\",\"dateModified\":\"2022-03-29T20:54:49+00:00\",\"mainEntityOfPage\":{\"@id\":\"https:\/\/experienciadevida.com.ar\/portalurbano\/ya-comenzaron-las-obras-en-el-nuevo-edificio-de-la-escuela-de-artes-visuales\/\"},\"wordCount\":134,\"publisher\":{\"@id\":\"https:\/\/experienciadevida.com.ar\/portalurbano\/#organization\"},\"articleSection\":[\"Ciudad\",\"Destacadas\"],\"inLanguage\":\"es\"},{\"@type\":\"WebPage\",\"@id\":\"https:\/\/experienciadevida.com.ar\/portalurbano\/ya-comenzaron-las-obras-en-el-nuevo-edificio-de-la-escuela-de-artes-visuales\/\",\"url\":\"https:\/\/experienciadevida.com.ar\/portalurbano\/ya-comenzaron-las-obras-en-el-nuevo-edificio-de-la-escuela-de-artes-visuales\/\",\"name\":\"Ya comenzaron las obras en el nuevo edificio de la escuela de artes\",\"isPartOf\":{\"@id\":\"https:\/\/experienciadevida.com.ar\/portalurbano\/#website\"},\"datePublished\":\"2022-03-29T20:52:31+00:00\",\"dateModified\":\"2022-03-29T20:54:49+00:00\",\"description\":\"Ya comenzaron las obras en el nuevo edificio de la Escuela de Artes Visuales, la empresa se encuentra trabajando en el lugar.\",\"breadcrumb\":{\"@id\":\"https:\/\/experienciadevida.com.ar\/portalurbano\/ya-comenzaron-las-obras-en-el-nuevo-edificio-de-la-escuela-de-artes-visuales\/#breadcrumb\"},\"inLanguage\":\"es\",\"potentialAction\":[{\"@type\":\"ReadAction\",\"target\":[\"https:\/\/experienciadevida.com.ar\/portalurbano\/ya-comenzaron-las-obras-en-el-nuevo-edificio-de-la-escuela-de-artes-visuales\/\"]}]},{\"@type\":\"BreadcrumbList\",\"@id\":\"https:\/\/experienciadevida.com.ar\/portalurbano\/ya-comenzaron-las-obras-en-el-nuevo-edificio-de-la-escuela-de-artes-visuales\/#breadcrumb\",\"itemListElement\":[{\"@type\":\"ListItem\",\"position\":1,\"name\":\"Portada\",\"item\":\"https:\/\/experienciadevida.com.ar\/portalurbano\/\"},{\"@type\":\"ListItem\",\"position\":2,\"name\":\"Ya comenzaron las obras en el nuevo edificio de la Escuela de Artes Visuales\"}]},{\"@type\":\"WebSite\",\"@id\":\"https:\/\/experienciadevida.com.ar\/portalurbano\/#website\",\"url\":\"https:\/\/experienciadevida.com.ar\/portalurbano\/\",\"name\":\"\",\"description\":\"\",\"publisher\":{\"@id\":\"https:\/\/experienciadevida.com.ar\/portalurbano\/#organization\"},\"potentialAction\":[{\"@type\":\"SearchAction\",\"target\":{\"@type\":\"EntryPoint\",\"urlTemplate\":\"https:\/\/experienciadevida.com.ar\/portalurbano\/?s={search_term_string}\"},\"query-input\":\"required name=search_term_string\"}],\"inLanguage\":\"es\"},{\"@type\":\"Organization\",\"@id\":\"https:\/\/experienciadevida.com.ar\/portalurbano\/#organization\",\"name\":\"Portal Urbano\",\"url\":\"https:\/\/experienciadevida.com.ar\/portalurbano\/\",\"logo\":{\"@type\":\"ImageObject\",\"inLanguage\":\"es\",\"@id\":\"https:\/\/experienciadevida.com.ar\/portalurbano\/#\/schema\/logo\/image\/\",\"url\":\"https:\/\/experienciadevida.com.ar\/portalurbano\/wp-content\/uploads\/2019\/09\/Logo-Original.png\",\"contentUrl\":\"https:\/\/experienciadevida.com.ar\/portalurbano\/wp-content\/uploads\/2019\/09\/Logo-Original.png\",\"width\":2236,\"height\":1216,\"caption\":\"Portal Urbano\"},\"image\":{\"@id\":\"https:\/\/experienciadevida.com.ar\/portalurbano\/#\/schema\/logo\/image\/\"},\"sameAs\":[\"https:\/\/www.facebook.com\/Portal-Urbano-171542830093757\/\",\"https:\/\/twitter.com\/portalurbanook\",\"https:\/\/www.instagram.com\/_portalurbano\/\",\"https:\/\/www.youtube.com\/channel\/UCXhagIfszH8KxFiOok79zbA?view_as=subscriber\"]},{\"@type\":\"Person\",\"@id\":\"https:\/\/experienciadevida.com.ar\/portalurbano\/#\/schema\/person\/02dd326b1c4b056e9cc972486934a3a7\",\"name\":\"admpu17wp\",\"image\":{\"@type\":\"ImageObject\",\"inLanguage\":\"es\",\"@id\":\"https:\/\/experienciadevida.com.ar\/portalurbano\/#\/schema\/person\/image\/\",\"url\":\"https:\/\/secure.gravatar.com\/avatar\/830d4c57adaae6630765e449a6908047?s=96&d=mm&r=g\",\"contentUrl\":\"https:\/\/secure.gravatar.com\/avatar\/830d4c57adaae6630765e449a6908047?s=96&d=mm&r=g\",\"caption\":\"admpu17wp\"}}]}<\/script>\n<!-- \/ Yoast SEO plugin. -->","yoast_head_json":{"title":"Ya comenzaron las obras en el nuevo edificio de la escuela de artes","description":"Ya comenzaron las obras en el nuevo edificio de la Escuela de Artes Visuales, la empresa se encuentra trabajando en el lugar.","robots":{"index":"index","follow":"follow","max-snippet":"max-snippet:-1","max-image-preview":"max-image-preview:large","max-video-preview":"max-video-preview:-1"},"canonical":"https:\/\/experienciadevida.com.ar\/portalurbano\/ya-comenzaron-las-obras-en-el-nuevo-edificio-de-la-escuela-de-artes-visuales\/","og_locale":"es_ES","og_type":"article","og_title":"Ya comenzaron las obras en el nuevo edificio de la escuela de artes","og_description":"Ya comenzaron las obras en el nuevo edificio de la Escuela de Artes Visuales, la empresa se encuentra trabajando en el lugar.","og_url":"https:\/\/experienciadevida.com.ar\/portalurbano\/ya-comenzaron-las-obras-en-el-nuevo-edificio-de-la-escuela-de-artes-visuales\/","article_publisher":"https:\/\/www.facebook.com\/Portal-Urbano-171542830093757\/","article_published_time":"2022-03-29T20:52:31+00:00","article_modified_time":"2022-03-29T20:54:49+00:00","og_image":[{"width":960,"height":610,"url":"https:\/\/experienciadevida.com.ar\/portalurbano\/wp-content\/uploads\/2022\/03\/Ya-comenzaron-las-obras.jpg","type":"image\/jpeg"}],"author":"admpu17wp","twitter_card":"summary_large_image","twitter_creator":"@portalurbanook","twitter_site":"@portalurbanook","twitter_misc":{"Escrito por":"admpu17wp","Tiempo de lectura":"1 minuto"},"schema":{"@context":"https:\/\/schema.org","@graph":[{"@type":"Article","@id":"https:\/\/experienciadevida.com.ar\/portalurbano\/ya-comenzaron-las-obras-en-el-nuevo-edificio-de-la-escuela-de-artes-visuales\/#article","isPartOf":{"@id":"https:\/\/experienciadevida.com.ar\/portalurbano\/ya-comenzaron-las-obras-en-el-nuevo-edificio-de-la-escuela-de-artes-visuales\/"},"author":{"name":"admpu17wp","@id":"https:\/\/experienciadevida.com.ar\/portalurbano\/#\/schema\/person\/02dd326b1c4b056e9cc972486934a3a7"},"headline":"Ya comenzaron las obras en el nuevo edificio de la Escuela de Artes Visuales","datePublished":"2022-03-29T20:52:31+00:00","dateModified":"2022-03-29T20:54:49+00:00","mainEntityOfPage":{"@id":"https:\/\/experienciadevida.com.ar\/portalurbano\/ya-comenzaron-las-obras-en-el-nuevo-edificio-de-la-escuela-de-artes-visuales\/"},"wordCount":134,"publisher":{"@id":"https:\/\/experienciadevida.com.ar\/portalurbano\/#organization"},"articleSection":["Ciudad","Destacadas"],"inLanguage":"es"},{"@type":"WebPage","@id":"https:\/\/experienciadevida.com.ar\/portalurbano\/ya-comenzaron-las-obras-en-el-nuevo-edificio-de-la-escuela-de-artes-visuales\/","url":"https:\/\/experienciadevida.com.ar\/portalurbano\/ya-comenzaron-las-obras-en-el-nuevo-edificio-de-la-escuela-de-artes-visuales\/","name":"Ya comenzaron las obras en el nuevo edificio de la escuela de artes","isPartOf":{"@id":"https:\/\/experienciadevida.com.ar\/portalurbano\/#website"},"datePublished":"2022-03-29T20:52:31+00:00","dateModified":"2022-03-29T20:54:49+00:00","description":"Ya comenzaron las obras en el nuevo edificio de la Escuela de Artes Visuales, la empresa se encuentra trabajando en el lugar.","breadcrumb":{"@id":"https:\/\/experienciadevida.com.ar\/portalurbano\/ya-comenzaron-las-obras-en-el-nuevo-edificio-de-la-escuela-de-artes-visuales\/#breadcrumb"},"inLanguage":"es","potentialAction":[{"@type":"ReadAction","target":["https:\/\/experienciadevida.com.ar\/portalurbano\/ya-comenzaron-las-obras-en-el-nuevo-edificio-de-la-escuela-de-artes-visuales\/"]}]},{"@type":"BreadcrumbList","@id":"https:\/\/experienciadevida.com.ar\/portalurbano\/ya-comenzaron-las-obras-en-el-nuevo-edificio-de-la-escuela-de-artes-visuales\/#breadcrumb","itemListElement":[{"@type":"ListItem","position":1,"name":"Portada","item":"https:\/\/experienciadevida.com.ar\/portalurbano\/"},{"@type":"ListItem","position":2,"name":"Ya comenzaron las obras en el nuevo edificio de la Escuela de Artes Visuales"}]},{"@type":"WebSite","@id":"https:\/\/experienciadevida.com.ar\/portalurbano\/#website","url":"https:\/\/experienciadevida.com.ar\/portalurbano\/","name":"","description":"","publisher":{"@id":"https:\/\/experienciadevida.com.ar\/portalurbano\/#organization"},"potentialAction":[{"@type":"SearchAction","target":{"@type":"EntryPoint","urlTemplate":"https:\/\/experienciadevida.com.ar\/portalurbano\/?s={search_term_string}"},"query-input":"required name=search_term_string"}],"inLanguage":"es"},{"@type":"Organization","@id":"https:\/\/experienciadevida.com.ar\/portalurbano\/#organization","name":"Portal Urbano","url":"https:\/\/experienciadevida.com.ar\/portalurbano\/","logo":{"@type":"ImageObject","inLanguage":"es","@id":"https:\/\/experienciadevida.com.ar\/portalurbano\/#\/schema\/logo\/image\/","url":"https:\/\/experienciadevida.com.ar\/portalurbano\/wp-content\/uploads\/2019\/09\/Logo-Original.png","contentUrl":"https:\/\/experienciadevida.com.ar\/portalurbano\/wp-content\/uploads\/2019\/09\/Logo-Original.png","width":2236,"height":1216,"caption":"Portal Urbano"},"image":{"@id":"https:\/\/experienciadevida.com.ar\/portalurbano\/#\/schema\/logo\/image\/"},"sameAs":["https:\/\/www.facebook.com\/Portal-Urbano-171542830093757\/","https:\/\/twitter.com\/portalurbanook","https:\/\/www.instagram.com\/_portalurbano\/","https:\/\/www.youtube.com\/channel\/UCXhagIfszH8KxFiOok79zbA?view_as=subscriber"]},{"@type":"Person","@id":"https:\/\/experienciadevida.com.ar\/portalurbano\/#\/schema\/person\/02dd326b1c4b056e9cc972486934a3a7","name":"admpu17wp","image":{"@type":"ImageObject","inLanguage":"es","@id":"https:\/\/experienciadevida.com.ar\/portalurbano\/#\/schema\/person\/image\/","url":"https:\/\/secure.gravatar.com\/avatar\/830d4c57adaae6630765e449a6908047?s=96&d=mm&r=g","contentUrl":"https:\/\/secure.gravatar.com\/avatar\/830d4c57adaae6630765e449a6908047?s=96&d=mm&r=g","caption":"admpu17wp"}}]}},"featured_image_urls":{"full":["https:\/\/experienciadevida.com.ar\/portalurbano\/wp-content\/uploads\/2022\/03\/Ya-comenzaron-las-obras.jpg",960,610,false],"thumbnail":["https:\/\/experienciadevida.com.ar\/portalurbano\/wp-content\/uploads\/2022\/03\/Ya-comenzaron-las-obras-150x150.jpg",150,150,true],"medium":["https:\/\/experienciadevida.com.ar\/portalurbano\/wp-content\/uploads\/2022\/03\/Ya-comenzaron-las-obras-300x191.jpg",300,191,true],"medium_large":["https:\/\/experienciadevida.com.ar\/portalurbano\/wp-content\/uploads\/2022\/03\/Ya-comenzaron-las-obras-768x488.jpg",640,407,true],"large":["https:\/\/experienciadevida.com.ar\/portalurbano\/wp-content\/uploads\/2022\/03\/Ya-comenzaron-las-obras.jpg",640,407,false],"ug_big":["https:\/\/experienciadevida.com.ar\/portalurbano\/wp-content\/uploads\/2022\/03\/Ya-comenzaron-las-obras-768x488.jpg",768,488,true],"1536x1536":["https:\/\/experienciadevida.com.ar\/portalurbano\/wp-content\/uploads\/2022\/03\/Ya-comenzaron-las-obras.jpg",960,610,false],"2048x2048":["https:\/\/experienciadevida.com.ar\/portalurbano\/wp-content\/uploads\/2022\/03\/Ya-comenzaron-las-obras.jpg",960,610,false],"newsever-slider-full":["https:\/\/experienciadevida.com.ar\/portalurbano\/wp-content\/uploads\/2022\/03\/Ya-comenzaron-las-obras.jpg",960,610,false],"newsever-featured":["https:\/\/experienciadevida.com.ar\/portalurbano\/wp-content\/uploads\/2022\/03\/Ya-comenzaron-las-obras.jpg",960,610,false],"newsever-medium":["https:\/\/experienciadevida.com.ar\/portalurbano\/wp-content\/uploads\/2022\/03\/Ya-comenzaron-las-obras.jpg",720,458,false],"web-stories-poster-portrait":["https:\/\/experienciadevida.com.ar\/portalurbano\/wp-content\/uploads\/2022\/03\/Ya-comenzaron-las-obras.jpg",640,407,false],"web-stories-publisher-logo":["https:\/\/experienciadevida.com.ar\/portalurbano\/wp-content\/uploads\/2022\/03\/Ya-comenzaron-las-obras.jpg",96,61,false],"web-stories-thumbnail":["https:\/\/experienciadevida.com.ar\/portalurbano\/wp-content\/uploads\/2022\/03\/Ya-comenzaron-las-obras.jpg",150,95,false]},"author_info":{"display_name":"admpu17wp","author_link":"https:\/\/experienciadevida.com.ar\/portalurbano\/author\/admpu17wp\/"},"category_info":"<a href=\"https:\/\/experienciadevida.com.ar\/portalurbano\/category\/ciudad\/\" rel=\"category tag\">Ciudad<\/a> <a href=\"https:\/\/experienciadevida.com.ar\/portalurbano\/category\/destacadas\/\" rel=\"category tag\">Destacadas<\/a>","tag_info":"Destacadas","comment_count":"0","amp_enabled":true,"_links":{"self":[{"href":"https:\/\/experienciadevida.com.ar\/portalurbano\/wp-json\/wp\/v2\/posts\/164515"}],"collection":[{"href":"https:\/\/experienciadevida.com.ar\/portalurbano\/wp-json\/wp\/v2\/posts"}],"about":[{"href":"https:\/\/experienciadevida.com.ar\/portalurbano\/wp-json\/wp\/v2\/types\/post"}],"author":[{"embeddable":true,"href":"https:\/\/experienciadevida.com.ar\/portalurbano\/wp-json\/wp\/v2\/users\/1"}],"replies":[{"embeddable":true,"href":"https:\/\/experienciadevida.com.ar\/portalurbano\/wp-json\/wp\/v2\/comments?post=164515"}],"version-history":[{"count":2,"href":"https:\/\/experienciadevida.com.ar\/portalurbano\/wp-json\/wp\/v2\/posts\/164515\/revisions"}],"predecessor-version":[{"id":164520,"href":"https:\/\/experienciadevida.com.ar\/portalurbano\/wp-json\/wp\/v2\/posts\/164515\/revisions\/164520"}],"wp:featuredmedia":[{"embeddable":true,"href":"https:\/\/experienciadevida.com.ar\/portalurbano\/wp-json\/wp\/v2\/media\/164516"}],"wp:attachment":[{"href":"https:\/\/experienciadevida.com.ar\/portalurbano\/wp-json\/wp\/v2\/media?parent=164515"}],"wp:term":[{"taxonomy":"category","embeddable":true,"href":"https:\/\/experienciadevida.com.ar\/portalurbano\/wp-json\/wp\/v2\/categories?post=164515"},{"taxonomy":"post_tag","embeddable":true,"href":"https:\/\/experienciadevida.com.ar\/portalurbano\/wp-json\/wp\/v2\/tags?post=164515"}],"curies":[{"name":"wp","href":"https:\/\/api.w.org\/{rel}","templated":true}]}}