{"id":164505,"date":"2022-03-29T17:47:46","date_gmt":"2022-03-29T20:47:46","guid":{"rendered":"https:\/\/experienciadevida.com.ar\/portalurbano\/?p=164505"},"modified":"2022-03-29T17:50:49","modified_gmt":"2022-03-29T20:50:49","slug":"se-firmo-el-contrato-para-la-nueva-concesion-del-transporte-interurbano","status":"publish","type":"post","link":"https:\/\/experienciadevida.com.ar\/portalurbano\/se-firmo-el-contrato-para-la-nueva-concesion-del-transporte-interurbano\/","title":{"rendered":"Se firm\u00f3 el contrato para la nueva concesi\u00f3n del transporte interurbano"},"content":{"rendered":"<p>Se firm\u00f3 el contrato para la nueva concesi\u00f3n del transporte interurbano, el intendente <a href=\"https:\/\/www.facebook.com\/galliezequiel\">Ezequiel Galli<\/a> y los titulares de la firma Las Sierras SRL Marcelo y Germ\u00e1n Da Silva firmaron -este martes por la ma\u00f1ana- el contrato para la nueva concesi\u00f3n del servicio de transporte p\u00fablico interurbano de pasajeros del Partido de Olavarr\u00eda.<\/p>\n<p>La firma tuvo lugar en la Sala de Reuniones del Palacio San Mart\u00edn y cont\u00f3 con la presencia del secretario de Gobierno Hilario Galli y el director administrativo del \u00e1rea Enzo Russo.<\/p>\n<p>La concesi\u00f3n es por un plazo de 12 a\u00f1os y la empresa adjudicataria deber\u00e1 comenzar con la prestaci\u00f3n del servicio, a partir del 1\u00ba de mayo del corriente a\u00f1o.<\/p>\n<p>El transporte interurbano involucra las l\u00edneas 509 (Loma Negra y Villa Mi Serran\u00eda), 510- (Sierras Bayas y Colonia San Miguel) y 514 (Sierra Chica, Hinojo y Colonia Hinojo).<\/p>\n<p>La nueva concesi\u00f3n mantendr\u00e1 la planta de 26 trabajadores, respetando la antig\u00fcedad laboral en la actual empresa prestataria del servicio. La flota tendr\u00e1 15 colectivos: todos con una antig\u00fcedad inferior a 10 a\u00f1os y 7 unidades ser\u00e1n 0Km. La frecuencia horaria tendr\u00e1 una amplitud de entre 40 minutos y una hora.<\/p>\n<p><a href=\"https:\/\/experienciadevida.com.ar\/portalurbano\/se-firmo-el-contrato-para-la-nueva-concesion-del-transporte-interurbano\/se-firmo\/\" rel=\"attachment wp-att-164513\"><img decoding=\"async\" class=\"alignnone size-large wp-image-164513\" src=\"https:\/\/experienciadevida.com.ar\/portalurbano\/wp-content\/uploads\/2022\/03\/Se-firmo-1024x684.jpg\" alt=\"Se firm\u00f3 \" width=\"900\" height=\"601\" srcset=\"https:\/\/experienciadevida.com.ar\/portalurbano\/wp-content\/uploads\/2022\/03\/Se-firmo-1024x684.jpg 1024w, https:\/\/experienciadevida.com.ar\/portalurbano\/wp-content\/uploads\/2022\/03\/Se-firmo-300x201.jpg 300w, https:\/\/experienciadevida.com.ar\/portalurbano\/wp-content\/uploads\/2022\/03\/Se-firmo-768x513.jpg 768w, https:\/\/experienciadevida.com.ar\/portalurbano\/wp-content\/uploads\/2022\/03\/Se-firmo-1536x1027.jpg 1536w, https:\/\/experienciadevida.com.ar\/portalurbano\/wp-content\/uploads\/2022\/03\/Se-firmo-2048x1369.jpg 2048w\" sizes=\"(max-width: 900px) 100vw, 900px\" \/><\/a><\/p>\n","protected":false},"excerpt":{"rendered":"<p>Se firm\u00f3 el contrato para la nueva concesi\u00f3n del transporte interurbano, el intendente Ezequiel Galli&#8230;<\/p>\n","protected":false},"author":1,"featured_media":164510,"comment_status":"closed","ping_status":"closed","sticky":false,"template":"","format":"standard","meta":{"content-type":""},"categories":[27,64],"tags":[],"nelio_content":{"isAutoShareEnabled":false,"autoShareEndMode":"default","automationSources":{"useContentSentences":true,"useSocialTemplates":true,"useCustomSentences":false,"customSentences":[]},"followers":[1],"suggestedReferences":[],"includedReferences":[],"efiUrl":"","efiAlt":"","highlights":[]},"yoast_head":"<!-- This site is optimized with the Yoast SEO plugin v20.7 - https:\/\/yoast.com\/wordpress\/plugins\/seo\/ -->\n<title>Se firm\u00f3 el contrato para la nueva concesi\u00f3n del transporte interurbano<\/title>\n<meta name=\"description\" content=\"Se firm\u00f3 el contrato para la nueva concesi\u00f3n del transporte interurbano, el intendente Ezequiel Galli y los titulares participaron\" \/>\n<meta name=\"robots\" content=\"index, follow, max-snippet:-1, max-image-preview:large, max-video-preview:-1\" \/>\n<link rel=\"canonical\" href=\"https:\/\/experienciadevida.com.ar\/portalurbano\/se-firmo-el-contrato-para-la-nueva-concesion-del-transporte-interurbano\/\" \/>\n<meta property=\"og:locale\" content=\"es_ES\" \/>\n<meta property=\"og:type\" content=\"article\" \/>\n<meta property=\"og:title\" content=\"Se firm\u00f3 el contrato para la nueva concesi\u00f3n del transporte interurbano\" \/>\n<meta property=\"og:description\" content=\"Se firm\u00f3 el contrato para la nueva concesi\u00f3n del transporte interurbano, el intendente Ezequiel Galli y los titulares participaron\" \/>\n<meta property=\"og:url\" content=\"https:\/\/experienciadevida.com.ar\/portalurbano\/se-firmo-el-contrato-para-la-nueva-concesion-del-transporte-interurbano\/\" \/>\n<meta property=\"article:publisher\" content=\"https:\/\/www.facebook.com\/Portal-Urbano-171542830093757\/\" \/>\n<meta property=\"article:published_time\" content=\"2022-03-29T20:47:46+00:00\" \/>\n<meta property=\"article:modified_time\" content=\"2022-03-29T20:50:49+00:00\" \/>\n<meta property=\"og:image\" content=\"https:\/\/experienciadevida.com.ar\/portalurbano\/wp-content\/uploads\/2022\/03\/Se-firmo-el-contrato.jpg\" \/>\n\t<meta property=\"og:image:width\" content=\"2560\" \/>\n\t<meta property=\"og:image:height\" content=\"1711\" \/>\n\t<meta property=\"og:image:type\" content=\"image\/jpeg\" \/>\n<meta name=\"author\" content=\"admpu17wp\" \/>\n<meta name=\"twitter:card\" content=\"summary_large_image\" \/>\n<meta name=\"twitter:creator\" content=\"@portalurbanook\" \/>\n<meta name=\"twitter:site\" content=\"@portalurbanook\" \/>\n<meta name=\"twitter:label1\" content=\"Escrito por\" \/>\n\t<meta name=\"twitter:data1\" content=\"admpu17wp\" \/>\n\t<meta name=\"twitter:label2\" content=\"Tiempo de lectura\" \/>\n\t<meta name=\"twitter:data2\" content=\"2 minutos\" \/>\n<script type=\"application\/ld+json\" class=\"yoast-schema-graph\">{\"@context\":\"https:\/\/schema.org\",\"@graph\":[{\"@type\":\"Article\",\"@id\":\"https:\/\/experienciadevida.com.ar\/portalurbano\/se-firmo-el-contrato-para-la-nueva-concesion-del-transporte-interurbano\/#article\",\"isPartOf\":{\"@id\":\"https:\/\/experienciadevida.com.ar\/portalurbano\/se-firmo-el-contrato-para-la-nueva-concesion-del-transporte-interurbano\/\"},\"author\":{\"name\":\"admpu17wp\",\"@id\":\"https:\/\/experienciadevida.com.ar\/portalurbano\/#\/schema\/person\/02dd326b1c4b056e9cc972486934a3a7\"},\"headline\":\"Se firm\u00f3 el contrato para la nueva concesi\u00f3n del transporte interurbano\",\"datePublished\":\"2022-03-29T20:47:46+00:00\",\"dateModified\":\"2022-03-29T20:50:49+00:00\",\"mainEntityOfPage\":{\"@id\":\"https:\/\/experienciadevida.com.ar\/portalurbano\/se-firmo-el-contrato-para-la-nueva-concesion-del-transporte-interurbano\/\"},\"wordCount\":214,\"publisher\":{\"@id\":\"https:\/\/experienciadevida.com.ar\/portalurbano\/#organization\"},\"articleSection\":[\"Ciudad\",\"Destacadas 2\"],\"inLanguage\":\"es\"},{\"@type\":\"WebPage\",\"@id\":\"https:\/\/experienciadevida.com.ar\/portalurbano\/se-firmo-el-contrato-para-la-nueva-concesion-del-transporte-interurbano\/\",\"url\":\"https:\/\/experienciadevida.com.ar\/portalurbano\/se-firmo-el-contrato-para-la-nueva-concesion-del-transporte-interurbano\/\",\"name\":\"Se firm\u00f3 el contrato para la nueva concesi\u00f3n del transporte interurbano\",\"isPartOf\":{\"@id\":\"https:\/\/experienciadevida.com.ar\/portalurbano\/#website\"},\"datePublished\":\"2022-03-29T20:47:46+00:00\",\"dateModified\":\"2022-03-29T20:50:49+00:00\",\"description\":\"Se firm\u00f3 el contrato para la nueva concesi\u00f3n del transporte interurbano, el intendente Ezequiel Galli y los titulares participaron\",\"breadcrumb\":{\"@id\":\"https:\/\/experienciadevida.com.ar\/portalurbano\/se-firmo-el-contrato-para-la-nueva-concesion-del-transporte-interurbano\/#breadcrumb\"},\"inLanguage\":\"es\",\"potentialAction\":[{\"@type\":\"ReadAction\",\"target\":[\"https:\/\/experienciadevida.com.ar\/portalurbano\/se-firmo-el-contrato-para-la-nueva-concesion-del-transporte-interurbano\/\"]}]},{\"@type\":\"BreadcrumbList\",\"@id\":\"https:\/\/experienciadevida.com.ar\/portalurbano\/se-firmo-el-contrato-para-la-nueva-concesion-del-transporte-interurbano\/#breadcrumb\",\"itemListElement\":[{\"@type\":\"ListItem\",\"position\":1,\"name\":\"Portada\",\"item\":\"https:\/\/experienciadevida.com.ar\/portalurbano\/\"},{\"@type\":\"ListItem\",\"position\":2,\"name\":\"Se firm\u00f3 el contrato para la nueva concesi\u00f3n del transporte interurbano\"}]},{\"@type\":\"WebSite\",\"@id\":\"https:\/\/experienciadevida.com.ar\/portalurbano\/#website\",\"url\":\"https:\/\/experienciadevida.com.ar\/portalurbano\/\",\"name\":\"\",\"description\":\"\",\"publisher\":{\"@id\":\"https:\/\/experienciadevida.com.ar\/portalurbano\/#organization\"},\"potentialAction\":[{\"@type\":\"SearchAction\",\"target\":{\"@type\":\"EntryPoint\",\"urlTemplate\":\"https:\/\/experienciadevida.com.ar\/portalurbano\/?s={search_term_string}\"},\"query-input\":\"required name=search_term_string\"}],\"inLanguage\":\"es\"},{\"@type\":\"Organization\",\"@id\":\"https:\/\/experienciadevida.com.ar\/portalurbano\/#organization\",\"name\":\"Portal Urbano\",\"url\":\"https:\/\/experienciadevida.com.ar\/portalurbano\/\",\"logo\":{\"@type\":\"ImageObject\",\"inLanguage\":\"es\",\"@id\":\"https:\/\/experienciadevida.com.ar\/portalurbano\/#\/schema\/logo\/image\/\",\"url\":\"https:\/\/experienciadevida.com.ar\/portalurbano\/wp-content\/uploads\/2019\/09\/Logo-Original.png\",\"contentUrl\":\"https:\/\/experienciadevida.com.ar\/portalurbano\/wp-content\/uploads\/2019\/09\/Logo-Original.png\",\"width\":2236,\"height\":1216,\"caption\":\"Portal Urbano\"},\"image\":{\"@id\":\"https:\/\/experienciadevida.com.ar\/portalurbano\/#\/schema\/logo\/image\/\"},\"sameAs\":[\"https:\/\/www.facebook.com\/Portal-Urbano-171542830093757\/\",\"https:\/\/twitter.com\/portalurbanook\",\"https:\/\/www.instagram.com\/_portalurbano\/\",\"https:\/\/www.youtube.com\/channel\/UCXhagIfszH8KxFiOok79zbA?view_as=subscriber\"]},{\"@type\":\"Person\",\"@id\":\"https:\/\/experienciadevida.com.ar\/portalurbano\/#\/schema\/person\/02dd326b1c4b056e9cc972486934a3a7\",\"name\":\"admpu17wp\",\"image\":{\"@type\":\"ImageObject\",\"inLanguage\":\"es\",\"@id\":\"https:\/\/experienciadevida.com.ar\/portalurbano\/#\/schema\/person\/image\/\",\"url\":\"https:\/\/secure.gravatar.com\/avatar\/830d4c57adaae6630765e449a6908047?s=96&d=mm&r=g\",\"contentUrl\":\"https:\/\/secure.gravatar.com\/avatar\/830d4c57adaae6630765e449a6908047?s=96&d=mm&r=g\",\"caption\":\"admpu17wp\"}}]}<\/script>\n<!-- \/ Yoast SEO plugin. -->","yoast_head_json":{"title":"Se firm\u00f3 el contrato para la nueva concesi\u00f3n del transporte interurbano","description":"Se firm\u00f3 el contrato para la nueva concesi\u00f3n del transporte interurbano, el intendente Ezequiel Galli y los titulares participaron","robots":{"index":"index","follow":"follow","max-snippet":"max-snippet:-1","max-image-preview":"max-image-preview:large","max-video-preview":"max-video-preview:-1"},"canonical":"https:\/\/experienciadevida.com.ar\/portalurbano\/se-firmo-el-contrato-para-la-nueva-concesion-del-transporte-interurbano\/","og_locale":"es_ES","og_type":"article","og_title":"Se firm\u00f3 el contrato para la nueva concesi\u00f3n del transporte interurbano","og_description":"Se firm\u00f3 el contrato para la nueva concesi\u00f3n del transporte interurbano, el intendente Ezequiel Galli y los titulares participaron","og_url":"https:\/\/experienciadevida.com.ar\/portalurbano\/se-firmo-el-contrato-para-la-nueva-concesion-del-transporte-interurbano\/","article_publisher":"https:\/\/www.facebook.com\/Portal-Urbano-171542830093757\/","article_published_time":"2022-03-29T20:47:46+00:00","article_modified_time":"2022-03-29T20:50:49+00:00","og_image":[{"width":2560,"height":1711,"url":"https:\/\/experienciadevida.com.ar\/portalurbano\/wp-content\/uploads\/2022\/03\/Se-firmo-el-contrato.jpg","type":"image\/jpeg"}],"author":"admpu17wp","twitter_card":"summary_large_image","twitter_creator":"@portalurbanook","twitter_site":"@portalurbanook","twitter_misc":{"Escrito por":"admpu17wp","Tiempo de lectura":"2 minutos"},"schema":{"@context":"https:\/\/schema.org","@graph":[{"@type":"Article","@id":"https:\/\/experienciadevida.com.ar\/portalurbano\/se-firmo-el-contrato-para-la-nueva-concesion-del-transporte-interurbano\/#article","isPartOf":{"@id":"https:\/\/experienciadevida.com.ar\/portalurbano\/se-firmo-el-contrato-para-la-nueva-concesion-del-transporte-interurbano\/"},"author":{"name":"admpu17wp","@id":"https:\/\/experienciadevida.com.ar\/portalurbano\/#\/schema\/person\/02dd326b1c4b056e9cc972486934a3a7"},"headline":"Se firm\u00f3 el contrato para la nueva concesi\u00f3n del transporte interurbano","datePublished":"2022-03-29T20:47:46+00:00","dateModified":"2022-03-29T20:50:49+00:00","mainEntityOfPage":{"@id":"https:\/\/experienciadevida.com.ar\/portalurbano\/se-firmo-el-contrato-para-la-nueva-concesion-del-transporte-interurbano\/"},"wordCount":214,"publisher":{"@id":"https:\/\/experienciadevida.com.ar\/portalurbano\/#organization"},"articleSection":["Ciudad","Destacadas 2"],"inLanguage":"es"},{"@type":"WebPage","@id":"https:\/\/experienciadevida.com.ar\/portalurbano\/se-firmo-el-contrato-para-la-nueva-concesion-del-transporte-interurbano\/","url":"https:\/\/experienciadevida.com.ar\/portalurbano\/se-firmo-el-contrato-para-la-nueva-concesion-del-transporte-interurbano\/","name":"Se firm\u00f3 el contrato para la nueva concesi\u00f3n del transporte interurbano","isPartOf":{"@id":"https:\/\/experienciadevida.com.ar\/portalurbano\/#website"},"datePublished":"2022-03-29T20:47:46+00:00","dateModified":"2022-03-29T20:50:49+00:00","description":"Se firm\u00f3 el contrato para la nueva concesi\u00f3n del transporte interurbano, el intendente Ezequiel Galli y los titulares participaron","breadcrumb":{"@id":"https:\/\/experienciadevida.com.ar\/portalurbano\/se-firmo-el-contrato-para-la-nueva-concesion-del-transporte-interurbano\/#breadcrumb"},"inLanguage":"es","potentialAction":[{"@type":"ReadAction","target":["https:\/\/experienciadevida.com.ar\/portalurbano\/se-firmo-el-contrato-para-la-nueva-concesion-del-transporte-interurbano\/"]}]},{"@type":"BreadcrumbList","@id":"https:\/\/experienciadevida.com.ar\/portalurbano\/se-firmo-el-contrato-para-la-nueva-concesion-del-transporte-interurbano\/#breadcrumb","itemListElement":[{"@type":"ListItem","position":1,"name":"Portada","item":"https:\/\/experienciadevida.com.ar\/portalurbano\/"},{"@type":"ListItem","position":2,"name":"Se firm\u00f3 el contrato para la nueva concesi\u00f3n del transporte interurbano"}]},{"@type":"WebSite","@id":"https:\/\/experienciadevida.com.ar\/portalurbano\/#website","url":"https:\/\/experienciadevida.com.ar\/portalurbano\/","name":"","description":"","publisher":{"@id":"https:\/\/experienciadevida.com.ar\/portalurbano\/#organization"},"potentialAction":[{"@type":"SearchAction","target":{"@type":"EntryPoint","urlTemplate":"https:\/\/experienciadevida.com.ar\/portalurbano\/?s={search_term_string}"},"query-input":"required name=search_term_string"}],"inLanguage":"es"},{"@type":"Organization","@id":"https:\/\/experienciadevida.com.ar\/portalurbano\/#organization","name":"Portal Urbano","url":"https:\/\/experienciadevida.com.ar\/portalurbano\/","logo":{"@type":"ImageObject","inLanguage":"es","@id":"https:\/\/experienciadevida.com.ar\/portalurbano\/#\/schema\/logo\/image\/","url":"https:\/\/experienciadevida.com.ar\/portalurbano\/wp-content\/uploads\/2019\/09\/Logo-Original.png","contentUrl":"https:\/\/experienciadevida.com.ar\/portalurbano\/wp-content\/uploads\/2019\/09\/Logo-Original.png","width":2236,"height":1216,"caption":"Portal Urbano"},"image":{"@id":"https:\/\/experienciadevida.com.ar\/portalurbano\/#\/schema\/logo\/image\/"},"sameAs":["https:\/\/www.facebook.com\/Portal-Urbano-171542830093757\/","https:\/\/twitter.com\/portalurbanook","https:\/\/www.instagram.com\/_portalurbano\/","https:\/\/www.youtube.com\/channel\/UCXhagIfszH8KxFiOok79zbA?view_as=subscriber"]},{"@type":"Person","@id":"https:\/\/experienciadevida.com.ar\/portalurbano\/#\/schema\/person\/02dd326b1c4b056e9cc972486934a3a7","name":"admpu17wp","image":{"@type":"ImageObject","inLanguage":"es","@id":"https:\/\/experienciadevida.com.ar\/portalurbano\/#\/schema\/person\/image\/","url":"https:\/\/secure.gravatar.com\/avatar\/830d4c57adaae6630765e449a6908047?s=96&d=mm&r=g","contentUrl":"https:\/\/secure.gravatar.com\/avatar\/830d4c57adaae6630765e449a6908047?s=96&d=mm&r=g","caption":"admpu17wp"}}]}},"featured_image_urls":{"full":["https:\/\/experienciadevida.com.ar\/portalurbano\/wp-content\/uploads\/2022\/03\/Se-firmo-el-contrato.jpg",2560,1711,false],"thumbnail":["https:\/\/experienciadevida.com.ar\/portalurbano\/wp-content\/uploads\/2022\/03\/Se-firmo-el-contrato-150x150.jpg",150,150,true],"medium":["https:\/\/experienciadevida.com.ar\/portalurbano\/wp-content\/uploads\/2022\/03\/Se-firmo-el-contrato-300x201.jpg",300,201,true],"medium_large":["https:\/\/experienciadevida.com.ar\/portalurbano\/wp-content\/uploads\/2022\/03\/Se-firmo-el-contrato-768x513.jpg",640,428,true],"large":["https:\/\/experienciadevida.com.ar\/portalurbano\/wp-content\/uploads\/2022\/03\/Se-firmo-el-contrato-1024x684.jpg",640,428,true],"ug_big":["https:\/\/experienciadevida.com.ar\/portalurbano\/wp-content\/uploads\/2022\/03\/Se-firmo-el-contrato-768x513.jpg",768,513,true],"1536x1536":["https:\/\/experienciadevida.com.ar\/portalurbano\/wp-content\/uploads\/2022\/03\/Se-firmo-el-contrato-1536x1027.jpg",1536,1027,true],"2048x2048":["https:\/\/experienciadevida.com.ar\/portalurbano\/wp-content\/uploads\/2022\/03\/Se-firmo-el-contrato-2048x1369.jpg",2048,1369,true],"newsever-slider-full":["https:\/\/experienciadevida.com.ar\/portalurbano\/wp-content\/uploads\/2022\/03\/Se-firmo-el-contrato.jpg",1264,845,false],"newsever-featured":["https:\/\/experienciadevida.com.ar\/portalurbano\/wp-content\/uploads\/2022\/03\/Se-firmo-el-contrato.jpg",1024,684,false],"newsever-medium":["https:\/\/experienciadevida.com.ar\/portalurbano\/wp-content\/uploads\/2022\/03\/Se-firmo-el-contrato.jpg",711,475,false],"web-stories-poster-portrait":["https:\/\/experienciadevida.com.ar\/portalurbano\/wp-content\/uploads\/2022\/03\/Se-firmo-el-contrato.jpg",640,428,false],"web-stories-publisher-logo":["https:\/\/experienciadevida.com.ar\/portalurbano\/wp-content\/uploads\/2022\/03\/Se-firmo-el-contrato.jpg",96,64,false],"web-stories-thumbnail":["https:\/\/experienciadevida.com.ar\/portalurbano\/wp-content\/uploads\/2022\/03\/Se-firmo-el-contrato.jpg",150,100,false]},"author_info":{"display_name":"admpu17wp","author_link":"https:\/\/experienciadevida.com.ar\/portalurbano\/author\/admpu17wp\/"},"category_info":"<a href=\"https:\/\/experienciadevida.com.ar\/portalurbano\/category\/ciudad\/\" rel=\"category tag\">Ciudad<\/a> <a href=\"https:\/\/experienciadevida.com.ar\/portalurbano\/category\/destacadas-2\/\" rel=\"category tag\">Destacadas 2<\/a>","tag_info":"Destacadas 2","comment_count":"0","amp_enabled":true,"_links":{"self":[{"href":"https:\/\/experienciadevida.com.ar\/portalurbano\/wp-json\/wp\/v2\/posts\/164505"}],"collection":[{"href":"https:\/\/experienciadevida.com.ar\/portalurbano\/wp-json\/wp\/v2\/posts"}],"about":[{"href":"https:\/\/experienciadevida.com.ar\/portalurbano\/wp-json\/wp\/v2\/types\/post"}],"author":[{"embeddable":true,"href":"https:\/\/experienciadevida.com.ar\/portalurbano\/wp-json\/wp\/v2\/users\/1"}],"replies":[{"embeddable":true,"href":"https:\/\/experienciadevida.com.ar\/portalurbano\/wp-json\/wp\/v2\/comments?post=164505"}],"version-history":[{"count":3,"href":"https:\/\/experienciadevida.com.ar\/portalurbano\/wp-json\/wp\/v2\/posts\/164505\/revisions"}],"predecessor-version":[{"id":164514,"href":"https:\/\/experienciadevida.com.ar\/portalurbano\/wp-json\/wp\/v2\/posts\/164505\/revisions\/164514"}],"wp:featuredmedia":[{"embeddable":true,"href":"https:\/\/experienciadevida.com.ar\/portalurbano\/wp-json\/wp\/v2\/media\/164510"}],"wp:attachment":[{"href":"https:\/\/experienciadevida.com.ar\/portalurbano\/wp-json\/wp\/v2\/media?parent=164505"}],"wp:term":[{"taxonomy":"category","embeddable":true,"href":"https:\/\/experienciadevida.com.ar\/portalurbano\/wp-json\/wp\/v2\/categories?post=164505"},{"taxonomy":"post_tag","embeddable":true,"href":"https:\/\/experienciadevida.com.ar\/portalurbano\/wp-json\/wp\/v2\/tags?post=164505"}],"curies":[{"name":"wp","href":"https:\/\/api.w.org\/{rel}","templated":true}]}}