{"id":164498,"date":"2022-03-29T11:13:49","date_gmt":"2022-03-29T14:13:49","guid":{"rendered":"https:\/\/experienciadevida.com.ar\/portalurbano\/?p=164498"},"modified":"2022-03-29T12:05:49","modified_gmt":"2022-03-29T15:05:49","slug":"transformar-es-la-tarea-mas-importante-que-hacen-los-docentes-cada-dia","status":"publish","type":"post","link":"https:\/\/experienciadevida.com.ar\/portalurbano\/transformar-es-la-tarea-mas-importante-que-hacen-los-docentes-cada-dia\/","title":{"rendered":"\u00abTransformar es la tarea m\u00e1s importante que hacen los docentes cada d\u00eda\u201d"},"content":{"rendered":"<p>\u00abTransformar es la tarea m\u00e1s importante que hacen los docentes cada d\u00eda\u201d, el Intendente <a href=\"https:\/\/www.facebook.com\/galliezequiel\">Ezequiel Galli<\/a> encabez\u00f3 \u2013en la ma\u00f1ana de este martes- el acto de inauguraci\u00f3n del Jard\u00edn de Infantes N\u00ba 930, ubicado en el barrio ACUPO II (Estrada 1543), que cuenta actualmente con una matr\u00edcula de 140 alumnos.<\/p>\n<p><a href=\"https:\/\/experienciadevida.com.ar\/portalurbano\/transformar-es-la-tarea-mas-importante-que-hacen-los-docentes-cada-dia\/transformar\/\" rel=\"attachment wp-att-164502\"><img decoding=\"async\" class=\"alignnone size-large wp-image-164502\" src=\"https:\/\/experienciadevida.com.ar\/portalurbano\/wp-content\/uploads\/2022\/03\/Transformar-1024x684.jpg\" alt=\"Transformar \" width=\"900\" height=\"601\" srcset=\"https:\/\/experienciadevida.com.ar\/portalurbano\/wp-content\/uploads\/2022\/03\/Transformar-1024x684.jpg 1024w, https:\/\/experienciadevida.com.ar\/portalurbano\/wp-content\/uploads\/2022\/03\/Transformar-300x201.jpg 300w, https:\/\/experienciadevida.com.ar\/portalurbano\/wp-content\/uploads\/2022\/03\/Transformar-768x513.jpg 768w, https:\/\/experienciadevida.com.ar\/portalurbano\/wp-content\/uploads\/2022\/03\/Transformar-1536x1027.jpg 1536w, https:\/\/experienciadevida.com.ar\/portalurbano\/wp-content\/uploads\/2022\/03\/Transformar-2048x1369.jpg 2048w\" sizes=\"(max-width: 900px) 100vw, 900px\" \/><\/a><\/p>\n<p>All\u00ed se llev\u00f3 adelante una importante reforma edilicia, con una inversi\u00f3n cercana a los 12 millones de pesos, que comprendi\u00f3 la construcci\u00f3n de nuevas aulas, oficinas, sal\u00f3n de usos m\u00faltiples, sanitarios, hall de acceso, secretar\u00eda y dep\u00f3sito, permitiendo mejorar las condiciones de infraestructura para toda la comunidad educativa que asiste al establecimiento diariamente, con la finalidad de garantizar la educaci\u00f3n desde los primeros pasos.<\/p>\n<p>Junto al intendente se encontraban presentes el presidente del Consejo Escolar Bruno Di Carlo y la presidente del Honorable Concejo Deliberante Cecilia Krivochen, autoridades del \u00e1mbito educativo y dem\u00e1s funcionarios municipales.<\/p>\n<p>El acto se inici\u00f3 con el corte de cintas, efectuado por el intendente Ezequiel Galli, la asesora de Educaci\u00f3n de la Provincia de Buenos Aires Mar\u00eda del Carmen Rimoli, la secretaria del Jard\u00edn N\u00ba 930 Claudia Seijo y alumnos del establecimiento.<\/p>\n<p>Tras ello, se dio lugar al ingreso de las banderas de ceremonia -con el acompa\u00f1amiento de las docentes Rosana Lurbet y Mariela Izzi- y la entonaci\u00f3n de las estrofas del Himno Nacional Argentino. Tambi\u00e9n se encontraban presentes, acompa\u00f1ando esta celebraci\u00f3n, Jard\u00edn de Infantes N\u00ba 926, Jard\u00edn de Infantes N\u00ba 915 y Escuela Secundaria N\u00ba 18.<\/p>\n<p>En primer lugar, hizo uso de la palabra la secretaria del Jard\u00edn N\u00ba 930, Claudia Seijo. Seguidamente hizo lo propio la ex directora del establecimiento Mar\u00eda Delia Guerrero.<\/p>\n<p>El intendente Ezequiel Galli manifest\u00f3 que \u201centrar a un jard\u00edn totalmente renovado es una gran satisfacci\u00f3n, con lo que nos cost\u00f3 hacer esta obra, pasamos de todo, empresas que se fueron, una pandemia que paraliz\u00f3 la obra, cada cosa que pasaba era un dolor de cabeza nuevo y volver a empezar con tr\u00e1mites burocr\u00e1ticos, administrativos\u201d.<\/p>\n<p>\u201cRealmente cuando uno dise\u00f1a y planifica obras, lo hace sabiendo la importancia que tiene para la comunidad educativa y para los chicos. Este jard\u00edn siempre fue muy importante, y por eso nos pusimos a trabajar, y a pujar desde donde sea, para que cada una de esas trabas fueran desapareciendo y poder llevar adelante esta obra tan ansiada\u201d, expres\u00f3.<\/p>\n<p>Al mismo tiempo, agreg\u00f3 que \u201cuno se para ac\u00e1 y ve este SUM hermoso, iluminado, con aberturas que dan al patio, ac\u00e1 antes no hab\u00eda nada. A m\u00ed me gusta recorrer las obras desde que se pone el primer ladrillo hasta el \u00faltimo d\u00eda y uno entra, ve la transformaci\u00f3n, es algo realmente maravilloso\u201d<\/p>\n<p>\u201cTransformar es lo que hacen las docentes todos los d\u00edas\u201d, destac\u00f3 Galli en un p\u00e1rrafo aparte.<\/p>\n<p>\u201cA m\u00ed me gusta hacer paralelismo entre los cimientos que necesita una obra y hacer una obra en una casa, en una escuela, en una universidad, y los cimientos que se est\u00e1n construyendo en este lugar, en cada una de la cabeza de los chicos, despu\u00e9s lo que venga ser\u00e1 construir arriba con escuela primaria, la secundaria, la universidad, el trabajo y la familia. Es una cadena muy fuerte, que es dif\u00edcil de romper, cuando los cimientos son buenos todos sabemos que el futuro es promisorio\u201d, sostuvo.<\/p>\n<p>\u201cBienvenido sea que esta comunidad educativa pueda tener las condiciones dignas y necesarias para poder llevar adelante la tarea diaria de educar. Celebro esta inauguraci\u00f3n, este corte de cintas, celebro que las familias est\u00e9n ac\u00e1, que estemos todos juntos, en una inauguraci\u00f3n tan importante\u201d, resalt\u00f3.<\/p>\n<p>\u201cA toda la comunidad, auxiliares, docentes, directores, directoras, alumnos, familias, padres, a todos, gracias por estar en esta inauguraci\u00f3n y que puedan disfrutar de esta obra\u201d, concluy\u00f3.<\/p>\n<p>Luego, se leyeron las palabras enviadas por la directora de Educaci\u00f3n Inicial de la Provincia de Buenos Aires Patricia Redondo. Seguidamente Mar\u00eda del Carmen Rimoli (asesora de Educaci\u00f3n de la provincia de Buenos Aires) se refiri\u00f3 a la importancia que tiene este tipo de inauguraciones.<\/p>\n<p>El acto finaliz\u00f3 con el retiro de las banderas, para dar lugar a una recorrida encabezada por el Intendente y autoridades por las nuevas instalaciones, abriendo las puertas del renovado jard\u00edn, que los llev\u00f3 al interior de un sue\u00f1o cumplido.<\/p>\n<p><a href=\"https:\/\/experienciadevida.com.ar\/portalurbano\/transformar-es-la-tarea-mas-importante-que-hacen-los-docentes-cada-dia\/es\/\" rel=\"attachment wp-att-164503\"><img decoding=\"async\" class=\"alignnone size-large wp-image-164503\" src=\"https:\/\/experienciadevida.com.ar\/portalurbano\/wp-content\/uploads\/2022\/03\/es-1024x684.jpg\" alt=\"es \" width=\"900\" height=\"601\" srcset=\"https:\/\/experienciadevida.com.ar\/portalurbano\/wp-content\/uploads\/2022\/03\/es-1024x684.jpg 1024w, https:\/\/experienciadevida.com.ar\/portalurbano\/wp-content\/uploads\/2022\/03\/es-300x201.jpg 300w, https:\/\/experienciadevida.com.ar\/portalurbano\/wp-content\/uploads\/2022\/03\/es-768x513.jpg 768w, https:\/\/experienciadevida.com.ar\/portalurbano\/wp-content\/uploads\/2022\/03\/es-1536x1027.jpg 1536w, https:\/\/experienciadevida.com.ar\/portalurbano\/wp-content\/uploads\/2022\/03\/es-2048x1369.jpg 2048w\" sizes=\"(max-width: 900px) 100vw, 900px\" \/><\/a><\/p>\n","protected":false},"excerpt":{"rendered":"<p>\u00abTransformar es la tarea m\u00e1s importante que hacen los docentes cada d\u00eda\u201d, el Intendente Ezequiel&#8230;<\/p>\n","protected":false},"author":1,"featured_media":164499,"comment_status":"closed","ping_status":"closed","sticky":false,"template":"","format":"standard","meta":{"content-type":""},"categories":[27,64],"tags":[],"nelio_content":{"isAutoShareEnabled":false,"autoShareEndMode":"default","automationSources":{"useContentSentences":true,"useSocialTemplates":true,"useCustomSentences":false,"customSentences":[]},"followers":[1],"suggestedReferences":[],"includedReferences":[],"efiUrl":"","efiAlt":"","highlights":[]},"yoast_head":"<!-- This site is optimized with the Yoast SEO plugin v20.7 - https:\/\/yoast.com\/wordpress\/plugins\/seo\/ -->\n<title>&quot;Transformar es la tarea m\u00e1s importante que hacen los docentes&quot;<\/title>\n<meta name=\"description\" content=\"\u00abTransformar es la tarea m\u00e1s importante que hacen los docentes cada d\u00eda\u201d, el Intendente Ezequiel Galli encabez\u00f3 el acto de inauguraci\u00f3n\" \/>\n<meta name=\"robots\" content=\"index, follow, max-snippet:-1, max-image-preview:large, max-video-preview:-1\" \/>\n<link rel=\"canonical\" href=\"https:\/\/experienciadevida.com.ar\/portalurbano\/transformar-es-la-tarea-mas-importante-que-hacen-los-docentes-cada-dia\/\" \/>\n<meta property=\"og:locale\" content=\"es_ES\" \/>\n<meta property=\"og:type\" content=\"article\" \/>\n<meta property=\"og:title\" content=\"&quot;Transformar es la tarea m\u00e1s importante que hacen los docentes&quot;\" \/>\n<meta property=\"og:description\" content=\"\u00abTransformar es la tarea m\u00e1s importante que hacen los docentes cada d\u00eda\u201d, el Intendente Ezequiel Galli encabez\u00f3 el acto de inauguraci\u00f3n\" \/>\n<meta property=\"og:url\" content=\"https:\/\/experienciadevida.com.ar\/portalurbano\/transformar-es-la-tarea-mas-importante-que-hacen-los-docentes-cada-dia\/\" \/>\n<meta property=\"article:publisher\" content=\"https:\/\/www.facebook.com\/Portal-Urbano-171542830093757\/\" \/>\n<meta property=\"article:published_time\" content=\"2022-03-29T14:13:49+00:00\" \/>\n<meta property=\"article:modified_time\" content=\"2022-03-29T15:05:49+00:00\" \/>\n<meta property=\"og:image\" content=\"https:\/\/experienciadevida.com.ar\/portalurbano\/wp-content\/uploads\/2022\/03\/Transformar-es-la-tarea.jpg\" \/>\n\t<meta property=\"og:image:width\" content=\"2560\" \/>\n\t<meta property=\"og:image:height\" content=\"1711\" \/>\n\t<meta property=\"og:image:type\" content=\"image\/jpeg\" \/>\n<meta name=\"author\" content=\"admpu17wp\" \/>\n<meta name=\"twitter:card\" content=\"summary_large_image\" \/>\n<meta name=\"twitter:creator\" content=\"@portalurbanook\" \/>\n<meta name=\"twitter:site\" content=\"@portalurbanook\" \/>\n<meta name=\"twitter:label1\" content=\"Escrito por\" \/>\n\t<meta name=\"twitter:data1\" content=\"admpu17wp\" \/>\n\t<meta name=\"twitter:label2\" content=\"Tiempo de lectura\" \/>\n\t<meta name=\"twitter:data2\" content=\"4 minutos\" \/>\n<script type=\"application\/ld+json\" class=\"yoast-schema-graph\">{\"@context\":\"https:\/\/schema.org\",\"@graph\":[{\"@type\":\"Article\",\"@id\":\"https:\/\/experienciadevida.com.ar\/portalurbano\/transformar-es-la-tarea-mas-importante-que-hacen-los-docentes-cada-dia\/#article\",\"isPartOf\":{\"@id\":\"https:\/\/experienciadevida.com.ar\/portalurbano\/transformar-es-la-tarea-mas-importante-que-hacen-los-docentes-cada-dia\/\"},\"author\":{\"name\":\"admpu17wp\",\"@id\":\"https:\/\/experienciadevida.com.ar\/portalurbano\/#\/schema\/person\/02dd326b1c4b056e9cc972486934a3a7\"},\"headline\":\"\u00abTransformar es la tarea m\u00e1s importante que hacen los docentes cada d\u00eda\u201d\",\"datePublished\":\"2022-03-29T14:13:49+00:00\",\"dateModified\":\"2022-03-29T15:05:49+00:00\",\"mainEntityOfPage\":{\"@id\":\"https:\/\/experienciadevida.com.ar\/portalurbano\/transformar-es-la-tarea-mas-importante-que-hacen-los-docentes-cada-dia\/\"},\"wordCount\":751,\"publisher\":{\"@id\":\"https:\/\/experienciadevida.com.ar\/portalurbano\/#organization\"},\"articleSection\":[\"Ciudad\",\"Destacadas 2\"],\"inLanguage\":\"es\"},{\"@type\":\"WebPage\",\"@id\":\"https:\/\/experienciadevida.com.ar\/portalurbano\/transformar-es-la-tarea-mas-importante-que-hacen-los-docentes-cada-dia\/\",\"url\":\"https:\/\/experienciadevida.com.ar\/portalurbano\/transformar-es-la-tarea-mas-importante-que-hacen-los-docentes-cada-dia\/\",\"name\":\"\\\"Transformar es la tarea m\u00e1s importante que hacen los docentes\\\"\",\"isPartOf\":{\"@id\":\"https:\/\/experienciadevida.com.ar\/portalurbano\/#website\"},\"datePublished\":\"2022-03-29T14:13:49+00:00\",\"dateModified\":\"2022-03-29T15:05:49+00:00\",\"description\":\"\u00abTransformar es la tarea m\u00e1s importante que hacen los docentes cada d\u00eda\u201d, el Intendente Ezequiel Galli encabez\u00f3 el acto de inauguraci\u00f3n\",\"breadcrumb\":{\"@id\":\"https:\/\/experienciadevida.com.ar\/portalurbano\/transformar-es-la-tarea-mas-importante-que-hacen-los-docentes-cada-dia\/#breadcrumb\"},\"inLanguage\":\"es\",\"potentialAction\":[{\"@type\":\"ReadAction\",\"target\":[\"https:\/\/experienciadevida.com.ar\/portalurbano\/transformar-es-la-tarea-mas-importante-que-hacen-los-docentes-cada-dia\/\"]}]},{\"@type\":\"BreadcrumbList\",\"@id\":\"https:\/\/experienciadevida.com.ar\/portalurbano\/transformar-es-la-tarea-mas-importante-que-hacen-los-docentes-cada-dia\/#breadcrumb\",\"itemListElement\":[{\"@type\":\"ListItem\",\"position\":1,\"name\":\"Portada\",\"item\":\"https:\/\/experienciadevida.com.ar\/portalurbano\/\"},{\"@type\":\"ListItem\",\"position\":2,\"name\":\"\u00abTransformar es la tarea m\u00e1s importante que hacen los docentes cada d\u00eda\u201d\"}]},{\"@type\":\"WebSite\",\"@id\":\"https:\/\/experienciadevida.com.ar\/portalurbano\/#website\",\"url\":\"https:\/\/experienciadevida.com.ar\/portalurbano\/\",\"name\":\"\",\"description\":\"\",\"publisher\":{\"@id\":\"https:\/\/experienciadevida.com.ar\/portalurbano\/#organization\"},\"potentialAction\":[{\"@type\":\"SearchAction\",\"target\":{\"@type\":\"EntryPoint\",\"urlTemplate\":\"https:\/\/experienciadevida.com.ar\/portalurbano\/?s={search_term_string}\"},\"query-input\":\"required name=search_term_string\"}],\"inLanguage\":\"es\"},{\"@type\":\"Organization\",\"@id\":\"https:\/\/experienciadevida.com.ar\/portalurbano\/#organization\",\"name\":\"Portal Urbano\",\"url\":\"https:\/\/experienciadevida.com.ar\/portalurbano\/\",\"logo\":{\"@type\":\"ImageObject\",\"inLanguage\":\"es\",\"@id\":\"https:\/\/experienciadevida.com.ar\/portalurbano\/#\/schema\/logo\/image\/\",\"url\":\"https:\/\/experienciadevida.com.ar\/portalurbano\/wp-content\/uploads\/2019\/09\/Logo-Original.png\",\"contentUrl\":\"https:\/\/experienciadevida.com.ar\/portalurbano\/wp-content\/uploads\/2019\/09\/Logo-Original.png\",\"width\":2236,\"height\":1216,\"caption\":\"Portal Urbano\"},\"image\":{\"@id\":\"https:\/\/experienciadevida.com.ar\/portalurbano\/#\/schema\/logo\/image\/\"},\"sameAs\":[\"https:\/\/www.facebook.com\/Portal-Urbano-171542830093757\/\",\"https:\/\/twitter.com\/portalurbanook\",\"https:\/\/www.instagram.com\/_portalurbano\/\",\"https:\/\/www.youtube.com\/channel\/UCXhagIfszH8KxFiOok79zbA?view_as=subscriber\"]},{\"@type\":\"Person\",\"@id\":\"https:\/\/experienciadevida.com.ar\/portalurbano\/#\/schema\/person\/02dd326b1c4b056e9cc972486934a3a7\",\"name\":\"admpu17wp\",\"image\":{\"@type\":\"ImageObject\",\"inLanguage\":\"es\",\"@id\":\"https:\/\/experienciadevida.com.ar\/portalurbano\/#\/schema\/person\/image\/\",\"url\":\"https:\/\/secure.gravatar.com\/avatar\/830d4c57adaae6630765e449a6908047?s=96&d=mm&r=g\",\"contentUrl\":\"https:\/\/secure.gravatar.com\/avatar\/830d4c57adaae6630765e449a6908047?s=96&d=mm&r=g\",\"caption\":\"admpu17wp\"}}]}<\/script>\n<!-- \/ Yoast SEO plugin. -->","yoast_head_json":{"title":"\"Transformar es la tarea m\u00e1s importante que hacen los docentes\"","description":"\u00abTransformar es la tarea m\u00e1s importante que hacen los docentes cada d\u00eda\u201d, el Intendente Ezequiel Galli encabez\u00f3 el acto de inauguraci\u00f3n","robots":{"index":"index","follow":"follow","max-snippet":"max-snippet:-1","max-image-preview":"max-image-preview:large","max-video-preview":"max-video-preview:-1"},"canonical":"https:\/\/experienciadevida.com.ar\/portalurbano\/transformar-es-la-tarea-mas-importante-que-hacen-los-docentes-cada-dia\/","og_locale":"es_ES","og_type":"article","og_title":"\"Transformar es la tarea m\u00e1s importante que hacen los docentes\"","og_description":"\u00abTransformar es la tarea m\u00e1s importante que hacen los docentes cada d\u00eda\u201d, el Intendente Ezequiel Galli encabez\u00f3 el acto de inauguraci\u00f3n","og_url":"https:\/\/experienciadevida.com.ar\/portalurbano\/transformar-es-la-tarea-mas-importante-que-hacen-los-docentes-cada-dia\/","article_publisher":"https:\/\/www.facebook.com\/Portal-Urbano-171542830093757\/","article_published_time":"2022-03-29T14:13:49+00:00","article_modified_time":"2022-03-29T15:05:49+00:00","og_image":[{"width":2560,"height":1711,"url":"https:\/\/experienciadevida.com.ar\/portalurbano\/wp-content\/uploads\/2022\/03\/Transformar-es-la-tarea.jpg","type":"image\/jpeg"}],"author":"admpu17wp","twitter_card":"summary_large_image","twitter_creator":"@portalurbanook","twitter_site":"@portalurbanook","twitter_misc":{"Escrito por":"admpu17wp","Tiempo de lectura":"4 minutos"},"schema":{"@context":"https:\/\/schema.org","@graph":[{"@type":"Article","@id":"https:\/\/experienciadevida.com.ar\/portalurbano\/transformar-es-la-tarea-mas-importante-que-hacen-los-docentes-cada-dia\/#article","isPartOf":{"@id":"https:\/\/experienciadevida.com.ar\/portalurbano\/transformar-es-la-tarea-mas-importante-que-hacen-los-docentes-cada-dia\/"},"author":{"name":"admpu17wp","@id":"https:\/\/experienciadevida.com.ar\/portalurbano\/#\/schema\/person\/02dd326b1c4b056e9cc972486934a3a7"},"headline":"\u00abTransformar es la tarea m\u00e1s importante que hacen los docentes cada d\u00eda\u201d","datePublished":"2022-03-29T14:13:49+00:00","dateModified":"2022-03-29T15:05:49+00:00","mainEntityOfPage":{"@id":"https:\/\/experienciadevida.com.ar\/portalurbano\/transformar-es-la-tarea-mas-importante-que-hacen-los-docentes-cada-dia\/"},"wordCount":751,"publisher":{"@id":"https:\/\/experienciadevida.com.ar\/portalurbano\/#organization"},"articleSection":["Ciudad","Destacadas 2"],"inLanguage":"es"},{"@type":"WebPage","@id":"https:\/\/experienciadevida.com.ar\/portalurbano\/transformar-es-la-tarea-mas-importante-que-hacen-los-docentes-cada-dia\/","url":"https:\/\/experienciadevida.com.ar\/portalurbano\/transformar-es-la-tarea-mas-importante-que-hacen-los-docentes-cada-dia\/","name":"\"Transformar es la tarea m\u00e1s importante que hacen los docentes\"","isPartOf":{"@id":"https:\/\/experienciadevida.com.ar\/portalurbano\/#website"},"datePublished":"2022-03-29T14:13:49+00:00","dateModified":"2022-03-29T15:05:49+00:00","description":"\u00abTransformar es la tarea m\u00e1s importante que hacen los docentes cada d\u00eda\u201d, el Intendente Ezequiel Galli encabez\u00f3 el acto de inauguraci\u00f3n","breadcrumb":{"@id":"https:\/\/experienciadevida.com.ar\/portalurbano\/transformar-es-la-tarea-mas-importante-que-hacen-los-docentes-cada-dia\/#breadcrumb"},"inLanguage":"es","potentialAction":[{"@type":"ReadAction","target":["https:\/\/experienciadevida.com.ar\/portalurbano\/transformar-es-la-tarea-mas-importante-que-hacen-los-docentes-cada-dia\/"]}]},{"@type":"BreadcrumbList","@id":"https:\/\/experienciadevida.com.ar\/portalurbano\/transformar-es-la-tarea-mas-importante-que-hacen-los-docentes-cada-dia\/#breadcrumb","itemListElement":[{"@type":"ListItem","position":1,"name":"Portada","item":"https:\/\/experienciadevida.com.ar\/portalurbano\/"},{"@type":"ListItem","position":2,"name":"\u00abTransformar es la tarea m\u00e1s importante que hacen los docentes cada d\u00eda\u201d"}]},{"@type":"WebSite","@id":"https:\/\/experienciadevida.com.ar\/portalurbano\/#website","url":"https:\/\/experienciadevida.com.ar\/portalurbano\/","name":"","description":"","publisher":{"@id":"https:\/\/experienciadevida.com.ar\/portalurbano\/#organization"},"potentialAction":[{"@type":"SearchAction","target":{"@type":"EntryPoint","urlTemplate":"https:\/\/experienciadevida.com.ar\/portalurbano\/?s={search_term_string}"},"query-input":"required name=search_term_string"}],"inLanguage":"es"},{"@type":"Organization","@id":"https:\/\/experienciadevida.com.ar\/portalurbano\/#organization","name":"Portal Urbano","url":"https:\/\/experienciadevida.com.ar\/portalurbano\/","logo":{"@type":"ImageObject","inLanguage":"es","@id":"https:\/\/experienciadevida.com.ar\/portalurbano\/#\/schema\/logo\/image\/","url":"https:\/\/experienciadevida.com.ar\/portalurbano\/wp-content\/uploads\/2019\/09\/Logo-Original.png","contentUrl":"https:\/\/experienciadevida.com.ar\/portalurbano\/wp-content\/uploads\/2019\/09\/Logo-Original.png","width":2236,"height":1216,"caption":"Portal Urbano"},"image":{"@id":"https:\/\/experienciadevida.com.ar\/portalurbano\/#\/schema\/logo\/image\/"},"sameAs":["https:\/\/www.facebook.com\/Portal-Urbano-171542830093757\/","https:\/\/twitter.com\/portalurbanook","https:\/\/www.instagram.com\/_portalurbano\/","https:\/\/www.youtube.com\/channel\/UCXhagIfszH8KxFiOok79zbA?view_as=subscriber"]},{"@type":"Person","@id":"https:\/\/experienciadevida.com.ar\/portalurbano\/#\/schema\/person\/02dd326b1c4b056e9cc972486934a3a7","name":"admpu17wp","image":{"@type":"ImageObject","inLanguage":"es","@id":"https:\/\/experienciadevida.com.ar\/portalurbano\/#\/schema\/person\/image\/","url":"https:\/\/secure.gravatar.com\/avatar\/830d4c57adaae6630765e449a6908047?s=96&d=mm&r=g","contentUrl":"https:\/\/secure.gravatar.com\/avatar\/830d4c57adaae6630765e449a6908047?s=96&d=mm&r=g","caption":"admpu17wp"}}]}},"featured_image_urls":{"full":["https:\/\/experienciadevida.com.ar\/portalurbano\/wp-content\/uploads\/2022\/03\/Transformar-es-la-tarea.jpg",2560,1711,false],"thumbnail":["https:\/\/experienciadevida.com.ar\/portalurbano\/wp-content\/uploads\/2022\/03\/Transformar-es-la-tarea-150x150.jpg",150,150,true],"medium":["https:\/\/experienciadevida.com.ar\/portalurbano\/wp-content\/uploads\/2022\/03\/Transformar-es-la-tarea-300x201.jpg",300,201,true],"medium_large":["https:\/\/experienciadevida.com.ar\/portalurbano\/wp-content\/uploads\/2022\/03\/Transformar-es-la-tarea-768x513.jpg",640,428,true],"large":["https:\/\/experienciadevida.com.ar\/portalurbano\/wp-content\/uploads\/2022\/03\/Transformar-es-la-tarea-1024x684.jpg",640,428,true],"ug_big":["https:\/\/experienciadevida.com.ar\/portalurbano\/wp-content\/uploads\/2022\/03\/Transformar-es-la-tarea-768x513.jpg",768,513,true],"1536x1536":["https:\/\/experienciadevida.com.ar\/portalurbano\/wp-content\/uploads\/2022\/03\/Transformar-es-la-tarea-1536x1027.jpg",1536,1027,true],"2048x2048":["https:\/\/experienciadevida.com.ar\/portalurbano\/wp-content\/uploads\/2022\/03\/Transformar-es-la-tarea-2048x1369.jpg",2048,1369,true],"newsever-slider-full":["https:\/\/experienciadevida.com.ar\/portalurbano\/wp-content\/uploads\/2022\/03\/Transformar-es-la-tarea.jpg",1264,845,false],"newsever-featured":["https:\/\/experienciadevida.com.ar\/portalurbano\/wp-content\/uploads\/2022\/03\/Transformar-es-la-tarea.jpg",1024,684,false],"newsever-medium":["https:\/\/experienciadevida.com.ar\/portalurbano\/wp-content\/uploads\/2022\/03\/Transformar-es-la-tarea.jpg",711,475,false],"web-stories-poster-portrait":["https:\/\/experienciadevida.com.ar\/portalurbano\/wp-content\/uploads\/2022\/03\/Transformar-es-la-tarea.jpg",640,428,false],"web-stories-publisher-logo":["https:\/\/experienciadevida.com.ar\/portalurbano\/wp-content\/uploads\/2022\/03\/Transformar-es-la-tarea.jpg",96,64,false],"web-stories-thumbnail":["https:\/\/experienciadevida.com.ar\/portalurbano\/wp-content\/uploads\/2022\/03\/Transformar-es-la-tarea.jpg",150,100,false]},"author_info":{"display_name":"admpu17wp","author_link":"https:\/\/experienciadevida.com.ar\/portalurbano\/author\/admpu17wp\/"},"category_info":"<a href=\"https:\/\/experienciadevida.com.ar\/portalurbano\/category\/ciudad\/\" rel=\"category tag\">Ciudad<\/a> <a href=\"https:\/\/experienciadevida.com.ar\/portalurbano\/category\/destacadas-2\/\" rel=\"category tag\">Destacadas 2<\/a>","tag_info":"Destacadas 2","comment_count":"0","amp_enabled":true,"_links":{"self":[{"href":"https:\/\/experienciadevida.com.ar\/portalurbano\/wp-json\/wp\/v2\/posts\/164498"}],"collection":[{"href":"https:\/\/experienciadevida.com.ar\/portalurbano\/wp-json\/wp\/v2\/posts"}],"about":[{"href":"https:\/\/experienciadevida.com.ar\/portalurbano\/wp-json\/wp\/v2\/types\/post"}],"author":[{"embeddable":true,"href":"https:\/\/experienciadevida.com.ar\/portalurbano\/wp-json\/wp\/v2\/users\/1"}],"replies":[{"embeddable":true,"href":"https:\/\/experienciadevida.com.ar\/portalurbano\/wp-json\/wp\/v2\/comments?post=164498"}],"version-history":[{"count":3,"href":"https:\/\/experienciadevida.com.ar\/portalurbano\/wp-json\/wp\/v2\/posts\/164498\/revisions"}],"predecessor-version":[{"id":164504,"href":"https:\/\/experienciadevida.com.ar\/portalurbano\/wp-json\/wp\/v2\/posts\/164498\/revisions\/164504"}],"wp:featuredmedia":[{"embeddable":true,"href":"https:\/\/experienciadevida.com.ar\/portalurbano\/wp-json\/wp\/v2\/media\/164499"}],"wp:attachment":[{"href":"https:\/\/experienciadevida.com.ar\/portalurbano\/wp-json\/wp\/v2\/media?parent=164498"}],"wp:term":[{"taxonomy":"category","embeddable":true,"href":"https:\/\/experienciadevida.com.ar\/portalurbano\/wp-json\/wp\/v2\/categories?post=164498"},{"taxonomy":"post_tag","embeddable":true,"href":"https:\/\/experienciadevida.com.ar\/portalurbano\/wp-json\/wp\/v2\/tags?post=164498"}],"curies":[{"name":"wp","href":"https:\/\/api.w.org\/{rel}","templated":true}]}}