{"id":164485,"date":"2022-03-29T10:03:45","date_gmt":"2022-03-29T13:03:45","guid":{"rendered":"https:\/\/experienciadevida.com.ar\/portalurbano\/?p=164485"},"modified":"2022-03-29T10:05:38","modified_gmt":"2022-03-29T13:05:38","slug":"reprogramacion-de-la-nueva-edicion-de-mercado-olavarriense","status":"publish","type":"post","link":"https:\/\/experienciadevida.com.ar\/portalurbano\/reprogramacion-de-la-nueva-edicion-de-mercado-olavarriense\/","title":{"rendered":"Reprogramaci\u00f3n de la nueva edici\u00f3n de \u201cMercado Olavarriense\u201d"},"content":{"rendered":"<p>Reprogramaci\u00f3n de la nueva edici\u00f3n de \u201cMercado Olavarriense\u201d, desde la Secretar\u00eda de Desarrollo Econ\u00f3mico del Municipio se informa que se reprogram\u00f3 la realizaci\u00f3n de la nueva edici\u00f3n de la Feria \u00abMercado Olavarriense\u00bb, prevista para el pr\u00f3ximo 10 de abril.<\/p>\n<p>Dicha edici\u00f3n se llevar\u00e1 a cabo durante el mes de mayo, con fecha a confirmar. \u201cMercado Olavarriense\u201d es una propuesta integral que posee como principal objetivo \u201cmejorar la visualizaci\u00f3n y comunicaci\u00f3n de la oferta emprendedora local\u201d.<\/p>\n<p>En los puestos se puede encontrar: frutas, verduras, hortalizas, pasteler\u00eda artesanal, panificados, budines, alfajores, dulces y mermeladas, huevos, miel, licores, licuados, arom\u00e1ticas, cactus, artesan\u00edas en general, entre otros.<\/p>\n<p>Por consultas, podr\u00e1n dirigirse a la Secretar\u00eda de Desarrollo Econ\u00f3mico, Moreno 2765, Tel. 422135\/195, o comunicarse por correo electr\u00f3nico a economia.social@olavarria.gov.ar.<\/p>\n","protected":false},"excerpt":{"rendered":"<p>Reprogramaci\u00f3n de la nueva edici\u00f3n de \u201cMercado Olavarriense\u201d, desde la Secretar\u00eda de Desarrollo Econ\u00f3mico del&#8230;<\/p>\n","protected":false},"author":1,"featured_media":164486,"comment_status":"closed","ping_status":"closed","sticky":false,"template":"","format":"standard","meta":{"content-type":""},"categories":[27,64],"tags":[],"nelio_content":{"isAutoShareEnabled":false,"autoShareEndMode":"default","automationSources":{"useContentSentences":true,"useSocialTemplates":true,"useCustomSentences":false,"customSentences":[]},"followers":[1],"suggestedReferences":[],"includedReferences":[],"efiUrl":"","efiAlt":"","highlights":[]},"yoast_head":"<!-- This site is optimized with the Yoast SEO plugin v20.7 - https:\/\/yoast.com\/wordpress\/plugins\/seo\/ -->\n<title>Reprogramaci\u00f3n de la nueva edici\u00f3n de &quot;Mercado Olavarriense&quot;<\/title>\n<meta name=\"description\" content=\"Reprogramaci\u00f3n de la nueva edici\u00f3n de \u201cMercado Olavarriense\u201d, se llevar\u00e1 a cabo durante el mes de mayo, con fecha a confirmar\" \/>\n<meta name=\"robots\" content=\"index, follow, max-snippet:-1, max-image-preview:large, max-video-preview:-1\" \/>\n<link rel=\"canonical\" href=\"https:\/\/experienciadevida.com.ar\/portalurbano\/reprogramacion-de-la-nueva-edicion-de-mercado-olavarriense\/\" \/>\n<meta property=\"og:locale\" content=\"es_ES\" \/>\n<meta property=\"og:type\" content=\"article\" \/>\n<meta property=\"og:title\" content=\"Reprogramaci\u00f3n de la nueva edici\u00f3n de &quot;Mercado Olavarriense&quot;\" \/>\n<meta property=\"og:description\" content=\"Reprogramaci\u00f3n de la nueva edici\u00f3n de \u201cMercado Olavarriense\u201d, se llevar\u00e1 a cabo durante el mes de mayo, con fecha a confirmar\" \/>\n<meta property=\"og:url\" content=\"https:\/\/experienciadevida.com.ar\/portalurbano\/reprogramacion-de-la-nueva-edicion-de-mercado-olavarriense\/\" \/>\n<meta property=\"article:publisher\" content=\"https:\/\/www.facebook.com\/Portal-Urbano-171542830093757\/\" \/>\n<meta property=\"article:published_time\" content=\"2022-03-29T13:03:45+00:00\" \/>\n<meta property=\"article:modified_time\" content=\"2022-03-29T13:05:38+00:00\" \/>\n<meta property=\"og:image\" content=\"https:\/\/experienciadevida.com.ar\/portalurbano\/wp-content\/uploads\/2022\/03\/Reprogramacion-de-la-nueva.jpg\" \/>\n\t<meta property=\"og:image:width\" content=\"1024\" \/>\n\t<meta property=\"og:image:height\" content=\"768\" \/>\n\t<meta property=\"og:image:type\" content=\"image\/jpeg\" \/>\n<meta name=\"author\" content=\"admpu17wp\" \/>\n<meta name=\"twitter:card\" content=\"summary_large_image\" \/>\n<meta name=\"twitter:creator\" content=\"@portalurbanook\" \/>\n<meta name=\"twitter:site\" content=\"@portalurbanook\" \/>\n<meta name=\"twitter:label1\" content=\"Escrito por\" \/>\n\t<meta name=\"twitter:data1\" content=\"admpu17wp\" \/>\n\t<meta name=\"twitter:label2\" content=\"Tiempo de lectura\" \/>\n\t<meta name=\"twitter:data2\" content=\"1 minuto\" \/>\n<script type=\"application\/ld+json\" class=\"yoast-schema-graph\">{\"@context\":\"https:\/\/schema.org\",\"@graph\":[{\"@type\":\"Article\",\"@id\":\"https:\/\/experienciadevida.com.ar\/portalurbano\/reprogramacion-de-la-nueva-edicion-de-mercado-olavarriense\/#article\",\"isPartOf\":{\"@id\":\"https:\/\/experienciadevida.com.ar\/portalurbano\/reprogramacion-de-la-nueva-edicion-de-mercado-olavarriense\/\"},\"author\":{\"name\":\"admpu17wp\",\"@id\":\"https:\/\/experienciadevida.com.ar\/portalurbano\/#\/schema\/person\/02dd326b1c4b056e9cc972486934a3a7\"},\"headline\":\"Reprogramaci\u00f3n de la nueva edici\u00f3n de \u201cMercado Olavarriense\u201d\",\"datePublished\":\"2022-03-29T13:03:45+00:00\",\"dateModified\":\"2022-03-29T13:05:38+00:00\",\"mainEntityOfPage\":{\"@id\":\"https:\/\/experienciadevida.com.ar\/portalurbano\/reprogramacion-de-la-nueva-edicion-de-mercado-olavarriense\/\"},\"wordCount\":152,\"publisher\":{\"@id\":\"https:\/\/experienciadevida.com.ar\/portalurbano\/#organization\"},\"articleSection\":[\"Ciudad\",\"Destacadas 2\"],\"inLanguage\":\"es\"},{\"@type\":\"WebPage\",\"@id\":\"https:\/\/experienciadevida.com.ar\/portalurbano\/reprogramacion-de-la-nueva-edicion-de-mercado-olavarriense\/\",\"url\":\"https:\/\/experienciadevida.com.ar\/portalurbano\/reprogramacion-de-la-nueva-edicion-de-mercado-olavarriense\/\",\"name\":\"Reprogramaci\u00f3n de la nueva edici\u00f3n de \\\"Mercado Olavarriense\\\"\",\"isPartOf\":{\"@id\":\"https:\/\/experienciadevida.com.ar\/portalurbano\/#website\"},\"datePublished\":\"2022-03-29T13:03:45+00:00\",\"dateModified\":\"2022-03-29T13:05:38+00:00\",\"description\":\"Reprogramaci\u00f3n de la nueva edici\u00f3n de \u201cMercado Olavarriense\u201d, se llevar\u00e1 a cabo durante el mes de mayo, con fecha a confirmar\",\"breadcrumb\":{\"@id\":\"https:\/\/experienciadevida.com.ar\/portalurbano\/reprogramacion-de-la-nueva-edicion-de-mercado-olavarriense\/#breadcrumb\"},\"inLanguage\":\"es\",\"potentialAction\":[{\"@type\":\"ReadAction\",\"target\":[\"https:\/\/experienciadevida.com.ar\/portalurbano\/reprogramacion-de-la-nueva-edicion-de-mercado-olavarriense\/\"]}]},{\"@type\":\"BreadcrumbList\",\"@id\":\"https:\/\/experienciadevida.com.ar\/portalurbano\/reprogramacion-de-la-nueva-edicion-de-mercado-olavarriense\/#breadcrumb\",\"itemListElement\":[{\"@type\":\"ListItem\",\"position\":1,\"name\":\"Portada\",\"item\":\"https:\/\/experienciadevida.com.ar\/portalurbano\/\"},{\"@type\":\"ListItem\",\"position\":2,\"name\":\"Reprogramaci\u00f3n de la nueva edici\u00f3n de \u201cMercado Olavarriense\u201d\"}]},{\"@type\":\"WebSite\",\"@id\":\"https:\/\/experienciadevida.com.ar\/portalurbano\/#website\",\"url\":\"https:\/\/experienciadevida.com.ar\/portalurbano\/\",\"name\":\"\",\"description\":\"\",\"publisher\":{\"@id\":\"https:\/\/experienciadevida.com.ar\/portalurbano\/#organization\"},\"potentialAction\":[{\"@type\":\"SearchAction\",\"target\":{\"@type\":\"EntryPoint\",\"urlTemplate\":\"https:\/\/experienciadevida.com.ar\/portalurbano\/?s={search_term_string}\"},\"query-input\":\"required name=search_term_string\"}],\"inLanguage\":\"es\"},{\"@type\":\"Organization\",\"@id\":\"https:\/\/experienciadevida.com.ar\/portalurbano\/#organization\",\"name\":\"Portal Urbano\",\"url\":\"https:\/\/experienciadevida.com.ar\/portalurbano\/\",\"logo\":{\"@type\":\"ImageObject\",\"inLanguage\":\"es\",\"@id\":\"https:\/\/experienciadevida.com.ar\/portalurbano\/#\/schema\/logo\/image\/\",\"url\":\"https:\/\/experienciadevida.com.ar\/portalurbano\/wp-content\/uploads\/2019\/09\/Logo-Original.png\",\"contentUrl\":\"https:\/\/experienciadevida.com.ar\/portalurbano\/wp-content\/uploads\/2019\/09\/Logo-Original.png\",\"width\":2236,\"height\":1216,\"caption\":\"Portal Urbano\"},\"image\":{\"@id\":\"https:\/\/experienciadevida.com.ar\/portalurbano\/#\/schema\/logo\/image\/\"},\"sameAs\":[\"https:\/\/www.facebook.com\/Portal-Urbano-171542830093757\/\",\"https:\/\/twitter.com\/portalurbanook\",\"https:\/\/www.instagram.com\/_portalurbano\/\",\"https:\/\/www.youtube.com\/channel\/UCXhagIfszH8KxFiOok79zbA?view_as=subscriber\"]},{\"@type\":\"Person\",\"@id\":\"https:\/\/experienciadevida.com.ar\/portalurbano\/#\/schema\/person\/02dd326b1c4b056e9cc972486934a3a7\",\"name\":\"admpu17wp\",\"image\":{\"@type\":\"ImageObject\",\"inLanguage\":\"es\",\"@id\":\"https:\/\/experienciadevida.com.ar\/portalurbano\/#\/schema\/person\/image\/\",\"url\":\"https:\/\/secure.gravatar.com\/avatar\/830d4c57adaae6630765e449a6908047?s=96&d=mm&r=g\",\"contentUrl\":\"https:\/\/secure.gravatar.com\/avatar\/830d4c57adaae6630765e449a6908047?s=96&d=mm&r=g\",\"caption\":\"admpu17wp\"}}]}<\/script>\n<!-- \/ Yoast SEO plugin. -->","yoast_head_json":{"title":"Reprogramaci\u00f3n de la nueva edici\u00f3n de \"Mercado Olavarriense\"","description":"Reprogramaci\u00f3n de la nueva edici\u00f3n de \u201cMercado Olavarriense\u201d, se llevar\u00e1 a cabo durante el mes de mayo, con fecha a confirmar","robots":{"index":"index","follow":"follow","max-snippet":"max-snippet:-1","max-image-preview":"max-image-preview:large","max-video-preview":"max-video-preview:-1"},"canonical":"https:\/\/experienciadevida.com.ar\/portalurbano\/reprogramacion-de-la-nueva-edicion-de-mercado-olavarriense\/","og_locale":"es_ES","og_type":"article","og_title":"Reprogramaci\u00f3n de la nueva edici\u00f3n de \"Mercado Olavarriense\"","og_description":"Reprogramaci\u00f3n de la nueva edici\u00f3n de \u201cMercado Olavarriense\u201d, se llevar\u00e1 a cabo durante el mes de mayo, con fecha a confirmar","og_url":"https:\/\/experienciadevida.com.ar\/portalurbano\/reprogramacion-de-la-nueva-edicion-de-mercado-olavarriense\/","article_publisher":"https:\/\/www.facebook.com\/Portal-Urbano-171542830093757\/","article_published_time":"2022-03-29T13:03:45+00:00","article_modified_time":"2022-03-29T13:05:38+00:00","og_image":[{"width":1024,"height":768,"url":"https:\/\/experienciadevida.com.ar\/portalurbano\/wp-content\/uploads\/2022\/03\/Reprogramacion-de-la-nueva.jpg","type":"image\/jpeg"}],"author":"admpu17wp","twitter_card":"summary_large_image","twitter_creator":"@portalurbanook","twitter_site":"@portalurbanook","twitter_misc":{"Escrito por":"admpu17wp","Tiempo de lectura":"1 minuto"},"schema":{"@context":"https:\/\/schema.org","@graph":[{"@type":"Article","@id":"https:\/\/experienciadevida.com.ar\/portalurbano\/reprogramacion-de-la-nueva-edicion-de-mercado-olavarriense\/#article","isPartOf":{"@id":"https:\/\/experienciadevida.com.ar\/portalurbano\/reprogramacion-de-la-nueva-edicion-de-mercado-olavarriense\/"},"author":{"name":"admpu17wp","@id":"https:\/\/experienciadevida.com.ar\/portalurbano\/#\/schema\/person\/02dd326b1c4b056e9cc972486934a3a7"},"headline":"Reprogramaci\u00f3n de la nueva edici\u00f3n de \u201cMercado Olavarriense\u201d","datePublished":"2022-03-29T13:03:45+00:00","dateModified":"2022-03-29T13:05:38+00:00","mainEntityOfPage":{"@id":"https:\/\/experienciadevida.com.ar\/portalurbano\/reprogramacion-de-la-nueva-edicion-de-mercado-olavarriense\/"},"wordCount":152,"publisher":{"@id":"https:\/\/experienciadevida.com.ar\/portalurbano\/#organization"},"articleSection":["Ciudad","Destacadas 2"],"inLanguage":"es"},{"@type":"WebPage","@id":"https:\/\/experienciadevida.com.ar\/portalurbano\/reprogramacion-de-la-nueva-edicion-de-mercado-olavarriense\/","url":"https:\/\/experienciadevida.com.ar\/portalurbano\/reprogramacion-de-la-nueva-edicion-de-mercado-olavarriense\/","name":"Reprogramaci\u00f3n de la nueva edici\u00f3n de \"Mercado Olavarriense\"","isPartOf":{"@id":"https:\/\/experienciadevida.com.ar\/portalurbano\/#website"},"datePublished":"2022-03-29T13:03:45+00:00","dateModified":"2022-03-29T13:05:38+00:00","description":"Reprogramaci\u00f3n de la nueva edici\u00f3n de \u201cMercado Olavarriense\u201d, se llevar\u00e1 a cabo durante el mes de mayo, con fecha a confirmar","breadcrumb":{"@id":"https:\/\/experienciadevida.com.ar\/portalurbano\/reprogramacion-de-la-nueva-edicion-de-mercado-olavarriense\/#breadcrumb"},"inLanguage":"es","potentialAction":[{"@type":"ReadAction","target":["https:\/\/experienciadevida.com.ar\/portalurbano\/reprogramacion-de-la-nueva-edicion-de-mercado-olavarriense\/"]}]},{"@type":"BreadcrumbList","@id":"https:\/\/experienciadevida.com.ar\/portalurbano\/reprogramacion-de-la-nueva-edicion-de-mercado-olavarriense\/#breadcrumb","itemListElement":[{"@type":"ListItem","position":1,"name":"Portada","item":"https:\/\/experienciadevida.com.ar\/portalurbano\/"},{"@type":"ListItem","position":2,"name":"Reprogramaci\u00f3n de la nueva edici\u00f3n de \u201cMercado Olavarriense\u201d"}]},{"@type":"WebSite","@id":"https:\/\/experienciadevida.com.ar\/portalurbano\/#website","url":"https:\/\/experienciadevida.com.ar\/portalurbano\/","name":"","description":"","publisher":{"@id":"https:\/\/experienciadevida.com.ar\/portalurbano\/#organization"},"potentialAction":[{"@type":"SearchAction","target":{"@type":"EntryPoint","urlTemplate":"https:\/\/experienciadevida.com.ar\/portalurbano\/?s={search_term_string}"},"query-input":"required name=search_term_string"}],"inLanguage":"es"},{"@type":"Organization","@id":"https:\/\/experienciadevida.com.ar\/portalurbano\/#organization","name":"Portal Urbano","url":"https:\/\/experienciadevida.com.ar\/portalurbano\/","logo":{"@type":"ImageObject","inLanguage":"es","@id":"https:\/\/experienciadevida.com.ar\/portalurbano\/#\/schema\/logo\/image\/","url":"https:\/\/experienciadevida.com.ar\/portalurbano\/wp-content\/uploads\/2019\/09\/Logo-Original.png","contentUrl":"https:\/\/experienciadevida.com.ar\/portalurbano\/wp-content\/uploads\/2019\/09\/Logo-Original.png","width":2236,"height":1216,"caption":"Portal Urbano"},"image":{"@id":"https:\/\/experienciadevida.com.ar\/portalurbano\/#\/schema\/logo\/image\/"},"sameAs":["https:\/\/www.facebook.com\/Portal-Urbano-171542830093757\/","https:\/\/twitter.com\/portalurbanook","https:\/\/www.instagram.com\/_portalurbano\/","https:\/\/www.youtube.com\/channel\/UCXhagIfszH8KxFiOok79zbA?view_as=subscriber"]},{"@type":"Person","@id":"https:\/\/experienciadevida.com.ar\/portalurbano\/#\/schema\/person\/02dd326b1c4b056e9cc972486934a3a7","name":"admpu17wp","image":{"@type":"ImageObject","inLanguage":"es","@id":"https:\/\/experienciadevida.com.ar\/portalurbano\/#\/schema\/person\/image\/","url":"https:\/\/secure.gravatar.com\/avatar\/830d4c57adaae6630765e449a6908047?s=96&d=mm&r=g","contentUrl":"https:\/\/secure.gravatar.com\/avatar\/830d4c57adaae6630765e449a6908047?s=96&d=mm&r=g","caption":"admpu17wp"}}]}},"featured_image_urls":{"full":["https:\/\/experienciadevida.com.ar\/portalurbano\/wp-content\/uploads\/2022\/03\/Reprogramacion-de-la-nueva.jpg",1024,768,false],"thumbnail":["https:\/\/experienciadevida.com.ar\/portalurbano\/wp-content\/uploads\/2022\/03\/Reprogramacion-de-la-nueva-150x150.jpg",150,150,true],"medium":["https:\/\/experienciadevida.com.ar\/portalurbano\/wp-content\/uploads\/2022\/03\/Reprogramacion-de-la-nueva-300x225.jpg",300,225,true],"medium_large":["https:\/\/experienciadevida.com.ar\/portalurbano\/wp-content\/uploads\/2022\/03\/Reprogramacion-de-la-nueva-768x576.jpg",640,480,true],"large":["https:\/\/experienciadevida.com.ar\/portalurbano\/wp-content\/uploads\/2022\/03\/Reprogramacion-de-la-nueva.jpg",640,480,false],"ug_big":["https:\/\/experienciadevida.com.ar\/portalurbano\/wp-content\/uploads\/2022\/03\/Reprogramacion-de-la-nueva-768x576.jpg",768,576,true],"1536x1536":["https:\/\/experienciadevida.com.ar\/portalurbano\/wp-content\/uploads\/2022\/03\/Reprogramacion-de-la-nueva.jpg",1024,768,false],"2048x2048":["https:\/\/experienciadevida.com.ar\/portalurbano\/wp-content\/uploads\/2022\/03\/Reprogramacion-de-la-nueva.jpg",1024,768,false],"newsever-slider-full":["https:\/\/experienciadevida.com.ar\/portalurbano\/wp-content\/uploads\/2022\/03\/Reprogramacion-de-la-nueva.jpg",1024,768,false],"newsever-featured":["https:\/\/experienciadevida.com.ar\/portalurbano\/wp-content\/uploads\/2022\/03\/Reprogramacion-de-la-nueva.jpg",1024,768,false],"newsever-medium":["https:\/\/experienciadevida.com.ar\/portalurbano\/wp-content\/uploads\/2022\/03\/Reprogramacion-de-la-nueva.jpg",633,475,false],"web-stories-poster-portrait":["https:\/\/experienciadevida.com.ar\/portalurbano\/wp-content\/uploads\/2022\/03\/Reprogramacion-de-la-nueva.jpg",640,480,false],"web-stories-publisher-logo":["https:\/\/experienciadevida.com.ar\/portalurbano\/wp-content\/uploads\/2022\/03\/Reprogramacion-de-la-nueva.jpg",96,72,false],"web-stories-thumbnail":["https:\/\/experienciadevida.com.ar\/portalurbano\/wp-content\/uploads\/2022\/03\/Reprogramacion-de-la-nueva.jpg",150,113,false]},"author_info":{"display_name":"admpu17wp","author_link":"https:\/\/experienciadevida.com.ar\/portalurbano\/author\/admpu17wp\/"},"category_info":"<a href=\"https:\/\/experienciadevida.com.ar\/portalurbano\/category\/ciudad\/\" rel=\"category tag\">Ciudad<\/a> <a href=\"https:\/\/experienciadevida.com.ar\/portalurbano\/category\/destacadas-2\/\" rel=\"category tag\">Destacadas 2<\/a>","tag_info":"Destacadas 2","comment_count":"0","amp_enabled":true,"_links":{"self":[{"href":"https:\/\/experienciadevida.com.ar\/portalurbano\/wp-json\/wp\/v2\/posts\/164485"}],"collection":[{"href":"https:\/\/experienciadevida.com.ar\/portalurbano\/wp-json\/wp\/v2\/posts"}],"about":[{"href":"https:\/\/experienciadevida.com.ar\/portalurbano\/wp-json\/wp\/v2\/types\/post"}],"author":[{"embeddable":true,"href":"https:\/\/experienciadevida.com.ar\/portalurbano\/wp-json\/wp\/v2\/users\/1"}],"replies":[{"embeddable":true,"href":"https:\/\/experienciadevida.com.ar\/portalurbano\/wp-json\/wp\/v2\/comments?post=164485"}],"version-history":[{"count":1,"href":"https:\/\/experienciadevida.com.ar\/portalurbano\/wp-json\/wp\/v2\/posts\/164485\/revisions"}],"predecessor-version":[{"id":164487,"href":"https:\/\/experienciadevida.com.ar\/portalurbano\/wp-json\/wp\/v2\/posts\/164485\/revisions\/164487"}],"wp:featuredmedia":[{"embeddable":true,"href":"https:\/\/experienciadevida.com.ar\/portalurbano\/wp-json\/wp\/v2\/media\/164486"}],"wp:attachment":[{"href":"https:\/\/experienciadevida.com.ar\/portalurbano\/wp-json\/wp\/v2\/media?parent=164485"}],"wp:term":[{"taxonomy":"category","embeddable":true,"href":"https:\/\/experienciadevida.com.ar\/portalurbano\/wp-json\/wp\/v2\/categories?post=164485"},{"taxonomy":"post_tag","embeddable":true,"href":"https:\/\/experienciadevida.com.ar\/portalurbano\/wp-json\/wp\/v2\/tags?post=164485"}],"curies":[{"name":"wp","href":"https:\/\/api.w.org\/{rel}","templated":true}]}}