{"id":164478,"date":"2022-03-29T09:48:35","date_gmt":"2022-03-29T12:48:35","guid":{"rendered":"https:\/\/experienciadevida.com.ar\/portalurbano\/?p=164478"},"modified":"2022-03-29T09:49:27","modified_gmt":"2022-03-29T12:49:27","slug":"mapeo-territorial-ingresantes-de-sociales-realizaron-la-primera-actividad-de-practicas-socioeducativas","status":"publish","type":"post","link":"https:\/\/experienciadevida.com.ar\/portalurbano\/mapeo-territorial-ingresantes-de-sociales-realizaron-la-primera-actividad-de-practicas-socioeducativas\/","title":{"rendered":"Mapeo territorial: ingresantes de Sociales realizaron la primera actividad de pr\u00e1cticas socioeducativas"},"content":{"rendered":"<p>Mapeo territorial: ingresantes de Sociales realizaron la primera actividad de pr\u00e1cticas socioeducativas, ingresantes de la Facultad de Ciencias Sociales participaron de la elaboraci\u00f3n de un mapeo como primera actividad de pr\u00e1cticas socioeducativas, acci\u00f3n realizada en el marco de la creaci\u00f3n del Punto de Extensi\u00f3n Territorial de <a href=\"https:\/\/www.facebook.com\/facultadcienciassociales.unicen\">UNICEN<\/a> en Olavarr\u00eda.<\/p>\n<p>Durante el Curso Introductorio a la Vida Universitaria (CIVU) se realiz\u00f3 la \u201cJornada de sensibilizaci\u00f3n en extensi\u00f3n y pr\u00e1cticas socioeducativas\u201d, en el marco de la cual los\/as ingresantes realizaron su primer trabajo de campo. Participaron de un relevamiento de organizaciones, instituciones y dem\u00e1s espacios en los barrios Villa Mail\u00edn, Provincias Unidas y Villa Magdalena e hicieron entrevistas a sus referentes, a partir de lo cual elaboraron de forma colectiva un mapeo de actores sociales.<\/p>\n<p>La actividad fue coordinada por la Secretar\u00eda de Extensi\u00f3n, la coordinaci\u00f3n del espacio de PSE y el equipo de trabajo del CIVU.<\/p>\n<p>Asimismo, esta actividad es una acci\u00f3n orientada a la pronta creaci\u00f3n del Punto de Extensi\u00f3n Territorial (PET), que se denominar\u00e1 Corredor Sur. Los PET son una plataforma de trabajo permanente de la UNICEN, que ya funciona en la sede Tandil, mediante las cuales la comunidad universitaria junto a organizaciones sociales, organismos del Estado, instituciones y vecinas\/os desarrollan planes colaborativos en b\u00fasqueda de mejores y m\u00e1s equitativas condiciones de vida. En este caso, el corredor sur estar\u00e1 integrado por los barrios Villa Mail\u00edn, Provincias Unidas, Educadores, Evita, Villa Magdalena y Villa Aurora.<\/p>\n<p>Esta presencia dial\u00f3gica y permanente de la universidad, impulsa diagn\u00f3sticos participativos y din\u00e1micos que permiten planificar colectivamente el abordaje de problem\u00e1ticas comunitarias diversas, en b\u00fasqueda de mejores y m\u00e1s equitativas condiciones de vida, haciendo \u00e9nfasis en aquellas poblaciones con derechos vulnerados.<\/p>\n<p><a href=\"https:\/\/experienciadevida.com.ar\/portalurbano\/mapeo-territorial-ingresantes-de-sociales-realizaron-la-primera-actividad-de-practicas-socioeducativas\/territorial\/\" rel=\"attachment wp-att-164481\"><img decoding=\"async\" class=\"alignnone size-full wp-image-164481\" src=\"https:\/\/experienciadevida.com.ar\/portalurbano\/wp-content\/uploads\/2022\/03\/territorial.jpg\" alt=\"territorial \" width=\"1000\" height=\"577\" srcset=\"https:\/\/experienciadevida.com.ar\/portalurbano\/wp-content\/uploads\/2022\/03\/territorial.jpg 1000w, https:\/\/experienciadevida.com.ar\/portalurbano\/wp-content\/uploads\/2022\/03\/territorial-300x173.jpg 300w, https:\/\/experienciadevida.com.ar\/portalurbano\/wp-content\/uploads\/2022\/03\/territorial-768x443.jpg 768w\" sizes=\"(max-width: 1000px) 100vw, 1000px\" \/><\/a><\/p>\n","protected":false},"excerpt":{"rendered":"<p>Mapeo territorial: ingresantes de Sociales realizaron la primera actividad de pr\u00e1cticas socioeducativas, ingresantes de la&#8230;<\/p>\n","protected":false},"author":1,"featured_media":164479,"comment_status":"closed","ping_status":"closed","sticky":false,"template":"","format":"standard","meta":{"content-type":""},"categories":[31],"tags":[],"nelio_content":{"isAutoShareEnabled":false,"autoShareEndMode":"default","automationSources":{"useContentSentences":true,"useSocialTemplates":true,"useCustomSentences":false,"customSentences":[]},"followers":[1],"suggestedReferences":[],"includedReferences":[],"efiUrl":"","efiAlt":"","highlights":[]},"yoast_head":"<!-- This site is optimized with the Yoast SEO plugin v20.7 - https:\/\/yoast.com\/wordpress\/plugins\/seo\/ -->\n<title>Mapeo territorial: ingresantes de sociales realizaron la actividad<\/title>\n<meta name=\"description\" content=\"Mapeo territorial: ingresantes de Sociales realizaron la primera actividad de pr\u00e1cticas socioeducativas, en el marco de creaci\u00f3n de Extensi\u00f3n\" \/>\n<meta name=\"robots\" content=\"index, follow, max-snippet:-1, max-image-preview:large, max-video-preview:-1\" \/>\n<link rel=\"canonical\" href=\"https:\/\/experienciadevida.com.ar\/portalurbano\/mapeo-territorial-ingresantes-de-sociales-realizaron-la-primera-actividad-de-practicas-socioeducativas\/\" \/>\n<meta property=\"og:locale\" content=\"es_ES\" \/>\n<meta property=\"og:type\" content=\"article\" \/>\n<meta property=\"og:title\" content=\"Mapeo territorial: ingresantes de sociales realizaron la actividad\" \/>\n<meta property=\"og:description\" content=\"Mapeo territorial: ingresantes de Sociales realizaron la primera actividad de pr\u00e1cticas socioeducativas, en el marco de creaci\u00f3n de Extensi\u00f3n\" \/>\n<meta property=\"og:url\" content=\"https:\/\/experienciadevida.com.ar\/portalurbano\/mapeo-territorial-ingresantes-de-sociales-realizaron-la-primera-actividad-de-practicas-socioeducativas\/\" \/>\n<meta property=\"article:publisher\" content=\"https:\/\/www.facebook.com\/Portal-Urbano-171542830093757\/\" \/>\n<meta property=\"article:published_time\" content=\"2022-03-29T12:48:35+00:00\" \/>\n<meta property=\"article:modified_time\" content=\"2022-03-29T12:49:27+00:00\" \/>\n<meta property=\"og:image\" content=\"https:\/\/experienciadevida.com.ar\/portalurbano\/wp-content\/uploads\/2022\/03\/Mapeo-territorial.jpg\" \/>\n\t<meta property=\"og:image:width\" content=\"1000\" \/>\n\t<meta property=\"og:image:height\" content=\"610\" \/>\n\t<meta property=\"og:image:type\" content=\"image\/jpeg\" \/>\n<meta name=\"author\" content=\"admpu17wp\" \/>\n<meta name=\"twitter:card\" content=\"summary_large_image\" \/>\n<meta name=\"twitter:creator\" content=\"@portalurbanook\" \/>\n<meta name=\"twitter:site\" content=\"@portalurbanook\" \/>\n<meta name=\"twitter:label1\" content=\"Escrito por\" \/>\n\t<meta name=\"twitter:data1\" content=\"admpu17wp\" \/>\n\t<meta name=\"twitter:label2\" content=\"Tiempo de lectura\" \/>\n\t<meta name=\"twitter:data2\" content=\"2 minutos\" \/>\n<script type=\"application\/ld+json\" class=\"yoast-schema-graph\">{\"@context\":\"https:\/\/schema.org\",\"@graph\":[{\"@type\":\"Article\",\"@id\":\"https:\/\/experienciadevida.com.ar\/portalurbano\/mapeo-territorial-ingresantes-de-sociales-realizaron-la-primera-actividad-de-practicas-socioeducativas\/#article\",\"isPartOf\":{\"@id\":\"https:\/\/experienciadevida.com.ar\/portalurbano\/mapeo-territorial-ingresantes-de-sociales-realizaron-la-primera-actividad-de-practicas-socioeducativas\/\"},\"author\":{\"name\":\"admpu17wp\",\"@id\":\"https:\/\/experienciadevida.com.ar\/portalurbano\/#\/schema\/person\/02dd326b1c4b056e9cc972486934a3a7\"},\"headline\":\"Mapeo territorial: ingresantes de Sociales realizaron la primera actividad de pr\u00e1cticas socioeducativas\",\"datePublished\":\"2022-03-29T12:48:35+00:00\",\"dateModified\":\"2022-03-29T12:49:27+00:00\",\"mainEntityOfPage\":{\"@id\":\"https:\/\/experienciadevida.com.ar\/portalurbano\/mapeo-territorial-ingresantes-de-sociales-realizaron-la-primera-actividad-de-practicas-socioeducativas\/\"},\"wordCount\":319,\"publisher\":{\"@id\":\"https:\/\/experienciadevida.com.ar\/portalurbano\/#organization\"},\"articleSection\":[\"Educaci\u00f3n\"],\"inLanguage\":\"es\"},{\"@type\":\"WebPage\",\"@id\":\"https:\/\/experienciadevida.com.ar\/portalurbano\/mapeo-territorial-ingresantes-de-sociales-realizaron-la-primera-actividad-de-practicas-socioeducativas\/\",\"url\":\"https:\/\/experienciadevida.com.ar\/portalurbano\/mapeo-territorial-ingresantes-de-sociales-realizaron-la-primera-actividad-de-practicas-socioeducativas\/\",\"name\":\"Mapeo territorial: ingresantes de sociales realizaron la actividad\",\"isPartOf\":{\"@id\":\"https:\/\/experienciadevida.com.ar\/portalurbano\/#website\"},\"datePublished\":\"2022-03-29T12:48:35+00:00\",\"dateModified\":\"2022-03-29T12:49:27+00:00\",\"description\":\"Mapeo territorial: ingresantes de Sociales realizaron la primera actividad de pr\u00e1cticas socioeducativas, en el marco de creaci\u00f3n de Extensi\u00f3n\",\"breadcrumb\":{\"@id\":\"https:\/\/experienciadevida.com.ar\/portalurbano\/mapeo-territorial-ingresantes-de-sociales-realizaron-la-primera-actividad-de-practicas-socioeducativas\/#breadcrumb\"},\"inLanguage\":\"es\",\"potentialAction\":[{\"@type\":\"ReadAction\",\"target\":[\"https:\/\/experienciadevida.com.ar\/portalurbano\/mapeo-territorial-ingresantes-de-sociales-realizaron-la-primera-actividad-de-practicas-socioeducativas\/\"]}]},{\"@type\":\"BreadcrumbList\",\"@id\":\"https:\/\/experienciadevida.com.ar\/portalurbano\/mapeo-territorial-ingresantes-de-sociales-realizaron-la-primera-actividad-de-practicas-socioeducativas\/#breadcrumb\",\"itemListElement\":[{\"@type\":\"ListItem\",\"position\":1,\"name\":\"Portada\",\"item\":\"https:\/\/experienciadevida.com.ar\/portalurbano\/\"},{\"@type\":\"ListItem\",\"position\":2,\"name\":\"Mapeo territorial: ingresantes de Sociales realizaron la primera actividad de pr\u00e1cticas socioeducativas\"}]},{\"@type\":\"WebSite\",\"@id\":\"https:\/\/experienciadevida.com.ar\/portalurbano\/#website\",\"url\":\"https:\/\/experienciadevida.com.ar\/portalurbano\/\",\"name\":\"\",\"description\":\"\",\"publisher\":{\"@id\":\"https:\/\/experienciadevida.com.ar\/portalurbano\/#organization\"},\"potentialAction\":[{\"@type\":\"SearchAction\",\"target\":{\"@type\":\"EntryPoint\",\"urlTemplate\":\"https:\/\/experienciadevida.com.ar\/portalurbano\/?s={search_term_string}\"},\"query-input\":\"required name=search_term_string\"}],\"inLanguage\":\"es\"},{\"@type\":\"Organization\",\"@id\":\"https:\/\/experienciadevida.com.ar\/portalurbano\/#organization\",\"name\":\"Portal Urbano\",\"url\":\"https:\/\/experienciadevida.com.ar\/portalurbano\/\",\"logo\":{\"@type\":\"ImageObject\",\"inLanguage\":\"es\",\"@id\":\"https:\/\/experienciadevida.com.ar\/portalurbano\/#\/schema\/logo\/image\/\",\"url\":\"https:\/\/experienciadevida.com.ar\/portalurbano\/wp-content\/uploads\/2019\/09\/Logo-Original.png\",\"contentUrl\":\"https:\/\/experienciadevida.com.ar\/portalurbano\/wp-content\/uploads\/2019\/09\/Logo-Original.png\",\"width\":2236,\"height\":1216,\"caption\":\"Portal Urbano\"},\"image\":{\"@id\":\"https:\/\/experienciadevida.com.ar\/portalurbano\/#\/schema\/logo\/image\/\"},\"sameAs\":[\"https:\/\/www.facebook.com\/Portal-Urbano-171542830093757\/\",\"https:\/\/twitter.com\/portalurbanook\",\"https:\/\/www.instagram.com\/_portalurbano\/\",\"https:\/\/www.youtube.com\/channel\/UCXhagIfszH8KxFiOok79zbA?view_as=subscriber\"]},{\"@type\":\"Person\",\"@id\":\"https:\/\/experienciadevida.com.ar\/portalurbano\/#\/schema\/person\/02dd326b1c4b056e9cc972486934a3a7\",\"name\":\"admpu17wp\",\"image\":{\"@type\":\"ImageObject\",\"inLanguage\":\"es\",\"@id\":\"https:\/\/experienciadevida.com.ar\/portalurbano\/#\/schema\/person\/image\/\",\"url\":\"https:\/\/secure.gravatar.com\/avatar\/830d4c57adaae6630765e449a6908047?s=96&d=mm&r=g\",\"contentUrl\":\"https:\/\/secure.gravatar.com\/avatar\/830d4c57adaae6630765e449a6908047?s=96&d=mm&r=g\",\"caption\":\"admpu17wp\"}}]}<\/script>\n<!-- \/ Yoast SEO plugin. -->","yoast_head_json":{"title":"Mapeo territorial: ingresantes de sociales realizaron la actividad","description":"Mapeo territorial: ingresantes de Sociales realizaron la primera actividad de pr\u00e1cticas socioeducativas, en el marco de creaci\u00f3n de Extensi\u00f3n","robots":{"index":"index","follow":"follow","max-snippet":"max-snippet:-1","max-image-preview":"max-image-preview:large","max-video-preview":"max-video-preview:-1"},"canonical":"https:\/\/experienciadevida.com.ar\/portalurbano\/mapeo-territorial-ingresantes-de-sociales-realizaron-la-primera-actividad-de-practicas-socioeducativas\/","og_locale":"es_ES","og_type":"article","og_title":"Mapeo territorial: ingresantes de sociales realizaron la actividad","og_description":"Mapeo territorial: ingresantes de Sociales realizaron la primera actividad de pr\u00e1cticas socioeducativas, en el marco de creaci\u00f3n de Extensi\u00f3n","og_url":"https:\/\/experienciadevida.com.ar\/portalurbano\/mapeo-territorial-ingresantes-de-sociales-realizaron-la-primera-actividad-de-practicas-socioeducativas\/","article_publisher":"https:\/\/www.facebook.com\/Portal-Urbano-171542830093757\/","article_published_time":"2022-03-29T12:48:35+00:00","article_modified_time":"2022-03-29T12:49:27+00:00","og_image":[{"width":1000,"height":610,"url":"https:\/\/experienciadevida.com.ar\/portalurbano\/wp-content\/uploads\/2022\/03\/Mapeo-territorial.jpg","type":"image\/jpeg"}],"author":"admpu17wp","twitter_card":"summary_large_image","twitter_creator":"@portalurbanook","twitter_site":"@portalurbanook","twitter_misc":{"Escrito por":"admpu17wp","Tiempo de lectura":"2 minutos"},"schema":{"@context":"https:\/\/schema.org","@graph":[{"@type":"Article","@id":"https:\/\/experienciadevida.com.ar\/portalurbano\/mapeo-territorial-ingresantes-de-sociales-realizaron-la-primera-actividad-de-practicas-socioeducativas\/#article","isPartOf":{"@id":"https:\/\/experienciadevida.com.ar\/portalurbano\/mapeo-territorial-ingresantes-de-sociales-realizaron-la-primera-actividad-de-practicas-socioeducativas\/"},"author":{"name":"admpu17wp","@id":"https:\/\/experienciadevida.com.ar\/portalurbano\/#\/schema\/person\/02dd326b1c4b056e9cc972486934a3a7"},"headline":"Mapeo territorial: ingresantes de Sociales realizaron la primera actividad de pr\u00e1cticas socioeducativas","datePublished":"2022-03-29T12:48:35+00:00","dateModified":"2022-03-29T12:49:27+00:00","mainEntityOfPage":{"@id":"https:\/\/experienciadevida.com.ar\/portalurbano\/mapeo-territorial-ingresantes-de-sociales-realizaron-la-primera-actividad-de-practicas-socioeducativas\/"},"wordCount":319,"publisher":{"@id":"https:\/\/experienciadevida.com.ar\/portalurbano\/#organization"},"articleSection":["Educaci\u00f3n"],"inLanguage":"es"},{"@type":"WebPage","@id":"https:\/\/experienciadevida.com.ar\/portalurbano\/mapeo-territorial-ingresantes-de-sociales-realizaron-la-primera-actividad-de-practicas-socioeducativas\/","url":"https:\/\/experienciadevida.com.ar\/portalurbano\/mapeo-territorial-ingresantes-de-sociales-realizaron-la-primera-actividad-de-practicas-socioeducativas\/","name":"Mapeo territorial: ingresantes de sociales realizaron la actividad","isPartOf":{"@id":"https:\/\/experienciadevida.com.ar\/portalurbano\/#website"},"datePublished":"2022-03-29T12:48:35+00:00","dateModified":"2022-03-29T12:49:27+00:00","description":"Mapeo territorial: ingresantes de Sociales realizaron la primera actividad de pr\u00e1cticas socioeducativas, en el marco de creaci\u00f3n de Extensi\u00f3n","breadcrumb":{"@id":"https:\/\/experienciadevida.com.ar\/portalurbano\/mapeo-territorial-ingresantes-de-sociales-realizaron-la-primera-actividad-de-practicas-socioeducativas\/#breadcrumb"},"inLanguage":"es","potentialAction":[{"@type":"ReadAction","target":["https:\/\/experienciadevida.com.ar\/portalurbano\/mapeo-territorial-ingresantes-de-sociales-realizaron-la-primera-actividad-de-practicas-socioeducativas\/"]}]},{"@type":"BreadcrumbList","@id":"https:\/\/experienciadevida.com.ar\/portalurbano\/mapeo-territorial-ingresantes-de-sociales-realizaron-la-primera-actividad-de-practicas-socioeducativas\/#breadcrumb","itemListElement":[{"@type":"ListItem","position":1,"name":"Portada","item":"https:\/\/experienciadevida.com.ar\/portalurbano\/"},{"@type":"ListItem","position":2,"name":"Mapeo territorial: ingresantes de Sociales realizaron la primera actividad de pr\u00e1cticas socioeducativas"}]},{"@type":"WebSite","@id":"https:\/\/experienciadevida.com.ar\/portalurbano\/#website","url":"https:\/\/experienciadevida.com.ar\/portalurbano\/","name":"","description":"","publisher":{"@id":"https:\/\/experienciadevida.com.ar\/portalurbano\/#organization"},"potentialAction":[{"@type":"SearchAction","target":{"@type":"EntryPoint","urlTemplate":"https:\/\/experienciadevida.com.ar\/portalurbano\/?s={search_term_string}"},"query-input":"required name=search_term_string"}],"inLanguage":"es"},{"@type":"Organization","@id":"https:\/\/experienciadevida.com.ar\/portalurbano\/#organization","name":"Portal Urbano","url":"https:\/\/experienciadevida.com.ar\/portalurbano\/","logo":{"@type":"ImageObject","inLanguage":"es","@id":"https:\/\/experienciadevida.com.ar\/portalurbano\/#\/schema\/logo\/image\/","url":"https:\/\/experienciadevida.com.ar\/portalurbano\/wp-content\/uploads\/2019\/09\/Logo-Original.png","contentUrl":"https:\/\/experienciadevida.com.ar\/portalurbano\/wp-content\/uploads\/2019\/09\/Logo-Original.png","width":2236,"height":1216,"caption":"Portal Urbano"},"image":{"@id":"https:\/\/experienciadevida.com.ar\/portalurbano\/#\/schema\/logo\/image\/"},"sameAs":["https:\/\/www.facebook.com\/Portal-Urbano-171542830093757\/","https:\/\/twitter.com\/portalurbanook","https:\/\/www.instagram.com\/_portalurbano\/","https:\/\/www.youtube.com\/channel\/UCXhagIfszH8KxFiOok79zbA?view_as=subscriber"]},{"@type":"Person","@id":"https:\/\/experienciadevida.com.ar\/portalurbano\/#\/schema\/person\/02dd326b1c4b056e9cc972486934a3a7","name":"admpu17wp","image":{"@type":"ImageObject","inLanguage":"es","@id":"https:\/\/experienciadevida.com.ar\/portalurbano\/#\/schema\/person\/image\/","url":"https:\/\/secure.gravatar.com\/avatar\/830d4c57adaae6630765e449a6908047?s=96&d=mm&r=g","contentUrl":"https:\/\/secure.gravatar.com\/avatar\/830d4c57adaae6630765e449a6908047?s=96&d=mm&r=g","caption":"admpu17wp"}}]}},"featured_image_urls":{"full":["https:\/\/experienciadevida.com.ar\/portalurbano\/wp-content\/uploads\/2022\/03\/Mapeo-territorial.jpg",1000,610,false],"thumbnail":["https:\/\/experienciadevida.com.ar\/portalurbano\/wp-content\/uploads\/2022\/03\/Mapeo-territorial-150x150.jpg",150,150,true],"medium":["https:\/\/experienciadevida.com.ar\/portalurbano\/wp-content\/uploads\/2022\/03\/Mapeo-territorial-300x183.jpg",300,183,true],"medium_large":["https:\/\/experienciadevida.com.ar\/portalurbano\/wp-content\/uploads\/2022\/03\/Mapeo-territorial-768x468.jpg",640,390,true],"large":["https:\/\/experienciadevida.com.ar\/portalurbano\/wp-content\/uploads\/2022\/03\/Mapeo-territorial.jpg",640,390,false],"ug_big":["https:\/\/experienciadevida.com.ar\/portalurbano\/wp-content\/uploads\/2022\/03\/Mapeo-territorial-768x468.jpg",768,468,true],"1536x1536":["https:\/\/experienciadevida.com.ar\/portalurbano\/wp-content\/uploads\/2022\/03\/Mapeo-territorial.jpg",1000,610,false],"2048x2048":["https:\/\/experienciadevida.com.ar\/portalurbano\/wp-content\/uploads\/2022\/03\/Mapeo-territorial.jpg",1000,610,false],"newsever-slider-full":["https:\/\/experienciadevida.com.ar\/portalurbano\/wp-content\/uploads\/2022\/03\/Mapeo-territorial.jpg",1000,610,false],"newsever-featured":["https:\/\/experienciadevida.com.ar\/portalurbano\/wp-content\/uploads\/2022\/03\/Mapeo-territorial.jpg",1000,610,false],"newsever-medium":["https:\/\/experienciadevida.com.ar\/portalurbano\/wp-content\/uploads\/2022\/03\/Mapeo-territorial.jpg",720,439,false],"web-stories-poster-portrait":["https:\/\/experienciadevida.com.ar\/portalurbano\/wp-content\/uploads\/2022\/03\/Mapeo-territorial.jpg",640,390,false],"web-stories-publisher-logo":["https:\/\/experienciadevida.com.ar\/portalurbano\/wp-content\/uploads\/2022\/03\/Mapeo-territorial.jpg",96,59,false],"web-stories-thumbnail":["https:\/\/experienciadevida.com.ar\/portalurbano\/wp-content\/uploads\/2022\/03\/Mapeo-territorial.jpg",150,92,false]},"author_info":{"display_name":"admpu17wp","author_link":"https:\/\/experienciadevida.com.ar\/portalurbano\/author\/admpu17wp\/"},"category_info":"<a href=\"https:\/\/experienciadevida.com.ar\/portalurbano\/category\/ciudad\/educacion\/\" rel=\"category tag\">Educaci\u00f3n<\/a>","tag_info":"Educaci\u00f3n","comment_count":"0","amp_enabled":true,"_links":{"self":[{"href":"https:\/\/experienciadevida.com.ar\/portalurbano\/wp-json\/wp\/v2\/posts\/164478"}],"collection":[{"href":"https:\/\/experienciadevida.com.ar\/portalurbano\/wp-json\/wp\/v2\/posts"}],"about":[{"href":"https:\/\/experienciadevida.com.ar\/portalurbano\/wp-json\/wp\/v2\/types\/post"}],"author":[{"embeddable":true,"href":"https:\/\/experienciadevida.com.ar\/portalurbano\/wp-json\/wp\/v2\/users\/1"}],"replies":[{"embeddable":true,"href":"https:\/\/experienciadevida.com.ar\/portalurbano\/wp-json\/wp\/v2\/comments?post=164478"}],"version-history":[{"count":2,"href":"https:\/\/experienciadevida.com.ar\/portalurbano\/wp-json\/wp\/v2\/posts\/164478\/revisions"}],"predecessor-version":[{"id":164482,"href":"https:\/\/experienciadevida.com.ar\/portalurbano\/wp-json\/wp\/v2\/posts\/164478\/revisions\/164482"}],"wp:featuredmedia":[{"embeddable":true,"href":"https:\/\/experienciadevida.com.ar\/portalurbano\/wp-json\/wp\/v2\/media\/164479"}],"wp:attachment":[{"href":"https:\/\/experienciadevida.com.ar\/portalurbano\/wp-json\/wp\/v2\/media?parent=164478"}],"wp:term":[{"taxonomy":"category","embeddable":true,"href":"https:\/\/experienciadevida.com.ar\/portalurbano\/wp-json\/wp\/v2\/categories?post=164478"},{"taxonomy":"post_tag","embeddable":true,"href":"https:\/\/experienciadevida.com.ar\/portalurbano\/wp-json\/wp\/v2\/tags?post=164478"}],"curies":[{"name":"wp","href":"https:\/\/api.w.org\/{rel}","templated":true}]}}