{"id":164441,"date":"2022-03-29T08:52:29","date_gmt":"2022-03-29T11:52:29","guid":{"rendered":"https:\/\/experienciadevida.com.ar\/portalurbano\/?p=164441"},"modified":"2022-03-29T08:55:08","modified_gmt":"2022-03-29T11:55:08","slug":"dieron-inicio-las-actividades-virtuales-y-presenciales-de-la-escuela-de-gobierno-proyectar","status":"publish","type":"post","link":"https:\/\/experienciadevida.com.ar\/portalurbano\/dieron-inicio-las-actividades-virtuales-y-presenciales-de-la-escuela-de-gobierno-proyectar\/","title":{"rendered":"Dieron inicio las actividades virtuales y presenciales de la Escuela de Gobierno ProyectAR"},"content":{"rendered":"<p>Dieron inicio las actividades virtuales y presenciales de la Escuela de Gobierno ProyectAR, la escuela de Gobierno y Pol\u00edticas P\u00fablicas ProyectAR dio inicio a las C\u00e1tedras Abiertas virtuales sobre Megatendencias Globales, un ciclo con la participaci\u00f3n de especialistas nacionales e internacionales que abordan tem\u00e1ticas mundiales, su impacto y estudio en la Argentina.<\/p>\n<p><a href=\"https:\/\/www.instagram.com\/rodriguezolav\/?hl=es-la\">Eduardo Rodr\u00edguez,<\/a> coordinador local de la Escuela que a nivel nacional conduce <a href=\"https:\/\/www.instagram.com\/sergiomassaok\/?hl=es-la\">Sergio Massa,<\/a> inform\u00f3 que ya se encuentran disponibles en YouTube la clase introductoria y las dos primeras c\u00e1tedras abiertas a las que se pueden acceder de manera gratuita a trav\u00e9s de Internet. Las mismas son:<\/p>\n<p>Introducci\u00f3n: Planificaci\u00f3n Estrat\u00e9gica para Escenarios Futuros. \u00bfEs posible anticiparse al futuro? \u00bfQu\u00e9 herramientas proporciona la ciencia para prevenir lo que vendr\u00e1? En este primer encuentro los especialistas<br \/>\nvan a explicarnos qu\u00e9 son y cuales son las seis megatendencias globales y c\u00f3mo podemos utilizarlas para dise\u00f1ar pol\u00edticas p\u00fablicas acordes a los tiempos por venir.<\/p>\n<p>Presenta Alejandro Ruiz Balza, Dr. (PhD) en Ciencia Pol\u00edtica (USAL) yLicenciado en Ciencias de la Comunicaci\u00f3n (UBA) junto a Mgter. Luis RAGNO, Profesor y Licenciado en Filosof\u00eda y a Javier VITALE, Licenciado en Ciencia<br \/>\nPol\u00edtica, responsables del Centro de Estudios Prospectivos de la Universidad Nacional de Cuyo.<\/p>\n<p><iframe  id=\"_ytid_65895\"  width=\"640\" height=\"360\"  data-origwidth=\"640\" data-origheight=\"360\" src=\"https:\/\/www.youtube.com\/embed\/ROsxlonv5gI?enablejsapi=1&#038;autoplay=0&#038;cc_load_policy=0&#038;cc_lang_pref=&#038;iv_load_policy=1&#038;loop=0&#038;modestbranding=0&#038;rel=1&#038;fs=1&#038;playsinline=0&#038;autohide=2&#038;theme=dark&#038;color=red&#038;controls=1&#038;\" class=\"__youtube_prefs__  epyt-is-override  no-lazyload\" title=\"YouTube player\"  allow=\"accelerometer; autoplay; clipboard-write; encrypted-media; gyroscope; picture-in-picture\" allowfullscreen data-no-lazy=\"1\" data-skipgform_ajax_framebjll=\"\"><\/iframe><\/p>\n<p>1.- Megatendencias Globales: Escasez de Recursos Naturales.<\/p>\n<p>\u00bfC\u00f3mo pasaron los combustibles f\u00f3siles a los combustibles renovables?, \u00bfQu\u00e9 tan estrat\u00e9gica ser\u00e1 la producci\u00f3n de hidr\u00f3geno en la Argentina del futuro? \u00bfC\u00f3mo funciona el hidr\u00f3geno como fuente de energ\u00eda alternativa? \u00bfEs realmente el hidr\u00f3geno un combustible limpio? \u00bfC\u00f3mo se produce el hidr\u00f3geno? A cargo de Fabiana Gennari, Ingeniera de la Universidad Nacional del Comahue y Doctora en Ingenier\u00eda por la Universidad Nacional de La Plata.<\/p>\n<p><iframe  id=\"_ytid_13421\"  width=\"640\" height=\"360\"  data-origwidth=\"640\" data-origheight=\"360\" src=\"https:\/\/www.youtube.com\/embed\/irODc-0ffZI?enablejsapi=1&#038;autoplay=0&#038;cc_load_policy=0&#038;cc_lang_pref=&#038;iv_load_policy=1&#038;loop=0&#038;modestbranding=0&#038;rel=1&#038;fs=1&#038;playsinline=0&#038;autohide=2&#038;theme=dark&#038;color=red&#038;controls=1&#038;\" class=\"__youtube_prefs__  epyt-is-override  no-lazyload\" title=\"YouTube player\"  allow=\"accelerometer; autoplay; clipboard-write; encrypted-media; gyroscope; picture-in-picture\" allowfullscreen data-no-lazy=\"1\" data-skipgform_ajax_framebjll=\"\"><\/iframe><\/p>\n<p>2.- Megatendencias Globales: Los desaf\u00edos de la pol\u00edtica ambiental del siglo XXI<\/p>\n<p>La clase aborda la tem\u00e1tica del \u201cCambio Clim\u00e1tico\u201d y est\u00e1 a cargo de Sergio Federovisky, Viceministro de Ambiente de la Naci\u00f3n. En esta oportunidad presentamos el documental de Sergio Federovisky \u201cPunto de No retorno\u201d en<br \/>\ndonde nos explica por qu\u00e9 estamos en presencia del fin del mundo tal como lo conocemos.<\/p>\n<p><iframe  id=\"_ytid_14222\"  width=\"640\" height=\"360\"  data-origwidth=\"640\" data-origheight=\"360\" src=\"https:\/\/www.youtube.com\/embed\/K-A-J8XhGwc?enablejsapi=1&#038;autoplay=0&#038;cc_load_policy=0&#038;cc_lang_pref=&#038;iv_load_policy=1&#038;loop=0&#038;modestbranding=0&#038;rel=1&#038;fs=1&#038;playsinline=0&#038;autohide=2&#038;theme=dark&#038;color=red&#038;controls=1&#038;\" class=\"__youtube_prefs__  epyt-is-override  no-lazyload\" title=\"YouTube player\"  allow=\"accelerometer; autoplay; clipboard-write; encrypted-media; gyroscope; picture-in-picture\" allowfullscreen data-no-lazy=\"1\" data-skipgform_ajax_framebjll=\"\"><\/iframe><\/p>\n<p>Dieron inicio las actividades virtuales y presenciales de la Escuela de Gobierno ProyectAR, &#8220;propuestas y proyectos para el Partido de Olavarr\u00eda&#8221;.<\/p>\n<p>El coordinador local de ProyectAR, Eduardo Rodr\u00edguez, se\u00f1al\u00f3 que a la actividad virtual realizada en el 2021 y las previstas para el corriente a\u00f1o, se sumar\u00e1n encuentros presenciales de formaci\u00f3n y como novedad, la conformaci\u00f3n de un equipo coordinador para el estudio y realizaci\u00f3n de propuestas de pol\u00edticas p\u00fablicas y de proyectos para el Partido de Olavarr\u00eda.<\/p>\n<p>Al respecto, Eduardo Rodr\u00edguez se\u00f1al\u00f3 que desde ProyectAR Olavarr\u00eda estamos constituyendo un equipo multidisciplinar comprometido con el estudio y la generaci\u00f3n de propuestas y proyectos de pol\u00edtica p\u00fablica Municipal desde la perspectiva de \u201cEl Derecho a la ciudad\u201d. En este sentido, Eduardo Rodr\u00edguez viene realizando reuniones con profesionales, empresarios, comerciantes y j\u00f3venes, de manera personal. Al mismo tiempo hizo una invitaci\u00f3n p\u00fablica a vecinas y vecinos que deseen sumarse a la propuesta de trabajo para proyectar la Olavarr\u00eda que queremos.<\/p>\n<p>La Escuela de Gobierno ProyectAr tuvo su relanzamiento en octubre del 2020. Es presidida por Sergio Massa, l\u00edder del Frente Renovador, y su directora es M\u00f3nica Litza. Sus objetivos apuntan a la formaci\u00f3n de equipos t\u00e9cnicos y<br \/>\nde gesti\u00f3n basados en el conocimiento, con solidez y visi\u00f3n de largo plazo, para poder abordar los desaf\u00edos que afrontan nuestras democracias en el siglo XXI. Otro objetivo es combinar el conocimiento de acad\u00e9micos\/as y<br \/>\nespecialistas, con la experiencia de gesti\u00f3n p\u00fablica, pol\u00edtica y social de los\/as dirigentes del FR.<\/p>\n<p>Para mayor informaci\u00f3n, los interesados pueden ingresar al sitio web https:\/\/foroolavarria.org\/proyectar-escuela-de-gobierno-y-politicas-publicas o bien dirigirse personalmente a la Casa \u201cEduardo Chino Correa\u201d, Belgrano<br \/>\n3222, de 9 a 13 hs, sede de ProyectAR Olavarr\u00eda.<\/p>\n","protected":false},"excerpt":{"rendered":"<p>Dieron inicio las actividades virtuales y presenciales de la Escuela de Gobierno ProyectAR, la escuela&#8230;<\/p>\n","protected":false},"author":1,"featured_media":164445,"comment_status":"closed","ping_status":"closed","sticky":false,"template":"","format":"standard","meta":{"content-type":""},"categories":[27,64],"tags":[],"nelio_content":{"isAutoShareEnabled":false,"autoShareEndMode":"default","automationSources":{"useContentSentences":true,"useSocialTemplates":true,"useCustomSentences":false,"customSentences":[]},"followers":[1],"suggestedReferences":[],"includedReferences":["https:\/\/www.instagram.com\/rodriguezolav\/?hl=es-la"],"efiUrl":"","efiAlt":"","highlights":[]},"yoast_head":"<!-- This site is optimized with the Yoast SEO plugin v20.7 - https:\/\/yoast.com\/wordpress\/plugins\/seo\/ -->\n<title>Dieron inicio las actividades virtuales y presenciales de la escuela<\/title>\n<meta name=\"description\" content=\"Dieron inicio las actividades virtuales y presenciales de la Escuela de Gobierno ProyectAR, la escuela de Gobierno y pol\u00edticas p\u00fablicas\" \/>\n<meta name=\"robots\" content=\"index, follow, max-snippet:-1, max-image-preview:large, max-video-preview:-1\" \/>\n<link rel=\"canonical\" href=\"https:\/\/experienciadevida.com.ar\/portalurbano\/dieron-inicio-las-actividades-virtuales-y-presenciales-de-la-escuela-de-gobierno-proyectar\/\" \/>\n<meta property=\"og:locale\" content=\"es_ES\" \/>\n<meta property=\"og:type\" content=\"article\" \/>\n<meta property=\"og:title\" content=\"Dieron inicio las actividades virtuales y presenciales de la escuela\" \/>\n<meta property=\"og:description\" content=\"Dieron inicio las actividades virtuales y presenciales de la Escuela de Gobierno ProyectAR, la escuela de Gobierno y pol\u00edticas p\u00fablicas\" \/>\n<meta property=\"og:url\" content=\"https:\/\/experienciadevida.com.ar\/portalurbano\/dieron-inicio-las-actividades-virtuales-y-presenciales-de-la-escuela-de-gobierno-proyectar\/\" \/>\n<meta property=\"article:publisher\" content=\"https:\/\/www.facebook.com\/Portal-Urbano-171542830093757\/\" \/>\n<meta property=\"article:published_time\" content=\"2022-03-29T11:52:29+00:00\" \/>\n<meta property=\"article:modified_time\" content=\"2022-03-29T11:55:08+00:00\" \/>\n<meta property=\"og:image\" content=\"https:\/\/experienciadevida.com.ar\/portalurbano\/wp-content\/uploads\/2022\/03\/Dieron-inicio-las-actividades.jpeg\" \/>\n\t<meta property=\"og:image:width\" content=\"1024\" \/>\n\t<meta property=\"og:image:height\" content=\"658\" \/>\n\t<meta property=\"og:image:type\" content=\"image\/jpeg\" \/>\n<meta name=\"author\" content=\"admpu17wp\" \/>\n<meta name=\"twitter:card\" content=\"summary_large_image\" \/>\n<meta name=\"twitter:creator\" content=\"@portalurbanook\" \/>\n<meta name=\"twitter:site\" content=\"@portalurbanook\" \/>\n<meta name=\"twitter:label1\" content=\"Escrito por\" \/>\n\t<meta name=\"twitter:data1\" content=\"admpu17wp\" \/>\n\t<meta name=\"twitter:label2\" content=\"Tiempo de lectura\" \/>\n\t<meta name=\"twitter:data2\" content=\"3 minutos\" \/>\n<script type=\"application\/ld+json\" class=\"yoast-schema-graph\">{\"@context\":\"https:\/\/schema.org\",\"@graph\":[{\"@type\":\"Article\",\"@id\":\"https:\/\/experienciadevida.com.ar\/portalurbano\/dieron-inicio-las-actividades-virtuales-y-presenciales-de-la-escuela-de-gobierno-proyectar\/#article\",\"isPartOf\":{\"@id\":\"https:\/\/experienciadevida.com.ar\/portalurbano\/dieron-inicio-las-actividades-virtuales-y-presenciales-de-la-escuela-de-gobierno-proyectar\/\"},\"author\":{\"name\":\"admpu17wp\",\"@id\":\"https:\/\/experienciadevida.com.ar\/portalurbano\/#\/schema\/person\/02dd326b1c4b056e9cc972486934a3a7\"},\"headline\":\"Dieron inicio las actividades virtuales y presenciales de la Escuela de Gobierno ProyectAR\",\"datePublished\":\"2022-03-29T11:52:29+00:00\",\"dateModified\":\"2022-03-29T11:55:08+00:00\",\"mainEntityOfPage\":{\"@id\":\"https:\/\/experienciadevida.com.ar\/portalurbano\/dieron-inicio-las-actividades-virtuales-y-presenciales-de-la-escuela-de-gobierno-proyectar\/\"},\"wordCount\":720,\"publisher\":{\"@id\":\"https:\/\/experienciadevida.com.ar\/portalurbano\/#organization\"},\"articleSection\":[\"Ciudad\",\"Destacadas 2\"],\"inLanguage\":\"es\"},{\"@type\":\"WebPage\",\"@id\":\"https:\/\/experienciadevida.com.ar\/portalurbano\/dieron-inicio-las-actividades-virtuales-y-presenciales-de-la-escuela-de-gobierno-proyectar\/\",\"url\":\"https:\/\/experienciadevida.com.ar\/portalurbano\/dieron-inicio-las-actividades-virtuales-y-presenciales-de-la-escuela-de-gobierno-proyectar\/\",\"name\":\"Dieron inicio las actividades virtuales y presenciales de la escuela\",\"isPartOf\":{\"@id\":\"https:\/\/experienciadevida.com.ar\/portalurbano\/#website\"},\"datePublished\":\"2022-03-29T11:52:29+00:00\",\"dateModified\":\"2022-03-29T11:55:08+00:00\",\"description\":\"Dieron inicio las actividades virtuales y presenciales de la Escuela de Gobierno ProyectAR, la escuela de Gobierno y pol\u00edticas p\u00fablicas\",\"breadcrumb\":{\"@id\":\"https:\/\/experienciadevida.com.ar\/portalurbano\/dieron-inicio-las-actividades-virtuales-y-presenciales-de-la-escuela-de-gobierno-proyectar\/#breadcrumb\"},\"inLanguage\":\"es\",\"potentialAction\":[{\"@type\":\"ReadAction\",\"target\":[\"https:\/\/experienciadevida.com.ar\/portalurbano\/dieron-inicio-las-actividades-virtuales-y-presenciales-de-la-escuela-de-gobierno-proyectar\/\"]}]},{\"@type\":\"BreadcrumbList\",\"@id\":\"https:\/\/experienciadevida.com.ar\/portalurbano\/dieron-inicio-las-actividades-virtuales-y-presenciales-de-la-escuela-de-gobierno-proyectar\/#breadcrumb\",\"itemListElement\":[{\"@type\":\"ListItem\",\"position\":1,\"name\":\"Portada\",\"item\":\"https:\/\/experienciadevida.com.ar\/portalurbano\/\"},{\"@type\":\"ListItem\",\"position\":2,\"name\":\"Dieron inicio las actividades virtuales y presenciales de la Escuela de Gobierno ProyectAR\"}]},{\"@type\":\"WebSite\",\"@id\":\"https:\/\/experienciadevida.com.ar\/portalurbano\/#website\",\"url\":\"https:\/\/experienciadevida.com.ar\/portalurbano\/\",\"name\":\"\",\"description\":\"\",\"publisher\":{\"@id\":\"https:\/\/experienciadevida.com.ar\/portalurbano\/#organization\"},\"potentialAction\":[{\"@type\":\"SearchAction\",\"target\":{\"@type\":\"EntryPoint\",\"urlTemplate\":\"https:\/\/experienciadevida.com.ar\/portalurbano\/?s={search_term_string}\"},\"query-input\":\"required name=search_term_string\"}],\"inLanguage\":\"es\"},{\"@type\":\"Organization\",\"@id\":\"https:\/\/experienciadevida.com.ar\/portalurbano\/#organization\",\"name\":\"Portal Urbano\",\"url\":\"https:\/\/experienciadevida.com.ar\/portalurbano\/\",\"logo\":{\"@type\":\"ImageObject\",\"inLanguage\":\"es\",\"@id\":\"https:\/\/experienciadevida.com.ar\/portalurbano\/#\/schema\/logo\/image\/\",\"url\":\"https:\/\/experienciadevida.com.ar\/portalurbano\/wp-content\/uploads\/2019\/09\/Logo-Original.png\",\"contentUrl\":\"https:\/\/experienciadevida.com.ar\/portalurbano\/wp-content\/uploads\/2019\/09\/Logo-Original.png\",\"width\":2236,\"height\":1216,\"caption\":\"Portal Urbano\"},\"image\":{\"@id\":\"https:\/\/experienciadevida.com.ar\/portalurbano\/#\/schema\/logo\/image\/\"},\"sameAs\":[\"https:\/\/www.facebook.com\/Portal-Urbano-171542830093757\/\",\"https:\/\/twitter.com\/portalurbanook\",\"https:\/\/www.instagram.com\/_portalurbano\/\",\"https:\/\/www.youtube.com\/channel\/UCXhagIfszH8KxFiOok79zbA?view_as=subscriber\"]},{\"@type\":\"Person\",\"@id\":\"https:\/\/experienciadevida.com.ar\/portalurbano\/#\/schema\/person\/02dd326b1c4b056e9cc972486934a3a7\",\"name\":\"admpu17wp\",\"image\":{\"@type\":\"ImageObject\",\"inLanguage\":\"es\",\"@id\":\"https:\/\/experienciadevida.com.ar\/portalurbano\/#\/schema\/person\/image\/\",\"url\":\"https:\/\/secure.gravatar.com\/avatar\/830d4c57adaae6630765e449a6908047?s=96&d=mm&r=g\",\"contentUrl\":\"https:\/\/secure.gravatar.com\/avatar\/830d4c57adaae6630765e449a6908047?s=96&d=mm&r=g\",\"caption\":\"admpu17wp\"}}]}<\/script>\n<!-- \/ Yoast SEO plugin. -->","yoast_head_json":{"title":"Dieron inicio las actividades virtuales y presenciales de la escuela","description":"Dieron inicio las actividades virtuales y presenciales de la Escuela de Gobierno ProyectAR, la escuela de Gobierno y pol\u00edticas p\u00fablicas","robots":{"index":"index","follow":"follow","max-snippet":"max-snippet:-1","max-image-preview":"max-image-preview:large","max-video-preview":"max-video-preview:-1"},"canonical":"https:\/\/experienciadevida.com.ar\/portalurbano\/dieron-inicio-las-actividades-virtuales-y-presenciales-de-la-escuela-de-gobierno-proyectar\/","og_locale":"es_ES","og_type":"article","og_title":"Dieron inicio las actividades virtuales y presenciales de la escuela","og_description":"Dieron inicio las actividades virtuales y presenciales de la Escuela de Gobierno ProyectAR, la escuela de Gobierno y pol\u00edticas p\u00fablicas","og_url":"https:\/\/experienciadevida.com.ar\/portalurbano\/dieron-inicio-las-actividades-virtuales-y-presenciales-de-la-escuela-de-gobierno-proyectar\/","article_publisher":"https:\/\/www.facebook.com\/Portal-Urbano-171542830093757\/","article_published_time":"2022-03-29T11:52:29+00:00","article_modified_time":"2022-03-29T11:55:08+00:00","og_image":[{"width":1024,"height":658,"url":"https:\/\/experienciadevida.com.ar\/portalurbano\/wp-content\/uploads\/2022\/03\/Dieron-inicio-las-actividades.jpeg","type":"image\/jpeg"}],"author":"admpu17wp","twitter_card":"summary_large_image","twitter_creator":"@portalurbanook","twitter_site":"@portalurbanook","twitter_misc":{"Escrito por":"admpu17wp","Tiempo de lectura":"3 minutos"},"schema":{"@context":"https:\/\/schema.org","@graph":[{"@type":"Article","@id":"https:\/\/experienciadevida.com.ar\/portalurbano\/dieron-inicio-las-actividades-virtuales-y-presenciales-de-la-escuela-de-gobierno-proyectar\/#article","isPartOf":{"@id":"https:\/\/experienciadevida.com.ar\/portalurbano\/dieron-inicio-las-actividades-virtuales-y-presenciales-de-la-escuela-de-gobierno-proyectar\/"},"author":{"name":"admpu17wp","@id":"https:\/\/experienciadevida.com.ar\/portalurbano\/#\/schema\/person\/02dd326b1c4b056e9cc972486934a3a7"},"headline":"Dieron inicio las actividades virtuales y presenciales de la Escuela de Gobierno ProyectAR","datePublished":"2022-03-29T11:52:29+00:00","dateModified":"2022-03-29T11:55:08+00:00","mainEntityOfPage":{"@id":"https:\/\/experienciadevida.com.ar\/portalurbano\/dieron-inicio-las-actividades-virtuales-y-presenciales-de-la-escuela-de-gobierno-proyectar\/"},"wordCount":720,"publisher":{"@id":"https:\/\/experienciadevida.com.ar\/portalurbano\/#organization"},"articleSection":["Ciudad","Destacadas 2"],"inLanguage":"es"},{"@type":"WebPage","@id":"https:\/\/experienciadevida.com.ar\/portalurbano\/dieron-inicio-las-actividades-virtuales-y-presenciales-de-la-escuela-de-gobierno-proyectar\/","url":"https:\/\/experienciadevida.com.ar\/portalurbano\/dieron-inicio-las-actividades-virtuales-y-presenciales-de-la-escuela-de-gobierno-proyectar\/","name":"Dieron inicio las actividades virtuales y presenciales de la escuela","isPartOf":{"@id":"https:\/\/experienciadevida.com.ar\/portalurbano\/#website"},"datePublished":"2022-03-29T11:52:29+00:00","dateModified":"2022-03-29T11:55:08+00:00","description":"Dieron inicio las actividades virtuales y presenciales de la Escuela de Gobierno ProyectAR, la escuela de Gobierno y pol\u00edticas p\u00fablicas","breadcrumb":{"@id":"https:\/\/experienciadevida.com.ar\/portalurbano\/dieron-inicio-las-actividades-virtuales-y-presenciales-de-la-escuela-de-gobierno-proyectar\/#breadcrumb"},"inLanguage":"es","potentialAction":[{"@type":"ReadAction","target":["https:\/\/experienciadevida.com.ar\/portalurbano\/dieron-inicio-las-actividades-virtuales-y-presenciales-de-la-escuela-de-gobierno-proyectar\/"]}]},{"@type":"BreadcrumbList","@id":"https:\/\/experienciadevida.com.ar\/portalurbano\/dieron-inicio-las-actividades-virtuales-y-presenciales-de-la-escuela-de-gobierno-proyectar\/#breadcrumb","itemListElement":[{"@type":"ListItem","position":1,"name":"Portada","item":"https:\/\/experienciadevida.com.ar\/portalurbano\/"},{"@type":"ListItem","position":2,"name":"Dieron inicio las actividades virtuales y presenciales de la Escuela de Gobierno ProyectAR"}]},{"@type":"WebSite","@id":"https:\/\/experienciadevida.com.ar\/portalurbano\/#website","url":"https:\/\/experienciadevida.com.ar\/portalurbano\/","name":"","description":"","publisher":{"@id":"https:\/\/experienciadevida.com.ar\/portalurbano\/#organization"},"potentialAction":[{"@type":"SearchAction","target":{"@type":"EntryPoint","urlTemplate":"https:\/\/experienciadevida.com.ar\/portalurbano\/?s={search_term_string}"},"query-input":"required name=search_term_string"}],"inLanguage":"es"},{"@type":"Organization","@id":"https:\/\/experienciadevida.com.ar\/portalurbano\/#organization","name":"Portal Urbano","url":"https:\/\/experienciadevida.com.ar\/portalurbano\/","logo":{"@type":"ImageObject","inLanguage":"es","@id":"https:\/\/experienciadevida.com.ar\/portalurbano\/#\/schema\/logo\/image\/","url":"https:\/\/experienciadevida.com.ar\/portalurbano\/wp-content\/uploads\/2019\/09\/Logo-Original.png","contentUrl":"https:\/\/experienciadevida.com.ar\/portalurbano\/wp-content\/uploads\/2019\/09\/Logo-Original.png","width":2236,"height":1216,"caption":"Portal Urbano"},"image":{"@id":"https:\/\/experienciadevida.com.ar\/portalurbano\/#\/schema\/logo\/image\/"},"sameAs":["https:\/\/www.facebook.com\/Portal-Urbano-171542830093757\/","https:\/\/twitter.com\/portalurbanook","https:\/\/www.instagram.com\/_portalurbano\/","https:\/\/www.youtube.com\/channel\/UCXhagIfszH8KxFiOok79zbA?view_as=subscriber"]},{"@type":"Person","@id":"https:\/\/experienciadevida.com.ar\/portalurbano\/#\/schema\/person\/02dd326b1c4b056e9cc972486934a3a7","name":"admpu17wp","image":{"@type":"ImageObject","inLanguage":"es","@id":"https:\/\/experienciadevida.com.ar\/portalurbano\/#\/schema\/person\/image\/","url":"https:\/\/secure.gravatar.com\/avatar\/830d4c57adaae6630765e449a6908047?s=96&d=mm&r=g","contentUrl":"https:\/\/secure.gravatar.com\/avatar\/830d4c57adaae6630765e449a6908047?s=96&d=mm&r=g","caption":"admpu17wp"}}]}},"featured_image_urls":{"full":["https:\/\/experienciadevida.com.ar\/portalurbano\/wp-content\/uploads\/2022\/03\/Dieron-inicio-las-actividades.jpeg",1024,658,false],"thumbnail":["https:\/\/experienciadevida.com.ar\/portalurbano\/wp-content\/uploads\/2022\/03\/Dieron-inicio-las-actividades-150x150.jpeg",150,150,true],"medium":["https:\/\/experienciadevida.com.ar\/portalurbano\/wp-content\/uploads\/2022\/03\/Dieron-inicio-las-actividades-300x193.jpeg",300,193,true],"medium_large":["https:\/\/experienciadevida.com.ar\/portalurbano\/wp-content\/uploads\/2022\/03\/Dieron-inicio-las-actividades-768x494.jpeg",640,412,true],"large":["https:\/\/experienciadevida.com.ar\/portalurbano\/wp-content\/uploads\/2022\/03\/Dieron-inicio-las-actividades.jpeg",640,411,false],"ug_big":["https:\/\/experienciadevida.com.ar\/portalurbano\/wp-content\/uploads\/2022\/03\/Dieron-inicio-las-actividades-768x494.jpeg",768,494,true],"1536x1536":["https:\/\/experienciadevida.com.ar\/portalurbano\/wp-content\/uploads\/2022\/03\/Dieron-inicio-las-actividades.jpeg",1024,658,false],"2048x2048":["https:\/\/experienciadevida.com.ar\/portalurbano\/wp-content\/uploads\/2022\/03\/Dieron-inicio-las-actividades.jpeg",1024,658,false],"newsever-slider-full":["https:\/\/experienciadevida.com.ar\/portalurbano\/wp-content\/uploads\/2022\/03\/Dieron-inicio-las-actividades.jpeg",1024,658,false],"newsever-featured":["https:\/\/experienciadevida.com.ar\/portalurbano\/wp-content\/uploads\/2022\/03\/Dieron-inicio-las-actividades.jpeg",1024,658,false],"newsever-medium":["https:\/\/experienciadevida.com.ar\/portalurbano\/wp-content\/uploads\/2022\/03\/Dieron-inicio-las-actividades.jpeg",720,463,false],"web-stories-poster-portrait":["https:\/\/experienciadevida.com.ar\/portalurbano\/wp-content\/uploads\/2022\/03\/Dieron-inicio-las-actividades.jpeg",640,411,false],"web-stories-publisher-logo":["https:\/\/experienciadevida.com.ar\/portalurbano\/wp-content\/uploads\/2022\/03\/Dieron-inicio-las-actividades.jpeg",96,62,false],"web-stories-thumbnail":["https:\/\/experienciadevida.com.ar\/portalurbano\/wp-content\/uploads\/2022\/03\/Dieron-inicio-las-actividades.jpeg",150,96,false]},"author_info":{"display_name":"admpu17wp","author_link":"https:\/\/experienciadevida.com.ar\/portalurbano\/author\/admpu17wp\/"},"category_info":"<a href=\"https:\/\/experienciadevida.com.ar\/portalurbano\/category\/ciudad\/\" rel=\"category tag\">Ciudad<\/a> <a href=\"https:\/\/experienciadevida.com.ar\/portalurbano\/category\/destacadas-2\/\" rel=\"category tag\">Destacadas 2<\/a>","tag_info":"Destacadas 2","comment_count":"0","amp_enabled":true,"_links":{"self":[{"href":"https:\/\/experienciadevida.com.ar\/portalurbano\/wp-json\/wp\/v2\/posts\/164441"}],"collection":[{"href":"https:\/\/experienciadevida.com.ar\/portalurbano\/wp-json\/wp\/v2\/posts"}],"about":[{"href":"https:\/\/experienciadevida.com.ar\/portalurbano\/wp-json\/wp\/v2\/types\/post"}],"author":[{"embeddable":true,"href":"https:\/\/experienciadevida.com.ar\/portalurbano\/wp-json\/wp\/v2\/users\/1"}],"replies":[{"embeddable":true,"href":"https:\/\/experienciadevida.com.ar\/portalurbano\/wp-json\/wp\/v2\/comments?post=164441"}],"version-history":[{"count":2,"href":"https:\/\/experienciadevida.com.ar\/portalurbano\/wp-json\/wp\/v2\/posts\/164441\/revisions"}],"predecessor-version":[{"id":164447,"href":"https:\/\/experienciadevida.com.ar\/portalurbano\/wp-json\/wp\/v2\/posts\/164441\/revisions\/164447"}],"wp:featuredmedia":[{"embeddable":true,"href":"https:\/\/experienciadevida.com.ar\/portalurbano\/wp-json\/wp\/v2\/media\/164445"}],"wp:attachment":[{"href":"https:\/\/experienciadevida.com.ar\/portalurbano\/wp-json\/wp\/v2\/media?parent=164441"}],"wp:term":[{"taxonomy":"category","embeddable":true,"href":"https:\/\/experienciadevida.com.ar\/portalurbano\/wp-json\/wp\/v2\/categories?post=164441"},{"taxonomy":"post_tag","embeddable":true,"href":"https:\/\/experienciadevida.com.ar\/portalurbano\/wp-json\/wp\/v2\/tags?post=164441"}],"curies":[{"name":"wp","href":"https:\/\/api.w.org\/{rel}","templated":true}]}}