{"id":164426,"date":"2022-03-28T22:09:25","date_gmt":"2022-03-29T01:09:25","guid":{"rendered":"https:\/\/experienciadevida.com.ar\/portalurbano\/?p=164426"},"modified":"2022-03-28T22:16:37","modified_gmt":"2022-03-29T01:16:37","slug":"tenemos-que-trabajar-fuertemente-para-que-nuestro-programa-sea-un-programa-mayoritario","status":"publish","type":"post","link":"https:\/\/experienciadevida.com.ar\/portalurbano\/tenemos-que-trabajar-fuertemente-para-que-nuestro-programa-sea-un-programa-mayoritario\/","title":{"rendered":"&#8220;Tenemos que trabajar fuertemente para que nuestro programa sea un programa mayoritario&#8221;"},"content":{"rendered":"<p>&#8220;Tenemos que trabajar fuertemente para que nuestro programa sea un programa mayoritario&#8221;. En la jornada de este lunes lleg\u00f3 a nuestra ciudad la Presidenta del PRO, <a href=\"https:\/\/www.instagram.com\/patobullrich\/?hl=es-la\">Patricia Bullrich<\/a>, la misma dio una charla sobre su libro en la Sociedad de Fomento Mariano Moreno, acompa\u00f1ada del Intendente de nuestra ciudad,<a href=\"https:\/\/www.instagram.com\/galliezequiel\/?hl=es-la\"> Ezequiel Galli<\/a> y J<a href=\"https:\/\/www.instagram.com\/javierjiguacel\/?hl=es-la\">avier Iguacel.<\/a><\/p>\n<p><a href=\"https:\/\/experienciadevida.com.ar\/portalurbano\/tenemos-que-trabajar-fuertemente-para-que-nuestro-programa-sea-un-programa-mayoritario\/tenemos\/\" rel=\"attachment wp-att-164431\"><img decoding=\"async\" class=\"alignnone size-full wp-image-164431\" src=\"https:\/\/experienciadevida.com.ar\/portalurbano\/wp-content\/uploads\/2022\/03\/Tenemos.jpg\" alt=\"Tenemos \" width=\"765\" height=\"510\" srcset=\"https:\/\/experienciadevida.com.ar\/portalurbano\/wp-content\/uploads\/2022\/03\/Tenemos.jpg 765w, https:\/\/experienciadevida.com.ar\/portalurbano\/wp-content\/uploads\/2022\/03\/Tenemos-300x200.jpg 300w\" sizes=\"(max-width: 765px) 100vw, 765px\" \/><\/a><\/p>\n<p>El primero en tomar la palabra fue el Intendente de nuestra ciudad Ezequiel Galli, &#8220;nuestros Legisladores est\u00e1n teniendo un rol important\u00edsimo. Agradezco a todos los que vinieron, hay gente de todos lados, estamos viviendo tiempos complejos, lo que nos obliga es andar en la calle\u00a0 y escuchar en la calle, lo hemos hecho siempre, lo estamos haciendo hoy, y la \u00fanica causa que nos convoca es tener un pa\u00eds como nos merecemos\u00a0 y recuperar el pa\u00eds que queremos. Tenemos una gran oportunidad de prepararnos, de los errores y plantearles a los Argentinos qu\u00e9 pa\u00eds queremos desde el 23 en adelante, es importante escuchar, es\u00a0 muy valiosa la visita de Patricia ac\u00e1&#8221;.<\/p>\n<p><a href=\"https:\/\/experienciadevida.com.ar\/portalurbano\/tenemos-que-trabajar-fuertemente-para-que-nuestro-programa-sea-un-programa-mayoritario\/tenemos-2\/\" rel=\"attachment wp-att-164432\"><img decoding=\"async\" class=\"alignnone size-full wp-image-164432\" src=\"https:\/\/experienciadevida.com.ar\/portalurbano\/wp-content\/uploads\/2022\/03\/Tenemos-1.jpg\" alt=\"Tenemos \" width=\"765\" height=\"510\" srcset=\"https:\/\/experienciadevida.com.ar\/portalurbano\/wp-content\/uploads\/2022\/03\/Tenemos-1.jpg 765w, https:\/\/experienciadevida.com.ar\/portalurbano\/wp-content\/uploads\/2022\/03\/Tenemos-1-300x200.jpg 300w\" sizes=\"(max-width: 765px) 100vw, 765px\" \/><\/a><\/p>\n<p>Posteriormente Iguacel Intendente de Capit\u00e1n Sarmiento dijo &#8220;no hay cambio si no existe un esfuerzo de todos, es por eso que estamos acompa\u00f1ando a todos y transformar definitivamente la Argentina, tenemos todo para hacerlo s\u00f3lo depende de nosotros, es un pa\u00eds rico no solamente econ\u00f3mico, sino culturalmente. Es una gran oportunidad de consenso y acompa\u00f1amiento&#8221;.<\/p>\n<p><a href=\"https:\/\/experienciadevida.com.ar\/portalurbano\/tenemos-que-trabajar-fuertemente-para-que-nuestro-programa-sea-un-programa-mayoritario\/trabajar\/\" rel=\"attachment wp-att-164433\"><img decoding=\"async\" class=\"alignnone size-full wp-image-164433\" src=\"https:\/\/experienciadevida.com.ar\/portalurbano\/wp-content\/uploads\/2022\/03\/trabajar.jpg\" alt=\"trabajar \" width=\"765\" height=\"510\" srcset=\"https:\/\/experienciadevida.com.ar\/portalurbano\/wp-content\/uploads\/2022\/03\/trabajar.jpg 765w, https:\/\/experienciadevida.com.ar\/portalurbano\/wp-content\/uploads\/2022\/03\/trabajar-300x200.jpg 300w\" sizes=\"(max-width: 765px) 100vw, 765px\" \/><\/a><\/p>\n<p>Luego fue el turno de Patricia Bullrich quien agradeci\u00f3 a todos los presentes en el lugar, &#8220;hace mucho tiempo me deb\u00eda esta visita pero llegu\u00e9, desde hace mucho tiempo ten\u00eda ganas de venir pero ahora estoy ac\u00e1 para compartir con ustedes y con\u00a0 Ezequiel Galli. En primer lugar nuestro partido estamos en un momento muy importante en el que cuando perdimos las elecciones no cre\u00edamos que nos iba a llegar esta oportunidad de volver a pensar en volver a gobernar la Argentina, uno cuando pierde la elecci\u00f3n siente que la gente se desilusion\u00f3 y pensas lo que ten\u00e9s que cambiar, y fue algo fundamental que nuestras ideas ten\u00edan que guiar nuestra gesti\u00f3n, con ideas claras, transparentes, la historia Argentina demuestra que cada vez que un gobierno que viene de un lado democr\u00e1tico pierde las elecciones tarda mucho tiempo en reconstruirse. Pensamos que poder salir de esa situaci\u00f3n mantener una fuerza pol\u00edtica para que sea alternativa iba a pasar si\u00a0 nosotros represent\u00e1bamos a una sociedad que estaba en la expectativa, que nos dio ese plus de votos que mantuvo nuestra coalici\u00f3n unida, algo que es in\u00e9dito&#8221;.<\/p>\n<p><a href=\"https:\/\/experienciadevida.com.ar\/portalurbano\/tenemos-que-trabajar-fuertemente-para-que-nuestro-programa-sea-un-programa-mayoritario\/fuertemente\/\" rel=\"attachment wp-att-164434\"><img decoding=\"async\" class=\"alignnone size-full wp-image-164434\" src=\"https:\/\/experienciadevida.com.ar\/portalurbano\/wp-content\/uploads\/2022\/03\/fuertemente.jpg\" alt=\"fuertemente \" width=\"765\" height=\"510\" srcset=\"https:\/\/experienciadevida.com.ar\/portalurbano\/wp-content\/uploads\/2022\/03\/fuertemente.jpg 765w, https:\/\/experienciadevida.com.ar\/portalurbano\/wp-content\/uploads\/2022\/03\/fuertemente-300x200.jpg 300w\" sizes=\"(max-width: 765px) 100vw, 765px\" \/><\/a><\/p>\n<p>&#8220;Ac\u00e1 logramos mantener Juntos por el cambio\u00a0 y comenzamos a plantear cu\u00e1les eran los valores fundamentales que ten\u00edamos que defender y empezamos a encontrar ese camino&#8221;.<\/p>\n<p>Posteriormente dijo &#8220;hab\u00eda actitudes del Gobierno como la cuarentena, y la liberaci\u00f3n de los presos, que es un tema de ideolog\u00eda, as\u00ed como tambi\u00e9n un desorden como sucedi\u00f3 en la toma de tierra de Guernica. Enseguida vimos que hab\u00eda otra situaci\u00f3n en la que aprovechaba esa cuarentena para violar el derecho a la propiedad de los Argentinos, tambi\u00e9n sucedi\u00f3 en el sur, una Argentina sin &#8220;ley&#8221;.<\/p>\n<p>&#8220;Hubo un ejercicio violento del poder, entonces decidimos pelear por la libertad. Alberto hizo un pacto con Cristina prometi\u00e9ndole impunidad, y que todas sus causas se convirtieran en causas pol\u00edticas que no tuviesen consecuencias jur\u00eddicas, ahora dijo tambi\u00e9n que la inflaci\u00f3n es el diablo, toda esa situaci\u00f3n gener\u00f3 en todos los argentinos una reacci\u00f3n. No se pod\u00eda regalar la justicia a manos de quienes quieren de hacer eso una herramienta de poder, pero la justicia tiene que ser independiente, en ese momento nos acusaron de todo, de anticuarentena, pero pele\u00e1bamos por la justicia&#8221;.<\/p>\n<p>Tambi\u00e9n dijo &#8220;tenemos una justicia que no dejaron pasar esa impunidad, eso fue gracias a todos los ciudadanos que salieron a las calles para pelear por la libertad, por el trabajo. Lo mismo sucedi\u00f3 con la educaci\u00f3n, ah\u00ed fueron las madres quienes salieron a movilizarse para que los chicos tuvieran clases presenciales y no de manera virtual&#8221;.<\/p>\n<p>Para finalizar Patricia dijo &#8220;nos convertimos de nuevo en opci\u00f3n, vimos que hicimos muchas cosas bien y otras que hay que mejorar. Nos fortalecimos juntos por el cambio y ganamos la elecci\u00f3n, y eso nos dio una responsabilidad enorme, porque fue en todo el pa\u00eds, no solamente en la provincia de Buenos Aires, C\u00f3rdoba, Santa Fe, en Santa Cruz, en Chubut tambi\u00e9n, empatamos en Neuqu\u00e9n, ganamos en San Luis, comenzamos a darle batalla, en la elecci\u00f3n ganamos donde ellos estaban haciendo clientelismo&#8221;.<\/p>\n<p>&#8220;Nosotros tambi\u00e9n hicimos cosas bien, ahora tenemos que trabajar fuertemente para que nuestro programa sea un programa mayoritario, se abrieron varias discusiones, la idea de la lucha contra el narcotr\u00e1fico sea primordial, no podemos vivir subiendo impuestos. Necesitamos m\u00e1s empleos privados que p\u00fablicos, el 42% del PBI son impuestos, no se puede vivir en un pa\u00eds donde una parte subsidie a la otra, este es el a\u00f1o donde nuestras ideas tienen que ser mayoritarias, repetidas por los ciudadanos, cuando ganemos vamos a tener una gran posibilidad de llevar adelante, un cambio que va a hacer fuerte, contundente, en el que nosotros no miremos para atr\u00e1s, no tengamos miedo. No nos vamos a asustar, tenemos que abrir que la Argentina explote sus recursos naturales, el pa\u00eds necesita tener econom\u00eda, todo tipo de posibilidad de trabajo y para eso tenemos que ser muy valiente porque en cada lugar se encuentra un obst\u00e1culo pero la sociedad nos tiene que ayudar&#8221;.<\/p>\n<p>Tambi\u00e9n &#8220;Tiene que ser un cambio valiente, contundente y Argentina sea un pa\u00eds de \u00e9xito, trabajo, educaci\u00f3n que se vuelva a valorar&#8221;.<\/p>\n","protected":false},"excerpt":{"rendered":"<p>&#8220;Tenemos que trabajar fuertemente para que nuestro programa sea un programa mayoritario&#8221;. En la jornada&#8230;<\/p>\n","protected":false},"author":1,"featured_media":164427,"comment_status":"closed","ping_status":"closed","sticky":false,"template":"","format":"standard","meta":{"content-type":""},"categories":[27,64],"tags":[],"nelio_content":{"isAutoShareEnabled":false,"autoShareEndMode":"default","automationSources":{"useContentSentences":true,"useSocialTemplates":true,"useCustomSentences":false,"customSentences":[]},"followers":[1],"suggestedReferences":[],"includedReferences":["https:\/\/www.instagram.com\/patobullrich\/?hl=es-la","https:\/\/www.instagram.com\/galliezequiel\/?hl=es-la","https:\/\/www.instagram.com\/javierjiguacel\/?hl=es-la"],"efiUrl":"","efiAlt":"","highlights":[]},"yoast_head":"<!-- This site is optimized with the Yoast SEO plugin v20.7 - https:\/\/yoast.com\/wordpress\/plugins\/seo\/ -->\n<title>&quot;Tenemos que trabajar fuertemente en nuestro programa&quot;<\/title>\n<meta name=\"description\" content=\"&quot;Tenemos que trabajar fuertemente para que nuestro programa sea un programa mayoritario&quot; as\u00ed lo dijo la Presidenta del PRO\" \/>\n<meta name=\"robots\" content=\"index, follow, max-snippet:-1, max-image-preview:large, max-video-preview:-1\" \/>\n<link rel=\"canonical\" href=\"https:\/\/experienciadevida.com.ar\/portalurbano\/tenemos-que-trabajar-fuertemente-para-que-nuestro-programa-sea-un-programa-mayoritario\/\" \/>\n<meta property=\"og:locale\" content=\"es_ES\" \/>\n<meta property=\"og:type\" content=\"article\" \/>\n<meta property=\"og:title\" content=\"&quot;Tenemos que trabajar fuertemente en nuestro programa&quot;\" \/>\n<meta property=\"og:description\" content=\"&quot;Tenemos que trabajar fuertemente para que nuestro programa sea un programa mayoritario&quot; as\u00ed lo dijo la Presidenta del PRO\" \/>\n<meta property=\"og:url\" content=\"https:\/\/experienciadevida.com.ar\/portalurbano\/tenemos-que-trabajar-fuertemente-para-que-nuestro-programa-sea-un-programa-mayoritario\/\" \/>\n<meta property=\"article:publisher\" content=\"https:\/\/www.facebook.com\/Portal-Urbano-171542830093757\/\" \/>\n<meta property=\"article:published_time\" content=\"2022-03-29T01:09:25+00:00\" \/>\n<meta property=\"article:modified_time\" content=\"2022-03-29T01:16:37+00:00\" \/>\n<meta property=\"og:image\" content=\"https:\/\/experienciadevida.com.ar\/portalurbano\/wp-content\/uploads\/2022\/03\/Portada-1.jpg\" \/>\n\t<meta property=\"og:image:width\" content=\"765\" \/>\n\t<meta property=\"og:image:height\" content=\"510\" \/>\n\t<meta property=\"og:image:type\" content=\"image\/jpeg\" \/>\n<meta name=\"author\" content=\"admpu17wp\" \/>\n<meta name=\"twitter:card\" content=\"summary_large_image\" \/>\n<meta name=\"twitter:creator\" content=\"@portalurbanook\" \/>\n<meta name=\"twitter:site\" content=\"@portalurbanook\" \/>\n<meta name=\"twitter:label1\" content=\"Escrito por\" \/>\n\t<meta name=\"twitter:data1\" content=\"admpu17wp\" \/>\n\t<meta name=\"twitter:label2\" content=\"Tiempo de lectura\" \/>\n\t<meta name=\"twitter:data2\" content=\"5 minutos\" \/>\n<script type=\"application\/ld+json\" class=\"yoast-schema-graph\">{\"@context\":\"https:\/\/schema.org\",\"@graph\":[{\"@type\":\"Article\",\"@id\":\"https:\/\/experienciadevida.com.ar\/portalurbano\/tenemos-que-trabajar-fuertemente-para-que-nuestro-programa-sea-un-programa-mayoritario\/#article\",\"isPartOf\":{\"@id\":\"https:\/\/experienciadevida.com.ar\/portalurbano\/tenemos-que-trabajar-fuertemente-para-que-nuestro-programa-sea-un-programa-mayoritario\/\"},\"author\":{\"name\":\"admpu17wp\",\"@id\":\"https:\/\/experienciadevida.com.ar\/portalurbano\/#\/schema\/person\/02dd326b1c4b056e9cc972486934a3a7\"},\"headline\":\"&#8220;Tenemos que trabajar fuertemente para que nuestro programa sea un programa mayoritario&#8221;\",\"datePublished\":\"2022-03-29T01:09:25+00:00\",\"dateModified\":\"2022-03-29T01:16:37+00:00\",\"mainEntityOfPage\":{\"@id\":\"https:\/\/experienciadevida.com.ar\/portalurbano\/tenemos-que-trabajar-fuertemente-para-que-nuestro-programa-sea-un-programa-mayoritario\/\"},\"wordCount\":983,\"publisher\":{\"@id\":\"https:\/\/experienciadevida.com.ar\/portalurbano\/#organization\"},\"articleSection\":[\"Ciudad\",\"Destacadas 2\"],\"inLanguage\":\"es\"},{\"@type\":\"WebPage\",\"@id\":\"https:\/\/experienciadevida.com.ar\/portalurbano\/tenemos-que-trabajar-fuertemente-para-que-nuestro-programa-sea-un-programa-mayoritario\/\",\"url\":\"https:\/\/experienciadevida.com.ar\/portalurbano\/tenemos-que-trabajar-fuertemente-para-que-nuestro-programa-sea-un-programa-mayoritario\/\",\"name\":\"\\\"Tenemos que trabajar fuertemente en nuestro programa\\\"\",\"isPartOf\":{\"@id\":\"https:\/\/experienciadevida.com.ar\/portalurbano\/#website\"},\"datePublished\":\"2022-03-29T01:09:25+00:00\",\"dateModified\":\"2022-03-29T01:16:37+00:00\",\"description\":\"\\\"Tenemos que trabajar fuertemente para que nuestro programa sea un programa mayoritario\\\" as\u00ed lo dijo la Presidenta del PRO\",\"breadcrumb\":{\"@id\":\"https:\/\/experienciadevida.com.ar\/portalurbano\/tenemos-que-trabajar-fuertemente-para-que-nuestro-programa-sea-un-programa-mayoritario\/#breadcrumb\"},\"inLanguage\":\"es\",\"potentialAction\":[{\"@type\":\"ReadAction\",\"target\":[\"https:\/\/experienciadevida.com.ar\/portalurbano\/tenemos-que-trabajar-fuertemente-para-que-nuestro-programa-sea-un-programa-mayoritario\/\"]}]},{\"@type\":\"BreadcrumbList\",\"@id\":\"https:\/\/experienciadevida.com.ar\/portalurbano\/tenemos-que-trabajar-fuertemente-para-que-nuestro-programa-sea-un-programa-mayoritario\/#breadcrumb\",\"itemListElement\":[{\"@type\":\"ListItem\",\"position\":1,\"name\":\"Portada\",\"item\":\"https:\/\/experienciadevida.com.ar\/portalurbano\/\"},{\"@type\":\"ListItem\",\"position\":2,\"name\":\"\u00abTenemos que trabajar fuertemente para que nuestro programa sea un programa mayoritario\u00bb\"}]},{\"@type\":\"WebSite\",\"@id\":\"https:\/\/experienciadevida.com.ar\/portalurbano\/#website\",\"url\":\"https:\/\/experienciadevida.com.ar\/portalurbano\/\",\"name\":\"\",\"description\":\"\",\"publisher\":{\"@id\":\"https:\/\/experienciadevida.com.ar\/portalurbano\/#organization\"},\"potentialAction\":[{\"@type\":\"SearchAction\",\"target\":{\"@type\":\"EntryPoint\",\"urlTemplate\":\"https:\/\/experienciadevida.com.ar\/portalurbano\/?s={search_term_string}\"},\"query-input\":\"required name=search_term_string\"}],\"inLanguage\":\"es\"},{\"@type\":\"Organization\",\"@id\":\"https:\/\/experienciadevida.com.ar\/portalurbano\/#organization\",\"name\":\"Portal Urbano\",\"url\":\"https:\/\/experienciadevida.com.ar\/portalurbano\/\",\"logo\":{\"@type\":\"ImageObject\",\"inLanguage\":\"es\",\"@id\":\"https:\/\/experienciadevida.com.ar\/portalurbano\/#\/schema\/logo\/image\/\",\"url\":\"https:\/\/experienciadevida.com.ar\/portalurbano\/wp-content\/uploads\/2019\/09\/Logo-Original.png\",\"contentUrl\":\"https:\/\/experienciadevida.com.ar\/portalurbano\/wp-content\/uploads\/2019\/09\/Logo-Original.png\",\"width\":2236,\"height\":1216,\"caption\":\"Portal Urbano\"},\"image\":{\"@id\":\"https:\/\/experienciadevida.com.ar\/portalurbano\/#\/schema\/logo\/image\/\"},\"sameAs\":[\"https:\/\/www.facebook.com\/Portal-Urbano-171542830093757\/\",\"https:\/\/twitter.com\/portalurbanook\",\"https:\/\/www.instagram.com\/_portalurbano\/\",\"https:\/\/www.youtube.com\/channel\/UCXhagIfszH8KxFiOok79zbA?view_as=subscriber\"]},{\"@type\":\"Person\",\"@id\":\"https:\/\/experienciadevida.com.ar\/portalurbano\/#\/schema\/person\/02dd326b1c4b056e9cc972486934a3a7\",\"name\":\"admpu17wp\",\"image\":{\"@type\":\"ImageObject\",\"inLanguage\":\"es\",\"@id\":\"https:\/\/experienciadevida.com.ar\/portalurbano\/#\/schema\/person\/image\/\",\"url\":\"https:\/\/secure.gravatar.com\/avatar\/830d4c57adaae6630765e449a6908047?s=96&d=mm&r=g\",\"contentUrl\":\"https:\/\/secure.gravatar.com\/avatar\/830d4c57adaae6630765e449a6908047?s=96&d=mm&r=g\",\"caption\":\"admpu17wp\"}}]}<\/script>\n<!-- \/ Yoast SEO plugin. -->","yoast_head_json":{"title":"\"Tenemos que trabajar fuertemente en nuestro programa\"","description":"\"Tenemos que trabajar fuertemente para que nuestro programa sea un programa mayoritario\" as\u00ed lo dijo la Presidenta del PRO","robots":{"index":"index","follow":"follow","max-snippet":"max-snippet:-1","max-image-preview":"max-image-preview:large","max-video-preview":"max-video-preview:-1"},"canonical":"https:\/\/experienciadevida.com.ar\/portalurbano\/tenemos-que-trabajar-fuertemente-para-que-nuestro-programa-sea-un-programa-mayoritario\/","og_locale":"es_ES","og_type":"article","og_title":"\"Tenemos que trabajar fuertemente en nuestro programa\"","og_description":"\"Tenemos que trabajar fuertemente para que nuestro programa sea un programa mayoritario\" as\u00ed lo dijo la Presidenta del PRO","og_url":"https:\/\/experienciadevida.com.ar\/portalurbano\/tenemos-que-trabajar-fuertemente-para-que-nuestro-programa-sea-un-programa-mayoritario\/","article_publisher":"https:\/\/www.facebook.com\/Portal-Urbano-171542830093757\/","article_published_time":"2022-03-29T01:09:25+00:00","article_modified_time":"2022-03-29T01:16:37+00:00","og_image":[{"width":765,"height":510,"url":"https:\/\/experienciadevida.com.ar\/portalurbano\/wp-content\/uploads\/2022\/03\/Portada-1.jpg","type":"image\/jpeg"}],"author":"admpu17wp","twitter_card":"summary_large_image","twitter_creator":"@portalurbanook","twitter_site":"@portalurbanook","twitter_misc":{"Escrito por":"admpu17wp","Tiempo de lectura":"5 minutos"},"schema":{"@context":"https:\/\/schema.org","@graph":[{"@type":"Article","@id":"https:\/\/experienciadevida.com.ar\/portalurbano\/tenemos-que-trabajar-fuertemente-para-que-nuestro-programa-sea-un-programa-mayoritario\/#article","isPartOf":{"@id":"https:\/\/experienciadevida.com.ar\/portalurbano\/tenemos-que-trabajar-fuertemente-para-que-nuestro-programa-sea-un-programa-mayoritario\/"},"author":{"name":"admpu17wp","@id":"https:\/\/experienciadevida.com.ar\/portalurbano\/#\/schema\/person\/02dd326b1c4b056e9cc972486934a3a7"},"headline":"&#8220;Tenemos que trabajar fuertemente para que nuestro programa sea un programa mayoritario&#8221;","datePublished":"2022-03-29T01:09:25+00:00","dateModified":"2022-03-29T01:16:37+00:00","mainEntityOfPage":{"@id":"https:\/\/experienciadevida.com.ar\/portalurbano\/tenemos-que-trabajar-fuertemente-para-que-nuestro-programa-sea-un-programa-mayoritario\/"},"wordCount":983,"publisher":{"@id":"https:\/\/experienciadevida.com.ar\/portalurbano\/#organization"},"articleSection":["Ciudad","Destacadas 2"],"inLanguage":"es"},{"@type":"WebPage","@id":"https:\/\/experienciadevida.com.ar\/portalurbano\/tenemos-que-trabajar-fuertemente-para-que-nuestro-programa-sea-un-programa-mayoritario\/","url":"https:\/\/experienciadevida.com.ar\/portalurbano\/tenemos-que-trabajar-fuertemente-para-que-nuestro-programa-sea-un-programa-mayoritario\/","name":"\"Tenemos que trabajar fuertemente en nuestro programa\"","isPartOf":{"@id":"https:\/\/experienciadevida.com.ar\/portalurbano\/#website"},"datePublished":"2022-03-29T01:09:25+00:00","dateModified":"2022-03-29T01:16:37+00:00","description":"\"Tenemos que trabajar fuertemente para que nuestro programa sea un programa mayoritario\" as\u00ed lo dijo la Presidenta del PRO","breadcrumb":{"@id":"https:\/\/experienciadevida.com.ar\/portalurbano\/tenemos-que-trabajar-fuertemente-para-que-nuestro-programa-sea-un-programa-mayoritario\/#breadcrumb"},"inLanguage":"es","potentialAction":[{"@type":"ReadAction","target":["https:\/\/experienciadevida.com.ar\/portalurbano\/tenemos-que-trabajar-fuertemente-para-que-nuestro-programa-sea-un-programa-mayoritario\/"]}]},{"@type":"BreadcrumbList","@id":"https:\/\/experienciadevida.com.ar\/portalurbano\/tenemos-que-trabajar-fuertemente-para-que-nuestro-programa-sea-un-programa-mayoritario\/#breadcrumb","itemListElement":[{"@type":"ListItem","position":1,"name":"Portada","item":"https:\/\/experienciadevida.com.ar\/portalurbano\/"},{"@type":"ListItem","position":2,"name":"\u00abTenemos que trabajar fuertemente para que nuestro programa sea un programa mayoritario\u00bb"}]},{"@type":"WebSite","@id":"https:\/\/experienciadevida.com.ar\/portalurbano\/#website","url":"https:\/\/experienciadevida.com.ar\/portalurbano\/","name":"","description":"","publisher":{"@id":"https:\/\/experienciadevida.com.ar\/portalurbano\/#organization"},"potentialAction":[{"@type":"SearchAction","target":{"@type":"EntryPoint","urlTemplate":"https:\/\/experienciadevida.com.ar\/portalurbano\/?s={search_term_string}"},"query-input":"required name=search_term_string"}],"inLanguage":"es"},{"@type":"Organization","@id":"https:\/\/experienciadevida.com.ar\/portalurbano\/#organization","name":"Portal Urbano","url":"https:\/\/experienciadevida.com.ar\/portalurbano\/","logo":{"@type":"ImageObject","inLanguage":"es","@id":"https:\/\/experienciadevida.com.ar\/portalurbano\/#\/schema\/logo\/image\/","url":"https:\/\/experienciadevida.com.ar\/portalurbano\/wp-content\/uploads\/2019\/09\/Logo-Original.png","contentUrl":"https:\/\/experienciadevida.com.ar\/portalurbano\/wp-content\/uploads\/2019\/09\/Logo-Original.png","width":2236,"height":1216,"caption":"Portal Urbano"},"image":{"@id":"https:\/\/experienciadevida.com.ar\/portalurbano\/#\/schema\/logo\/image\/"},"sameAs":["https:\/\/www.facebook.com\/Portal-Urbano-171542830093757\/","https:\/\/twitter.com\/portalurbanook","https:\/\/www.instagram.com\/_portalurbano\/","https:\/\/www.youtube.com\/channel\/UCXhagIfszH8KxFiOok79zbA?view_as=subscriber"]},{"@type":"Person","@id":"https:\/\/experienciadevida.com.ar\/portalurbano\/#\/schema\/person\/02dd326b1c4b056e9cc972486934a3a7","name":"admpu17wp","image":{"@type":"ImageObject","inLanguage":"es","@id":"https:\/\/experienciadevida.com.ar\/portalurbano\/#\/schema\/person\/image\/","url":"https:\/\/secure.gravatar.com\/avatar\/830d4c57adaae6630765e449a6908047?s=96&d=mm&r=g","contentUrl":"https:\/\/secure.gravatar.com\/avatar\/830d4c57adaae6630765e449a6908047?s=96&d=mm&r=g","caption":"admpu17wp"}}]}},"featured_image_urls":{"full":["https:\/\/experienciadevida.com.ar\/portalurbano\/wp-content\/uploads\/2022\/03\/Portada-1.jpg",765,510,false],"thumbnail":["https:\/\/experienciadevida.com.ar\/portalurbano\/wp-content\/uploads\/2022\/03\/Portada-1-150x150.jpg",150,150,true],"medium":["https:\/\/experienciadevida.com.ar\/portalurbano\/wp-content\/uploads\/2022\/03\/Portada-1-300x200.jpg",300,200,true],"medium_large":["https:\/\/experienciadevida.com.ar\/portalurbano\/wp-content\/uploads\/2022\/03\/Portada-1.jpg",640,427,false],"large":["https:\/\/experienciadevida.com.ar\/portalurbano\/wp-content\/uploads\/2022\/03\/Portada-1.jpg",640,427,false],"ug_big":["https:\/\/experienciadevida.com.ar\/portalurbano\/wp-content\/uploads\/2022\/03\/Portada-1.jpg",765,510,false],"1536x1536":["https:\/\/experienciadevida.com.ar\/portalurbano\/wp-content\/uploads\/2022\/03\/Portada-1.jpg",765,510,false],"2048x2048":["https:\/\/experienciadevida.com.ar\/portalurbano\/wp-content\/uploads\/2022\/03\/Portada-1.jpg",765,510,false],"newsever-slider-full":["https:\/\/experienciadevida.com.ar\/portalurbano\/wp-content\/uploads\/2022\/03\/Portada-1.jpg",765,510,false],"newsever-featured":["https:\/\/experienciadevida.com.ar\/portalurbano\/wp-content\/uploads\/2022\/03\/Portada-1.jpg",765,510,false],"newsever-medium":["https:\/\/experienciadevida.com.ar\/portalurbano\/wp-content\/uploads\/2022\/03\/Portada-1.jpg",713,475,false],"web-stories-poster-portrait":["https:\/\/experienciadevida.com.ar\/portalurbano\/wp-content\/uploads\/2022\/03\/Portada-1.jpg",640,427,false],"web-stories-publisher-logo":["https:\/\/experienciadevida.com.ar\/portalurbano\/wp-content\/uploads\/2022\/03\/Portada-1.jpg",96,64,false],"web-stories-thumbnail":["https:\/\/experienciadevida.com.ar\/portalurbano\/wp-content\/uploads\/2022\/03\/Portada-1.jpg",150,100,false]},"author_info":{"display_name":"admpu17wp","author_link":"https:\/\/experienciadevida.com.ar\/portalurbano\/author\/admpu17wp\/"},"category_info":"<a href=\"https:\/\/experienciadevida.com.ar\/portalurbano\/category\/ciudad\/\" rel=\"category tag\">Ciudad<\/a> <a href=\"https:\/\/experienciadevida.com.ar\/portalurbano\/category\/destacadas-2\/\" rel=\"category tag\">Destacadas 2<\/a>","tag_info":"Destacadas 2","comment_count":"0","amp_enabled":true,"_links":{"self":[{"href":"https:\/\/experienciadevida.com.ar\/portalurbano\/wp-json\/wp\/v2\/posts\/164426"}],"collection":[{"href":"https:\/\/experienciadevida.com.ar\/portalurbano\/wp-json\/wp\/v2\/posts"}],"about":[{"href":"https:\/\/experienciadevida.com.ar\/portalurbano\/wp-json\/wp\/v2\/types\/post"}],"author":[{"embeddable":true,"href":"https:\/\/experienciadevida.com.ar\/portalurbano\/wp-json\/wp\/v2\/users\/1"}],"replies":[{"embeddable":true,"href":"https:\/\/experienciadevida.com.ar\/portalurbano\/wp-json\/wp\/v2\/comments?post=164426"}],"version-history":[{"count":4,"href":"https:\/\/experienciadevida.com.ar\/portalurbano\/wp-json\/wp\/v2\/posts\/164426\/revisions"}],"predecessor-version":[{"id":164435,"href":"https:\/\/experienciadevida.com.ar\/portalurbano\/wp-json\/wp\/v2\/posts\/164426\/revisions\/164435"}],"wp:featuredmedia":[{"embeddable":true,"href":"https:\/\/experienciadevida.com.ar\/portalurbano\/wp-json\/wp\/v2\/media\/164427"}],"wp:attachment":[{"href":"https:\/\/experienciadevida.com.ar\/portalurbano\/wp-json\/wp\/v2\/media?parent=164426"}],"wp:term":[{"taxonomy":"category","embeddable":true,"href":"https:\/\/experienciadevida.com.ar\/portalurbano\/wp-json\/wp\/v2\/categories?post=164426"},{"taxonomy":"post_tag","embeddable":true,"href":"https:\/\/experienciadevida.com.ar\/portalurbano\/wp-json\/wp\/v2\/tags?post=164426"}],"curies":[{"name":"wp","href":"https:\/\/api.w.org\/{rel}","templated":true}]}}