{"id":164417,"date":"2022-03-28T21:25:51","date_gmt":"2022-03-29T00:25:51","guid":{"rendered":"https:\/\/experienciadevida.com.ar\/portalurbano\/?p=164417"},"modified":"2022-03-28T21:31:54","modified_gmt":"2022-03-29T00:31:54","slug":"patricia-bullrich-en-olavarria-tenemos-que-darle-importancia-a-la-representacion-social-de-nuestra-fuerza","status":"publish","type":"post","link":"https:\/\/experienciadevida.com.ar\/portalurbano\/patricia-bullrich-en-olavarria-tenemos-que-darle-importancia-a-la-representacion-social-de-nuestra-fuerza\/","title":{"rendered":"Patricia Bullrich en Olavarr\u00eda: &#8220;Tenemos que darle importancia a la representaci\u00f3n social de nuestra fuerza&#8221;"},"content":{"rendered":"<p><a href=\"https:\/\/www.instagram.com\/patobullrich\/?hl=es-la\">Patricia Bullrich<\/a> en Olavarr\u00eda: &#8220;Tenemos que darle importancia a la representaci\u00f3n social de nuestra fuerza&#8221;, as\u00ed lo dijo la Presidenta de Juntos por el cambio en nuestra ciudad en conferencia de prensa con los medios de comunicaci\u00f3n acompa\u00f1ada por el Intendente Ezequiel Gali e Iguacel.<\/p>\n<p><a href=\"https:\/\/experienciadevida.com.ar\/portalurbano\/patricia-bullrich-en-olavarria-tenemos-que-darle-importancia-a-la-representacion-social-de-nuestra-fuerza\/patricia\/\" rel=\"attachment wp-att-164421\"><img decoding=\"async\" class=\"alignnone size-full wp-image-164421\" src=\"https:\/\/experienciadevida.com.ar\/portalurbano\/wp-content\/uploads\/2022\/03\/Patricia.jpg\" alt=\"Patrica \" width=\"765\" height=\"510\" srcset=\"https:\/\/experienciadevida.com.ar\/portalurbano\/wp-content\/uploads\/2022\/03\/Patricia.jpg 765w, https:\/\/experienciadevida.com.ar\/portalurbano\/wp-content\/uploads\/2022\/03\/Patricia-300x200.jpg 300w\" sizes=\"(max-width: 765px) 100vw, 765px\" \/><\/a><\/p>\n<p>El primero en tomar la palabra fue el Intendente quien dijo &#8220;gracias por acompa\u00f1arnos es un placer que\u00a0 nos acompa\u00f1e Patricia, junto a Javier Iguacel y Legisladores que han venido hasta la ciudad, vamos a acompa\u00f1arla a una charla que va a dar en la Sociedad de Fomento Mariano Moreno. Venimos recorriendo y caminando un poco y como Intendente realmente es importante la visita de Patricia, que se fue postergando un mont\u00f3n de veces, asique estamos muy contento de que haya podido venir&#8221;.<\/p>\n<p><a href=\"https:\/\/experienciadevida.com.ar\/portalurbano\/patricia-bullrich-en-olavarria-tenemos-que-darle-importancia-a-la-representacion-social-de-nuestra-fuerza\/bullrich-4\/\" rel=\"attachment wp-att-164422\"><img decoding=\"async\" class=\"alignnone size-full wp-image-164422\" src=\"https:\/\/experienciadevida.com.ar\/portalurbano\/wp-content\/uploads\/2022\/03\/Bullrich.jpg\" alt=\"Bullrich\" width=\"765\" height=\"510\" srcset=\"https:\/\/experienciadevida.com.ar\/portalurbano\/wp-content\/uploads\/2022\/03\/Bullrich.jpg 765w, https:\/\/experienciadevida.com.ar\/portalurbano\/wp-content\/uploads\/2022\/03\/Bullrich-300x200.jpg 300w\" sizes=\"(max-width: 765px) 100vw, 765px\" \/><\/a><\/p>\n<p>Posteriormente Bullrich habl\u00f3 sobre su libro ante la pregunta de los periodistas, &#8220;es un lindo trabajo colectivo que aprovechando el largo tiempo de encierro se pudo hacer, y trata de cu\u00e1les son nuestras ideas, y de ah\u00ed sali\u00f3 ese libro que es un compendio de valores y de pol\u00edticas, que tienen como objetivo plantear el cambio contundente, fuerte, que necesita la Argentina, hoy venimos a Olavarr\u00eda. Estamos muy contentos de este trabajo y creemos que va a servir much\u00edsimo para la plataforma que juntos por el cambio va a presentar. Es un trabajo m\u00e1s conceptual, de c\u00f3mo se para el PRO frente a la realidad del pa\u00eds, cu\u00e1les son las ideas m\u00e1s fundantes como la cultura del trabajo, esfuerzo, necesidad, la \u00e9tica, la responsabilidad, es m\u00e1s general, respecto a nuestro gobierno evaluamos cosas para cambiar y son las que nos van a llevar a que otra vez nos vote la gente&#8221;.<\/p>\n<p>&#8220;Creo que los partidos y las coaliciones tienen una din\u00e1mica y en esa din\u00e1mica est\u00e1 el cambio mismo de aquellas cosas que no salieron como nos hubiese gustado, pero en esta oportunidad creemos que haci\u00e9ndolas de manera m\u00e1s fuerte, logrando una econom\u00eda que realmente libere a todos aquellos que trabajan, que tienen comercio, empresas que puedan trabajar, con menos impuestos, menos trabas, y por ese camino vamos y creemos que ese es un camino que nos va a llevar a un cambio importante en Argentina&#8221;.<\/p>\n<p>Por otro lado, &#8220;Este es un Gobierno que lamentablemente toma decisiones contrarias a las que nosotros creemos que hay que tomar, Argentina tiene una gran posibilidad,\u00a0 pero ponen m\u00e1s restricciones en vez de bajarlas como est\u00e1 haciendo Brasil, Uruguay y Paraguay, en esas cosas vamos por un camino contrario, como con el control de precios en vez de\u00a0 generar una baja en el IVA, que permita que todos los Argentinos puedan realmente pagar menos impuestos, porque uno agarra cualquier alimento y un\u00a0 porcentaje es un componente impositivo, entonces es necesario que pueda llegar al hogar con un precio mucho m\u00e1s razonable, pero para esto hay que dejar de emitir, hay que controlar la inflaci\u00f3n, hay que hacer muchas cosas que nosotros creemos importante hacer, por eso nosotros le dimos al gobierno un instrumento que es no caer en default, pero ahora que ya empiezan con impuestos como hoy que anunciaron el primer impuesto que es medio raro porque las primeras casas que se han encontrado en el exterior han sido casas de funcionarios Kirchneristas como Mu\u00f1oz, ya tienen varios para buscar&#8221;.<\/p>\n<p>&#8220;Para frenar la inflaci\u00f3n lo primero que hay que hacer es estabilizar los precios tenerlos relativamente en orden, y a partir de ah\u00ed generar un ancla que no es la dolarizaci\u00f3n porque ya hemos vivido la convertibilidad y s\u00ed podemos pensar en las monedas que circulan en los pa\u00edses vecinos, podemos pensar en utilizar tanto la moneda nacional como el d\u00f3lar, y han logrado con eso una enorme estabilizaci\u00f3n y una fuerte baja de la inflaci\u00f3n, son caminos alternativos diremos cu\u00e1l vamos\u00a0 a usar, en el \u00faltimo momento, porque nos parece importante saber que hoy est\u00e1 gobernando el Frente de Todos, y nosotros somos oposici\u00f3n estamos en otro lugar, y todav\u00eda falta mucho para las elecciones como para apurarnos a plantear cosas sin tener el diagn\u00f3stico concreto de la situaci\u00f3n del pa\u00eds&#8221;.<\/p>\n<p>Luego remarc\u00f3 que &#8220;Juntos por el cambio est\u00e1 bien, est\u00e1 en un debate que es razonable tener un debate un a\u00f1o antes de las elecciones, ser\u00eda bueno tener m\u00e1s di\u00e1logo entre nosotros, en este momento tenemos que darle importancia a la representaci\u00f3n social de nuestra fuerza<strong>,\u00a0<\/strong>nuestra fuerza tiene que estar cada vez m\u00e1s cerca de los ciudadanos, ser m\u00e1s representativos conseguir m\u00e1s votos, y lo electoral vendr\u00e1 reci\u00e9n el pr\u00f3ximo a\u00f1o.\u00a0 Hoy nadie tiene que tener una mirada personal, todos estamos en una mirada colectiva que es construir esta gran herramienta de cambio que necesita el pa\u00eds. Hay varios candidatos a gobernador como Iguacel, Santilli, el PRO va a trabajar\u00a0 y decidir lo mejor, pero no es momento todav\u00eda&#8221;.<\/p>\n<p>Para finalizar expres\u00f3, &#8220;lo \u00a0importante es que ahora caminemos todos juntos porque es ah\u00ed donde vamos a encontrar el punto de una sociedad que ve como se desarma el gobierno y busca en nosotros una expectativa de cambio, y tenemos que darle esa expectativa de cambio. El radicalismo est\u00e1 buscando un lugar que me parece muy bien, en el gobierno quiz\u00e1s se sinti\u00f3 un poco dejado de lado, y en el pr\u00f3ximo gobierno tiene que ser m\u00e1s de coalici\u00f3n, el radicalismo ya ha planteado que quiere presentar su candidato a presidente&#8221;.<\/p>\n<p><a href=\"https:\/\/experienciadevida.com.ar\/portalurbano\/patricia-bullrich-en-olavarria-tenemos-que-darle-importancia-a-la-representacion-social-de-nuestra-fuerza\/en-6\/\" rel=\"attachment wp-att-164423\"><img decoding=\"async\" class=\"alignnone size-full wp-image-164423\" src=\"https:\/\/experienciadevida.com.ar\/portalurbano\/wp-content\/uploads\/2022\/03\/en-1.jpg\" alt=\"en\" width=\"765\" height=\"510\" srcset=\"https:\/\/experienciadevida.com.ar\/portalurbano\/wp-content\/uploads\/2022\/03\/en-1.jpg 765w, https:\/\/experienciadevida.com.ar\/portalurbano\/wp-content\/uploads\/2022\/03\/en-1-300x200.jpg 300w\" sizes=\"(max-width: 765px) 100vw, 765px\" \/><\/a><\/p>\n","protected":false},"excerpt":{"rendered":"<p>Patricia Bullrich en Olavarr\u00eda: &#8220;Tenemos que darle importancia a la representaci\u00f3n social de nuestra fuerza&#8221;,&#8230;<\/p>\n","protected":false},"author":1,"featured_media":164418,"comment_status":"closed","ping_status":"closed","sticky":false,"template":"","format":"standard","meta":{"content-type":""},"categories":[27,51],"tags":[],"nelio_content":{"isAutoShareEnabled":false,"autoShareEndMode":"default","automationSources":{"useContentSentences":true,"useSocialTemplates":true,"useCustomSentences":false,"customSentences":[]},"followers":[1],"suggestedReferences":[],"includedReferences":["https:\/\/www.instagram.com\/patobullrich\/?hl=es-la"],"efiUrl":"","efiAlt":"","highlights":[]},"yoast_head":"<!-- This site is optimized with the Yoast SEO plugin v20.7 - https:\/\/yoast.com\/wordpress\/plugins\/seo\/ -->\n<title>Patricia Bullrich en Olavarr\u00eda: &quot;Tenemos que darle importancia&quot;<\/title>\n<meta name=\"description\" content=\"Patricia Bullrich en Olavarr\u00eda: &quot;Tenemos que darle importancia a la representaci\u00f3n social de nuestra fuerza&quot; lo dijo la Presidenta del PRO\" \/>\n<meta name=\"robots\" content=\"index, follow, max-snippet:-1, max-image-preview:large, max-video-preview:-1\" \/>\n<link rel=\"canonical\" href=\"https:\/\/experienciadevida.com.ar\/portalurbano\/patricia-bullrich-en-olavarria-tenemos-que-darle-importancia-a-la-representacion-social-de-nuestra-fuerza\/\" \/>\n<meta property=\"og:locale\" content=\"es_ES\" \/>\n<meta property=\"og:type\" content=\"article\" \/>\n<meta property=\"og:title\" content=\"Patricia Bullrich en Olavarr\u00eda: &quot;Tenemos que darle importancia&quot;\" \/>\n<meta property=\"og:description\" content=\"Patricia Bullrich en Olavarr\u00eda: &quot;Tenemos que darle importancia a la representaci\u00f3n social de nuestra fuerza&quot; lo dijo la Presidenta del PRO\" \/>\n<meta property=\"og:url\" content=\"https:\/\/experienciadevida.com.ar\/portalurbano\/patricia-bullrich-en-olavarria-tenemos-que-darle-importancia-a-la-representacion-social-de-nuestra-fuerza\/\" \/>\n<meta property=\"article:publisher\" content=\"https:\/\/www.facebook.com\/Portal-Urbano-171542830093757\/\" \/>\n<meta property=\"article:published_time\" content=\"2022-03-29T00:25:51+00:00\" \/>\n<meta property=\"article:modified_time\" content=\"2022-03-29T00:31:54+00:00\" \/>\n<meta property=\"og:image\" content=\"https:\/\/experienciadevida.com.ar\/portalurbano\/wp-content\/uploads\/2022\/03\/Patricia-Bullrich-en-Olavarria.jpg\" \/>\n\t<meta property=\"og:image:width\" content=\"765\" \/>\n\t<meta property=\"og:image:height\" content=\"510\" \/>\n\t<meta property=\"og:image:type\" content=\"image\/jpeg\" \/>\n<meta name=\"author\" content=\"admpu17wp\" \/>\n<meta name=\"twitter:card\" content=\"summary_large_image\" \/>\n<meta name=\"twitter:creator\" content=\"@portalurbanook\" \/>\n<meta name=\"twitter:site\" content=\"@portalurbanook\" \/>\n<meta name=\"twitter:label1\" content=\"Escrito por\" \/>\n\t<meta name=\"twitter:data1\" content=\"admpu17wp\" \/>\n\t<meta name=\"twitter:label2\" content=\"Tiempo de lectura\" \/>\n\t<meta name=\"twitter:data2\" content=\"5 minutos\" \/>\n<script type=\"application\/ld+json\" class=\"yoast-schema-graph\">{\"@context\":\"https:\/\/schema.org\",\"@graph\":[{\"@type\":\"Article\",\"@id\":\"https:\/\/experienciadevida.com.ar\/portalurbano\/patricia-bullrich-en-olavarria-tenemos-que-darle-importancia-a-la-representacion-social-de-nuestra-fuerza\/#article\",\"isPartOf\":{\"@id\":\"https:\/\/experienciadevida.com.ar\/portalurbano\/patricia-bullrich-en-olavarria-tenemos-que-darle-importancia-a-la-representacion-social-de-nuestra-fuerza\/\"},\"author\":{\"name\":\"admpu17wp\",\"@id\":\"https:\/\/experienciadevida.com.ar\/portalurbano\/#\/schema\/person\/02dd326b1c4b056e9cc972486934a3a7\"},\"headline\":\"Patricia Bullrich en Olavarr\u00eda: &#8220;Tenemos que darle importancia a la representaci\u00f3n social de nuestra fuerza&#8221;\",\"datePublished\":\"2022-03-29T00:25:51+00:00\",\"dateModified\":\"2022-03-29T00:31:54+00:00\",\"mainEntityOfPage\":{\"@id\":\"https:\/\/experienciadevida.com.ar\/portalurbano\/patricia-bullrich-en-olavarria-tenemos-que-darle-importancia-a-la-representacion-social-de-nuestra-fuerza\/\"},\"wordCount\":961,\"publisher\":{\"@id\":\"https:\/\/experienciadevida.com.ar\/portalurbano\/#organization\"},\"articleSection\":[\"Ciudad\",\"Destacadas\"],\"inLanguage\":\"es\"},{\"@type\":\"WebPage\",\"@id\":\"https:\/\/experienciadevida.com.ar\/portalurbano\/patricia-bullrich-en-olavarria-tenemos-que-darle-importancia-a-la-representacion-social-de-nuestra-fuerza\/\",\"url\":\"https:\/\/experienciadevida.com.ar\/portalurbano\/patricia-bullrich-en-olavarria-tenemos-que-darle-importancia-a-la-representacion-social-de-nuestra-fuerza\/\",\"name\":\"Patricia Bullrich en Olavarr\u00eda: \\\"Tenemos que darle importancia\\\"\",\"isPartOf\":{\"@id\":\"https:\/\/experienciadevida.com.ar\/portalurbano\/#website\"},\"datePublished\":\"2022-03-29T00:25:51+00:00\",\"dateModified\":\"2022-03-29T00:31:54+00:00\",\"description\":\"Patricia Bullrich en Olavarr\u00eda: \\\"Tenemos que darle importancia a la representaci\u00f3n social de nuestra fuerza\\\" lo dijo la Presidenta del PRO\",\"breadcrumb\":{\"@id\":\"https:\/\/experienciadevida.com.ar\/portalurbano\/patricia-bullrich-en-olavarria-tenemos-que-darle-importancia-a-la-representacion-social-de-nuestra-fuerza\/#breadcrumb\"},\"inLanguage\":\"es\",\"potentialAction\":[{\"@type\":\"ReadAction\",\"target\":[\"https:\/\/experienciadevida.com.ar\/portalurbano\/patricia-bullrich-en-olavarria-tenemos-que-darle-importancia-a-la-representacion-social-de-nuestra-fuerza\/\"]}]},{\"@type\":\"BreadcrumbList\",\"@id\":\"https:\/\/experienciadevida.com.ar\/portalurbano\/patricia-bullrich-en-olavarria-tenemos-que-darle-importancia-a-la-representacion-social-de-nuestra-fuerza\/#breadcrumb\",\"itemListElement\":[{\"@type\":\"ListItem\",\"position\":1,\"name\":\"Portada\",\"item\":\"https:\/\/experienciadevida.com.ar\/portalurbano\/\"},{\"@type\":\"ListItem\",\"position\":2,\"name\":\"Patricia Bullrich en Olavarr\u00eda: \u00abTenemos que darle importancia a la representaci\u00f3n social de nuestra fuerza\u00bb\"}]},{\"@type\":\"WebSite\",\"@id\":\"https:\/\/experienciadevida.com.ar\/portalurbano\/#website\",\"url\":\"https:\/\/experienciadevida.com.ar\/portalurbano\/\",\"name\":\"\",\"description\":\"\",\"publisher\":{\"@id\":\"https:\/\/experienciadevida.com.ar\/portalurbano\/#organization\"},\"potentialAction\":[{\"@type\":\"SearchAction\",\"target\":{\"@type\":\"EntryPoint\",\"urlTemplate\":\"https:\/\/experienciadevida.com.ar\/portalurbano\/?s={search_term_string}\"},\"query-input\":\"required name=search_term_string\"}],\"inLanguage\":\"es\"},{\"@type\":\"Organization\",\"@id\":\"https:\/\/experienciadevida.com.ar\/portalurbano\/#organization\",\"name\":\"Portal Urbano\",\"url\":\"https:\/\/experienciadevida.com.ar\/portalurbano\/\",\"logo\":{\"@type\":\"ImageObject\",\"inLanguage\":\"es\",\"@id\":\"https:\/\/experienciadevida.com.ar\/portalurbano\/#\/schema\/logo\/image\/\",\"url\":\"https:\/\/experienciadevida.com.ar\/portalurbano\/wp-content\/uploads\/2019\/09\/Logo-Original.png\",\"contentUrl\":\"https:\/\/experienciadevida.com.ar\/portalurbano\/wp-content\/uploads\/2019\/09\/Logo-Original.png\",\"width\":2236,\"height\":1216,\"caption\":\"Portal Urbano\"},\"image\":{\"@id\":\"https:\/\/experienciadevida.com.ar\/portalurbano\/#\/schema\/logo\/image\/\"},\"sameAs\":[\"https:\/\/www.facebook.com\/Portal-Urbano-171542830093757\/\",\"https:\/\/twitter.com\/portalurbanook\",\"https:\/\/www.instagram.com\/_portalurbano\/\",\"https:\/\/www.youtube.com\/channel\/UCXhagIfszH8KxFiOok79zbA?view_as=subscriber\"]},{\"@type\":\"Person\",\"@id\":\"https:\/\/experienciadevida.com.ar\/portalurbano\/#\/schema\/person\/02dd326b1c4b056e9cc972486934a3a7\",\"name\":\"admpu17wp\",\"image\":{\"@type\":\"ImageObject\",\"inLanguage\":\"es\",\"@id\":\"https:\/\/experienciadevida.com.ar\/portalurbano\/#\/schema\/person\/image\/\",\"url\":\"https:\/\/secure.gravatar.com\/avatar\/830d4c57adaae6630765e449a6908047?s=96&d=mm&r=g\",\"contentUrl\":\"https:\/\/secure.gravatar.com\/avatar\/830d4c57adaae6630765e449a6908047?s=96&d=mm&r=g\",\"caption\":\"admpu17wp\"}}]}<\/script>\n<!-- \/ Yoast SEO plugin. -->","yoast_head_json":{"title":"Patricia Bullrich en Olavarr\u00eda: \"Tenemos que darle importancia\"","description":"Patricia Bullrich en Olavarr\u00eda: \"Tenemos que darle importancia a la representaci\u00f3n social de nuestra fuerza\" lo dijo la Presidenta del PRO","robots":{"index":"index","follow":"follow","max-snippet":"max-snippet:-1","max-image-preview":"max-image-preview:large","max-video-preview":"max-video-preview:-1"},"canonical":"https:\/\/experienciadevida.com.ar\/portalurbano\/patricia-bullrich-en-olavarria-tenemos-que-darle-importancia-a-la-representacion-social-de-nuestra-fuerza\/","og_locale":"es_ES","og_type":"article","og_title":"Patricia Bullrich en Olavarr\u00eda: \"Tenemos que darle importancia\"","og_description":"Patricia Bullrich en Olavarr\u00eda: \"Tenemos que darle importancia a la representaci\u00f3n social de nuestra fuerza\" lo dijo la Presidenta del PRO","og_url":"https:\/\/experienciadevida.com.ar\/portalurbano\/patricia-bullrich-en-olavarria-tenemos-que-darle-importancia-a-la-representacion-social-de-nuestra-fuerza\/","article_publisher":"https:\/\/www.facebook.com\/Portal-Urbano-171542830093757\/","article_published_time":"2022-03-29T00:25:51+00:00","article_modified_time":"2022-03-29T00:31:54+00:00","og_image":[{"width":765,"height":510,"url":"https:\/\/experienciadevida.com.ar\/portalurbano\/wp-content\/uploads\/2022\/03\/Patricia-Bullrich-en-Olavarria.jpg","type":"image\/jpeg"}],"author":"admpu17wp","twitter_card":"summary_large_image","twitter_creator":"@portalurbanook","twitter_site":"@portalurbanook","twitter_misc":{"Escrito por":"admpu17wp","Tiempo de lectura":"5 minutos"},"schema":{"@context":"https:\/\/schema.org","@graph":[{"@type":"Article","@id":"https:\/\/experienciadevida.com.ar\/portalurbano\/patricia-bullrich-en-olavarria-tenemos-que-darle-importancia-a-la-representacion-social-de-nuestra-fuerza\/#article","isPartOf":{"@id":"https:\/\/experienciadevida.com.ar\/portalurbano\/patricia-bullrich-en-olavarria-tenemos-que-darle-importancia-a-la-representacion-social-de-nuestra-fuerza\/"},"author":{"name":"admpu17wp","@id":"https:\/\/experienciadevida.com.ar\/portalurbano\/#\/schema\/person\/02dd326b1c4b056e9cc972486934a3a7"},"headline":"Patricia Bullrich en Olavarr\u00eda: &#8220;Tenemos que darle importancia a la representaci\u00f3n social de nuestra fuerza&#8221;","datePublished":"2022-03-29T00:25:51+00:00","dateModified":"2022-03-29T00:31:54+00:00","mainEntityOfPage":{"@id":"https:\/\/experienciadevida.com.ar\/portalurbano\/patricia-bullrich-en-olavarria-tenemos-que-darle-importancia-a-la-representacion-social-de-nuestra-fuerza\/"},"wordCount":961,"publisher":{"@id":"https:\/\/experienciadevida.com.ar\/portalurbano\/#organization"},"articleSection":["Ciudad","Destacadas"],"inLanguage":"es"},{"@type":"WebPage","@id":"https:\/\/experienciadevida.com.ar\/portalurbano\/patricia-bullrich-en-olavarria-tenemos-que-darle-importancia-a-la-representacion-social-de-nuestra-fuerza\/","url":"https:\/\/experienciadevida.com.ar\/portalurbano\/patricia-bullrich-en-olavarria-tenemos-que-darle-importancia-a-la-representacion-social-de-nuestra-fuerza\/","name":"Patricia Bullrich en Olavarr\u00eda: \"Tenemos que darle importancia\"","isPartOf":{"@id":"https:\/\/experienciadevida.com.ar\/portalurbano\/#website"},"datePublished":"2022-03-29T00:25:51+00:00","dateModified":"2022-03-29T00:31:54+00:00","description":"Patricia Bullrich en Olavarr\u00eda: \"Tenemos que darle importancia a la representaci\u00f3n social de nuestra fuerza\" lo dijo la Presidenta del PRO","breadcrumb":{"@id":"https:\/\/experienciadevida.com.ar\/portalurbano\/patricia-bullrich-en-olavarria-tenemos-que-darle-importancia-a-la-representacion-social-de-nuestra-fuerza\/#breadcrumb"},"inLanguage":"es","potentialAction":[{"@type":"ReadAction","target":["https:\/\/experienciadevida.com.ar\/portalurbano\/patricia-bullrich-en-olavarria-tenemos-que-darle-importancia-a-la-representacion-social-de-nuestra-fuerza\/"]}]},{"@type":"BreadcrumbList","@id":"https:\/\/experienciadevida.com.ar\/portalurbano\/patricia-bullrich-en-olavarria-tenemos-que-darle-importancia-a-la-representacion-social-de-nuestra-fuerza\/#breadcrumb","itemListElement":[{"@type":"ListItem","position":1,"name":"Portada","item":"https:\/\/experienciadevida.com.ar\/portalurbano\/"},{"@type":"ListItem","position":2,"name":"Patricia Bullrich en Olavarr\u00eda: \u00abTenemos que darle importancia a la representaci\u00f3n social de nuestra fuerza\u00bb"}]},{"@type":"WebSite","@id":"https:\/\/experienciadevida.com.ar\/portalurbano\/#website","url":"https:\/\/experienciadevida.com.ar\/portalurbano\/","name":"","description":"","publisher":{"@id":"https:\/\/experienciadevida.com.ar\/portalurbano\/#organization"},"potentialAction":[{"@type":"SearchAction","target":{"@type":"EntryPoint","urlTemplate":"https:\/\/experienciadevida.com.ar\/portalurbano\/?s={search_term_string}"},"query-input":"required name=search_term_string"}],"inLanguage":"es"},{"@type":"Organization","@id":"https:\/\/experienciadevida.com.ar\/portalurbano\/#organization","name":"Portal Urbano","url":"https:\/\/experienciadevida.com.ar\/portalurbano\/","logo":{"@type":"ImageObject","inLanguage":"es","@id":"https:\/\/experienciadevida.com.ar\/portalurbano\/#\/schema\/logo\/image\/","url":"https:\/\/experienciadevida.com.ar\/portalurbano\/wp-content\/uploads\/2019\/09\/Logo-Original.png","contentUrl":"https:\/\/experienciadevida.com.ar\/portalurbano\/wp-content\/uploads\/2019\/09\/Logo-Original.png","width":2236,"height":1216,"caption":"Portal Urbano"},"image":{"@id":"https:\/\/experienciadevida.com.ar\/portalurbano\/#\/schema\/logo\/image\/"},"sameAs":["https:\/\/www.facebook.com\/Portal-Urbano-171542830093757\/","https:\/\/twitter.com\/portalurbanook","https:\/\/www.instagram.com\/_portalurbano\/","https:\/\/www.youtube.com\/channel\/UCXhagIfszH8KxFiOok79zbA?view_as=subscriber"]},{"@type":"Person","@id":"https:\/\/experienciadevida.com.ar\/portalurbano\/#\/schema\/person\/02dd326b1c4b056e9cc972486934a3a7","name":"admpu17wp","image":{"@type":"ImageObject","inLanguage":"es","@id":"https:\/\/experienciadevida.com.ar\/portalurbano\/#\/schema\/person\/image\/","url":"https:\/\/secure.gravatar.com\/avatar\/830d4c57adaae6630765e449a6908047?s=96&d=mm&r=g","contentUrl":"https:\/\/secure.gravatar.com\/avatar\/830d4c57adaae6630765e449a6908047?s=96&d=mm&r=g","caption":"admpu17wp"}}]}},"featured_image_urls":{"full":["https:\/\/experienciadevida.com.ar\/portalurbano\/wp-content\/uploads\/2022\/03\/Patricia-Bullrich-en-Olavarria.jpg",765,510,false],"thumbnail":["https:\/\/experienciadevida.com.ar\/portalurbano\/wp-content\/uploads\/2022\/03\/Patricia-Bullrich-en-Olavarria-150x150.jpg",150,150,true],"medium":["https:\/\/experienciadevida.com.ar\/portalurbano\/wp-content\/uploads\/2022\/03\/Patricia-Bullrich-en-Olavarria-300x200.jpg",300,200,true],"medium_large":["https:\/\/experienciadevida.com.ar\/portalurbano\/wp-content\/uploads\/2022\/03\/Patricia-Bullrich-en-Olavarria.jpg",640,427,false],"large":["https:\/\/experienciadevida.com.ar\/portalurbano\/wp-content\/uploads\/2022\/03\/Patricia-Bullrich-en-Olavarria.jpg",640,427,false],"ug_big":["https:\/\/experienciadevida.com.ar\/portalurbano\/wp-content\/uploads\/2022\/03\/Patricia-Bullrich-en-Olavarria.jpg",765,510,false],"1536x1536":["https:\/\/experienciadevida.com.ar\/portalurbano\/wp-content\/uploads\/2022\/03\/Patricia-Bullrich-en-Olavarria.jpg",765,510,false],"2048x2048":["https:\/\/experienciadevida.com.ar\/portalurbano\/wp-content\/uploads\/2022\/03\/Patricia-Bullrich-en-Olavarria.jpg",765,510,false],"newsever-slider-full":["https:\/\/experienciadevida.com.ar\/portalurbano\/wp-content\/uploads\/2022\/03\/Patricia-Bullrich-en-Olavarria.jpg",765,510,false],"newsever-featured":["https:\/\/experienciadevida.com.ar\/portalurbano\/wp-content\/uploads\/2022\/03\/Patricia-Bullrich-en-Olavarria.jpg",765,510,false],"newsever-medium":["https:\/\/experienciadevida.com.ar\/portalurbano\/wp-content\/uploads\/2022\/03\/Patricia-Bullrich-en-Olavarria.jpg",713,475,false],"web-stories-poster-portrait":["https:\/\/experienciadevida.com.ar\/portalurbano\/wp-content\/uploads\/2022\/03\/Patricia-Bullrich-en-Olavarria.jpg",640,427,false],"web-stories-publisher-logo":["https:\/\/experienciadevida.com.ar\/portalurbano\/wp-content\/uploads\/2022\/03\/Patricia-Bullrich-en-Olavarria.jpg",96,64,false],"web-stories-thumbnail":["https:\/\/experienciadevida.com.ar\/portalurbano\/wp-content\/uploads\/2022\/03\/Patricia-Bullrich-en-Olavarria.jpg",150,100,false]},"author_info":{"display_name":"admpu17wp","author_link":"https:\/\/experienciadevida.com.ar\/portalurbano\/author\/admpu17wp\/"},"category_info":"<a href=\"https:\/\/experienciadevida.com.ar\/portalurbano\/category\/ciudad\/\" rel=\"category tag\">Ciudad<\/a> <a href=\"https:\/\/experienciadevida.com.ar\/portalurbano\/category\/destacadas\/\" rel=\"category tag\">Destacadas<\/a>","tag_info":"Destacadas","comment_count":"0","amp_enabled":true,"_links":{"self":[{"href":"https:\/\/experienciadevida.com.ar\/portalurbano\/wp-json\/wp\/v2\/posts\/164417"}],"collection":[{"href":"https:\/\/experienciadevida.com.ar\/portalurbano\/wp-json\/wp\/v2\/posts"}],"about":[{"href":"https:\/\/experienciadevida.com.ar\/portalurbano\/wp-json\/wp\/v2\/types\/post"}],"author":[{"embeddable":true,"href":"https:\/\/experienciadevida.com.ar\/portalurbano\/wp-json\/wp\/v2\/users\/1"}],"replies":[{"embeddable":true,"href":"https:\/\/experienciadevida.com.ar\/portalurbano\/wp-json\/wp\/v2\/comments?post=164417"}],"version-history":[{"count":3,"href":"https:\/\/experienciadevida.com.ar\/portalurbano\/wp-json\/wp\/v2\/posts\/164417\/revisions"}],"predecessor-version":[{"id":164424,"href":"https:\/\/experienciadevida.com.ar\/portalurbano\/wp-json\/wp\/v2\/posts\/164417\/revisions\/164424"}],"wp:featuredmedia":[{"embeddable":true,"href":"https:\/\/experienciadevida.com.ar\/portalurbano\/wp-json\/wp\/v2\/media\/164418"}],"wp:attachment":[{"href":"https:\/\/experienciadevida.com.ar\/portalurbano\/wp-json\/wp\/v2\/media?parent=164417"}],"wp:term":[{"taxonomy":"category","embeddable":true,"href":"https:\/\/experienciadevida.com.ar\/portalurbano\/wp-json\/wp\/v2\/categories?post=164417"},{"taxonomy":"post_tag","embeddable":true,"href":"https:\/\/experienciadevida.com.ar\/portalurbano\/wp-json\/wp\/v2\/tags?post=164417"}],"curies":[{"name":"wp","href":"https:\/\/api.w.org\/{rel}","templated":true}]}}