{"id":164239,"date":"2022-03-27T12:38:13","date_gmt":"2022-03-27T15:38:13","guid":{"rendered":"https:\/\/experienciadevida.com.ar\/portalurbano\/?p=164239"},"modified":"2022-03-27T12:40:37","modified_gmt":"2022-03-27T15:40:37","slug":"por-inconvenientes-en-el-programa-tuvi-concejales-del-frente-de-todos-convocan-al-titular-de-obras-publicas","status":"publish","type":"post","link":"https:\/\/experienciadevida.com.ar\/portalurbano\/por-inconvenientes-en-el-programa-tuvi-concejales-del-frente-de-todos-convocan-al-titular-de-obras-publicas\/","title":{"rendered":"Por inconvenientes en el programa TUVI concejales del Frente de Todos convocan al titular de Obras P\u00fablicas"},"content":{"rendered":"<p>Por inconvenientes en el programa TUVI concejales del <a href=\"https:\/\/www.facebook.com\/FrenteDeTodosOlavarria\">Frente de Todos<\/a> convocan al titular de Obras P\u00fablicas, desde el interbloque del Frente de Todos adelantaron que presentar\u00e1n en el HCD una nota el d\u00eda lunes para conocer el estado de situaci\u00f3n del plan de viviendas TUVI.<\/p>\n<p><a href=\"https:\/\/experienciadevida.com.ar\/portalurbano\/por-inconvenientes-en-el-programa-tuvi-concejales-del-frente-de-todos-convocan-al-titular-de-obras-publicas\/por-inconvenientes\/\" rel=\"attachment wp-att-164245\"><img decoding=\"async\" class=\"alignnone size-full wp-image-164245\" src=\"https:\/\/experienciadevida.com.ar\/portalurbano\/wp-content\/uploads\/2022\/03\/Por-inconvenientes.jpg\" alt=\"Por inconvenientes \" width=\"960\" height=\"640\" srcset=\"https:\/\/experienciadevida.com.ar\/portalurbano\/wp-content\/uploads\/2022\/03\/Por-inconvenientes.jpg 960w, https:\/\/experienciadevida.com.ar\/portalurbano\/wp-content\/uploads\/2022\/03\/Por-inconvenientes-300x200.jpg 300w, https:\/\/experienciadevida.com.ar\/portalurbano\/wp-content\/uploads\/2022\/03\/Por-inconvenientes-768x512.jpg 768w\" sizes=\"(max-width: 960px) 100vw, 960px\" \/><\/a><\/p>\n<p>Concejales y concejalas del Frente de Todos solicitar\u00e1n informaci\u00f3n sobre las viviendas TUVI a la Secretar\u00eda de Mantenimiento y Obras P\u00fablicas a cargo de Julio Ferraro y plantear\u00e1n la posibilidad de que sea respondido en forma presencial luego de que adjudicatarios se comunicaron con los ediles.<\/p>\n<p>En esa l\u00ednea desde el Interbloque explicaron que piden que Ferraro asista al Concejo Deliberante a los fines de que todos los bloques tengan la posibilidad de preguntar ante un tema tan importante como es la construcci\u00f3n de viviendas en el marco de un programa municipal.<\/p>\n<p>Cabe destacar que en la \u00faltima semana se difundieron im\u00e1genes e informaci\u00f3n sobre las viviendas que alertaron a los adjudicatarios por el estado y la demora en los plazos.<\/p>\n<p>De esta manera la presencia del funcionario municipal dar\u00e1 cuenta si se est\u00e1n cumpliendo con las condiciones que el pliego de licitaci\u00f3n indicaba.<\/p>\n","protected":false},"excerpt":{"rendered":"<p>Por inconvenientes en el programa TUVI concejales del Frente de Todos convocan al titular de&#8230;<\/p>\n","protected":false},"author":1,"featured_media":164241,"comment_status":"closed","ping_status":"closed","sticky":false,"template":"","format":"standard","meta":{"content-type":""},"categories":[27,64],"tags":[],"nelio_content":{"isAutoShareEnabled":false,"autoShareEndMode":"default","automationSources":{"useContentSentences":true,"useSocialTemplates":true,"useCustomSentences":false,"customSentences":[]},"followers":[1],"suggestedReferences":[],"includedReferences":[],"efiUrl":"","efiAlt":"","highlights":[]},"yoast_head":"<!-- This site is optimized with the Yoast SEO plugin v20.7 - https:\/\/yoast.com\/wordpress\/plugins\/seo\/ -->\n<title>Por inconvenientes en el programa TUVI concejales del FDT conocan<\/title>\n<meta name=\"description\" content=\"Por inconvenientes en el programa TUVI concejales del Frente de Todos convocan al titular de Obras P\u00fablicas, para conocer el estado\" \/>\n<meta name=\"robots\" content=\"index, follow, max-snippet:-1, max-image-preview:large, max-video-preview:-1\" \/>\n<link rel=\"canonical\" href=\"https:\/\/experienciadevida.com.ar\/portalurbano\/por-inconvenientes-en-el-programa-tuvi-concejales-del-frente-de-todos-convocan-al-titular-de-obras-publicas\/\" \/>\n<meta property=\"og:locale\" content=\"es_ES\" \/>\n<meta property=\"og:type\" content=\"article\" \/>\n<meta property=\"og:title\" content=\"Por inconvenientes en el programa TUVI concejales del FDT conocan\" \/>\n<meta property=\"og:description\" content=\"Por inconvenientes en el programa TUVI concejales del Frente de Todos convocan al titular de Obras P\u00fablicas, para conocer el estado\" \/>\n<meta property=\"og:url\" content=\"https:\/\/experienciadevida.com.ar\/portalurbano\/por-inconvenientes-en-el-programa-tuvi-concejales-del-frente-de-todos-convocan-al-titular-de-obras-publicas\/\" \/>\n<meta property=\"article:publisher\" content=\"https:\/\/www.facebook.com\/Portal-Urbano-171542830093757\/\" \/>\n<meta property=\"article:published_time\" content=\"2022-03-27T15:38:13+00:00\" \/>\n<meta property=\"article:modified_time\" content=\"2022-03-27T15:40:37+00:00\" \/>\n<meta property=\"og:image\" content=\"https:\/\/experienciadevida.com.ar\/portalurbano\/wp-content\/uploads\/2022\/03\/Por-inconvenientes-en-el.jpg\" \/>\n\t<meta property=\"og:image:width\" content=\"960\" \/>\n\t<meta property=\"og:image:height\" content=\"640\" \/>\n\t<meta property=\"og:image:type\" content=\"image\/jpeg\" \/>\n<meta name=\"author\" content=\"admpu17wp\" \/>\n<meta name=\"twitter:card\" content=\"summary_large_image\" \/>\n<meta name=\"twitter:creator\" content=\"@portalurbanook\" \/>\n<meta name=\"twitter:site\" content=\"@portalurbanook\" \/>\n<meta name=\"twitter:label1\" content=\"Escrito por\" \/>\n\t<meta name=\"twitter:data1\" content=\"admpu17wp\" \/>\n\t<meta name=\"twitter:label2\" content=\"Tiempo de lectura\" \/>\n\t<meta name=\"twitter:data2\" content=\"2 minutos\" \/>\n<script type=\"application\/ld+json\" class=\"yoast-schema-graph\">{\"@context\":\"https:\/\/schema.org\",\"@graph\":[{\"@type\":\"Article\",\"@id\":\"https:\/\/experienciadevida.com.ar\/portalurbano\/por-inconvenientes-en-el-programa-tuvi-concejales-del-frente-de-todos-convocan-al-titular-de-obras-publicas\/#article\",\"isPartOf\":{\"@id\":\"https:\/\/experienciadevida.com.ar\/portalurbano\/por-inconvenientes-en-el-programa-tuvi-concejales-del-frente-de-todos-convocan-al-titular-de-obras-publicas\/\"},\"author\":{\"name\":\"admpu17wp\",\"@id\":\"https:\/\/experienciadevida.com.ar\/portalurbano\/#\/schema\/person\/02dd326b1c4b056e9cc972486934a3a7\"},\"headline\":\"Por inconvenientes en el programa TUVI concejales del Frente de Todos convocan al titular de Obras P\u00fablicas\",\"datePublished\":\"2022-03-27T15:38:13+00:00\",\"dateModified\":\"2022-03-27T15:40:37+00:00\",\"mainEntityOfPage\":{\"@id\":\"https:\/\/experienciadevida.com.ar\/portalurbano\/por-inconvenientes-en-el-programa-tuvi-concejales-del-frente-de-todos-convocan-al-titular-de-obras-publicas\/\"},\"wordCount\":223,\"publisher\":{\"@id\":\"https:\/\/experienciadevida.com.ar\/portalurbano\/#organization\"},\"articleSection\":[\"Ciudad\",\"Destacadas 2\"],\"inLanguage\":\"es\"},{\"@type\":\"WebPage\",\"@id\":\"https:\/\/experienciadevida.com.ar\/portalurbano\/por-inconvenientes-en-el-programa-tuvi-concejales-del-frente-de-todos-convocan-al-titular-de-obras-publicas\/\",\"url\":\"https:\/\/experienciadevida.com.ar\/portalurbano\/por-inconvenientes-en-el-programa-tuvi-concejales-del-frente-de-todos-convocan-al-titular-de-obras-publicas\/\",\"name\":\"Por inconvenientes en el programa TUVI concejales del FDT conocan\",\"isPartOf\":{\"@id\":\"https:\/\/experienciadevida.com.ar\/portalurbano\/#website\"},\"datePublished\":\"2022-03-27T15:38:13+00:00\",\"dateModified\":\"2022-03-27T15:40:37+00:00\",\"description\":\"Por inconvenientes en el programa TUVI concejales del Frente de Todos convocan al titular de Obras P\u00fablicas, para conocer el estado\",\"breadcrumb\":{\"@id\":\"https:\/\/experienciadevida.com.ar\/portalurbano\/por-inconvenientes-en-el-programa-tuvi-concejales-del-frente-de-todos-convocan-al-titular-de-obras-publicas\/#breadcrumb\"},\"inLanguage\":\"es\",\"potentialAction\":[{\"@type\":\"ReadAction\",\"target\":[\"https:\/\/experienciadevida.com.ar\/portalurbano\/por-inconvenientes-en-el-programa-tuvi-concejales-del-frente-de-todos-convocan-al-titular-de-obras-publicas\/\"]}]},{\"@type\":\"BreadcrumbList\",\"@id\":\"https:\/\/experienciadevida.com.ar\/portalurbano\/por-inconvenientes-en-el-programa-tuvi-concejales-del-frente-de-todos-convocan-al-titular-de-obras-publicas\/#breadcrumb\",\"itemListElement\":[{\"@type\":\"ListItem\",\"position\":1,\"name\":\"Portada\",\"item\":\"https:\/\/experienciadevida.com.ar\/portalurbano\/\"},{\"@type\":\"ListItem\",\"position\":2,\"name\":\"Por inconvenientes en el programa TUVI concejales del Frente de Todos convocan al titular de Obras P\u00fablicas\"}]},{\"@type\":\"WebSite\",\"@id\":\"https:\/\/experienciadevida.com.ar\/portalurbano\/#website\",\"url\":\"https:\/\/experienciadevida.com.ar\/portalurbano\/\",\"name\":\"\",\"description\":\"\",\"publisher\":{\"@id\":\"https:\/\/experienciadevida.com.ar\/portalurbano\/#organization\"},\"potentialAction\":[{\"@type\":\"SearchAction\",\"target\":{\"@type\":\"EntryPoint\",\"urlTemplate\":\"https:\/\/experienciadevida.com.ar\/portalurbano\/?s={search_term_string}\"},\"query-input\":\"required name=search_term_string\"}],\"inLanguage\":\"es\"},{\"@type\":\"Organization\",\"@id\":\"https:\/\/experienciadevida.com.ar\/portalurbano\/#organization\",\"name\":\"Portal Urbano\",\"url\":\"https:\/\/experienciadevida.com.ar\/portalurbano\/\",\"logo\":{\"@type\":\"ImageObject\",\"inLanguage\":\"es\",\"@id\":\"https:\/\/experienciadevida.com.ar\/portalurbano\/#\/schema\/logo\/image\/\",\"url\":\"https:\/\/experienciadevida.com.ar\/portalurbano\/wp-content\/uploads\/2019\/09\/Logo-Original.png\",\"contentUrl\":\"https:\/\/experienciadevida.com.ar\/portalurbano\/wp-content\/uploads\/2019\/09\/Logo-Original.png\",\"width\":2236,\"height\":1216,\"caption\":\"Portal Urbano\"},\"image\":{\"@id\":\"https:\/\/experienciadevida.com.ar\/portalurbano\/#\/schema\/logo\/image\/\"},\"sameAs\":[\"https:\/\/www.facebook.com\/Portal-Urbano-171542830093757\/\",\"https:\/\/twitter.com\/portalurbanook\",\"https:\/\/www.instagram.com\/_portalurbano\/\",\"https:\/\/www.youtube.com\/channel\/UCXhagIfszH8KxFiOok79zbA?view_as=subscriber\"]},{\"@type\":\"Person\",\"@id\":\"https:\/\/experienciadevida.com.ar\/portalurbano\/#\/schema\/person\/02dd326b1c4b056e9cc972486934a3a7\",\"name\":\"admpu17wp\",\"image\":{\"@type\":\"ImageObject\",\"inLanguage\":\"es\",\"@id\":\"https:\/\/experienciadevida.com.ar\/portalurbano\/#\/schema\/person\/image\/\",\"url\":\"https:\/\/secure.gravatar.com\/avatar\/830d4c57adaae6630765e449a6908047?s=96&d=mm&r=g\",\"contentUrl\":\"https:\/\/secure.gravatar.com\/avatar\/830d4c57adaae6630765e449a6908047?s=96&d=mm&r=g\",\"caption\":\"admpu17wp\"}}]}<\/script>\n<!-- \/ Yoast SEO plugin. -->","yoast_head_json":{"title":"Por inconvenientes en el programa TUVI concejales del FDT conocan","description":"Por inconvenientes en el programa TUVI concejales del Frente de Todos convocan al titular de Obras P\u00fablicas, para conocer el estado","robots":{"index":"index","follow":"follow","max-snippet":"max-snippet:-1","max-image-preview":"max-image-preview:large","max-video-preview":"max-video-preview:-1"},"canonical":"https:\/\/experienciadevida.com.ar\/portalurbano\/por-inconvenientes-en-el-programa-tuvi-concejales-del-frente-de-todos-convocan-al-titular-de-obras-publicas\/","og_locale":"es_ES","og_type":"article","og_title":"Por inconvenientes en el programa TUVI concejales del FDT conocan","og_description":"Por inconvenientes en el programa TUVI concejales del Frente de Todos convocan al titular de Obras P\u00fablicas, para conocer el estado","og_url":"https:\/\/experienciadevida.com.ar\/portalurbano\/por-inconvenientes-en-el-programa-tuvi-concejales-del-frente-de-todos-convocan-al-titular-de-obras-publicas\/","article_publisher":"https:\/\/www.facebook.com\/Portal-Urbano-171542830093757\/","article_published_time":"2022-03-27T15:38:13+00:00","article_modified_time":"2022-03-27T15:40:37+00:00","og_image":[{"width":960,"height":640,"url":"https:\/\/experienciadevida.com.ar\/portalurbano\/wp-content\/uploads\/2022\/03\/Por-inconvenientes-en-el.jpg","type":"image\/jpeg"}],"author":"admpu17wp","twitter_card":"summary_large_image","twitter_creator":"@portalurbanook","twitter_site":"@portalurbanook","twitter_misc":{"Escrito por":"admpu17wp","Tiempo de lectura":"2 minutos"},"schema":{"@context":"https:\/\/schema.org","@graph":[{"@type":"Article","@id":"https:\/\/experienciadevida.com.ar\/portalurbano\/por-inconvenientes-en-el-programa-tuvi-concejales-del-frente-de-todos-convocan-al-titular-de-obras-publicas\/#article","isPartOf":{"@id":"https:\/\/experienciadevida.com.ar\/portalurbano\/por-inconvenientes-en-el-programa-tuvi-concejales-del-frente-de-todos-convocan-al-titular-de-obras-publicas\/"},"author":{"name":"admpu17wp","@id":"https:\/\/experienciadevida.com.ar\/portalurbano\/#\/schema\/person\/02dd326b1c4b056e9cc972486934a3a7"},"headline":"Por inconvenientes en el programa TUVI concejales del Frente de Todos convocan al titular de Obras P\u00fablicas","datePublished":"2022-03-27T15:38:13+00:00","dateModified":"2022-03-27T15:40:37+00:00","mainEntityOfPage":{"@id":"https:\/\/experienciadevida.com.ar\/portalurbano\/por-inconvenientes-en-el-programa-tuvi-concejales-del-frente-de-todos-convocan-al-titular-de-obras-publicas\/"},"wordCount":223,"publisher":{"@id":"https:\/\/experienciadevida.com.ar\/portalurbano\/#organization"},"articleSection":["Ciudad","Destacadas 2"],"inLanguage":"es"},{"@type":"WebPage","@id":"https:\/\/experienciadevida.com.ar\/portalurbano\/por-inconvenientes-en-el-programa-tuvi-concejales-del-frente-de-todos-convocan-al-titular-de-obras-publicas\/","url":"https:\/\/experienciadevida.com.ar\/portalurbano\/por-inconvenientes-en-el-programa-tuvi-concejales-del-frente-de-todos-convocan-al-titular-de-obras-publicas\/","name":"Por inconvenientes en el programa TUVI concejales del FDT conocan","isPartOf":{"@id":"https:\/\/experienciadevida.com.ar\/portalurbano\/#website"},"datePublished":"2022-03-27T15:38:13+00:00","dateModified":"2022-03-27T15:40:37+00:00","description":"Por inconvenientes en el programa TUVI concejales del Frente de Todos convocan al titular de Obras P\u00fablicas, para conocer el estado","breadcrumb":{"@id":"https:\/\/experienciadevida.com.ar\/portalurbano\/por-inconvenientes-en-el-programa-tuvi-concejales-del-frente-de-todos-convocan-al-titular-de-obras-publicas\/#breadcrumb"},"inLanguage":"es","potentialAction":[{"@type":"ReadAction","target":["https:\/\/experienciadevida.com.ar\/portalurbano\/por-inconvenientes-en-el-programa-tuvi-concejales-del-frente-de-todos-convocan-al-titular-de-obras-publicas\/"]}]},{"@type":"BreadcrumbList","@id":"https:\/\/experienciadevida.com.ar\/portalurbano\/por-inconvenientes-en-el-programa-tuvi-concejales-del-frente-de-todos-convocan-al-titular-de-obras-publicas\/#breadcrumb","itemListElement":[{"@type":"ListItem","position":1,"name":"Portada","item":"https:\/\/experienciadevida.com.ar\/portalurbano\/"},{"@type":"ListItem","position":2,"name":"Por inconvenientes en el programa TUVI concejales del Frente de Todos convocan al titular de Obras P\u00fablicas"}]},{"@type":"WebSite","@id":"https:\/\/experienciadevida.com.ar\/portalurbano\/#website","url":"https:\/\/experienciadevida.com.ar\/portalurbano\/","name":"","description":"","publisher":{"@id":"https:\/\/experienciadevida.com.ar\/portalurbano\/#organization"},"potentialAction":[{"@type":"SearchAction","target":{"@type":"EntryPoint","urlTemplate":"https:\/\/experienciadevida.com.ar\/portalurbano\/?s={search_term_string}"},"query-input":"required name=search_term_string"}],"inLanguage":"es"},{"@type":"Organization","@id":"https:\/\/experienciadevida.com.ar\/portalurbano\/#organization","name":"Portal Urbano","url":"https:\/\/experienciadevida.com.ar\/portalurbano\/","logo":{"@type":"ImageObject","inLanguage":"es","@id":"https:\/\/experienciadevida.com.ar\/portalurbano\/#\/schema\/logo\/image\/","url":"https:\/\/experienciadevida.com.ar\/portalurbano\/wp-content\/uploads\/2019\/09\/Logo-Original.png","contentUrl":"https:\/\/experienciadevida.com.ar\/portalurbano\/wp-content\/uploads\/2019\/09\/Logo-Original.png","width":2236,"height":1216,"caption":"Portal Urbano"},"image":{"@id":"https:\/\/experienciadevida.com.ar\/portalurbano\/#\/schema\/logo\/image\/"},"sameAs":["https:\/\/www.facebook.com\/Portal-Urbano-171542830093757\/","https:\/\/twitter.com\/portalurbanook","https:\/\/www.instagram.com\/_portalurbano\/","https:\/\/www.youtube.com\/channel\/UCXhagIfszH8KxFiOok79zbA?view_as=subscriber"]},{"@type":"Person","@id":"https:\/\/experienciadevida.com.ar\/portalurbano\/#\/schema\/person\/02dd326b1c4b056e9cc972486934a3a7","name":"admpu17wp","image":{"@type":"ImageObject","inLanguage":"es","@id":"https:\/\/experienciadevida.com.ar\/portalurbano\/#\/schema\/person\/image\/","url":"https:\/\/secure.gravatar.com\/avatar\/830d4c57adaae6630765e449a6908047?s=96&d=mm&r=g","contentUrl":"https:\/\/secure.gravatar.com\/avatar\/830d4c57adaae6630765e449a6908047?s=96&d=mm&r=g","caption":"admpu17wp"}}]}},"featured_image_urls":{"full":["https:\/\/experienciadevida.com.ar\/portalurbano\/wp-content\/uploads\/2022\/03\/Por-inconvenientes-en-el.jpg",960,640,false],"thumbnail":["https:\/\/experienciadevida.com.ar\/portalurbano\/wp-content\/uploads\/2022\/03\/Por-inconvenientes-en-el-150x150.jpg",150,150,true],"medium":["https:\/\/experienciadevida.com.ar\/portalurbano\/wp-content\/uploads\/2022\/03\/Por-inconvenientes-en-el-300x200.jpg",300,200,true],"medium_large":["https:\/\/experienciadevida.com.ar\/portalurbano\/wp-content\/uploads\/2022\/03\/Por-inconvenientes-en-el-768x512.jpg",640,427,true],"large":["https:\/\/experienciadevida.com.ar\/portalurbano\/wp-content\/uploads\/2022\/03\/Por-inconvenientes-en-el.jpg",640,427,false],"ug_big":["https:\/\/experienciadevida.com.ar\/portalurbano\/wp-content\/uploads\/2022\/03\/Por-inconvenientes-en-el-768x512.jpg",768,512,true],"1536x1536":["https:\/\/experienciadevida.com.ar\/portalurbano\/wp-content\/uploads\/2022\/03\/Por-inconvenientes-en-el.jpg",960,640,false],"2048x2048":["https:\/\/experienciadevida.com.ar\/portalurbano\/wp-content\/uploads\/2022\/03\/Por-inconvenientes-en-el.jpg",960,640,false],"newsever-slider-full":["https:\/\/experienciadevida.com.ar\/portalurbano\/wp-content\/uploads\/2022\/03\/Por-inconvenientes-en-el.jpg",960,640,false],"newsever-featured":["https:\/\/experienciadevida.com.ar\/portalurbano\/wp-content\/uploads\/2022\/03\/Por-inconvenientes-en-el.jpg",960,640,false],"newsever-medium":["https:\/\/experienciadevida.com.ar\/portalurbano\/wp-content\/uploads\/2022\/03\/Por-inconvenientes-en-el.jpg",713,475,false],"web-stories-poster-portrait":["https:\/\/experienciadevida.com.ar\/portalurbano\/wp-content\/uploads\/2022\/03\/Por-inconvenientes-en-el.jpg",640,427,false],"web-stories-publisher-logo":["https:\/\/experienciadevida.com.ar\/portalurbano\/wp-content\/uploads\/2022\/03\/Por-inconvenientes-en-el.jpg",96,64,false],"web-stories-thumbnail":["https:\/\/experienciadevida.com.ar\/portalurbano\/wp-content\/uploads\/2022\/03\/Por-inconvenientes-en-el.jpg",150,100,false]},"author_info":{"display_name":"admpu17wp","author_link":"https:\/\/experienciadevida.com.ar\/portalurbano\/author\/admpu17wp\/"},"category_info":"<a href=\"https:\/\/experienciadevida.com.ar\/portalurbano\/category\/ciudad\/\" rel=\"category tag\">Ciudad<\/a> <a href=\"https:\/\/experienciadevida.com.ar\/portalurbano\/category\/destacadas-2\/\" rel=\"category tag\">Destacadas 2<\/a>","tag_info":"Destacadas 2","comment_count":"0","amp_enabled":true,"_links":{"self":[{"href":"https:\/\/experienciadevida.com.ar\/portalurbano\/wp-json\/wp\/v2\/posts\/164239"}],"collection":[{"href":"https:\/\/experienciadevida.com.ar\/portalurbano\/wp-json\/wp\/v2\/posts"}],"about":[{"href":"https:\/\/experienciadevida.com.ar\/portalurbano\/wp-json\/wp\/v2\/types\/post"}],"author":[{"embeddable":true,"href":"https:\/\/experienciadevida.com.ar\/portalurbano\/wp-json\/wp\/v2\/users\/1"}],"replies":[{"embeddable":true,"href":"https:\/\/experienciadevida.com.ar\/portalurbano\/wp-json\/wp\/v2\/comments?post=164239"}],"version-history":[{"count":3,"href":"https:\/\/experienciadevida.com.ar\/portalurbano\/wp-json\/wp\/v2\/posts\/164239\/revisions"}],"predecessor-version":[{"id":164246,"href":"https:\/\/experienciadevida.com.ar\/portalurbano\/wp-json\/wp\/v2\/posts\/164239\/revisions\/164246"}],"wp:featuredmedia":[{"embeddable":true,"href":"https:\/\/experienciadevida.com.ar\/portalurbano\/wp-json\/wp\/v2\/media\/164241"}],"wp:attachment":[{"href":"https:\/\/experienciadevida.com.ar\/portalurbano\/wp-json\/wp\/v2\/media?parent=164239"}],"wp:term":[{"taxonomy":"category","embeddable":true,"href":"https:\/\/experienciadevida.com.ar\/portalurbano\/wp-json\/wp\/v2\/categories?post=164239"},{"taxonomy":"post_tag","embeddable":true,"href":"https:\/\/experienciadevida.com.ar\/portalurbano\/wp-json\/wp\/v2\/tags?post=164239"}],"curies":[{"name":"wp","href":"https:\/\/api.w.org\/{rel}","templated":true}]}}