{"id":164191,"date":"2022-03-26T12:04:28","date_gmt":"2022-03-26T15:04:28","guid":{"rendered":"https:\/\/experienciadevida.com.ar\/portalurbano\/?p=164191"},"modified":"2022-03-26T12:05:00","modified_gmt":"2022-03-26T15:05:00","slug":"emprendimientos-con-sello-local-que-se-potencian","status":"publish","type":"post","link":"https:\/\/experienciadevida.com.ar\/portalurbano\/emprendimientos-con-sello-local-que-se-potencian\/","title":{"rendered":"Emprendimientos con sello local que se potencian"},"content":{"rendered":"<p>Emprendimientos con sello local que se potencian, en el marco del calendario de visitas peri\u00f3dicas a emprendimientos locales, integrantes del equipo de la Secretar\u00eda de Desarrollo Econ\u00f3mico del Municipio contin\u00faa con el acompa\u00f1amiento y asesoramiento, con la finalidad de impulsar y fortalecer sus actividades econ\u00f3micas.<\/p>\n<p><a href=\"https:\/\/experienciadevida.com.ar\/portalurbano\/emprendimientos-con-sello-local-que-se-potencian\/emprendimientos-2\/\" rel=\"attachment wp-att-164193\"><img decoding=\"async\" class=\"alignnone size-large wp-image-164193\" src=\"https:\/\/experienciadevida.com.ar\/portalurbano\/wp-content\/uploads\/2022\/03\/Emprendimientos-1008x1024.jpg\" alt=\"Emprendimientos \" width=\"900\" height=\"914\" srcset=\"https:\/\/experienciadevida.com.ar\/portalurbano\/wp-content\/uploads\/2022\/03\/Emprendimientos-1008x1024.jpg 1008w, https:\/\/experienciadevida.com.ar\/portalurbano\/wp-content\/uploads\/2022\/03\/Emprendimientos-295x300.jpg 295w, https:\/\/experienciadevida.com.ar\/portalurbano\/wp-content\/uploads\/2022\/03\/Emprendimientos-768x780.jpg 768w, https:\/\/experienciadevida.com.ar\/portalurbano\/wp-content\/uploads\/2022\/03\/Emprendimientos-756x768.jpg 756w, https:\/\/experienciadevida.com.ar\/portalurbano\/wp-content\/uploads\/2022\/03\/Emprendimientos.jpg 1260w\" sizes=\"(max-width: 900px) 100vw, 900px\" \/><\/a><\/p>\n<p>En esta oportunidad se trata de ocho proyectos que se encuentran en etapa de evaluaci\u00f3n, y presentaron la documentaci\u00f3n necesaria para acceder a un microcr\u00e9dito de hasta $80000.<\/p>\n<p>Las visitas programadas desde el \u00e1rea tienen un doble objetivo, corroborar la veracidad de la informaci\u00f3n presentada y brindar asistencia t\u00e9cnica a emprendedores.<\/p>\n<p>Puntualmente, se trata del acompa\u00f1amiento a Mar\u00eda Saint Girons (despensa), Melina Paz (cosmetolog\u00eda y cosmiatr\u00eda), Jorge Da R\u00edos (herrer\u00eda), Sandra Scarillo (venta de casas prefabricadas), M\u00f3nica Gorosito (venta al por menor de prendas), Mar\u00eda Cristina Melo (servicio integral para eventos), Rita Navillat (fabricaci\u00f3n y venta de prendas) y Johana Chamorra (peluquer\u00eda).<\/p>\n<p>Por consultas pueden dirigirse personalmente a la sede de la Secretar\u00eda de Desarrollo Econ\u00f3mico, ubicada en Moreno 2765, o bien comunicarse telef\u00f3nicamente al 422135\/195, por mail a economia.social@olavarria.gov.ar<\/p>\n<p><a href=\"https:\/\/experienciadevida.com.ar\/portalurbano\/emprendimientos-con-sello-local-que-se-potencian\/con-sello-2\/\" rel=\"attachment wp-att-164194\"><img decoding=\"async\" class=\"alignnone size-large wp-image-164194\" src=\"https:\/\/experienciadevida.com.ar\/portalurbano\/wp-content\/uploads\/2022\/03\/con-sello-1024x768.jpg\" alt=\"con sello\" width=\"900\" height=\"675\" srcset=\"https:\/\/experienciadevida.com.ar\/portalurbano\/wp-content\/uploads\/2022\/03\/con-sello-1024x768.jpg 1024w, https:\/\/experienciadevida.com.ar\/portalurbano\/wp-content\/uploads\/2022\/03\/con-sello-300x225.jpg 300w, https:\/\/experienciadevida.com.ar\/portalurbano\/wp-content\/uploads\/2022\/03\/con-sello-768x576.jpg 768w, https:\/\/experienciadevida.com.ar\/portalurbano\/wp-content\/uploads\/2022\/03\/con-sello.jpg 1280w\" sizes=\"(max-width: 900px) 100vw, 900px\" \/><\/a><\/p>\n","protected":false},"excerpt":{"rendered":"<p>Emprendimientos con sello local que se potencian, en el marco del calendario de visitas peri\u00f3dicas&#8230;<\/p>\n","protected":false},"author":1,"featured_media":164192,"comment_status":"closed","ping_status":"closed","sticky":false,"template":"","format":"standard","meta":{"content-type":""},"categories":[27],"tags":[],"nelio_content":{"isAutoShareEnabled":false,"autoShareEndMode":"default","automationSources":{"useContentSentences":true,"useSocialTemplates":true,"useCustomSentences":false,"customSentences":[]},"followers":[1],"suggestedReferences":[],"includedReferences":[],"efiUrl":"","efiAlt":"","highlights":[]},"yoast_head":"<!-- This site is optimized with the Yoast SEO plugin v20.7 - https:\/\/yoast.com\/wordpress\/plugins\/seo\/ -->\n<title>Emprendimientos con sello local que se potencian<\/title>\n<meta name=\"description\" content=\"Emprendimientos con sello local que se potencian, en el marco del calendario de visitas peri\u00f3dicas con la finalidad de impulsar y fortalecer\" \/>\n<meta name=\"robots\" content=\"index, follow, max-snippet:-1, max-image-preview:large, max-video-preview:-1\" \/>\n<link rel=\"canonical\" href=\"https:\/\/experienciadevida.com.ar\/portalurbano\/emprendimientos-con-sello-local-que-se-potencian\/\" \/>\n<meta property=\"og:locale\" content=\"es_ES\" \/>\n<meta property=\"og:type\" content=\"article\" \/>\n<meta property=\"og:title\" content=\"Emprendimientos con sello local que se potencian\" \/>\n<meta property=\"og:description\" content=\"Emprendimientos con sello local que se potencian, en el marco del calendario de visitas peri\u00f3dicas con la finalidad de impulsar y fortalecer\" \/>\n<meta property=\"og:url\" content=\"https:\/\/experienciadevida.com.ar\/portalurbano\/emprendimientos-con-sello-local-que-se-potencian\/\" \/>\n<meta property=\"article:publisher\" content=\"https:\/\/www.facebook.com\/Portal-Urbano-171542830093757\/\" \/>\n<meta property=\"article:published_time\" content=\"2022-03-26T15:04:28+00:00\" \/>\n<meta property=\"article:modified_time\" content=\"2022-03-26T15:05:00+00:00\" \/>\n<meta property=\"og:image\" content=\"https:\/\/experienciadevida.com.ar\/portalurbano\/wp-content\/uploads\/2022\/03\/Emprendimientos-con-sello-local.jpg\" \/>\n\t<meta property=\"og:image:width\" content=\"1270\" \/>\n\t<meta property=\"og:image:height\" content=\"1280\" \/>\n\t<meta property=\"og:image:type\" content=\"image\/jpeg\" \/>\n<meta name=\"author\" content=\"admpu17wp\" \/>\n<meta name=\"twitter:card\" content=\"summary_large_image\" \/>\n<meta name=\"twitter:creator\" content=\"@portalurbanook\" \/>\n<meta name=\"twitter:site\" content=\"@portalurbanook\" \/>\n<meta name=\"twitter:label1\" content=\"Escrito por\" \/>\n\t<meta name=\"twitter:data1\" content=\"admpu17wp\" \/>\n\t<meta name=\"twitter:label2\" content=\"Tiempo de lectura\" \/>\n\t<meta name=\"twitter:data2\" content=\"2 minutos\" \/>\n<script type=\"application\/ld+json\" class=\"yoast-schema-graph\">{\"@context\":\"https:\/\/schema.org\",\"@graph\":[{\"@type\":\"Article\",\"@id\":\"https:\/\/experienciadevida.com.ar\/portalurbano\/emprendimientos-con-sello-local-que-se-potencian\/#article\",\"isPartOf\":{\"@id\":\"https:\/\/experienciadevida.com.ar\/portalurbano\/emprendimientos-con-sello-local-que-se-potencian\/\"},\"author\":{\"name\":\"admpu17wp\",\"@id\":\"https:\/\/experienciadevida.com.ar\/portalurbano\/#\/schema\/person\/02dd326b1c4b056e9cc972486934a3a7\"},\"headline\":\"Emprendimientos con sello local que se potencian\",\"datePublished\":\"2022-03-26T15:04:28+00:00\",\"dateModified\":\"2022-03-26T15:05:00+00:00\",\"mainEntityOfPage\":{\"@id\":\"https:\/\/experienciadevida.com.ar\/portalurbano\/emprendimientos-con-sello-local-que-se-potencian\/\"},\"wordCount\":207,\"publisher\":{\"@id\":\"https:\/\/experienciadevida.com.ar\/portalurbano\/#organization\"},\"articleSection\":[\"Ciudad\"],\"inLanguage\":\"es\"},{\"@type\":\"WebPage\",\"@id\":\"https:\/\/experienciadevida.com.ar\/portalurbano\/emprendimientos-con-sello-local-que-se-potencian\/\",\"url\":\"https:\/\/experienciadevida.com.ar\/portalurbano\/emprendimientos-con-sello-local-que-se-potencian\/\",\"name\":\"Emprendimientos con sello local que se potencian\",\"isPartOf\":{\"@id\":\"https:\/\/experienciadevida.com.ar\/portalurbano\/#website\"},\"datePublished\":\"2022-03-26T15:04:28+00:00\",\"dateModified\":\"2022-03-26T15:05:00+00:00\",\"description\":\"Emprendimientos con sello local que se potencian, en el marco del calendario de visitas peri\u00f3dicas con la finalidad de impulsar y fortalecer\",\"breadcrumb\":{\"@id\":\"https:\/\/experienciadevida.com.ar\/portalurbano\/emprendimientos-con-sello-local-que-se-potencian\/#breadcrumb\"},\"inLanguage\":\"es\",\"potentialAction\":[{\"@type\":\"ReadAction\",\"target\":[\"https:\/\/experienciadevida.com.ar\/portalurbano\/emprendimientos-con-sello-local-que-se-potencian\/\"]}]},{\"@type\":\"BreadcrumbList\",\"@id\":\"https:\/\/experienciadevida.com.ar\/portalurbano\/emprendimientos-con-sello-local-que-se-potencian\/#breadcrumb\",\"itemListElement\":[{\"@type\":\"ListItem\",\"position\":1,\"name\":\"Portada\",\"item\":\"https:\/\/experienciadevida.com.ar\/portalurbano\/\"},{\"@type\":\"ListItem\",\"position\":2,\"name\":\"Emprendimientos con sello local que se potencian\"}]},{\"@type\":\"WebSite\",\"@id\":\"https:\/\/experienciadevida.com.ar\/portalurbano\/#website\",\"url\":\"https:\/\/experienciadevida.com.ar\/portalurbano\/\",\"name\":\"\",\"description\":\"\",\"publisher\":{\"@id\":\"https:\/\/experienciadevida.com.ar\/portalurbano\/#organization\"},\"potentialAction\":[{\"@type\":\"SearchAction\",\"target\":{\"@type\":\"EntryPoint\",\"urlTemplate\":\"https:\/\/experienciadevida.com.ar\/portalurbano\/?s={search_term_string}\"},\"query-input\":\"required name=search_term_string\"}],\"inLanguage\":\"es\"},{\"@type\":\"Organization\",\"@id\":\"https:\/\/experienciadevida.com.ar\/portalurbano\/#organization\",\"name\":\"Portal Urbano\",\"url\":\"https:\/\/experienciadevida.com.ar\/portalurbano\/\",\"logo\":{\"@type\":\"ImageObject\",\"inLanguage\":\"es\",\"@id\":\"https:\/\/experienciadevida.com.ar\/portalurbano\/#\/schema\/logo\/image\/\",\"url\":\"https:\/\/experienciadevida.com.ar\/portalurbano\/wp-content\/uploads\/2019\/09\/Logo-Original.png\",\"contentUrl\":\"https:\/\/experienciadevida.com.ar\/portalurbano\/wp-content\/uploads\/2019\/09\/Logo-Original.png\",\"width\":2236,\"height\":1216,\"caption\":\"Portal Urbano\"},\"image\":{\"@id\":\"https:\/\/experienciadevida.com.ar\/portalurbano\/#\/schema\/logo\/image\/\"},\"sameAs\":[\"https:\/\/www.facebook.com\/Portal-Urbano-171542830093757\/\",\"https:\/\/twitter.com\/portalurbanook\",\"https:\/\/www.instagram.com\/_portalurbano\/\",\"https:\/\/www.youtube.com\/channel\/UCXhagIfszH8KxFiOok79zbA?view_as=subscriber\"]},{\"@type\":\"Person\",\"@id\":\"https:\/\/experienciadevida.com.ar\/portalurbano\/#\/schema\/person\/02dd326b1c4b056e9cc972486934a3a7\",\"name\":\"admpu17wp\",\"image\":{\"@type\":\"ImageObject\",\"inLanguage\":\"es\",\"@id\":\"https:\/\/experienciadevida.com.ar\/portalurbano\/#\/schema\/person\/image\/\",\"url\":\"https:\/\/secure.gravatar.com\/avatar\/830d4c57adaae6630765e449a6908047?s=96&d=mm&r=g\",\"contentUrl\":\"https:\/\/secure.gravatar.com\/avatar\/830d4c57adaae6630765e449a6908047?s=96&d=mm&r=g\",\"caption\":\"admpu17wp\"}}]}<\/script>\n<!-- \/ Yoast SEO plugin. -->","yoast_head_json":{"title":"Emprendimientos con sello local que se potencian","description":"Emprendimientos con sello local que se potencian, en el marco del calendario de visitas peri\u00f3dicas con la finalidad de impulsar y fortalecer","robots":{"index":"index","follow":"follow","max-snippet":"max-snippet:-1","max-image-preview":"max-image-preview:large","max-video-preview":"max-video-preview:-1"},"canonical":"https:\/\/experienciadevida.com.ar\/portalurbano\/emprendimientos-con-sello-local-que-se-potencian\/","og_locale":"es_ES","og_type":"article","og_title":"Emprendimientos con sello local que se potencian","og_description":"Emprendimientos con sello local que se potencian, en el marco del calendario de visitas peri\u00f3dicas con la finalidad de impulsar y fortalecer","og_url":"https:\/\/experienciadevida.com.ar\/portalurbano\/emprendimientos-con-sello-local-que-se-potencian\/","article_publisher":"https:\/\/www.facebook.com\/Portal-Urbano-171542830093757\/","article_published_time":"2022-03-26T15:04:28+00:00","article_modified_time":"2022-03-26T15:05:00+00:00","og_image":[{"width":1270,"height":1280,"url":"https:\/\/experienciadevida.com.ar\/portalurbano\/wp-content\/uploads\/2022\/03\/Emprendimientos-con-sello-local.jpg","type":"image\/jpeg"}],"author":"admpu17wp","twitter_card":"summary_large_image","twitter_creator":"@portalurbanook","twitter_site":"@portalurbanook","twitter_misc":{"Escrito por":"admpu17wp","Tiempo de lectura":"2 minutos"},"schema":{"@context":"https:\/\/schema.org","@graph":[{"@type":"Article","@id":"https:\/\/experienciadevida.com.ar\/portalurbano\/emprendimientos-con-sello-local-que-se-potencian\/#article","isPartOf":{"@id":"https:\/\/experienciadevida.com.ar\/portalurbano\/emprendimientos-con-sello-local-que-se-potencian\/"},"author":{"name":"admpu17wp","@id":"https:\/\/experienciadevida.com.ar\/portalurbano\/#\/schema\/person\/02dd326b1c4b056e9cc972486934a3a7"},"headline":"Emprendimientos con sello local que se potencian","datePublished":"2022-03-26T15:04:28+00:00","dateModified":"2022-03-26T15:05:00+00:00","mainEntityOfPage":{"@id":"https:\/\/experienciadevida.com.ar\/portalurbano\/emprendimientos-con-sello-local-que-se-potencian\/"},"wordCount":207,"publisher":{"@id":"https:\/\/experienciadevida.com.ar\/portalurbano\/#organization"},"articleSection":["Ciudad"],"inLanguage":"es"},{"@type":"WebPage","@id":"https:\/\/experienciadevida.com.ar\/portalurbano\/emprendimientos-con-sello-local-que-se-potencian\/","url":"https:\/\/experienciadevida.com.ar\/portalurbano\/emprendimientos-con-sello-local-que-se-potencian\/","name":"Emprendimientos con sello local que se potencian","isPartOf":{"@id":"https:\/\/experienciadevida.com.ar\/portalurbano\/#website"},"datePublished":"2022-03-26T15:04:28+00:00","dateModified":"2022-03-26T15:05:00+00:00","description":"Emprendimientos con sello local que se potencian, en el marco del calendario de visitas peri\u00f3dicas con la finalidad de impulsar y fortalecer","breadcrumb":{"@id":"https:\/\/experienciadevida.com.ar\/portalurbano\/emprendimientos-con-sello-local-que-se-potencian\/#breadcrumb"},"inLanguage":"es","potentialAction":[{"@type":"ReadAction","target":["https:\/\/experienciadevida.com.ar\/portalurbano\/emprendimientos-con-sello-local-que-se-potencian\/"]}]},{"@type":"BreadcrumbList","@id":"https:\/\/experienciadevida.com.ar\/portalurbano\/emprendimientos-con-sello-local-que-se-potencian\/#breadcrumb","itemListElement":[{"@type":"ListItem","position":1,"name":"Portada","item":"https:\/\/experienciadevida.com.ar\/portalurbano\/"},{"@type":"ListItem","position":2,"name":"Emprendimientos con sello local que se potencian"}]},{"@type":"WebSite","@id":"https:\/\/experienciadevida.com.ar\/portalurbano\/#website","url":"https:\/\/experienciadevida.com.ar\/portalurbano\/","name":"","description":"","publisher":{"@id":"https:\/\/experienciadevida.com.ar\/portalurbano\/#organization"},"potentialAction":[{"@type":"SearchAction","target":{"@type":"EntryPoint","urlTemplate":"https:\/\/experienciadevida.com.ar\/portalurbano\/?s={search_term_string}"},"query-input":"required name=search_term_string"}],"inLanguage":"es"},{"@type":"Organization","@id":"https:\/\/experienciadevida.com.ar\/portalurbano\/#organization","name":"Portal Urbano","url":"https:\/\/experienciadevida.com.ar\/portalurbano\/","logo":{"@type":"ImageObject","inLanguage":"es","@id":"https:\/\/experienciadevida.com.ar\/portalurbano\/#\/schema\/logo\/image\/","url":"https:\/\/experienciadevida.com.ar\/portalurbano\/wp-content\/uploads\/2019\/09\/Logo-Original.png","contentUrl":"https:\/\/experienciadevida.com.ar\/portalurbano\/wp-content\/uploads\/2019\/09\/Logo-Original.png","width":2236,"height":1216,"caption":"Portal Urbano"},"image":{"@id":"https:\/\/experienciadevida.com.ar\/portalurbano\/#\/schema\/logo\/image\/"},"sameAs":["https:\/\/www.facebook.com\/Portal-Urbano-171542830093757\/","https:\/\/twitter.com\/portalurbanook","https:\/\/www.instagram.com\/_portalurbano\/","https:\/\/www.youtube.com\/channel\/UCXhagIfszH8KxFiOok79zbA?view_as=subscriber"]},{"@type":"Person","@id":"https:\/\/experienciadevida.com.ar\/portalurbano\/#\/schema\/person\/02dd326b1c4b056e9cc972486934a3a7","name":"admpu17wp","image":{"@type":"ImageObject","inLanguage":"es","@id":"https:\/\/experienciadevida.com.ar\/portalurbano\/#\/schema\/person\/image\/","url":"https:\/\/secure.gravatar.com\/avatar\/830d4c57adaae6630765e449a6908047?s=96&d=mm&r=g","contentUrl":"https:\/\/secure.gravatar.com\/avatar\/830d4c57adaae6630765e449a6908047?s=96&d=mm&r=g","caption":"admpu17wp"}}]}},"featured_image_urls":{"full":["https:\/\/experienciadevida.com.ar\/portalurbano\/wp-content\/uploads\/2022\/03\/Emprendimientos-con-sello-local.jpg",1270,1280,false],"thumbnail":["https:\/\/experienciadevida.com.ar\/portalurbano\/wp-content\/uploads\/2022\/03\/Emprendimientos-con-sello-local-150x150.jpg",150,150,true],"medium":["https:\/\/experienciadevida.com.ar\/portalurbano\/wp-content\/uploads\/2022\/03\/Emprendimientos-con-sello-local-298x300.jpg",298,300,true],"medium_large":["https:\/\/experienciadevida.com.ar\/portalurbano\/wp-content\/uploads\/2022\/03\/Emprendimientos-con-sello-local-768x774.jpg",640,645,true],"large":["https:\/\/experienciadevida.com.ar\/portalurbano\/wp-content\/uploads\/2022\/03\/Emprendimientos-con-sello-local-1016x1024.jpg",640,645,true],"ug_big":["https:\/\/experienciadevida.com.ar\/portalurbano\/wp-content\/uploads\/2022\/03\/Emprendimientos-con-sello-local-762x768.jpg",762,768,true],"1536x1536":["https:\/\/experienciadevida.com.ar\/portalurbano\/wp-content\/uploads\/2022\/03\/Emprendimientos-con-sello-local.jpg",1270,1280,false],"2048x2048":["https:\/\/experienciadevida.com.ar\/portalurbano\/wp-content\/uploads\/2022\/03\/Emprendimientos-con-sello-local.jpg",1270,1280,false],"newsever-slider-full":["https:\/\/experienciadevida.com.ar\/portalurbano\/wp-content\/uploads\/2022\/03\/Emprendimientos-con-sello-local.jpg",838,845,false],"newsever-featured":["https:\/\/experienciadevida.com.ar\/portalurbano\/wp-content\/uploads\/2022\/03\/Emprendimientos-con-sello-local.jpg",1024,1032,false],"newsever-medium":["https:\/\/experienciadevida.com.ar\/portalurbano\/wp-content\/uploads\/2022\/03\/Emprendimientos-con-sello-local.jpg",471,475,false],"web-stories-poster-portrait":["https:\/\/experienciadevida.com.ar\/portalurbano\/wp-content\/uploads\/2022\/03\/Emprendimientos-con-sello-local.jpg",640,645,false],"web-stories-publisher-logo":["https:\/\/experienciadevida.com.ar\/portalurbano\/wp-content\/uploads\/2022\/03\/Emprendimientos-con-sello-local.jpg",96,96,false],"web-stories-thumbnail":["https:\/\/experienciadevida.com.ar\/portalurbano\/wp-content\/uploads\/2022\/03\/Emprendimientos-con-sello-local.jpg",150,151,false]},"author_info":{"display_name":"admpu17wp","author_link":"https:\/\/experienciadevida.com.ar\/portalurbano\/author\/admpu17wp\/"},"category_info":"<a href=\"https:\/\/experienciadevida.com.ar\/portalurbano\/category\/ciudad\/\" rel=\"category tag\">Ciudad<\/a>","tag_info":"Ciudad","comment_count":"0","amp_enabled":true,"_links":{"self":[{"href":"https:\/\/experienciadevida.com.ar\/portalurbano\/wp-json\/wp\/v2\/posts\/164191"}],"collection":[{"href":"https:\/\/experienciadevida.com.ar\/portalurbano\/wp-json\/wp\/v2\/posts"}],"about":[{"href":"https:\/\/experienciadevida.com.ar\/portalurbano\/wp-json\/wp\/v2\/types\/post"}],"author":[{"embeddable":true,"href":"https:\/\/experienciadevida.com.ar\/portalurbano\/wp-json\/wp\/v2\/users\/1"}],"replies":[{"embeddable":true,"href":"https:\/\/experienciadevida.com.ar\/portalurbano\/wp-json\/wp\/v2\/comments?post=164191"}],"version-history":[{"count":2,"href":"https:\/\/experienciadevida.com.ar\/portalurbano\/wp-json\/wp\/v2\/posts\/164191\/revisions"}],"predecessor-version":[{"id":164196,"href":"https:\/\/experienciadevida.com.ar\/portalurbano\/wp-json\/wp\/v2\/posts\/164191\/revisions\/164196"}],"wp:featuredmedia":[{"embeddable":true,"href":"https:\/\/experienciadevida.com.ar\/portalurbano\/wp-json\/wp\/v2\/media\/164192"}],"wp:attachment":[{"href":"https:\/\/experienciadevida.com.ar\/portalurbano\/wp-json\/wp\/v2\/media?parent=164191"}],"wp:term":[{"taxonomy":"category","embeddable":true,"href":"https:\/\/experienciadevida.com.ar\/portalurbano\/wp-json\/wp\/v2\/categories?post=164191"},{"taxonomy":"post_tag","embeddable":true,"href":"https:\/\/experienciadevida.com.ar\/portalurbano\/wp-json\/wp\/v2\/tags?post=164191"}],"curies":[{"name":"wp","href":"https:\/\/api.w.org\/{rel}","templated":true}]}}