{"id":164142,"date":"2022-03-25T19:45:41","date_gmt":"2022-03-25T22:45:41","guid":{"rendered":"https:\/\/experienciadevida.com.ar\/portalurbano\/?p=164142"},"modified":"2022-03-25T19:51:36","modified_gmt":"2022-03-25T22:51:36","slug":"se-encuentra-abierta-la-inscripcion-a-los-cursos-upami-2022","status":"publish","type":"post","link":"https:\/\/experienciadevida.com.ar\/portalurbano\/se-encuentra-abierta-la-inscripcion-a-los-cursos-upami-2022\/","title":{"rendered":"Se encuentra abierta la inscripci\u00f3n a los Cursos UPAMI 2022"},"content":{"rendered":"<p>Se encuentra abierta la inscripci\u00f3n a los Cursos UPAMI 2022, se trata de los cursos para personas mayores afiliadas a PAMI. La inscripci\u00f3n se realiza en la p\u00e1gina comunidad.pami.org.ar.<\/p>\n<p><a href=\"https:\/\/experienciadevida.com.ar\/portalurbano\/se-encuentra-abierta-la-inscripcion-a-los-cursos-upami-2022\/se-encuentra\/\" rel=\"attachment wp-att-164146\"><img decoding=\"async\" class=\"alignnone size-large wp-image-164146\" src=\"https:\/\/experienciadevida.com.ar\/portalurbano\/wp-content\/uploads\/2022\/03\/Se-encuentra-1024x634.jpg\" alt=\"Se encuentra\" width=\"900\" height=\"557\" srcset=\"https:\/\/experienciadevida.com.ar\/portalurbano\/wp-content\/uploads\/2022\/03\/Se-encuentra-1024x634.jpg 1024w, https:\/\/experienciadevida.com.ar\/portalurbano\/wp-content\/uploads\/2022\/03\/Se-encuentra-300x186.jpg 300w, https:\/\/experienciadevida.com.ar\/portalurbano\/wp-content\/uploads\/2022\/03\/Se-encuentra-768x475.jpg 768w, https:\/\/experienciadevida.com.ar\/portalurbano\/wp-content\/uploads\/2022\/03\/Se-encuentra.jpg 1280w\" sizes=\"(max-width: 900px) 100vw, 900px\" \/><\/a><\/p>\n<p>Los cursos son gratuitos y comienzan la primera semana de abril en tres modalidades: presencial, virtual y mixta. El primer cuatrimestre se cursar\u00e1 en abril, mayo y junio. Adem\u00e1s de las clases virtuales se implementar\u00e1n cuatro sedes presenciales: el <a href=\"https:\/\/www.facebook.com\/CCUOlavarria\">Centro Cultural Universitario<\/a>, Sala de Inform\u00e1tica de la Facultad de <a href=\"https:\/\/www.facebook.com\/facultadcienciassociales.unicen\">Ciencias Sociales<\/a>, Auditorio de <a href=\"https:\/\/www.facebook.com\/FIO.UNICEN\">Facultad de Ingenier\u00eda<\/a> y Centro de Jubilados de Hinojo.<\/p>\n<p>UPAMI es un programa integral que crea un espacio universitario para los adultos mayores, con el objetivo de promover el crecimiento personal, mejorar la calidad de vida y hacer efectiva la igualdad de oportunidades para el desarrollo de valores culturales y vocacionales.<br \/>\nEste programa es implementado en Olavarr\u00eda por la Universidad Nacional del Centro en coordinaci\u00f3n con PAMI. La coordinaci\u00f3n universitaria se encuentra a cargo del Licenciado Leonardo Yunger.<\/p>\n<p>Para m\u00e1s informaci\u00f3n, consultas y asesoramiento para la inscripci\u00f3n, pueden comunicarse con UPAMI Olavarria UNICEN:<br \/>\nWhatsapp: 2284-717867<br \/>\nFacebook: Upami Olavarria Unicen<br \/>\nCentro Cultural Universitario. San Mart\u00edn 1955 (9 a 17 hs.)<\/p>\n<p>CURSOS, MODALIDAD, HORARIOS Y LUGARES<\/p>\n<p>CURSO: Las musas en casa. Las historias de nuestros objetos.<br \/>\nDocente: Maribel Garcia<br \/>\nModalidad: Presencial y Virtual.<br \/>\nComisi\u00f3n 1. Virtual. Google Meet. Mi\u00e9rcoles 15 hs. Inicia 6 de abril<br \/>\nComisi\u00f3n 2. Virtual. Whatsapp y Google Meet. Viernes 15 hs. Inicia 8 de abril<br \/>\nComisi\u00f3n 3. Presencial. Centro de jubilados de Hinojo. Jueves 15 hs. Inicia 7 de abril<\/p>\n<p>CURSO: Periodistas en la pr\u00e1ctica<br \/>\nDocente: Eliseo D\u00edaz<br \/>\nModalidad: Virtual. Google Meet<br \/>\nInicio de clases: 5 de abril<br \/>\nD\u00eda y horario: Martes 10 a 12 hs.<\/p>\n<p>CURSO: Taller de Podcast. \u201cQueremos hablar\u201d.<br \/>\nDocente: Trinidad Petreigne<br \/>\nModalidad: Virtual. Google Meet y Whatsapp<br \/>\nInicio de clases: 5 de abril<br \/>\nD\u00eda y horario: Martes 19 a 21 hs.<\/p>\n<p>CURSO: Soberan\u00eda Alimentaria<br \/>\nDocente: Erika Rodr\u00edguez<br \/>\nModalidad: Virtual. Google Meet y Whatsapp<br \/>\nInicio de clases: 7 de abril<br \/>\nD\u00eda y horario: Jueves 17 hs.<\/p>\n<p>CURSO: Internet y Redes Sociales<br \/>\nDocente: F\u00e1tima Higuera<br \/>\nModalidad: Presencial<br \/>\nInicio de clases: 7 de abril<br \/>\nD\u00eda y horario: Jueves 14 hs<br \/>\nLugar: Sala de inform\u00e1tica. Facultad de Ciencias Sociales<\/p>\n<p>CURSO: Taller de Teatro<br \/>\nDocente: Silvia Fari\u00f1a<br \/>\nModalidad: Mixta. Clases virtuales y clases presenciales<br \/>\nClases virtuales: Lunes 13: 30 hs. Google Meet<br \/>\nClases presenciales: Mi\u00e9rcoles 19: 30 hs. Auditorio de Facultad de Ingenier\u00eda.<br \/>\nInicio de clases: 4 de abril<\/p>\n<p>CURSO: Estimulaci\u00f3n Cognitiva.<br \/>\nDocente: Magali Coronel<br \/>\nModalidad: Mixta. Clases presenciales y clases virtuales alternadas semanalmente.<br \/>\nComisi\u00f3n 1: Lunes 14 hs. 1ra y 3ra semana del mes clases presenciales.<br \/>\nComisi\u00f3n 2: Mi\u00e9rcoles 14 hs. 1ra y 3ra semana del mes clases presenciales.<br \/>\nLugar: Centro Cultural Universitario. San Martin 1955<br \/>\nInicio de clases: 4 de abril<\/p>\n<p>CURSO: Comunicaci\u00f3n Consciente<br \/>\nDocente: Manso Lucrecia<br \/>\nModalidad: Mixta. Clases virtuales y clases presenciales alternadas semanalmente.<br \/>\nInicio de clases: 5 de abril<br \/>\nD\u00eda y horario: Martes 14 a 16 hs.<br \/>\nLugar: Centro Cultural Universitario. San Mart\u00edn 1955<\/p>\n<p>CURSO: Franc\u00e9s Inicial<br \/>\nDocente: Erika Ippolito<br \/>\nModalidad: Mixta. Clases virtuales y clases presenciales alternadas semanalmente<br \/>\nInicio de clases: 7 de abril.<br \/>\nD\u00eda y horario: Jueves 16 a 18 hs.<br \/>\nLugar: Centro Cultural Universitario. San Mart\u00edn 1955<\/p>\n<p>CURSO: Taller de idioma ruso<br \/>\nDocente: Guillermo del Zotto<br \/>\nModalidad: mixta<br \/>\nInicio de clases: 8 de abril<br \/>\nD\u00eda y horario: Viernes 17 hs<br \/>\nLugar: Centro Cultural Universitario. San Martin 1955<\/p>\n<p>CURSO: Arte, vida y reciclado<br \/>\nDocente: Ver\u00f3nica D\u00edaz Toledo<br \/>\nModalidad: Presencial<br \/>\nInicio de clases: 7 de abril<br \/>\nD\u00eda y horario: Jueves 14 hs.<br \/>\nLugar: Centro Cultural Universitario. San Martin 1955<\/p>\n<p><a href=\"https:\/\/experienciadevida.com.ar\/portalurbano\/se-encuentra-abierta-la-inscripcion-a-los-cursos-upami-2022\/abierta\/\" rel=\"attachment wp-att-164147\"><img decoding=\"async\" class=\"alignnone size-large wp-image-164147\" src=\"https:\/\/experienciadevida.com.ar\/portalurbano\/wp-content\/uploads\/2022\/03\/abierta-1024x644.jpg\" alt=\"abierta \" width=\"900\" height=\"566\" srcset=\"https:\/\/experienciadevida.com.ar\/portalurbano\/wp-content\/uploads\/2022\/03\/abierta-1024x644.jpg 1024w, https:\/\/experienciadevida.com.ar\/portalurbano\/wp-content\/uploads\/2022\/03\/abierta-300x189.jpg 300w, https:\/\/experienciadevida.com.ar\/portalurbano\/wp-content\/uploads\/2022\/03\/abierta-768x483.jpg 768w, https:\/\/experienciadevida.com.ar\/portalurbano\/wp-content\/uploads\/2022\/03\/abierta.jpg 1280w\" sizes=\"(max-width: 900px) 100vw, 900px\" \/><\/a><\/p>\n","protected":false},"excerpt":{"rendered":"<p>Se encuentra abierta la inscripci\u00f3n a los Cursos UPAMI 2022, se trata de los cursos&#8230;<\/p>\n","protected":false},"author":1,"featured_media":164143,"comment_status":"closed","ping_status":"closed","sticky":false,"template":"","format":"standard","meta":{"content-type":""},"categories":[27,51],"tags":[],"nelio_content":{"isAutoShareEnabled":false,"autoShareEndMode":"default","automationSources":{"useContentSentences":true,"useSocialTemplates":true,"useCustomSentences":false,"customSentences":[]},"followers":[1],"suggestedReferences":[],"includedReferences":[],"efiUrl":"","efiAlt":"","highlights":[]},"yoast_head":"<!-- This site is optimized with the Yoast SEO plugin v20.7 - https:\/\/yoast.com\/wordpress\/plugins\/seo\/ -->\n<title>Se encuentra abierta la inscripci\u00f3n a los cursos UPAMI 2022<\/title>\n<meta name=\"description\" content=\"Se encuentra abierta la inscripci\u00f3n a los Cursos UPAMI 2022, se trata de los cursos para personas mayores afiliadas a PAMI\" \/>\n<meta name=\"robots\" content=\"index, follow, max-snippet:-1, max-image-preview:large, max-video-preview:-1\" \/>\n<link rel=\"canonical\" href=\"https:\/\/experienciadevida.com.ar\/portalurbano\/se-encuentra-abierta-la-inscripcion-a-los-cursos-upami-2022\/\" \/>\n<meta property=\"og:locale\" content=\"es_ES\" \/>\n<meta property=\"og:type\" content=\"article\" \/>\n<meta property=\"og:title\" content=\"Se encuentra abierta la inscripci\u00f3n a los cursos UPAMI 2022\" \/>\n<meta property=\"og:description\" content=\"Se encuentra abierta la inscripci\u00f3n a los Cursos UPAMI 2022, se trata de los cursos para personas mayores afiliadas a PAMI\" \/>\n<meta property=\"og:url\" content=\"https:\/\/experienciadevida.com.ar\/portalurbano\/se-encuentra-abierta-la-inscripcion-a-los-cursos-upami-2022\/\" \/>\n<meta property=\"article:publisher\" content=\"https:\/\/www.facebook.com\/Portal-Urbano-171542830093757\/\" \/>\n<meta property=\"article:published_time\" content=\"2022-03-25T22:45:41+00:00\" \/>\n<meta property=\"article:modified_time\" content=\"2022-03-25T22:51:36+00:00\" \/>\n<meta property=\"og:image\" content=\"https:\/\/experienciadevida.com.ar\/portalurbano\/wp-content\/uploads\/2022\/03\/Se-encuentra-abierta-la.jpg\" \/>\n\t<meta property=\"og:image:width\" content=\"1280\" \/>\n\t<meta property=\"og:image:height\" content=\"820\" \/>\n\t<meta property=\"og:image:type\" content=\"image\/jpeg\" \/>\n<meta name=\"author\" content=\"admpu17wp\" \/>\n<meta name=\"twitter:card\" content=\"summary_large_image\" \/>\n<meta name=\"twitter:creator\" content=\"@portalurbanook\" \/>\n<meta name=\"twitter:site\" content=\"@portalurbanook\" \/>\n<meta name=\"twitter:label1\" content=\"Escrito por\" \/>\n\t<meta name=\"twitter:data1\" content=\"admpu17wp\" \/>\n\t<meta name=\"twitter:label2\" content=\"Tiempo de lectura\" \/>\n\t<meta name=\"twitter:data2\" content=\"4 minutos\" \/>\n<script type=\"application\/ld+json\" class=\"yoast-schema-graph\">{\"@context\":\"https:\/\/schema.org\",\"@graph\":[{\"@type\":\"Article\",\"@id\":\"https:\/\/experienciadevida.com.ar\/portalurbano\/se-encuentra-abierta-la-inscripcion-a-los-cursos-upami-2022\/#article\",\"isPartOf\":{\"@id\":\"https:\/\/experienciadevida.com.ar\/portalurbano\/se-encuentra-abierta-la-inscripcion-a-los-cursos-upami-2022\/\"},\"author\":{\"name\":\"admpu17wp\",\"@id\":\"https:\/\/experienciadevida.com.ar\/portalurbano\/#\/schema\/person\/02dd326b1c4b056e9cc972486934a3a7\"},\"headline\":\"Se encuentra abierta la inscripci\u00f3n a los Cursos UPAMI 2022\",\"datePublished\":\"2022-03-25T22:45:41+00:00\",\"dateModified\":\"2022-03-25T22:51:36+00:00\",\"mainEntityOfPage\":{\"@id\":\"https:\/\/experienciadevida.com.ar\/portalurbano\/se-encuentra-abierta-la-inscripcion-a-los-cursos-upami-2022\/\"},\"wordCount\":598,\"publisher\":{\"@id\":\"https:\/\/experienciadevida.com.ar\/portalurbano\/#organization\"},\"articleSection\":[\"Ciudad\",\"Destacadas\"],\"inLanguage\":\"es\"},{\"@type\":\"WebPage\",\"@id\":\"https:\/\/experienciadevida.com.ar\/portalurbano\/se-encuentra-abierta-la-inscripcion-a-los-cursos-upami-2022\/\",\"url\":\"https:\/\/experienciadevida.com.ar\/portalurbano\/se-encuentra-abierta-la-inscripcion-a-los-cursos-upami-2022\/\",\"name\":\"Se encuentra abierta la inscripci\u00f3n a los cursos UPAMI 2022\",\"isPartOf\":{\"@id\":\"https:\/\/experienciadevida.com.ar\/portalurbano\/#website\"},\"datePublished\":\"2022-03-25T22:45:41+00:00\",\"dateModified\":\"2022-03-25T22:51:36+00:00\",\"description\":\"Se encuentra abierta la inscripci\u00f3n a los Cursos UPAMI 2022, se trata de los cursos para personas mayores afiliadas a PAMI\",\"breadcrumb\":{\"@id\":\"https:\/\/experienciadevida.com.ar\/portalurbano\/se-encuentra-abierta-la-inscripcion-a-los-cursos-upami-2022\/#breadcrumb\"},\"inLanguage\":\"es\",\"potentialAction\":[{\"@type\":\"ReadAction\",\"target\":[\"https:\/\/experienciadevida.com.ar\/portalurbano\/se-encuentra-abierta-la-inscripcion-a-los-cursos-upami-2022\/\"]}]},{\"@type\":\"BreadcrumbList\",\"@id\":\"https:\/\/experienciadevida.com.ar\/portalurbano\/se-encuentra-abierta-la-inscripcion-a-los-cursos-upami-2022\/#breadcrumb\",\"itemListElement\":[{\"@type\":\"ListItem\",\"position\":1,\"name\":\"Portada\",\"item\":\"https:\/\/experienciadevida.com.ar\/portalurbano\/\"},{\"@type\":\"ListItem\",\"position\":2,\"name\":\"Se encuentra abierta la inscripci\u00f3n a los Cursos UPAMI 2022\"}]},{\"@type\":\"WebSite\",\"@id\":\"https:\/\/experienciadevida.com.ar\/portalurbano\/#website\",\"url\":\"https:\/\/experienciadevida.com.ar\/portalurbano\/\",\"name\":\"\",\"description\":\"\",\"publisher\":{\"@id\":\"https:\/\/experienciadevida.com.ar\/portalurbano\/#organization\"},\"potentialAction\":[{\"@type\":\"SearchAction\",\"target\":{\"@type\":\"EntryPoint\",\"urlTemplate\":\"https:\/\/experienciadevida.com.ar\/portalurbano\/?s={search_term_string}\"},\"query-input\":\"required name=search_term_string\"}],\"inLanguage\":\"es\"},{\"@type\":\"Organization\",\"@id\":\"https:\/\/experienciadevida.com.ar\/portalurbano\/#organization\",\"name\":\"Portal Urbano\",\"url\":\"https:\/\/experienciadevida.com.ar\/portalurbano\/\",\"logo\":{\"@type\":\"ImageObject\",\"inLanguage\":\"es\",\"@id\":\"https:\/\/experienciadevida.com.ar\/portalurbano\/#\/schema\/logo\/image\/\",\"url\":\"https:\/\/experienciadevida.com.ar\/portalurbano\/wp-content\/uploads\/2019\/09\/Logo-Original.png\",\"contentUrl\":\"https:\/\/experienciadevida.com.ar\/portalurbano\/wp-content\/uploads\/2019\/09\/Logo-Original.png\",\"width\":2236,\"height\":1216,\"caption\":\"Portal Urbano\"},\"image\":{\"@id\":\"https:\/\/experienciadevida.com.ar\/portalurbano\/#\/schema\/logo\/image\/\"},\"sameAs\":[\"https:\/\/www.facebook.com\/Portal-Urbano-171542830093757\/\",\"https:\/\/twitter.com\/portalurbanook\",\"https:\/\/www.instagram.com\/_portalurbano\/\",\"https:\/\/www.youtube.com\/channel\/UCXhagIfszH8KxFiOok79zbA?view_as=subscriber\"]},{\"@type\":\"Person\",\"@id\":\"https:\/\/experienciadevida.com.ar\/portalurbano\/#\/schema\/person\/02dd326b1c4b056e9cc972486934a3a7\",\"name\":\"admpu17wp\",\"image\":{\"@type\":\"ImageObject\",\"inLanguage\":\"es\",\"@id\":\"https:\/\/experienciadevida.com.ar\/portalurbano\/#\/schema\/person\/image\/\",\"url\":\"https:\/\/secure.gravatar.com\/avatar\/830d4c57adaae6630765e449a6908047?s=96&d=mm&r=g\",\"contentUrl\":\"https:\/\/secure.gravatar.com\/avatar\/830d4c57adaae6630765e449a6908047?s=96&d=mm&r=g\",\"caption\":\"admpu17wp\"}}]}<\/script>\n<!-- \/ Yoast SEO plugin. -->","yoast_head_json":{"title":"Se encuentra abierta la inscripci\u00f3n a los cursos UPAMI 2022","description":"Se encuentra abierta la inscripci\u00f3n a los Cursos UPAMI 2022, se trata de los cursos para personas mayores afiliadas a PAMI","robots":{"index":"index","follow":"follow","max-snippet":"max-snippet:-1","max-image-preview":"max-image-preview:large","max-video-preview":"max-video-preview:-1"},"canonical":"https:\/\/experienciadevida.com.ar\/portalurbano\/se-encuentra-abierta-la-inscripcion-a-los-cursos-upami-2022\/","og_locale":"es_ES","og_type":"article","og_title":"Se encuentra abierta la inscripci\u00f3n a los cursos UPAMI 2022","og_description":"Se encuentra abierta la inscripci\u00f3n a los Cursos UPAMI 2022, se trata de los cursos para personas mayores afiliadas a PAMI","og_url":"https:\/\/experienciadevida.com.ar\/portalurbano\/se-encuentra-abierta-la-inscripcion-a-los-cursos-upami-2022\/","article_publisher":"https:\/\/www.facebook.com\/Portal-Urbano-171542830093757\/","article_published_time":"2022-03-25T22:45:41+00:00","article_modified_time":"2022-03-25T22:51:36+00:00","og_image":[{"width":1280,"height":820,"url":"https:\/\/experienciadevida.com.ar\/portalurbano\/wp-content\/uploads\/2022\/03\/Se-encuentra-abierta-la.jpg","type":"image\/jpeg"}],"author":"admpu17wp","twitter_card":"summary_large_image","twitter_creator":"@portalurbanook","twitter_site":"@portalurbanook","twitter_misc":{"Escrito por":"admpu17wp","Tiempo de lectura":"4 minutos"},"schema":{"@context":"https:\/\/schema.org","@graph":[{"@type":"Article","@id":"https:\/\/experienciadevida.com.ar\/portalurbano\/se-encuentra-abierta-la-inscripcion-a-los-cursos-upami-2022\/#article","isPartOf":{"@id":"https:\/\/experienciadevida.com.ar\/portalurbano\/se-encuentra-abierta-la-inscripcion-a-los-cursos-upami-2022\/"},"author":{"name":"admpu17wp","@id":"https:\/\/experienciadevida.com.ar\/portalurbano\/#\/schema\/person\/02dd326b1c4b056e9cc972486934a3a7"},"headline":"Se encuentra abierta la inscripci\u00f3n a los Cursos UPAMI 2022","datePublished":"2022-03-25T22:45:41+00:00","dateModified":"2022-03-25T22:51:36+00:00","mainEntityOfPage":{"@id":"https:\/\/experienciadevida.com.ar\/portalurbano\/se-encuentra-abierta-la-inscripcion-a-los-cursos-upami-2022\/"},"wordCount":598,"publisher":{"@id":"https:\/\/experienciadevida.com.ar\/portalurbano\/#organization"},"articleSection":["Ciudad","Destacadas"],"inLanguage":"es"},{"@type":"WebPage","@id":"https:\/\/experienciadevida.com.ar\/portalurbano\/se-encuentra-abierta-la-inscripcion-a-los-cursos-upami-2022\/","url":"https:\/\/experienciadevida.com.ar\/portalurbano\/se-encuentra-abierta-la-inscripcion-a-los-cursos-upami-2022\/","name":"Se encuentra abierta la inscripci\u00f3n a los cursos UPAMI 2022","isPartOf":{"@id":"https:\/\/experienciadevida.com.ar\/portalurbano\/#website"},"datePublished":"2022-03-25T22:45:41+00:00","dateModified":"2022-03-25T22:51:36+00:00","description":"Se encuentra abierta la inscripci\u00f3n a los Cursos UPAMI 2022, se trata de los cursos para personas mayores afiliadas a PAMI","breadcrumb":{"@id":"https:\/\/experienciadevida.com.ar\/portalurbano\/se-encuentra-abierta-la-inscripcion-a-los-cursos-upami-2022\/#breadcrumb"},"inLanguage":"es","potentialAction":[{"@type":"ReadAction","target":["https:\/\/experienciadevida.com.ar\/portalurbano\/se-encuentra-abierta-la-inscripcion-a-los-cursos-upami-2022\/"]}]},{"@type":"BreadcrumbList","@id":"https:\/\/experienciadevida.com.ar\/portalurbano\/se-encuentra-abierta-la-inscripcion-a-los-cursos-upami-2022\/#breadcrumb","itemListElement":[{"@type":"ListItem","position":1,"name":"Portada","item":"https:\/\/experienciadevida.com.ar\/portalurbano\/"},{"@type":"ListItem","position":2,"name":"Se encuentra abierta la inscripci\u00f3n a los Cursos UPAMI 2022"}]},{"@type":"WebSite","@id":"https:\/\/experienciadevida.com.ar\/portalurbano\/#website","url":"https:\/\/experienciadevida.com.ar\/portalurbano\/","name":"","description":"","publisher":{"@id":"https:\/\/experienciadevida.com.ar\/portalurbano\/#organization"},"potentialAction":[{"@type":"SearchAction","target":{"@type":"EntryPoint","urlTemplate":"https:\/\/experienciadevida.com.ar\/portalurbano\/?s={search_term_string}"},"query-input":"required name=search_term_string"}],"inLanguage":"es"},{"@type":"Organization","@id":"https:\/\/experienciadevida.com.ar\/portalurbano\/#organization","name":"Portal Urbano","url":"https:\/\/experienciadevida.com.ar\/portalurbano\/","logo":{"@type":"ImageObject","inLanguage":"es","@id":"https:\/\/experienciadevida.com.ar\/portalurbano\/#\/schema\/logo\/image\/","url":"https:\/\/experienciadevida.com.ar\/portalurbano\/wp-content\/uploads\/2019\/09\/Logo-Original.png","contentUrl":"https:\/\/experienciadevida.com.ar\/portalurbano\/wp-content\/uploads\/2019\/09\/Logo-Original.png","width":2236,"height":1216,"caption":"Portal Urbano"},"image":{"@id":"https:\/\/experienciadevida.com.ar\/portalurbano\/#\/schema\/logo\/image\/"},"sameAs":["https:\/\/www.facebook.com\/Portal-Urbano-171542830093757\/","https:\/\/twitter.com\/portalurbanook","https:\/\/www.instagram.com\/_portalurbano\/","https:\/\/www.youtube.com\/channel\/UCXhagIfszH8KxFiOok79zbA?view_as=subscriber"]},{"@type":"Person","@id":"https:\/\/experienciadevida.com.ar\/portalurbano\/#\/schema\/person\/02dd326b1c4b056e9cc972486934a3a7","name":"admpu17wp","image":{"@type":"ImageObject","inLanguage":"es","@id":"https:\/\/experienciadevida.com.ar\/portalurbano\/#\/schema\/person\/image\/","url":"https:\/\/secure.gravatar.com\/avatar\/830d4c57adaae6630765e449a6908047?s=96&d=mm&r=g","contentUrl":"https:\/\/secure.gravatar.com\/avatar\/830d4c57adaae6630765e449a6908047?s=96&d=mm&r=g","caption":"admpu17wp"}}]}},"featured_image_urls":{"full":["https:\/\/experienciadevida.com.ar\/portalurbano\/wp-content\/uploads\/2022\/03\/Se-encuentra-abierta-la.jpg",1280,820,false],"thumbnail":["https:\/\/experienciadevida.com.ar\/portalurbano\/wp-content\/uploads\/2022\/03\/Se-encuentra-abierta-la-150x150.jpg",150,150,true],"medium":["https:\/\/experienciadevida.com.ar\/portalurbano\/wp-content\/uploads\/2022\/03\/Se-encuentra-abierta-la-300x192.jpg",300,192,true],"medium_large":["https:\/\/experienciadevida.com.ar\/portalurbano\/wp-content\/uploads\/2022\/03\/Se-encuentra-abierta-la-768x492.jpg",640,410,true],"large":["https:\/\/experienciadevida.com.ar\/portalurbano\/wp-content\/uploads\/2022\/03\/Se-encuentra-abierta-la-1024x656.jpg",640,410,true],"ug_big":["https:\/\/experienciadevida.com.ar\/portalurbano\/wp-content\/uploads\/2022\/03\/Se-encuentra-abierta-la-768x492.jpg",768,492,true],"1536x1536":["https:\/\/experienciadevida.com.ar\/portalurbano\/wp-content\/uploads\/2022\/03\/Se-encuentra-abierta-la.jpg",1280,820,false],"2048x2048":["https:\/\/experienciadevida.com.ar\/portalurbano\/wp-content\/uploads\/2022\/03\/Se-encuentra-abierta-la.jpg",1280,820,false],"newsever-slider-full":["https:\/\/experienciadevida.com.ar\/portalurbano\/wp-content\/uploads\/2022\/03\/Se-encuentra-abierta-la.jpg",1280,820,false],"newsever-featured":["https:\/\/experienciadevida.com.ar\/portalurbano\/wp-content\/uploads\/2022\/03\/Se-encuentra-abierta-la.jpg",1024,656,false],"newsever-medium":["https:\/\/experienciadevida.com.ar\/portalurbano\/wp-content\/uploads\/2022\/03\/Se-encuentra-abierta-la.jpg",720,461,false],"web-stories-poster-portrait":["https:\/\/experienciadevida.com.ar\/portalurbano\/wp-content\/uploads\/2022\/03\/Se-encuentra-abierta-la.jpg",640,410,false],"web-stories-publisher-logo":["https:\/\/experienciadevida.com.ar\/portalurbano\/wp-content\/uploads\/2022\/03\/Se-encuentra-abierta-la.jpg",96,62,false],"web-stories-thumbnail":["https:\/\/experienciadevida.com.ar\/portalurbano\/wp-content\/uploads\/2022\/03\/Se-encuentra-abierta-la.jpg",150,96,false]},"author_info":{"display_name":"admpu17wp","author_link":"https:\/\/experienciadevida.com.ar\/portalurbano\/author\/admpu17wp\/"},"category_info":"<a href=\"https:\/\/experienciadevida.com.ar\/portalurbano\/category\/ciudad\/\" rel=\"category tag\">Ciudad<\/a> <a href=\"https:\/\/experienciadevida.com.ar\/portalurbano\/category\/destacadas\/\" rel=\"category tag\">Destacadas<\/a>","tag_info":"Destacadas","comment_count":"0","amp_enabled":true,"_links":{"self":[{"href":"https:\/\/experienciadevida.com.ar\/portalurbano\/wp-json\/wp\/v2\/posts\/164142"}],"collection":[{"href":"https:\/\/experienciadevida.com.ar\/portalurbano\/wp-json\/wp\/v2\/posts"}],"about":[{"href":"https:\/\/experienciadevida.com.ar\/portalurbano\/wp-json\/wp\/v2\/types\/post"}],"author":[{"embeddable":true,"href":"https:\/\/experienciadevida.com.ar\/portalurbano\/wp-json\/wp\/v2\/users\/1"}],"replies":[{"embeddable":true,"href":"https:\/\/experienciadevida.com.ar\/portalurbano\/wp-json\/wp\/v2\/comments?post=164142"}],"version-history":[{"count":4,"href":"https:\/\/experienciadevida.com.ar\/portalurbano\/wp-json\/wp\/v2\/posts\/164142\/revisions"}],"predecessor-version":[{"id":164145,"href":"https:\/\/experienciadevida.com.ar\/portalurbano\/wp-json\/wp\/v2\/posts\/164142\/revisions\/164145"}],"wp:featuredmedia":[{"embeddable":true,"href":"https:\/\/experienciadevida.com.ar\/portalurbano\/wp-json\/wp\/v2\/media\/164143"}],"wp:attachment":[{"href":"https:\/\/experienciadevida.com.ar\/portalurbano\/wp-json\/wp\/v2\/media?parent=164142"}],"wp:term":[{"taxonomy":"category","embeddable":true,"href":"https:\/\/experienciadevida.com.ar\/portalurbano\/wp-json\/wp\/v2\/categories?post=164142"},{"taxonomy":"post_tag","embeddable":true,"href":"https:\/\/experienciadevida.com.ar\/portalurbano\/wp-json\/wp\/v2\/tags?post=164142"}],"curies":[{"name":"wp","href":"https:\/\/api.w.org\/{rel}","templated":true}]}}