{"id":164136,"date":"2022-03-25T19:39:49","date_gmt":"2022-03-25T22:39:49","guid":{"rendered":"https:\/\/experienciadevida.com.ar\/portalurbano\/?p=164136"},"modified":"2022-03-25T19:40:15","modified_gmt":"2022-03-25T22:40:15","slug":"comenzaron-las-actividades-en-territoriales-y-nidos","status":"publish","type":"post","link":"https:\/\/experienciadevida.com.ar\/portalurbano\/comenzaron-las-actividades-en-territoriales-y-nidos\/","title":{"rendered":"Comenzaron las actividades en Territoriales y Nidos"},"content":{"rendered":"<p>Comenzaron las actividades en Territoriales y Nidos, la Subsecretar\u00eda de Desarrollo Social del Municipio comenz\u00f3 con los diferentes talleres, actividades y capacitaciones que se llevan a cabo en los Servicios Territoriales N\u00ba1, N\u00b02, N\u00b04, N\u00b07 y en los Nido de Villa Magdalena y El Progreso.<\/p>\n<p>La propuesta es organizada y desarrollada de manera conjunta con Subsecretar\u00eda de Deporte y Recreaci\u00f3n, Subsecretar\u00eda de Cultura y Educaci\u00f3n y Direcci\u00f3n de Casa de Tierra y Regulaci\u00f3n Dominial del Municipio; Direcci\u00f3n General de Cultura y Educaci\u00f3n de la provincia (Centro de Formaci\u00f3n Profesional N\u00b0401, Escuelas de Terminalidad Primaria N\u00b0715 y N\u00b0702, Escuela Secundaria de Adultos CENS N\u00b0451) y dem\u00e1s organizaciones sociales, con el objetivo de ofrecer posibilidades de estudios, actividades recreativas y deportivas, capacitaciones en oficio, entre otras, a toda la comunidad.<\/p>\n<p>Las actividades son las siguientes:<\/p>\n<p>Nido El Progreso (Mitre y Calle 7)<\/p>\n<p>Programa CALLEJEADAS Se vos mismo!: Lunes a viernes de 17 a 20 horas. Informes e inscripciones: Subsecretar\u00eda de Desarrollo Social (2284-699644).<br \/>\nDirecci\u00f3n de Casa de Tierra y Regulaci\u00f3n Dominial: Viernes de 9 a 12 horas. (Primera semana de cada mes).<br \/>\nEscuela de Terminalidad Primaria N\u00b0702: Lunes, mi\u00e9rcoles y viernes de 13 a 16 horas. Informes e inscripciones: Direcci\u00f3n de Educaci\u00f3n. Primaria de J\u00f3venes y Adultos Docente Agustin Mestralet (2494013502) \u2013 Directora Escriba Carolina(15674192).<br \/>\nServicio Municipal Territorial N\u00b07 CIC (Santa F\u00e9 601 \u2013 452474)<\/p>\n<p>Taller de Montaje de Instalaciones Sanitarias (Anual): Jueves y viernes de 8:00 a 11:30 horas. Informes e inscripciones: Centro de Formaci\u00f3n Profesional N\u00b0401 (Almirante Brown N\u00ba 3000 \u2013 Tel: 421750).<br \/>\nEscuela de Terminalidad Primaria N\u00b0715: Martes, jueves y viernes de 9 a 12 horas. Informes e inscripciones: Dir. de Educaci\u00f3n Primaria de J\u00f3venes y Adultos (2284-611627).<br \/>\nTaller Empoderarte: Viernes de 9 a 11 horas. Informes e inscripciones: Servicio Municipal Territorial N\u00b07 (2284-658441).<br \/>\nPrograma CALLEJEADAS Se vos mismo!: Lunes a viernes de 17 a 20 horas. Informes e inscripciones: Subsecretar\u00eda de Desarrollo Social (2284-699644).<br \/>\nServicio Municipal Territorial N\u00b04 (Berutti 4100 \u2013 416929)<\/p>\n<p>Gimnasia Aer\u00f3bica para personas adultas: Lunes a viernes de 14 a 15 horas. Informes e inscripciones: Direcci\u00f3n de Deportes (444127), prof. Rodr\u00edguez Laura (15472370).<br \/>\nAuxiliar de Familia especializado en cuidado de ni\u00f1os (Anual): Lunes y martes de 8 a 12 horas. Informes e inscripci\u00f3n: Centro de Formaci\u00f3n Profesional N\u00b0401 (Almirante Brown N\u00ba 3000 \u2013 Tel: 421750).<br \/>\nEscuela Secundaria Adultos (CENS N\u00ba451): Martes y mi\u00e9rcoles de 13 a 17 horas. Informes e inscripciones: Directora Ruppel Claudia (15681382).<br \/>\nDirecci\u00f3n de Casa de Tierra y Regulaci\u00f3n Dominial: Jueves de 9 a 12 horas. (Primera semana de cada mes).<br \/>\nPrograma Municipal Salud Sexual y Reproductiva, Consultorio inclusivo: Lunes a viernes de 8 a 14 horas, mi\u00e9rcoles y viernes de 14 a 16 horas. Informes e inscripciones: Consultorio inclusivo (416928).<br \/>\nNido Villa Magdalena (Necochea 6030)<\/p>\n<p>Escuela de Terminalidad Primaria N\u00b0715: Lunes a viernes 16:30 a 19:30 horas. Informes e inscripciones: Direcci\u00f3n de Educaci\u00f3n Primaria de J\u00f3venes y Adultos, maestra Pola Silvana (15475910).<br \/>\nCurso de peluquer\u00eda (Anual): Lunes y martes 13 a 17 horas, mi\u00e9rcoles de 13 a 15 horas. Informes e inscripciones: Centro de Formaci\u00f3n Profesional N\u00b0401 (Almirante Brown N\u00ba 3000 \u2013 Tel: 421750).<br \/>\nDirecci\u00f3n de Casa de Tierra y Regulaci\u00f3n Dominial: Martes de 9 a 12 horas. (Primera semana de cada mes)<br \/>\nGimnasia Aer\u00f3bica para personas adutas: Mi\u00e9rcoles de 15 a 16 horas. Informes e inscripciones: Direcci\u00f3n de Deportes (444127), Prof. Rodr\u00edguez Laura (15472370).<br \/>\nServicio Municipal Territorial N\u00b01 (Fassina y Alberdi \u2013 419149)<\/p>\n<p>Taller de limpieza institucional: Lunes y martes de 14:30 a 17:00 horas. Informes e inscripciones: Centro de Formaci\u00f3n Profesional N\u00b0401 (Almirante Brown N\u00ba 3000 \u2013 Tel: 421750).<br \/>\nEscuela Orquesta: Mi\u00e9rcoles y viernes de 17 a 19 horas. Informes e inscripciones: Subsecretar\u00eda de Cultura y Educaci\u00f3n (Cnel. Su\u00e1rez 2924 \u2013 427180).<br \/>\nGu\u00edas Argentinas Asociaci\u00f3n: S\u00e1bados de 14 a 18 horas. Informes e inscripciones: Prof. Eugenia Caputo (15473476).<br \/>\nDirecci\u00f3n de Casa de Tierra y Regulaci\u00f3n Dominial: Mi\u00e9rcoles de 9 a 12 horas. (Primera semana de cada mes)<br \/>\nEscuela de Terminalidad Primaria N\u00b0715: Lunes a viernes de 13 a 16 horas. Informes e inscripciones: Direcci\u00f3n de Educaci\u00f3n Primaria de J\u00f3venes y Adultos (2284-464249).<br \/>\nPrograma CALLEJEADAS Se vos mismo!: Lunes, martes y jueves de 17 a 20 horas. Informes e inscripciones: Subsecretar\u00eda de Desarrollo Social (2284-699644).<br \/>\nServicio Municipal Territorial N\u00b02 (Av.Alberdi 2555 \u2013 418572)<\/p>\n<p>Programa CALLEJEADAS Se vos mismo!: Lunes a viernes de 17 a 20 horas. Informes e inscripciones: Subsecretar\u00eda de Desarrollo Social (2284-699644)<br \/>\nEscuela Orquesta: Lunes y viernes de 14 a 17 horas. Informes e inscripciones: Profesor Walter Salvaresqui (15673180).<br \/>\nDirecci\u00f3n de Casa de Tierra y Regulaci\u00f3n Dominial: Lunes de 9 a 12 horas. (Primera semana de cada mes)<br \/>\nEscuela de Terminalidad Primaria EPA N\u00b0702: Martes jueves de 13:30 a 16:00 horas. Informes e inscripciones: Direcci\u00f3n de Educaci\u00f3n Primaria de J\u00f3venes y Adultos. Directora Carolina Escriba (15674192).<br \/>\nTaller de Montaje de Instalaciones Sanitarias (Anual): Jueves y viernes de 8:00 a 11:30 horas. Informes e inscripciones: Centro de Formaci\u00f3n Profesional N\u00b0401 (Almirante Brown N\u00ba 3000 \u2013 Tel: 421750).<br \/>\nEscuela Secundaria Adultos (CENS N\u00ba451): Martes jueves de 13 a 17 horas. Informes e inscripciones: Directora Ruppel Claudia (15681382).<\/p>\n","protected":false},"excerpt":{"rendered":"<p>Comenzaron las actividades en Territoriales y Nidos, la Subsecretar\u00eda de Desarrollo Social del Municipio comenz\u00f3&#8230;<\/p>\n","protected":false},"author":1,"featured_media":164137,"comment_status":"closed","ping_status":"closed","sticky":false,"template":"","format":"standard","meta":{"content-type":""},"categories":[27],"tags":[],"nelio_content":{"isAutoShareEnabled":false,"autoShareEndMode":"default","automationSources":{"useContentSentences":true,"useSocialTemplates":true,"useCustomSentences":false,"customSentences":[]},"followers":[1],"suggestedReferences":[],"includedReferences":[],"efiUrl":"","efiAlt":"","highlights":[]},"yoast_head":"<!-- This site is optimized with the Yoast SEO plugin v20.7 - https:\/\/yoast.com\/wordpress\/plugins\/seo\/ -->\n<title>Comenzaron las actividades en territoriales y Nidos<\/title>\n<meta name=\"description\" content=\"Comenzaron las actividades en Territoriales y Nidos, ofrecer posibilidades de estudios, actividades recreativas y deportivas\" \/>\n<meta name=\"robots\" content=\"index, follow, max-snippet:-1, max-image-preview:large, max-video-preview:-1\" \/>\n<link rel=\"canonical\" href=\"https:\/\/experienciadevida.com.ar\/portalurbano\/comenzaron-las-actividades-en-territoriales-y-nidos\/\" \/>\n<meta property=\"og:locale\" content=\"es_ES\" \/>\n<meta property=\"og:type\" content=\"article\" \/>\n<meta property=\"og:title\" content=\"Comenzaron las actividades en territoriales y Nidos\" \/>\n<meta property=\"og:description\" content=\"Comenzaron las actividades en Territoriales y Nidos, ofrecer posibilidades de estudios, actividades recreativas y deportivas\" \/>\n<meta property=\"og:url\" content=\"https:\/\/experienciadevida.com.ar\/portalurbano\/comenzaron-las-actividades-en-territoriales-y-nidos\/\" \/>\n<meta property=\"article:publisher\" content=\"https:\/\/www.facebook.com\/Portal-Urbano-171542830093757\/\" \/>\n<meta property=\"article:published_time\" content=\"2022-03-25T22:39:49+00:00\" \/>\n<meta property=\"article:modified_time\" content=\"2022-03-25T22:40:15+00:00\" \/>\n<meta property=\"og:image\" content=\"https:\/\/experienciadevida.com.ar\/portalurbano\/wp-content\/uploads\/2022\/03\/Comenzaron-las-actividades-en.jpg\" \/>\n\t<meta property=\"og:image:width\" content=\"1024\" \/>\n\t<meta property=\"og:image:height\" content=\"682\" \/>\n\t<meta property=\"og:image:type\" content=\"image\/jpeg\" \/>\n<meta name=\"author\" content=\"admpu17wp\" \/>\n<meta name=\"twitter:card\" content=\"summary_large_image\" \/>\n<meta name=\"twitter:creator\" content=\"@portalurbanook\" \/>\n<meta name=\"twitter:site\" content=\"@portalurbanook\" \/>\n<meta name=\"twitter:label1\" content=\"Escrito por\" \/>\n\t<meta name=\"twitter:data1\" content=\"admpu17wp\" \/>\n\t<meta name=\"twitter:label2\" content=\"Tiempo de lectura\" \/>\n\t<meta name=\"twitter:data2\" content=\"4 minutos\" \/>\n<script type=\"application\/ld+json\" class=\"yoast-schema-graph\">{\"@context\":\"https:\/\/schema.org\",\"@graph\":[{\"@type\":\"Article\",\"@id\":\"https:\/\/experienciadevida.com.ar\/portalurbano\/comenzaron-las-actividades-en-territoriales-y-nidos\/#article\",\"isPartOf\":{\"@id\":\"https:\/\/experienciadevida.com.ar\/portalurbano\/comenzaron-las-actividades-en-territoriales-y-nidos\/\"},\"author\":{\"name\":\"admpu17wp\",\"@id\":\"https:\/\/experienciadevida.com.ar\/portalurbano\/#\/schema\/person\/02dd326b1c4b056e9cc972486934a3a7\"},\"headline\":\"Comenzaron las actividades en Territoriales y Nidos\",\"datePublished\":\"2022-03-25T22:39:49+00:00\",\"dateModified\":\"2022-03-25T22:40:15+00:00\",\"mainEntityOfPage\":{\"@id\":\"https:\/\/experienciadevida.com.ar\/portalurbano\/comenzaron-las-actividades-en-territoriales-y-nidos\/\"},\"wordCount\":807,\"publisher\":{\"@id\":\"https:\/\/experienciadevida.com.ar\/portalurbano\/#organization\"},\"articleSection\":[\"Ciudad\"],\"inLanguage\":\"es\"},{\"@type\":\"WebPage\",\"@id\":\"https:\/\/experienciadevida.com.ar\/portalurbano\/comenzaron-las-actividades-en-territoriales-y-nidos\/\",\"url\":\"https:\/\/experienciadevida.com.ar\/portalurbano\/comenzaron-las-actividades-en-territoriales-y-nidos\/\",\"name\":\"Comenzaron las actividades en territoriales y Nidos\",\"isPartOf\":{\"@id\":\"https:\/\/experienciadevida.com.ar\/portalurbano\/#website\"},\"datePublished\":\"2022-03-25T22:39:49+00:00\",\"dateModified\":\"2022-03-25T22:40:15+00:00\",\"description\":\"Comenzaron las actividades en Territoriales y Nidos, ofrecer posibilidades de estudios, actividades recreativas y deportivas\",\"breadcrumb\":{\"@id\":\"https:\/\/experienciadevida.com.ar\/portalurbano\/comenzaron-las-actividades-en-territoriales-y-nidos\/#breadcrumb\"},\"inLanguage\":\"es\",\"potentialAction\":[{\"@type\":\"ReadAction\",\"target\":[\"https:\/\/experienciadevida.com.ar\/portalurbano\/comenzaron-las-actividades-en-territoriales-y-nidos\/\"]}]},{\"@type\":\"BreadcrumbList\",\"@id\":\"https:\/\/experienciadevida.com.ar\/portalurbano\/comenzaron-las-actividades-en-territoriales-y-nidos\/#breadcrumb\",\"itemListElement\":[{\"@type\":\"ListItem\",\"position\":1,\"name\":\"Portada\",\"item\":\"https:\/\/experienciadevida.com.ar\/portalurbano\/\"},{\"@type\":\"ListItem\",\"position\":2,\"name\":\"Comenzaron las actividades en Territoriales y Nidos\"}]},{\"@type\":\"WebSite\",\"@id\":\"https:\/\/experienciadevida.com.ar\/portalurbano\/#website\",\"url\":\"https:\/\/experienciadevida.com.ar\/portalurbano\/\",\"name\":\"\",\"description\":\"\",\"publisher\":{\"@id\":\"https:\/\/experienciadevida.com.ar\/portalurbano\/#organization\"},\"potentialAction\":[{\"@type\":\"SearchAction\",\"target\":{\"@type\":\"EntryPoint\",\"urlTemplate\":\"https:\/\/experienciadevida.com.ar\/portalurbano\/?s={search_term_string}\"},\"query-input\":\"required name=search_term_string\"}],\"inLanguage\":\"es\"},{\"@type\":\"Organization\",\"@id\":\"https:\/\/experienciadevida.com.ar\/portalurbano\/#organization\",\"name\":\"Portal Urbano\",\"url\":\"https:\/\/experienciadevida.com.ar\/portalurbano\/\",\"logo\":{\"@type\":\"ImageObject\",\"inLanguage\":\"es\",\"@id\":\"https:\/\/experienciadevida.com.ar\/portalurbano\/#\/schema\/logo\/image\/\",\"url\":\"https:\/\/experienciadevida.com.ar\/portalurbano\/wp-content\/uploads\/2019\/09\/Logo-Original.png\",\"contentUrl\":\"https:\/\/experienciadevida.com.ar\/portalurbano\/wp-content\/uploads\/2019\/09\/Logo-Original.png\",\"width\":2236,\"height\":1216,\"caption\":\"Portal Urbano\"},\"image\":{\"@id\":\"https:\/\/experienciadevida.com.ar\/portalurbano\/#\/schema\/logo\/image\/\"},\"sameAs\":[\"https:\/\/www.facebook.com\/Portal-Urbano-171542830093757\/\",\"https:\/\/twitter.com\/portalurbanook\",\"https:\/\/www.instagram.com\/_portalurbano\/\",\"https:\/\/www.youtube.com\/channel\/UCXhagIfszH8KxFiOok79zbA?view_as=subscriber\"]},{\"@type\":\"Person\",\"@id\":\"https:\/\/experienciadevida.com.ar\/portalurbano\/#\/schema\/person\/02dd326b1c4b056e9cc972486934a3a7\",\"name\":\"admpu17wp\",\"image\":{\"@type\":\"ImageObject\",\"inLanguage\":\"es\",\"@id\":\"https:\/\/experienciadevida.com.ar\/portalurbano\/#\/schema\/person\/image\/\",\"url\":\"https:\/\/secure.gravatar.com\/avatar\/830d4c57adaae6630765e449a6908047?s=96&d=mm&r=g\",\"contentUrl\":\"https:\/\/secure.gravatar.com\/avatar\/830d4c57adaae6630765e449a6908047?s=96&d=mm&r=g\",\"caption\":\"admpu17wp\"}}]}<\/script>\n<!-- \/ Yoast SEO plugin. -->","yoast_head_json":{"title":"Comenzaron las actividades en territoriales y Nidos","description":"Comenzaron las actividades en Territoriales y Nidos, ofrecer posibilidades de estudios, actividades recreativas y deportivas","robots":{"index":"index","follow":"follow","max-snippet":"max-snippet:-1","max-image-preview":"max-image-preview:large","max-video-preview":"max-video-preview:-1"},"canonical":"https:\/\/experienciadevida.com.ar\/portalurbano\/comenzaron-las-actividades-en-territoriales-y-nidos\/","og_locale":"es_ES","og_type":"article","og_title":"Comenzaron las actividades en territoriales y Nidos","og_description":"Comenzaron las actividades en Territoriales y Nidos, ofrecer posibilidades de estudios, actividades recreativas y deportivas","og_url":"https:\/\/experienciadevida.com.ar\/portalurbano\/comenzaron-las-actividades-en-territoriales-y-nidos\/","article_publisher":"https:\/\/www.facebook.com\/Portal-Urbano-171542830093757\/","article_published_time":"2022-03-25T22:39:49+00:00","article_modified_time":"2022-03-25T22:40:15+00:00","og_image":[{"width":1024,"height":682,"url":"https:\/\/experienciadevida.com.ar\/portalurbano\/wp-content\/uploads\/2022\/03\/Comenzaron-las-actividades-en.jpg","type":"image\/jpeg"}],"author":"admpu17wp","twitter_card":"summary_large_image","twitter_creator":"@portalurbanook","twitter_site":"@portalurbanook","twitter_misc":{"Escrito por":"admpu17wp","Tiempo de lectura":"4 minutos"},"schema":{"@context":"https:\/\/schema.org","@graph":[{"@type":"Article","@id":"https:\/\/experienciadevida.com.ar\/portalurbano\/comenzaron-las-actividades-en-territoriales-y-nidos\/#article","isPartOf":{"@id":"https:\/\/experienciadevida.com.ar\/portalurbano\/comenzaron-las-actividades-en-territoriales-y-nidos\/"},"author":{"name":"admpu17wp","@id":"https:\/\/experienciadevida.com.ar\/portalurbano\/#\/schema\/person\/02dd326b1c4b056e9cc972486934a3a7"},"headline":"Comenzaron las actividades en Territoriales y Nidos","datePublished":"2022-03-25T22:39:49+00:00","dateModified":"2022-03-25T22:40:15+00:00","mainEntityOfPage":{"@id":"https:\/\/experienciadevida.com.ar\/portalurbano\/comenzaron-las-actividades-en-territoriales-y-nidos\/"},"wordCount":807,"publisher":{"@id":"https:\/\/experienciadevida.com.ar\/portalurbano\/#organization"},"articleSection":["Ciudad"],"inLanguage":"es"},{"@type":"WebPage","@id":"https:\/\/experienciadevida.com.ar\/portalurbano\/comenzaron-las-actividades-en-territoriales-y-nidos\/","url":"https:\/\/experienciadevida.com.ar\/portalurbano\/comenzaron-las-actividades-en-territoriales-y-nidos\/","name":"Comenzaron las actividades en territoriales y Nidos","isPartOf":{"@id":"https:\/\/experienciadevida.com.ar\/portalurbano\/#website"},"datePublished":"2022-03-25T22:39:49+00:00","dateModified":"2022-03-25T22:40:15+00:00","description":"Comenzaron las actividades en Territoriales y Nidos, ofrecer posibilidades de estudios, actividades recreativas y deportivas","breadcrumb":{"@id":"https:\/\/experienciadevida.com.ar\/portalurbano\/comenzaron-las-actividades-en-territoriales-y-nidos\/#breadcrumb"},"inLanguage":"es","potentialAction":[{"@type":"ReadAction","target":["https:\/\/experienciadevida.com.ar\/portalurbano\/comenzaron-las-actividades-en-territoriales-y-nidos\/"]}]},{"@type":"BreadcrumbList","@id":"https:\/\/experienciadevida.com.ar\/portalurbano\/comenzaron-las-actividades-en-territoriales-y-nidos\/#breadcrumb","itemListElement":[{"@type":"ListItem","position":1,"name":"Portada","item":"https:\/\/experienciadevida.com.ar\/portalurbano\/"},{"@type":"ListItem","position":2,"name":"Comenzaron las actividades en Territoriales y Nidos"}]},{"@type":"WebSite","@id":"https:\/\/experienciadevida.com.ar\/portalurbano\/#website","url":"https:\/\/experienciadevida.com.ar\/portalurbano\/","name":"","description":"","publisher":{"@id":"https:\/\/experienciadevida.com.ar\/portalurbano\/#organization"},"potentialAction":[{"@type":"SearchAction","target":{"@type":"EntryPoint","urlTemplate":"https:\/\/experienciadevida.com.ar\/portalurbano\/?s={search_term_string}"},"query-input":"required name=search_term_string"}],"inLanguage":"es"},{"@type":"Organization","@id":"https:\/\/experienciadevida.com.ar\/portalurbano\/#organization","name":"Portal Urbano","url":"https:\/\/experienciadevida.com.ar\/portalurbano\/","logo":{"@type":"ImageObject","inLanguage":"es","@id":"https:\/\/experienciadevida.com.ar\/portalurbano\/#\/schema\/logo\/image\/","url":"https:\/\/experienciadevida.com.ar\/portalurbano\/wp-content\/uploads\/2019\/09\/Logo-Original.png","contentUrl":"https:\/\/experienciadevida.com.ar\/portalurbano\/wp-content\/uploads\/2019\/09\/Logo-Original.png","width":2236,"height":1216,"caption":"Portal Urbano"},"image":{"@id":"https:\/\/experienciadevida.com.ar\/portalurbano\/#\/schema\/logo\/image\/"},"sameAs":["https:\/\/www.facebook.com\/Portal-Urbano-171542830093757\/","https:\/\/twitter.com\/portalurbanook","https:\/\/www.instagram.com\/_portalurbano\/","https:\/\/www.youtube.com\/channel\/UCXhagIfszH8KxFiOok79zbA?view_as=subscriber"]},{"@type":"Person","@id":"https:\/\/experienciadevida.com.ar\/portalurbano\/#\/schema\/person\/02dd326b1c4b056e9cc972486934a3a7","name":"admpu17wp","image":{"@type":"ImageObject","inLanguage":"es","@id":"https:\/\/experienciadevida.com.ar\/portalurbano\/#\/schema\/person\/image\/","url":"https:\/\/secure.gravatar.com\/avatar\/830d4c57adaae6630765e449a6908047?s=96&d=mm&r=g","contentUrl":"https:\/\/secure.gravatar.com\/avatar\/830d4c57adaae6630765e449a6908047?s=96&d=mm&r=g","caption":"admpu17wp"}}]}},"featured_image_urls":{"full":["https:\/\/experienciadevida.com.ar\/portalurbano\/wp-content\/uploads\/2022\/03\/Comenzaron-las-actividades-en.jpg",1024,682,false],"thumbnail":["https:\/\/experienciadevida.com.ar\/portalurbano\/wp-content\/uploads\/2022\/03\/Comenzaron-las-actividades-en-150x150.jpg",150,150,true],"medium":["https:\/\/experienciadevida.com.ar\/portalurbano\/wp-content\/uploads\/2022\/03\/Comenzaron-las-actividades-en-300x200.jpg",300,200,true],"medium_large":["https:\/\/experienciadevida.com.ar\/portalurbano\/wp-content\/uploads\/2022\/03\/Comenzaron-las-actividades-en-768x512.jpg",640,427,true],"large":["https:\/\/experienciadevida.com.ar\/portalurbano\/wp-content\/uploads\/2022\/03\/Comenzaron-las-actividades-en.jpg",640,426,false],"ug_big":["https:\/\/experienciadevida.com.ar\/portalurbano\/wp-content\/uploads\/2022\/03\/Comenzaron-las-actividades-en-768x512.jpg",768,512,true],"1536x1536":["https:\/\/experienciadevida.com.ar\/portalurbano\/wp-content\/uploads\/2022\/03\/Comenzaron-las-actividades-en.jpg",1024,682,false],"2048x2048":["https:\/\/experienciadevida.com.ar\/portalurbano\/wp-content\/uploads\/2022\/03\/Comenzaron-las-actividades-en.jpg",1024,682,false],"newsever-slider-full":["https:\/\/experienciadevida.com.ar\/portalurbano\/wp-content\/uploads\/2022\/03\/Comenzaron-las-actividades-en.jpg",1024,682,false],"newsever-featured":["https:\/\/experienciadevida.com.ar\/portalurbano\/wp-content\/uploads\/2022\/03\/Comenzaron-las-actividades-en.jpg",1024,682,false],"newsever-medium":["https:\/\/experienciadevida.com.ar\/portalurbano\/wp-content\/uploads\/2022\/03\/Comenzaron-las-actividades-en.jpg",713,475,false],"web-stories-poster-portrait":["https:\/\/experienciadevida.com.ar\/portalurbano\/wp-content\/uploads\/2022\/03\/Comenzaron-las-actividades-en.jpg",640,426,false],"web-stories-publisher-logo":["https:\/\/experienciadevida.com.ar\/portalurbano\/wp-content\/uploads\/2022\/03\/Comenzaron-las-actividades-en.jpg",96,64,false],"web-stories-thumbnail":["https:\/\/experienciadevida.com.ar\/portalurbano\/wp-content\/uploads\/2022\/03\/Comenzaron-las-actividades-en.jpg",150,100,false]},"author_info":{"display_name":"admpu17wp","author_link":"https:\/\/experienciadevida.com.ar\/portalurbano\/author\/admpu17wp\/"},"category_info":"<a href=\"https:\/\/experienciadevida.com.ar\/portalurbano\/category\/ciudad\/\" rel=\"category tag\">Ciudad<\/a>","tag_info":"Ciudad","comment_count":"0","amp_enabled":true,"_links":{"self":[{"href":"https:\/\/experienciadevida.com.ar\/portalurbano\/wp-json\/wp\/v2\/posts\/164136"}],"collection":[{"href":"https:\/\/experienciadevida.com.ar\/portalurbano\/wp-json\/wp\/v2\/posts"}],"about":[{"href":"https:\/\/experienciadevida.com.ar\/portalurbano\/wp-json\/wp\/v2\/types\/post"}],"author":[{"embeddable":true,"href":"https:\/\/experienciadevida.com.ar\/portalurbano\/wp-json\/wp\/v2\/users\/1"}],"replies":[{"embeddable":true,"href":"https:\/\/experienciadevida.com.ar\/portalurbano\/wp-json\/wp\/v2\/comments?post=164136"}],"version-history":[{"count":2,"href":"https:\/\/experienciadevida.com.ar\/portalurbano\/wp-json\/wp\/v2\/posts\/164136\/revisions"}],"predecessor-version":[{"id":164139,"href":"https:\/\/experienciadevida.com.ar\/portalurbano\/wp-json\/wp\/v2\/posts\/164136\/revisions\/164139"}],"wp:featuredmedia":[{"embeddable":true,"href":"https:\/\/experienciadevida.com.ar\/portalurbano\/wp-json\/wp\/v2\/media\/164137"}],"wp:attachment":[{"href":"https:\/\/experienciadevida.com.ar\/portalurbano\/wp-json\/wp\/v2\/media?parent=164136"}],"wp:term":[{"taxonomy":"category","embeddable":true,"href":"https:\/\/experienciadevida.com.ar\/portalurbano\/wp-json\/wp\/v2\/categories?post=164136"},{"taxonomy":"post_tag","embeddable":true,"href":"https:\/\/experienciadevida.com.ar\/portalurbano\/wp-json\/wp\/v2\/tags?post=164136"}],"curies":[{"name":"wp","href":"https:\/\/api.w.org\/{rel}","templated":true}]}}