{"id":164117,"date":"2022-03-25T16:50:44","date_gmt":"2022-03-25T19:50:44","guid":{"rendered":"https:\/\/experienciadevida.com.ar\/portalurbano\/?p=164117"},"modified":"2022-03-25T16:54:06","modified_gmt":"2022-03-25T19:54:06","slug":"trabajamos-en-conjunto-y-seguiremos-por-este-camino-tan-importante-para-la-salud-publica","status":"publish","type":"post","link":"https:\/\/experienciadevida.com.ar\/portalurbano\/trabajamos-en-conjunto-y-seguiremos-por-este-camino-tan-importante-para-la-salud-publica\/","title":{"rendered":"\u201cTrabajamos en conjunto y seguiremos por este camino tan importante para la salud p\u00fablica\u201d"},"content":{"rendered":"<p>\u201cTrabajamos en conjunto y seguiremos por este camino tan importante para la salud p\u00fablica\u201d, en la tarde de este viernes el intendente Ezequiel <a href=\"https:\/\/www.facebook.com\/galliezequiel\">Galli<\/a> y el rector de la UNICEN Marcelo Aba firmaron un convenio por el cual las clases de la Facultad de Salud se llevar\u00e1n a cabo en el Centro de Convenciones Olavarr\u00eda (CCO).<\/p>\n<p><a href=\"https:\/\/experienciadevida.com.ar\/portalurbano\/trabajamos-en-conjunto-y-seguiremos-por-este-camino-tan-importante-para-la-salud-publica\/trabajamos-en\/\" rel=\"attachment wp-att-164120\"><img decoding=\"async\" class=\"alignnone size-full wp-image-164120\" src=\"https:\/\/experienciadevida.com.ar\/portalurbano\/wp-content\/uploads\/2022\/03\/Trabajamos-en.jpg\" alt=\"Trabajamos en \" width=\"640\" height=\"395\" srcset=\"https:\/\/experienciadevida.com.ar\/portalurbano\/wp-content\/uploads\/2022\/03\/Trabajamos-en.jpg 640w, https:\/\/experienciadevida.com.ar\/portalurbano\/wp-content\/uploads\/2022\/03\/Trabajamos-en-300x185.jpg 300w\" sizes=\"(max-width: 640px) 100vw, 640px\" \/><\/a><\/p>\n<p>Participaron adem\u00e1s, el secretario de salud Germ\u00e1n Caputo, la vicerrectora Alicia Spinello, el decano de la Facultad de Ciencias de la Salud H\u00e9ctor Trebucq, la vicedecana Bettina Bernardelli y el ingeniero Luis Mosquera.<\/p>\n<p>\u201cPara nosotros es una ayuda enorme, por todo lo que significa. Queremos dejar el agradecimiento y esperemos que sea el menor tiempo posible\u201d, sostuvo Aba.<\/p>\n<p>Por su parte, el intendente Ezequiel Galli remarc\u00f3 que \u201cpara nosotros es una Facultad muy importante. Cuando Germ\u00e1n (Caputo) me trajo el tema no lo dud\u00e9. Siempre digo que el Centro de Convenciones ha sido una gran obra de la gesti\u00f3n de Jos\u00e9 Eseverri: hoy es un gran lugar con condiciones inmejorables para dar clases\u201d.<\/p>\n<p>A partir de la firma del convenio, se destinar\u00e1 el espacio para las clases de las carreras de Medicina y la Licenciatura en Enfermer\u00eda de la Facultad de Ciencias de la Salud, por el plazo de 10 meses desde este corriente mes de marzo.<\/p>\n<p>\u201cEs importante que desde el Municipio podamos seguir aportando para la formaci\u00f3n de los futuros profesionales. Trabajamos permanentemente en conjunto y seguiremos por este camino tan importante para la salud p\u00fablica. Me alegro mucho que puedan aprovechar el lugar, no solo por lo que significa para Olavarr\u00eda, sino tambi\u00e9n en particular para el Hospital\u201d, sostuvo el intendente Ezequiel Galli.<\/p>\n","protected":false},"excerpt":{"rendered":"<p>\u201cTrabajamos en conjunto y seguiremos por este camino tan importante para la salud p\u00fablica\u201d, en&#8230;<\/p>\n","protected":false},"author":1,"featured_media":164118,"comment_status":"closed","ping_status":"closed","sticky":false,"template":"","format":"standard","meta":{"content-type":""},"categories":[27,64],"tags":[],"nelio_content":{"isAutoShareEnabled":false,"autoShareEndMode":"default","automationSources":{"useContentSentences":true,"useSocialTemplates":true,"useCustomSentences":false,"customSentences":[]},"followers":[1],"suggestedReferences":[],"includedReferences":[],"efiUrl":"","efiAlt":"","highlights":[]},"yoast_head":"<!-- This site is optimized with the Yoast SEO plugin v20.7 - https:\/\/yoast.com\/wordpress\/plugins\/seo\/ -->\n<title>&quot;Trabajamos en conjunto y seguiremos por este camino&quot;<\/title>\n<meta name=\"description\" content=\"\u201cTrabajamos en conjunto y seguiremos por este camino tan importante para la salud p\u00fablica\u201d, las clases se har\u00e1n en Centro de Convenciones\" \/>\n<meta name=\"robots\" content=\"index, follow, max-snippet:-1, max-image-preview:large, max-video-preview:-1\" \/>\n<link rel=\"canonical\" href=\"https:\/\/experienciadevida.com.ar\/portalurbano\/trabajamos-en-conjunto-y-seguiremos-por-este-camino-tan-importante-para-la-salud-publica\/\" \/>\n<meta property=\"og:locale\" content=\"es_ES\" \/>\n<meta property=\"og:type\" content=\"article\" \/>\n<meta property=\"og:title\" content=\"&quot;Trabajamos en conjunto y seguiremos por este camino&quot;\" \/>\n<meta property=\"og:description\" content=\"\u201cTrabajamos en conjunto y seguiremos por este camino tan importante para la salud p\u00fablica\u201d, las clases se har\u00e1n en Centro de Convenciones\" \/>\n<meta property=\"og:url\" content=\"https:\/\/experienciadevida.com.ar\/portalurbano\/trabajamos-en-conjunto-y-seguiremos-por-este-camino-tan-importante-para-la-salud-publica\/\" \/>\n<meta property=\"article:publisher\" content=\"https:\/\/www.facebook.com\/Portal-Urbano-171542830093757\/\" \/>\n<meta property=\"article:published_time\" content=\"2022-03-25T19:50:44+00:00\" \/>\n<meta property=\"article:modified_time\" content=\"2022-03-25T19:54:06+00:00\" \/>\n<meta property=\"og:image\" content=\"https:\/\/experienciadevida.com.ar\/portalurbano\/wp-content\/uploads\/2022\/03\/Trabajamos-en-conjunto-y.jpg\" \/>\n\t<meta property=\"og:image:width\" content=\"640\" \/>\n\t<meta property=\"og:image:height\" content=\"371\" \/>\n\t<meta property=\"og:image:type\" content=\"image\/jpeg\" \/>\n<meta name=\"author\" content=\"admpu17wp\" \/>\n<meta name=\"twitter:card\" content=\"summary_large_image\" \/>\n<meta name=\"twitter:creator\" content=\"@portalurbanook\" \/>\n<meta name=\"twitter:site\" content=\"@portalurbanook\" \/>\n<meta name=\"twitter:label1\" content=\"Escrito por\" \/>\n\t<meta name=\"twitter:data1\" content=\"admpu17wp\" \/>\n\t<meta name=\"twitter:label2\" content=\"Tiempo de lectura\" \/>\n\t<meta name=\"twitter:data2\" content=\"2 minutos\" \/>\n<script type=\"application\/ld+json\" class=\"yoast-schema-graph\">{\"@context\":\"https:\/\/schema.org\",\"@graph\":[{\"@type\":\"Article\",\"@id\":\"https:\/\/experienciadevida.com.ar\/portalurbano\/trabajamos-en-conjunto-y-seguiremos-por-este-camino-tan-importante-para-la-salud-publica\/#article\",\"isPartOf\":{\"@id\":\"https:\/\/experienciadevida.com.ar\/portalurbano\/trabajamos-en-conjunto-y-seguiremos-por-este-camino-tan-importante-para-la-salud-publica\/\"},\"author\":{\"name\":\"admpu17wp\",\"@id\":\"https:\/\/experienciadevida.com.ar\/portalurbano\/#\/schema\/person\/02dd326b1c4b056e9cc972486934a3a7\"},\"headline\":\"\u201cTrabajamos en conjunto y seguiremos por este camino tan importante para la salud p\u00fablica\u201d\",\"datePublished\":\"2022-03-25T19:50:44+00:00\",\"dateModified\":\"2022-03-25T19:54:06+00:00\",\"mainEntityOfPage\":{\"@id\":\"https:\/\/experienciadevida.com.ar\/portalurbano\/trabajamos-en-conjunto-y-seguiremos-por-este-camino-tan-importante-para-la-salud-publica\/\"},\"wordCount\":299,\"publisher\":{\"@id\":\"https:\/\/experienciadevida.com.ar\/portalurbano\/#organization\"},\"articleSection\":[\"Ciudad\",\"Destacadas 2\"],\"inLanguage\":\"es\"},{\"@type\":\"WebPage\",\"@id\":\"https:\/\/experienciadevida.com.ar\/portalurbano\/trabajamos-en-conjunto-y-seguiremos-por-este-camino-tan-importante-para-la-salud-publica\/\",\"url\":\"https:\/\/experienciadevida.com.ar\/portalurbano\/trabajamos-en-conjunto-y-seguiremos-por-este-camino-tan-importante-para-la-salud-publica\/\",\"name\":\"\\\"Trabajamos en conjunto y seguiremos por este camino\\\"\",\"isPartOf\":{\"@id\":\"https:\/\/experienciadevida.com.ar\/portalurbano\/#website\"},\"datePublished\":\"2022-03-25T19:50:44+00:00\",\"dateModified\":\"2022-03-25T19:54:06+00:00\",\"description\":\"\u201cTrabajamos en conjunto y seguiremos por este camino tan importante para la salud p\u00fablica\u201d, las clases se har\u00e1n en Centro de Convenciones\",\"breadcrumb\":{\"@id\":\"https:\/\/experienciadevida.com.ar\/portalurbano\/trabajamos-en-conjunto-y-seguiremos-por-este-camino-tan-importante-para-la-salud-publica\/#breadcrumb\"},\"inLanguage\":\"es\",\"potentialAction\":[{\"@type\":\"ReadAction\",\"target\":[\"https:\/\/experienciadevida.com.ar\/portalurbano\/trabajamos-en-conjunto-y-seguiremos-por-este-camino-tan-importante-para-la-salud-publica\/\"]}]},{\"@type\":\"BreadcrumbList\",\"@id\":\"https:\/\/experienciadevida.com.ar\/portalurbano\/trabajamos-en-conjunto-y-seguiremos-por-este-camino-tan-importante-para-la-salud-publica\/#breadcrumb\",\"itemListElement\":[{\"@type\":\"ListItem\",\"position\":1,\"name\":\"Portada\",\"item\":\"https:\/\/experienciadevida.com.ar\/portalurbano\/\"},{\"@type\":\"ListItem\",\"position\":2,\"name\":\"\u201cTrabajamos en conjunto y seguiremos por este camino tan importante para la salud p\u00fablica\u201d\"}]},{\"@type\":\"WebSite\",\"@id\":\"https:\/\/experienciadevida.com.ar\/portalurbano\/#website\",\"url\":\"https:\/\/experienciadevida.com.ar\/portalurbano\/\",\"name\":\"\",\"description\":\"\",\"publisher\":{\"@id\":\"https:\/\/experienciadevida.com.ar\/portalurbano\/#organization\"},\"potentialAction\":[{\"@type\":\"SearchAction\",\"target\":{\"@type\":\"EntryPoint\",\"urlTemplate\":\"https:\/\/experienciadevida.com.ar\/portalurbano\/?s={search_term_string}\"},\"query-input\":\"required name=search_term_string\"}],\"inLanguage\":\"es\"},{\"@type\":\"Organization\",\"@id\":\"https:\/\/experienciadevida.com.ar\/portalurbano\/#organization\",\"name\":\"Portal Urbano\",\"url\":\"https:\/\/experienciadevida.com.ar\/portalurbano\/\",\"logo\":{\"@type\":\"ImageObject\",\"inLanguage\":\"es\",\"@id\":\"https:\/\/experienciadevida.com.ar\/portalurbano\/#\/schema\/logo\/image\/\",\"url\":\"https:\/\/experienciadevida.com.ar\/portalurbano\/wp-content\/uploads\/2019\/09\/Logo-Original.png\",\"contentUrl\":\"https:\/\/experienciadevida.com.ar\/portalurbano\/wp-content\/uploads\/2019\/09\/Logo-Original.png\",\"width\":2236,\"height\":1216,\"caption\":\"Portal Urbano\"},\"image\":{\"@id\":\"https:\/\/experienciadevida.com.ar\/portalurbano\/#\/schema\/logo\/image\/\"},\"sameAs\":[\"https:\/\/www.facebook.com\/Portal-Urbano-171542830093757\/\",\"https:\/\/twitter.com\/portalurbanook\",\"https:\/\/www.instagram.com\/_portalurbano\/\",\"https:\/\/www.youtube.com\/channel\/UCXhagIfszH8KxFiOok79zbA?view_as=subscriber\"]},{\"@type\":\"Person\",\"@id\":\"https:\/\/experienciadevida.com.ar\/portalurbano\/#\/schema\/person\/02dd326b1c4b056e9cc972486934a3a7\",\"name\":\"admpu17wp\",\"image\":{\"@type\":\"ImageObject\",\"inLanguage\":\"es\",\"@id\":\"https:\/\/experienciadevida.com.ar\/portalurbano\/#\/schema\/person\/image\/\",\"url\":\"https:\/\/secure.gravatar.com\/avatar\/830d4c57adaae6630765e449a6908047?s=96&d=mm&r=g\",\"contentUrl\":\"https:\/\/secure.gravatar.com\/avatar\/830d4c57adaae6630765e449a6908047?s=96&d=mm&r=g\",\"caption\":\"admpu17wp\"}}]}<\/script>\n<!-- \/ Yoast SEO plugin. -->","yoast_head_json":{"title":"\"Trabajamos en conjunto y seguiremos por este camino\"","description":"\u201cTrabajamos en conjunto y seguiremos por este camino tan importante para la salud p\u00fablica\u201d, las clases se har\u00e1n en Centro de Convenciones","robots":{"index":"index","follow":"follow","max-snippet":"max-snippet:-1","max-image-preview":"max-image-preview:large","max-video-preview":"max-video-preview:-1"},"canonical":"https:\/\/experienciadevida.com.ar\/portalurbano\/trabajamos-en-conjunto-y-seguiremos-por-este-camino-tan-importante-para-la-salud-publica\/","og_locale":"es_ES","og_type":"article","og_title":"\"Trabajamos en conjunto y seguiremos por este camino\"","og_description":"\u201cTrabajamos en conjunto y seguiremos por este camino tan importante para la salud p\u00fablica\u201d, las clases se har\u00e1n en Centro de Convenciones","og_url":"https:\/\/experienciadevida.com.ar\/portalurbano\/trabajamos-en-conjunto-y-seguiremos-por-este-camino-tan-importante-para-la-salud-publica\/","article_publisher":"https:\/\/www.facebook.com\/Portal-Urbano-171542830093757\/","article_published_time":"2022-03-25T19:50:44+00:00","article_modified_time":"2022-03-25T19:54:06+00:00","og_image":[{"width":640,"height":371,"url":"https:\/\/experienciadevida.com.ar\/portalurbano\/wp-content\/uploads\/2022\/03\/Trabajamos-en-conjunto-y.jpg","type":"image\/jpeg"}],"author":"admpu17wp","twitter_card":"summary_large_image","twitter_creator":"@portalurbanook","twitter_site":"@portalurbanook","twitter_misc":{"Escrito por":"admpu17wp","Tiempo de lectura":"2 minutos"},"schema":{"@context":"https:\/\/schema.org","@graph":[{"@type":"Article","@id":"https:\/\/experienciadevida.com.ar\/portalurbano\/trabajamos-en-conjunto-y-seguiremos-por-este-camino-tan-importante-para-la-salud-publica\/#article","isPartOf":{"@id":"https:\/\/experienciadevida.com.ar\/portalurbano\/trabajamos-en-conjunto-y-seguiremos-por-este-camino-tan-importante-para-la-salud-publica\/"},"author":{"name":"admpu17wp","@id":"https:\/\/experienciadevida.com.ar\/portalurbano\/#\/schema\/person\/02dd326b1c4b056e9cc972486934a3a7"},"headline":"\u201cTrabajamos en conjunto y seguiremos por este camino tan importante para la salud p\u00fablica\u201d","datePublished":"2022-03-25T19:50:44+00:00","dateModified":"2022-03-25T19:54:06+00:00","mainEntityOfPage":{"@id":"https:\/\/experienciadevida.com.ar\/portalurbano\/trabajamos-en-conjunto-y-seguiremos-por-este-camino-tan-importante-para-la-salud-publica\/"},"wordCount":299,"publisher":{"@id":"https:\/\/experienciadevida.com.ar\/portalurbano\/#organization"},"articleSection":["Ciudad","Destacadas 2"],"inLanguage":"es"},{"@type":"WebPage","@id":"https:\/\/experienciadevida.com.ar\/portalurbano\/trabajamos-en-conjunto-y-seguiremos-por-este-camino-tan-importante-para-la-salud-publica\/","url":"https:\/\/experienciadevida.com.ar\/portalurbano\/trabajamos-en-conjunto-y-seguiremos-por-este-camino-tan-importante-para-la-salud-publica\/","name":"\"Trabajamos en conjunto y seguiremos por este camino\"","isPartOf":{"@id":"https:\/\/experienciadevida.com.ar\/portalurbano\/#website"},"datePublished":"2022-03-25T19:50:44+00:00","dateModified":"2022-03-25T19:54:06+00:00","description":"\u201cTrabajamos en conjunto y seguiremos por este camino tan importante para la salud p\u00fablica\u201d, las clases se har\u00e1n en Centro de Convenciones","breadcrumb":{"@id":"https:\/\/experienciadevida.com.ar\/portalurbano\/trabajamos-en-conjunto-y-seguiremos-por-este-camino-tan-importante-para-la-salud-publica\/#breadcrumb"},"inLanguage":"es","potentialAction":[{"@type":"ReadAction","target":["https:\/\/experienciadevida.com.ar\/portalurbano\/trabajamos-en-conjunto-y-seguiremos-por-este-camino-tan-importante-para-la-salud-publica\/"]}]},{"@type":"BreadcrumbList","@id":"https:\/\/experienciadevida.com.ar\/portalurbano\/trabajamos-en-conjunto-y-seguiremos-por-este-camino-tan-importante-para-la-salud-publica\/#breadcrumb","itemListElement":[{"@type":"ListItem","position":1,"name":"Portada","item":"https:\/\/experienciadevida.com.ar\/portalurbano\/"},{"@type":"ListItem","position":2,"name":"\u201cTrabajamos en conjunto y seguiremos por este camino tan importante para la salud p\u00fablica\u201d"}]},{"@type":"WebSite","@id":"https:\/\/experienciadevida.com.ar\/portalurbano\/#website","url":"https:\/\/experienciadevida.com.ar\/portalurbano\/","name":"","description":"","publisher":{"@id":"https:\/\/experienciadevida.com.ar\/portalurbano\/#organization"},"potentialAction":[{"@type":"SearchAction","target":{"@type":"EntryPoint","urlTemplate":"https:\/\/experienciadevida.com.ar\/portalurbano\/?s={search_term_string}"},"query-input":"required name=search_term_string"}],"inLanguage":"es"},{"@type":"Organization","@id":"https:\/\/experienciadevida.com.ar\/portalurbano\/#organization","name":"Portal Urbano","url":"https:\/\/experienciadevida.com.ar\/portalurbano\/","logo":{"@type":"ImageObject","inLanguage":"es","@id":"https:\/\/experienciadevida.com.ar\/portalurbano\/#\/schema\/logo\/image\/","url":"https:\/\/experienciadevida.com.ar\/portalurbano\/wp-content\/uploads\/2019\/09\/Logo-Original.png","contentUrl":"https:\/\/experienciadevida.com.ar\/portalurbano\/wp-content\/uploads\/2019\/09\/Logo-Original.png","width":2236,"height":1216,"caption":"Portal Urbano"},"image":{"@id":"https:\/\/experienciadevida.com.ar\/portalurbano\/#\/schema\/logo\/image\/"},"sameAs":["https:\/\/www.facebook.com\/Portal-Urbano-171542830093757\/","https:\/\/twitter.com\/portalurbanook","https:\/\/www.instagram.com\/_portalurbano\/","https:\/\/www.youtube.com\/channel\/UCXhagIfszH8KxFiOok79zbA?view_as=subscriber"]},{"@type":"Person","@id":"https:\/\/experienciadevida.com.ar\/portalurbano\/#\/schema\/person\/02dd326b1c4b056e9cc972486934a3a7","name":"admpu17wp","image":{"@type":"ImageObject","inLanguage":"es","@id":"https:\/\/experienciadevida.com.ar\/portalurbano\/#\/schema\/person\/image\/","url":"https:\/\/secure.gravatar.com\/avatar\/830d4c57adaae6630765e449a6908047?s=96&d=mm&r=g","contentUrl":"https:\/\/secure.gravatar.com\/avatar\/830d4c57adaae6630765e449a6908047?s=96&d=mm&r=g","caption":"admpu17wp"}}]}},"featured_image_urls":{"full":["https:\/\/experienciadevida.com.ar\/portalurbano\/wp-content\/uploads\/2022\/03\/Trabajamos-en-conjunto-y.jpg",640,371,false],"thumbnail":["https:\/\/experienciadevida.com.ar\/portalurbano\/wp-content\/uploads\/2022\/03\/Trabajamos-en-conjunto-y-150x150.jpg",150,150,true],"medium":["https:\/\/experienciadevida.com.ar\/portalurbano\/wp-content\/uploads\/2022\/03\/Trabajamos-en-conjunto-y-300x174.jpg",300,174,true],"medium_large":["https:\/\/experienciadevida.com.ar\/portalurbano\/wp-content\/uploads\/2022\/03\/Trabajamos-en-conjunto-y.jpg",640,371,false],"large":["https:\/\/experienciadevida.com.ar\/portalurbano\/wp-content\/uploads\/2022\/03\/Trabajamos-en-conjunto-y.jpg",640,371,false],"ug_big":["https:\/\/experienciadevida.com.ar\/portalurbano\/wp-content\/uploads\/2022\/03\/Trabajamos-en-conjunto-y.jpg",640,371,false],"1536x1536":["https:\/\/experienciadevida.com.ar\/portalurbano\/wp-content\/uploads\/2022\/03\/Trabajamos-en-conjunto-y.jpg",640,371,false],"2048x2048":["https:\/\/experienciadevida.com.ar\/portalurbano\/wp-content\/uploads\/2022\/03\/Trabajamos-en-conjunto-y.jpg",640,371,false],"newsever-slider-full":["https:\/\/experienciadevida.com.ar\/portalurbano\/wp-content\/uploads\/2022\/03\/Trabajamos-en-conjunto-y.jpg",640,371,false],"newsever-featured":["https:\/\/experienciadevida.com.ar\/portalurbano\/wp-content\/uploads\/2022\/03\/Trabajamos-en-conjunto-y.jpg",640,371,false],"newsever-medium":["https:\/\/experienciadevida.com.ar\/portalurbano\/wp-content\/uploads\/2022\/03\/Trabajamos-en-conjunto-y.jpg",640,371,false],"web-stories-poster-portrait":["https:\/\/experienciadevida.com.ar\/portalurbano\/wp-content\/uploads\/2022\/03\/Trabajamos-en-conjunto-y.jpg",640,371,false],"web-stories-publisher-logo":["https:\/\/experienciadevida.com.ar\/portalurbano\/wp-content\/uploads\/2022\/03\/Trabajamos-en-conjunto-y.jpg",96,56,false],"web-stories-thumbnail":["https:\/\/experienciadevida.com.ar\/portalurbano\/wp-content\/uploads\/2022\/03\/Trabajamos-en-conjunto-y.jpg",150,87,false]},"author_info":{"display_name":"admpu17wp","author_link":"https:\/\/experienciadevida.com.ar\/portalurbano\/author\/admpu17wp\/"},"category_info":"<a href=\"https:\/\/experienciadevida.com.ar\/portalurbano\/category\/ciudad\/\" rel=\"category tag\">Ciudad<\/a> <a href=\"https:\/\/experienciadevida.com.ar\/portalurbano\/category\/destacadas-2\/\" rel=\"category tag\">Destacadas 2<\/a>","tag_info":"Destacadas 2","comment_count":"0","amp_enabled":true,"_links":{"self":[{"href":"https:\/\/experienciadevida.com.ar\/portalurbano\/wp-json\/wp\/v2\/posts\/164117"}],"collection":[{"href":"https:\/\/experienciadevida.com.ar\/portalurbano\/wp-json\/wp\/v2\/posts"}],"about":[{"href":"https:\/\/experienciadevida.com.ar\/portalurbano\/wp-json\/wp\/v2\/types\/post"}],"author":[{"embeddable":true,"href":"https:\/\/experienciadevida.com.ar\/portalurbano\/wp-json\/wp\/v2\/users\/1"}],"replies":[{"embeddable":true,"href":"https:\/\/experienciadevida.com.ar\/portalurbano\/wp-json\/wp\/v2\/comments?post=164117"}],"version-history":[{"count":2,"href":"https:\/\/experienciadevida.com.ar\/portalurbano\/wp-json\/wp\/v2\/posts\/164117\/revisions"}],"predecessor-version":[{"id":164121,"href":"https:\/\/experienciadevida.com.ar\/portalurbano\/wp-json\/wp\/v2\/posts\/164117\/revisions\/164121"}],"wp:featuredmedia":[{"embeddable":true,"href":"https:\/\/experienciadevida.com.ar\/portalurbano\/wp-json\/wp\/v2\/media\/164118"}],"wp:attachment":[{"href":"https:\/\/experienciadevida.com.ar\/portalurbano\/wp-json\/wp\/v2\/media?parent=164117"}],"wp:term":[{"taxonomy":"category","embeddable":true,"href":"https:\/\/experienciadevida.com.ar\/portalurbano\/wp-json\/wp\/v2\/categories?post=164117"},{"taxonomy":"post_tag","embeddable":true,"href":"https:\/\/experienciadevida.com.ar\/portalurbano\/wp-json\/wp\/v2\/tags?post=164117"}],"curies":[{"name":"wp","href":"https:\/\/api.w.org\/{rel}","templated":true}]}}