{"id":164077,"date":"2022-03-24T20:51:42","date_gmt":"2022-03-24T23:51:42","guid":{"rendered":"https:\/\/experienciadevida.com.ar\/portalurbano\/?p=164077"},"modified":"2022-03-24T20:54:41","modified_gmt":"2022-03-24T23:54:41","slug":"mas-de-9-mil-kilos-de-basura-electronica-en-la-primera-campana-de-recoleccion-de-2022","status":"publish","type":"post","link":"https:\/\/experienciadevida.com.ar\/portalurbano\/mas-de-9-mil-kilos-de-basura-electronica-en-la-primera-campana-de-recoleccion-de-2022\/","title":{"rendered":"M\u00e1s de 9 mil kilos de basura electr\u00f3nica en la primera campa\u00f1a de recolecci\u00f3n de 2022"},"content":{"rendered":"<p>M\u00e1s de 9 mil kilos de basura electr\u00f3nica en la primera campa\u00f1a de recolecci\u00f3n de 2022, se desarroll\u00f3 con \u00e9xito la primera campa\u00f1a del a\u00f1o de recolecci\u00f3n de de RAEEs (Residuos de Aparatos El\u00e9ctricos y Electr\u00f3nicos) com\u00fanmente denominados Basura Electr\u00f3nica.<\/p>\n<p>Dicha jornada tuvo lugar este martes en el Ecopunto del Parque Avellaneda. En esta ocasi\u00f3n se recaud\u00f3 un total de 9.760 kg de basura electr\u00f3nica (alrededor de dos camiones). Cabe destacar que, si bien en volumen se registr\u00f3 una menor densidad que en campa\u00f1as anteriores, se observ\u00f3 que los residuos corresponden a art\u00edculos m\u00e1s actuales en cuanto a tecnolog\u00eda (por ejemplo, en esta ocasi\u00f3n se recaudaron smart TVs en mayor proporci\u00f3n que televisores de tubo). Esto da cuenta que la comunidad ha respondido a cada campa\u00f1a (desde su inicio) de forma exitosa, y ya no se registra acumulaci\u00f3n de basura electr\u00f3nica.<\/p>\n<p>Sobre el total de RAEEs que completan la recaudaci\u00f3n de la campa\u00f1a del martes, se detallan: 45 impresoras, 68 monitores, 45 televisores, 99 CPU, 54 teclados, 33 art\u00edculos varios (total: 344 art\u00edculos).<\/p>\n<p>Se recuerda que este tipo de campa\u00f1as se enmarcan en el Programa DRTD (Disposici\u00f3n y Reutilizaci\u00f3n de Tecnolog\u00edas en Desuso) del Ministerio de Justicia, que tiene como objetivo principal el reciclado de aquellos aparatos o equipos electr\u00f3nicos de consumo que est\u00e1n da\u00f1ados o ya no son utilizados, para as\u00ed mitigar los da\u00f1os que producen estos residuos al ambiente.<\/p>\n<p>Para m\u00e1s informaci\u00f3n comunicarse con la Direcci\u00f3n de Desarrollo Sustentable al 412600. Facebook e Instagram: Desarrollo Sustentable Olavarr\u00eda.<\/p>\n","protected":false},"excerpt":{"rendered":"<p>M\u00e1s de 9 mil kilos de basura electr\u00f3nica en la primera campa\u00f1a de recolecci\u00f3n de&#8230;<\/p>\n","protected":false},"author":1,"featured_media":164078,"comment_status":"closed","ping_status":"closed","sticky":false,"template":"","format":"standard","meta":{"content-type":""},"categories":[27,64],"tags":[],"nelio_content":{"isAutoShareEnabled":false,"autoShareEndMode":"default","automationSources":{"useContentSentences":true,"useSocialTemplates":true,"useCustomSentences":false,"customSentences":[]},"followers":[1],"suggestedReferences":[],"includedReferences":[],"efiUrl":"","efiAlt":"","highlights":[]},"yoast_head":"<!-- This site is optimized with the Yoast SEO plugin v20.7 - https:\/\/yoast.com\/wordpress\/plugins\/seo\/ -->\n<title>M\u00e1s de 9 mil kilos de basura electr\u00f3nica en la primera campa\u00f1a<\/title>\n<meta name=\"description\" content=\"M\u00e1s de 9 mil kilos de basura electr\u00f3nica en la primera campa\u00f1a de recolecci\u00f3n de 2022, se desarroll\u00f3 con \u00e9xito la campa\u00f1a\" \/>\n<meta name=\"robots\" content=\"index, follow, max-snippet:-1, max-image-preview:large, max-video-preview:-1\" \/>\n<link rel=\"canonical\" href=\"https:\/\/experienciadevida.com.ar\/portalurbano\/mas-de-9-mil-kilos-de-basura-electronica-en-la-primera-campana-de-recoleccion-de-2022\/\" \/>\n<meta property=\"og:locale\" content=\"es_ES\" \/>\n<meta property=\"og:type\" content=\"article\" \/>\n<meta property=\"og:title\" content=\"M\u00e1s de 9 mil kilos de basura electr\u00f3nica en la primera campa\u00f1a\" \/>\n<meta property=\"og:description\" content=\"M\u00e1s de 9 mil kilos de basura electr\u00f3nica en la primera campa\u00f1a de recolecci\u00f3n de 2022, se desarroll\u00f3 con \u00e9xito la campa\u00f1a\" \/>\n<meta property=\"og:url\" content=\"https:\/\/experienciadevida.com.ar\/portalurbano\/mas-de-9-mil-kilos-de-basura-electronica-en-la-primera-campana-de-recoleccion-de-2022\/\" \/>\n<meta property=\"article:publisher\" content=\"https:\/\/www.facebook.com\/Portal-Urbano-171542830093757\/\" \/>\n<meta property=\"article:published_time\" content=\"2022-03-24T23:51:42+00:00\" \/>\n<meta property=\"article:modified_time\" content=\"2022-03-24T23:54:41+00:00\" \/>\n<meta property=\"og:image\" content=\"https:\/\/experienciadevida.com.ar\/portalurbano\/wp-content\/uploads\/2022\/03\/Mas-de-9-mil.jpg\" \/>\n\t<meta property=\"og:image:width\" content=\"1772\" \/>\n\t<meta property=\"og:image:height\" content=\"1181\" \/>\n\t<meta property=\"og:image:type\" content=\"image\/jpeg\" \/>\n<meta name=\"author\" content=\"admpu17wp\" \/>\n<meta name=\"twitter:card\" content=\"summary_large_image\" \/>\n<meta name=\"twitter:creator\" content=\"@portalurbanook\" \/>\n<meta name=\"twitter:site\" content=\"@portalurbanook\" \/>\n<meta name=\"twitter:label1\" content=\"Escrito por\" \/>\n\t<meta name=\"twitter:data1\" content=\"admpu17wp\" \/>\n\t<meta name=\"twitter:label2\" content=\"Tiempo de lectura\" \/>\n\t<meta name=\"twitter:data2\" content=\"2 minutos\" \/>\n<script type=\"application\/ld+json\" class=\"yoast-schema-graph\">{\"@context\":\"https:\/\/schema.org\",\"@graph\":[{\"@type\":\"Article\",\"@id\":\"https:\/\/experienciadevida.com.ar\/portalurbano\/mas-de-9-mil-kilos-de-basura-electronica-en-la-primera-campana-de-recoleccion-de-2022\/#article\",\"isPartOf\":{\"@id\":\"https:\/\/experienciadevida.com.ar\/portalurbano\/mas-de-9-mil-kilos-de-basura-electronica-en-la-primera-campana-de-recoleccion-de-2022\/\"},\"author\":{\"name\":\"admpu17wp\",\"@id\":\"https:\/\/experienciadevida.com.ar\/portalurbano\/#\/schema\/person\/02dd326b1c4b056e9cc972486934a3a7\"},\"headline\":\"M\u00e1s de 9 mil kilos de basura electr\u00f3nica en la primera campa\u00f1a de recolecci\u00f3n de 2022\",\"datePublished\":\"2022-03-24T23:51:42+00:00\",\"dateModified\":\"2022-03-24T23:54:41+00:00\",\"mainEntityOfPage\":{\"@id\":\"https:\/\/experienciadevida.com.ar\/portalurbano\/mas-de-9-mil-kilos-de-basura-electronica-en-la-primera-campana-de-recoleccion-de-2022\/\"},\"wordCount\":294,\"publisher\":{\"@id\":\"https:\/\/experienciadevida.com.ar\/portalurbano\/#organization\"},\"articleSection\":[\"Ciudad\",\"Destacadas 2\"],\"inLanguage\":\"es\"},{\"@type\":\"WebPage\",\"@id\":\"https:\/\/experienciadevida.com.ar\/portalurbano\/mas-de-9-mil-kilos-de-basura-electronica-en-la-primera-campana-de-recoleccion-de-2022\/\",\"url\":\"https:\/\/experienciadevida.com.ar\/portalurbano\/mas-de-9-mil-kilos-de-basura-electronica-en-la-primera-campana-de-recoleccion-de-2022\/\",\"name\":\"M\u00e1s de 9 mil kilos de basura electr\u00f3nica en la primera campa\u00f1a\",\"isPartOf\":{\"@id\":\"https:\/\/experienciadevida.com.ar\/portalurbano\/#website\"},\"datePublished\":\"2022-03-24T23:51:42+00:00\",\"dateModified\":\"2022-03-24T23:54:41+00:00\",\"description\":\"M\u00e1s de 9 mil kilos de basura electr\u00f3nica en la primera campa\u00f1a de recolecci\u00f3n de 2022, se desarroll\u00f3 con \u00e9xito la campa\u00f1a\",\"breadcrumb\":{\"@id\":\"https:\/\/experienciadevida.com.ar\/portalurbano\/mas-de-9-mil-kilos-de-basura-electronica-en-la-primera-campana-de-recoleccion-de-2022\/#breadcrumb\"},\"inLanguage\":\"es\",\"potentialAction\":[{\"@type\":\"ReadAction\",\"target\":[\"https:\/\/experienciadevida.com.ar\/portalurbano\/mas-de-9-mil-kilos-de-basura-electronica-en-la-primera-campana-de-recoleccion-de-2022\/\"]}]},{\"@type\":\"BreadcrumbList\",\"@id\":\"https:\/\/experienciadevida.com.ar\/portalurbano\/mas-de-9-mil-kilos-de-basura-electronica-en-la-primera-campana-de-recoleccion-de-2022\/#breadcrumb\",\"itemListElement\":[{\"@type\":\"ListItem\",\"position\":1,\"name\":\"Portada\",\"item\":\"https:\/\/experienciadevida.com.ar\/portalurbano\/\"},{\"@type\":\"ListItem\",\"position\":2,\"name\":\"M\u00e1s de 9 mil kilos de basura electr\u00f3nica en la primera campa\u00f1a de recolecci\u00f3n de 2022\"}]},{\"@type\":\"WebSite\",\"@id\":\"https:\/\/experienciadevida.com.ar\/portalurbano\/#website\",\"url\":\"https:\/\/experienciadevida.com.ar\/portalurbano\/\",\"name\":\"\",\"description\":\"\",\"publisher\":{\"@id\":\"https:\/\/experienciadevida.com.ar\/portalurbano\/#organization\"},\"potentialAction\":[{\"@type\":\"SearchAction\",\"target\":{\"@type\":\"EntryPoint\",\"urlTemplate\":\"https:\/\/experienciadevida.com.ar\/portalurbano\/?s={search_term_string}\"},\"query-input\":\"required name=search_term_string\"}],\"inLanguage\":\"es\"},{\"@type\":\"Organization\",\"@id\":\"https:\/\/experienciadevida.com.ar\/portalurbano\/#organization\",\"name\":\"Portal Urbano\",\"url\":\"https:\/\/experienciadevida.com.ar\/portalurbano\/\",\"logo\":{\"@type\":\"ImageObject\",\"inLanguage\":\"es\",\"@id\":\"https:\/\/experienciadevida.com.ar\/portalurbano\/#\/schema\/logo\/image\/\",\"url\":\"https:\/\/experienciadevida.com.ar\/portalurbano\/wp-content\/uploads\/2019\/09\/Logo-Original.png\",\"contentUrl\":\"https:\/\/experienciadevida.com.ar\/portalurbano\/wp-content\/uploads\/2019\/09\/Logo-Original.png\",\"width\":2236,\"height\":1216,\"caption\":\"Portal Urbano\"},\"image\":{\"@id\":\"https:\/\/experienciadevida.com.ar\/portalurbano\/#\/schema\/logo\/image\/\"},\"sameAs\":[\"https:\/\/www.facebook.com\/Portal-Urbano-171542830093757\/\",\"https:\/\/twitter.com\/portalurbanook\",\"https:\/\/www.instagram.com\/_portalurbano\/\",\"https:\/\/www.youtube.com\/channel\/UCXhagIfszH8KxFiOok79zbA?view_as=subscriber\"]},{\"@type\":\"Person\",\"@id\":\"https:\/\/experienciadevida.com.ar\/portalurbano\/#\/schema\/person\/02dd326b1c4b056e9cc972486934a3a7\",\"name\":\"admpu17wp\",\"image\":{\"@type\":\"ImageObject\",\"inLanguage\":\"es\",\"@id\":\"https:\/\/experienciadevida.com.ar\/portalurbano\/#\/schema\/person\/image\/\",\"url\":\"https:\/\/secure.gravatar.com\/avatar\/830d4c57adaae6630765e449a6908047?s=96&d=mm&r=g\",\"contentUrl\":\"https:\/\/secure.gravatar.com\/avatar\/830d4c57adaae6630765e449a6908047?s=96&d=mm&r=g\",\"caption\":\"admpu17wp\"}}]}<\/script>\n<!-- \/ Yoast SEO plugin. -->","yoast_head_json":{"title":"M\u00e1s de 9 mil kilos de basura electr\u00f3nica en la primera campa\u00f1a","description":"M\u00e1s de 9 mil kilos de basura electr\u00f3nica en la primera campa\u00f1a de recolecci\u00f3n de 2022, se desarroll\u00f3 con \u00e9xito la campa\u00f1a","robots":{"index":"index","follow":"follow","max-snippet":"max-snippet:-1","max-image-preview":"max-image-preview:large","max-video-preview":"max-video-preview:-1"},"canonical":"https:\/\/experienciadevida.com.ar\/portalurbano\/mas-de-9-mil-kilos-de-basura-electronica-en-la-primera-campana-de-recoleccion-de-2022\/","og_locale":"es_ES","og_type":"article","og_title":"M\u00e1s de 9 mil kilos de basura electr\u00f3nica en la primera campa\u00f1a","og_description":"M\u00e1s de 9 mil kilos de basura electr\u00f3nica en la primera campa\u00f1a de recolecci\u00f3n de 2022, se desarroll\u00f3 con \u00e9xito la campa\u00f1a","og_url":"https:\/\/experienciadevida.com.ar\/portalurbano\/mas-de-9-mil-kilos-de-basura-electronica-en-la-primera-campana-de-recoleccion-de-2022\/","article_publisher":"https:\/\/www.facebook.com\/Portal-Urbano-171542830093757\/","article_published_time":"2022-03-24T23:51:42+00:00","article_modified_time":"2022-03-24T23:54:41+00:00","og_image":[{"width":1772,"height":1181,"url":"https:\/\/experienciadevida.com.ar\/portalurbano\/wp-content\/uploads\/2022\/03\/Mas-de-9-mil.jpg","type":"image\/jpeg"}],"author":"admpu17wp","twitter_card":"summary_large_image","twitter_creator":"@portalurbanook","twitter_site":"@portalurbanook","twitter_misc":{"Escrito por":"admpu17wp","Tiempo de lectura":"2 minutos"},"schema":{"@context":"https:\/\/schema.org","@graph":[{"@type":"Article","@id":"https:\/\/experienciadevida.com.ar\/portalurbano\/mas-de-9-mil-kilos-de-basura-electronica-en-la-primera-campana-de-recoleccion-de-2022\/#article","isPartOf":{"@id":"https:\/\/experienciadevida.com.ar\/portalurbano\/mas-de-9-mil-kilos-de-basura-electronica-en-la-primera-campana-de-recoleccion-de-2022\/"},"author":{"name":"admpu17wp","@id":"https:\/\/experienciadevida.com.ar\/portalurbano\/#\/schema\/person\/02dd326b1c4b056e9cc972486934a3a7"},"headline":"M\u00e1s de 9 mil kilos de basura electr\u00f3nica en la primera campa\u00f1a de recolecci\u00f3n de 2022","datePublished":"2022-03-24T23:51:42+00:00","dateModified":"2022-03-24T23:54:41+00:00","mainEntityOfPage":{"@id":"https:\/\/experienciadevida.com.ar\/portalurbano\/mas-de-9-mil-kilos-de-basura-electronica-en-la-primera-campana-de-recoleccion-de-2022\/"},"wordCount":294,"publisher":{"@id":"https:\/\/experienciadevida.com.ar\/portalurbano\/#organization"},"articleSection":["Ciudad","Destacadas 2"],"inLanguage":"es"},{"@type":"WebPage","@id":"https:\/\/experienciadevida.com.ar\/portalurbano\/mas-de-9-mil-kilos-de-basura-electronica-en-la-primera-campana-de-recoleccion-de-2022\/","url":"https:\/\/experienciadevida.com.ar\/portalurbano\/mas-de-9-mil-kilos-de-basura-electronica-en-la-primera-campana-de-recoleccion-de-2022\/","name":"M\u00e1s de 9 mil kilos de basura electr\u00f3nica en la primera campa\u00f1a","isPartOf":{"@id":"https:\/\/experienciadevida.com.ar\/portalurbano\/#website"},"datePublished":"2022-03-24T23:51:42+00:00","dateModified":"2022-03-24T23:54:41+00:00","description":"M\u00e1s de 9 mil kilos de basura electr\u00f3nica en la primera campa\u00f1a de recolecci\u00f3n de 2022, se desarroll\u00f3 con \u00e9xito la campa\u00f1a","breadcrumb":{"@id":"https:\/\/experienciadevida.com.ar\/portalurbano\/mas-de-9-mil-kilos-de-basura-electronica-en-la-primera-campana-de-recoleccion-de-2022\/#breadcrumb"},"inLanguage":"es","potentialAction":[{"@type":"ReadAction","target":["https:\/\/experienciadevida.com.ar\/portalurbano\/mas-de-9-mil-kilos-de-basura-electronica-en-la-primera-campana-de-recoleccion-de-2022\/"]}]},{"@type":"BreadcrumbList","@id":"https:\/\/experienciadevida.com.ar\/portalurbano\/mas-de-9-mil-kilos-de-basura-electronica-en-la-primera-campana-de-recoleccion-de-2022\/#breadcrumb","itemListElement":[{"@type":"ListItem","position":1,"name":"Portada","item":"https:\/\/experienciadevida.com.ar\/portalurbano\/"},{"@type":"ListItem","position":2,"name":"M\u00e1s de 9 mil kilos de basura electr\u00f3nica en la primera campa\u00f1a de recolecci\u00f3n de 2022"}]},{"@type":"WebSite","@id":"https:\/\/experienciadevida.com.ar\/portalurbano\/#website","url":"https:\/\/experienciadevida.com.ar\/portalurbano\/","name":"","description":"","publisher":{"@id":"https:\/\/experienciadevida.com.ar\/portalurbano\/#organization"},"potentialAction":[{"@type":"SearchAction","target":{"@type":"EntryPoint","urlTemplate":"https:\/\/experienciadevida.com.ar\/portalurbano\/?s={search_term_string}"},"query-input":"required name=search_term_string"}],"inLanguage":"es"},{"@type":"Organization","@id":"https:\/\/experienciadevida.com.ar\/portalurbano\/#organization","name":"Portal Urbano","url":"https:\/\/experienciadevida.com.ar\/portalurbano\/","logo":{"@type":"ImageObject","inLanguage":"es","@id":"https:\/\/experienciadevida.com.ar\/portalurbano\/#\/schema\/logo\/image\/","url":"https:\/\/experienciadevida.com.ar\/portalurbano\/wp-content\/uploads\/2019\/09\/Logo-Original.png","contentUrl":"https:\/\/experienciadevida.com.ar\/portalurbano\/wp-content\/uploads\/2019\/09\/Logo-Original.png","width":2236,"height":1216,"caption":"Portal Urbano"},"image":{"@id":"https:\/\/experienciadevida.com.ar\/portalurbano\/#\/schema\/logo\/image\/"},"sameAs":["https:\/\/www.facebook.com\/Portal-Urbano-171542830093757\/","https:\/\/twitter.com\/portalurbanook","https:\/\/www.instagram.com\/_portalurbano\/","https:\/\/www.youtube.com\/channel\/UCXhagIfszH8KxFiOok79zbA?view_as=subscriber"]},{"@type":"Person","@id":"https:\/\/experienciadevida.com.ar\/portalurbano\/#\/schema\/person\/02dd326b1c4b056e9cc972486934a3a7","name":"admpu17wp","image":{"@type":"ImageObject","inLanguage":"es","@id":"https:\/\/experienciadevida.com.ar\/portalurbano\/#\/schema\/person\/image\/","url":"https:\/\/secure.gravatar.com\/avatar\/830d4c57adaae6630765e449a6908047?s=96&d=mm&r=g","contentUrl":"https:\/\/secure.gravatar.com\/avatar\/830d4c57adaae6630765e449a6908047?s=96&d=mm&r=g","caption":"admpu17wp"}}]}},"featured_image_urls":{"full":["https:\/\/experienciadevida.com.ar\/portalurbano\/wp-content\/uploads\/2022\/03\/Mas-de-9-mil.jpg",1772,1181,false],"thumbnail":["https:\/\/experienciadevida.com.ar\/portalurbano\/wp-content\/uploads\/2022\/03\/Mas-de-9-mil-150x150.jpg",150,150,true],"medium":["https:\/\/experienciadevida.com.ar\/portalurbano\/wp-content\/uploads\/2022\/03\/Mas-de-9-mil-300x200.jpg",300,200,true],"medium_large":["https:\/\/experienciadevida.com.ar\/portalurbano\/wp-content\/uploads\/2022\/03\/Mas-de-9-mil-768x512.jpg",640,427,true],"large":["https:\/\/experienciadevida.com.ar\/portalurbano\/wp-content\/uploads\/2022\/03\/Mas-de-9-mil-1024x682.jpg",640,426,true],"ug_big":["https:\/\/experienciadevida.com.ar\/portalurbano\/wp-content\/uploads\/2022\/03\/Mas-de-9-mil-768x512.jpg",768,512,true],"1536x1536":["https:\/\/experienciadevida.com.ar\/portalurbano\/wp-content\/uploads\/2022\/03\/Mas-de-9-mil-1536x1024.jpg",1536,1024,true],"2048x2048":["https:\/\/experienciadevida.com.ar\/portalurbano\/wp-content\/uploads\/2022\/03\/Mas-de-9-mil.jpg",1772,1181,false],"newsever-slider-full":["https:\/\/experienciadevida.com.ar\/portalurbano\/wp-content\/uploads\/2022\/03\/Mas-de-9-mil.jpg",1268,845,false],"newsever-featured":["https:\/\/experienciadevida.com.ar\/portalurbano\/wp-content\/uploads\/2022\/03\/Mas-de-9-mil.jpg",1024,682,false],"newsever-medium":["https:\/\/experienciadevida.com.ar\/portalurbano\/wp-content\/uploads\/2022\/03\/Mas-de-9-mil.jpg",713,475,false],"web-stories-poster-portrait":["https:\/\/experienciadevida.com.ar\/portalurbano\/wp-content\/uploads\/2022\/03\/Mas-de-9-mil.jpg",640,427,false],"web-stories-publisher-logo":["https:\/\/experienciadevida.com.ar\/portalurbano\/wp-content\/uploads\/2022\/03\/Mas-de-9-mil.jpg",96,64,false],"web-stories-thumbnail":["https:\/\/experienciadevida.com.ar\/portalurbano\/wp-content\/uploads\/2022\/03\/Mas-de-9-mil.jpg",150,100,false]},"author_info":{"display_name":"admpu17wp","author_link":"https:\/\/experienciadevida.com.ar\/portalurbano\/author\/admpu17wp\/"},"category_info":"<a href=\"https:\/\/experienciadevida.com.ar\/portalurbano\/category\/ciudad\/\" rel=\"category tag\">Ciudad<\/a> <a href=\"https:\/\/experienciadevida.com.ar\/portalurbano\/category\/destacadas-2\/\" rel=\"category tag\">Destacadas 2<\/a>","tag_info":"Destacadas 2","comment_count":"0","amp_enabled":true,"_links":{"self":[{"href":"https:\/\/experienciadevida.com.ar\/portalurbano\/wp-json\/wp\/v2\/posts\/164077"}],"collection":[{"href":"https:\/\/experienciadevida.com.ar\/portalurbano\/wp-json\/wp\/v2\/posts"}],"about":[{"href":"https:\/\/experienciadevida.com.ar\/portalurbano\/wp-json\/wp\/v2\/types\/post"}],"author":[{"embeddable":true,"href":"https:\/\/experienciadevida.com.ar\/portalurbano\/wp-json\/wp\/v2\/users\/1"}],"replies":[{"embeddable":true,"href":"https:\/\/experienciadevida.com.ar\/portalurbano\/wp-json\/wp\/v2\/comments?post=164077"}],"version-history":[{"count":1,"href":"https:\/\/experienciadevida.com.ar\/portalurbano\/wp-json\/wp\/v2\/posts\/164077\/revisions"}],"predecessor-version":[{"id":164079,"href":"https:\/\/experienciadevida.com.ar\/portalurbano\/wp-json\/wp\/v2\/posts\/164077\/revisions\/164079"}],"wp:featuredmedia":[{"embeddable":true,"href":"https:\/\/experienciadevida.com.ar\/portalurbano\/wp-json\/wp\/v2\/media\/164078"}],"wp:attachment":[{"href":"https:\/\/experienciadevida.com.ar\/portalurbano\/wp-json\/wp\/v2\/media?parent=164077"}],"wp:term":[{"taxonomy":"category","embeddable":true,"href":"https:\/\/experienciadevida.com.ar\/portalurbano\/wp-json\/wp\/v2\/categories?post=164077"},{"taxonomy":"post_tag","embeddable":true,"href":"https:\/\/experienciadevida.com.ar\/portalurbano\/wp-json\/wp\/v2\/tags?post=164077"}],"curies":[{"name":"wp","href":"https:\/\/api.w.org\/{rel}","templated":true}]}}