{"id":164073,"date":"2022-03-24T20:21:10","date_gmt":"2022-03-24T23:21:10","guid":{"rendered":"https:\/\/experienciadevida.com.ar\/portalurbano\/?p=164073"},"modified":"2022-03-24T20:24:22","modified_gmt":"2022-03-24T23:24:22","slug":"patricia-bullrich-dara-una-charla-en-la-sociedad-de-fomento-mariano-moreno","status":"publish","type":"post","link":"https:\/\/experienciadevida.com.ar\/portalurbano\/patricia-bullrich-dara-una-charla-en-la-sociedad-de-fomento-mariano-moreno\/","title":{"rendered":"Patricia Bullrich dar\u00e1 una charla en la Sociedad de Fomento Mariano Moreno"},"content":{"rendered":"<p>Patricia Bullrich dar\u00e1 una charla en la Sociedad de Fomento Mariano Moreno, estar\u00e1 junto al Intendente de Olavarr\u00eda Ezequiel Galli este lunes 28 de marzo desde las 19 horas.<\/p>\n<p>La ex ministra de seguridad de la Naci\u00f3n Patricia Bullrich ofrecer\u00e1, junto al intendente Ezequiel Galli, este lunes 28 de marzo desde las 19 horas una charla denominada \u201cNuestras ideas para recuperar la Rep\u00fablica\u201d en la Sociedad de Fomento Mariano Moreno (Sarmiento y Espa\u00f1a).<\/p>\n<p>Desde la organizaci\u00f3n del evento indicaron que quienes quieran participar de la charla de la presidenta del PRO Argentina deber\u00e1n inscribirse en el link https:\/\/bit.ly\/PatriciaEnTuLugar<\/p>\n<p>Al respecto, el intendente Ezequiel Galli dijo que \u201cestamos viviendo un momento delicado en nuestro pa\u00eds y contar con la presencia de Patricia Bullrich en Olavarr\u00eda es un est\u00edmulo para seguir defendiendo los valores de<br \/>\nla Rep\u00fablica en nuestra ciudad y en la secci\u00f3n\u201d.<\/p>\n<p>\u201cEs de p\u00fablico conocimiento el gran trabajo que llev\u00f3 a cabo Patricia cuando estuvo al frente del Ministerio de Seguridad de la Naci\u00f3n enfrent\u00e1ndose con los narcotraficantes y por eso va a ser muy enriquecedor poder escucharla\u201d, a\u00f1adi\u00f3.<\/p>\n<p>Finalmente, Ezequiel Galli indic\u00f3 que \u201cen t\u00e9rminos pol\u00edticos es un orgullo para m\u00ed que la presidenta del PRO elija Olavarr\u00eda para dialogar con los vecinos de nuestro Partido\u201d.<\/p>\n","protected":false},"excerpt":{"rendered":"<p>Patricia Bullrich dar\u00e1 una charla en la Sociedad de Fomento Mariano Moreno, estar\u00e1 junto al&#8230;<\/p>\n","protected":false},"author":1,"featured_media":164074,"comment_status":"closed","ping_status":"closed","sticky":false,"template":"","format":"standard","meta":{"content-type":""},"categories":[27,51],"tags":[],"nelio_content":{"isAutoShareEnabled":false,"autoShareEndMode":"default","automationSources":{"useContentSentences":true,"useSocialTemplates":true,"useCustomSentences":false,"customSentences":[]},"followers":[1],"suggestedReferences":[],"includedReferences":[],"efiUrl":"","efiAlt":"","highlights":[]},"yoast_head":"<!-- This site is optimized with the Yoast SEO plugin v20.7 - https:\/\/yoast.com\/wordpress\/plugins\/seo\/ -->\n<title>Patricia Bullrich dar\u00e1 una charla en la Sociedad de Fomento Moreno<\/title>\n<meta name=\"description\" content=\"Patricia Bullrich dar\u00e1 una charla en la Sociedad de Fomento Mariano Moreno, estar\u00e1 junto al Intendente de Olavarr\u00eda Ezequiel Galli\" \/>\n<meta name=\"robots\" content=\"index, follow, max-snippet:-1, max-image-preview:large, max-video-preview:-1\" \/>\n<link rel=\"canonical\" href=\"https:\/\/experienciadevida.com.ar\/portalurbano\/patricia-bullrich-dara-una-charla-en-la-sociedad-de-fomento-mariano-moreno\/\" \/>\n<meta property=\"og:locale\" content=\"es_ES\" \/>\n<meta property=\"og:type\" content=\"article\" \/>\n<meta property=\"og:title\" content=\"Patricia Bullrich dar\u00e1 una charla en la Sociedad de Fomento Moreno\" \/>\n<meta property=\"og:description\" content=\"Patricia Bullrich dar\u00e1 una charla en la Sociedad de Fomento Mariano Moreno, estar\u00e1 junto al Intendente de Olavarr\u00eda Ezequiel Galli\" \/>\n<meta property=\"og:url\" content=\"https:\/\/experienciadevida.com.ar\/portalurbano\/patricia-bullrich-dara-una-charla-en-la-sociedad-de-fomento-mariano-moreno\/\" \/>\n<meta property=\"article:publisher\" content=\"https:\/\/www.facebook.com\/Portal-Urbano-171542830093757\/\" \/>\n<meta property=\"article:published_time\" content=\"2022-03-24T23:21:10+00:00\" \/>\n<meta property=\"article:modified_time\" content=\"2022-03-24T23:24:22+00:00\" \/>\n<meta property=\"og:image\" content=\"https:\/\/experienciadevida.com.ar\/portalurbano\/wp-content\/uploads\/2022\/03\/Patricia-Bullrich-dara-una.jpg\" \/>\n\t<meta property=\"og:image:width\" content=\"761\" \/>\n\t<meta property=\"og:image:height\" content=\"629\" \/>\n\t<meta property=\"og:image:type\" content=\"image\/jpeg\" \/>\n<meta name=\"author\" content=\"admpu17wp\" \/>\n<meta name=\"twitter:card\" content=\"summary_large_image\" \/>\n<meta name=\"twitter:creator\" content=\"@portalurbanook\" \/>\n<meta name=\"twitter:site\" content=\"@portalurbanook\" \/>\n<meta name=\"twitter:label1\" content=\"Escrito por\" \/>\n\t<meta name=\"twitter:data1\" content=\"admpu17wp\" \/>\n\t<meta name=\"twitter:label2\" content=\"Tiempo de lectura\" \/>\n\t<meta name=\"twitter:data2\" content=\"1 minuto\" \/>\n<script type=\"application\/ld+json\" class=\"yoast-schema-graph\">{\"@context\":\"https:\/\/schema.org\",\"@graph\":[{\"@type\":\"Article\",\"@id\":\"https:\/\/experienciadevida.com.ar\/portalurbano\/patricia-bullrich-dara-una-charla-en-la-sociedad-de-fomento-mariano-moreno\/#article\",\"isPartOf\":{\"@id\":\"https:\/\/experienciadevida.com.ar\/portalurbano\/patricia-bullrich-dara-una-charla-en-la-sociedad-de-fomento-mariano-moreno\/\"},\"author\":{\"name\":\"admpu17wp\",\"@id\":\"https:\/\/experienciadevida.com.ar\/portalurbano\/#\/schema\/person\/02dd326b1c4b056e9cc972486934a3a7\"},\"headline\":\"Patricia Bullrich dar\u00e1 una charla en la Sociedad de Fomento Mariano Moreno\",\"datePublished\":\"2022-03-24T23:21:10+00:00\",\"dateModified\":\"2022-03-24T23:24:22+00:00\",\"mainEntityOfPage\":{\"@id\":\"https:\/\/experienciadevida.com.ar\/portalurbano\/patricia-bullrich-dara-una-charla-en-la-sociedad-de-fomento-mariano-moreno\/\"},\"wordCount\":237,\"publisher\":{\"@id\":\"https:\/\/experienciadevida.com.ar\/portalurbano\/#organization\"},\"articleSection\":[\"Ciudad\",\"Destacadas\"],\"inLanguage\":\"es\"},{\"@type\":\"WebPage\",\"@id\":\"https:\/\/experienciadevida.com.ar\/portalurbano\/patricia-bullrich-dara-una-charla-en-la-sociedad-de-fomento-mariano-moreno\/\",\"url\":\"https:\/\/experienciadevida.com.ar\/portalurbano\/patricia-bullrich-dara-una-charla-en-la-sociedad-de-fomento-mariano-moreno\/\",\"name\":\"Patricia Bullrich dar\u00e1 una charla en la Sociedad de Fomento Moreno\",\"isPartOf\":{\"@id\":\"https:\/\/experienciadevida.com.ar\/portalurbano\/#website\"},\"datePublished\":\"2022-03-24T23:21:10+00:00\",\"dateModified\":\"2022-03-24T23:24:22+00:00\",\"description\":\"Patricia Bullrich dar\u00e1 una charla en la Sociedad de Fomento Mariano Moreno, estar\u00e1 junto al Intendente de Olavarr\u00eda Ezequiel Galli\",\"breadcrumb\":{\"@id\":\"https:\/\/experienciadevida.com.ar\/portalurbano\/patricia-bullrich-dara-una-charla-en-la-sociedad-de-fomento-mariano-moreno\/#breadcrumb\"},\"inLanguage\":\"es\",\"potentialAction\":[{\"@type\":\"ReadAction\",\"target\":[\"https:\/\/experienciadevida.com.ar\/portalurbano\/patricia-bullrich-dara-una-charla-en-la-sociedad-de-fomento-mariano-moreno\/\"]}]},{\"@type\":\"BreadcrumbList\",\"@id\":\"https:\/\/experienciadevida.com.ar\/portalurbano\/patricia-bullrich-dara-una-charla-en-la-sociedad-de-fomento-mariano-moreno\/#breadcrumb\",\"itemListElement\":[{\"@type\":\"ListItem\",\"position\":1,\"name\":\"Portada\",\"item\":\"https:\/\/experienciadevida.com.ar\/portalurbano\/\"},{\"@type\":\"ListItem\",\"position\":2,\"name\":\"Patricia Bullrich dar\u00e1 una charla en la Sociedad de Fomento Mariano Moreno\"}]},{\"@type\":\"WebSite\",\"@id\":\"https:\/\/experienciadevida.com.ar\/portalurbano\/#website\",\"url\":\"https:\/\/experienciadevida.com.ar\/portalurbano\/\",\"name\":\"\",\"description\":\"\",\"publisher\":{\"@id\":\"https:\/\/experienciadevida.com.ar\/portalurbano\/#organization\"},\"potentialAction\":[{\"@type\":\"SearchAction\",\"target\":{\"@type\":\"EntryPoint\",\"urlTemplate\":\"https:\/\/experienciadevida.com.ar\/portalurbano\/?s={search_term_string}\"},\"query-input\":\"required name=search_term_string\"}],\"inLanguage\":\"es\"},{\"@type\":\"Organization\",\"@id\":\"https:\/\/experienciadevida.com.ar\/portalurbano\/#organization\",\"name\":\"Portal Urbano\",\"url\":\"https:\/\/experienciadevida.com.ar\/portalurbano\/\",\"logo\":{\"@type\":\"ImageObject\",\"inLanguage\":\"es\",\"@id\":\"https:\/\/experienciadevida.com.ar\/portalurbano\/#\/schema\/logo\/image\/\",\"url\":\"https:\/\/experienciadevida.com.ar\/portalurbano\/wp-content\/uploads\/2019\/09\/Logo-Original.png\",\"contentUrl\":\"https:\/\/experienciadevida.com.ar\/portalurbano\/wp-content\/uploads\/2019\/09\/Logo-Original.png\",\"width\":2236,\"height\":1216,\"caption\":\"Portal Urbano\"},\"image\":{\"@id\":\"https:\/\/experienciadevida.com.ar\/portalurbano\/#\/schema\/logo\/image\/\"},\"sameAs\":[\"https:\/\/www.facebook.com\/Portal-Urbano-171542830093757\/\",\"https:\/\/twitter.com\/portalurbanook\",\"https:\/\/www.instagram.com\/_portalurbano\/\",\"https:\/\/www.youtube.com\/channel\/UCXhagIfszH8KxFiOok79zbA?view_as=subscriber\"]},{\"@type\":\"Person\",\"@id\":\"https:\/\/experienciadevida.com.ar\/portalurbano\/#\/schema\/person\/02dd326b1c4b056e9cc972486934a3a7\",\"name\":\"admpu17wp\",\"image\":{\"@type\":\"ImageObject\",\"inLanguage\":\"es\",\"@id\":\"https:\/\/experienciadevida.com.ar\/portalurbano\/#\/schema\/person\/image\/\",\"url\":\"https:\/\/secure.gravatar.com\/avatar\/830d4c57adaae6630765e449a6908047?s=96&d=mm&r=g\",\"contentUrl\":\"https:\/\/secure.gravatar.com\/avatar\/830d4c57adaae6630765e449a6908047?s=96&d=mm&r=g\",\"caption\":\"admpu17wp\"}}]}<\/script>\n<!-- \/ Yoast SEO plugin. -->","yoast_head_json":{"title":"Patricia Bullrich dar\u00e1 una charla en la Sociedad de Fomento Moreno","description":"Patricia Bullrich dar\u00e1 una charla en la Sociedad de Fomento Mariano Moreno, estar\u00e1 junto al Intendente de Olavarr\u00eda Ezequiel Galli","robots":{"index":"index","follow":"follow","max-snippet":"max-snippet:-1","max-image-preview":"max-image-preview:large","max-video-preview":"max-video-preview:-1"},"canonical":"https:\/\/experienciadevida.com.ar\/portalurbano\/patricia-bullrich-dara-una-charla-en-la-sociedad-de-fomento-mariano-moreno\/","og_locale":"es_ES","og_type":"article","og_title":"Patricia Bullrich dar\u00e1 una charla en la Sociedad de Fomento Moreno","og_description":"Patricia Bullrich dar\u00e1 una charla en la Sociedad de Fomento Mariano Moreno, estar\u00e1 junto al Intendente de Olavarr\u00eda Ezequiel Galli","og_url":"https:\/\/experienciadevida.com.ar\/portalurbano\/patricia-bullrich-dara-una-charla-en-la-sociedad-de-fomento-mariano-moreno\/","article_publisher":"https:\/\/www.facebook.com\/Portal-Urbano-171542830093757\/","article_published_time":"2022-03-24T23:21:10+00:00","article_modified_time":"2022-03-24T23:24:22+00:00","og_image":[{"width":761,"height":629,"url":"https:\/\/experienciadevida.com.ar\/portalurbano\/wp-content\/uploads\/2022\/03\/Patricia-Bullrich-dara-una.jpg","type":"image\/jpeg"}],"author":"admpu17wp","twitter_card":"summary_large_image","twitter_creator":"@portalurbanook","twitter_site":"@portalurbanook","twitter_misc":{"Escrito por":"admpu17wp","Tiempo de lectura":"1 minuto"},"schema":{"@context":"https:\/\/schema.org","@graph":[{"@type":"Article","@id":"https:\/\/experienciadevida.com.ar\/portalurbano\/patricia-bullrich-dara-una-charla-en-la-sociedad-de-fomento-mariano-moreno\/#article","isPartOf":{"@id":"https:\/\/experienciadevida.com.ar\/portalurbano\/patricia-bullrich-dara-una-charla-en-la-sociedad-de-fomento-mariano-moreno\/"},"author":{"name":"admpu17wp","@id":"https:\/\/experienciadevida.com.ar\/portalurbano\/#\/schema\/person\/02dd326b1c4b056e9cc972486934a3a7"},"headline":"Patricia Bullrich dar\u00e1 una charla en la Sociedad de Fomento Mariano Moreno","datePublished":"2022-03-24T23:21:10+00:00","dateModified":"2022-03-24T23:24:22+00:00","mainEntityOfPage":{"@id":"https:\/\/experienciadevida.com.ar\/portalurbano\/patricia-bullrich-dara-una-charla-en-la-sociedad-de-fomento-mariano-moreno\/"},"wordCount":237,"publisher":{"@id":"https:\/\/experienciadevida.com.ar\/portalurbano\/#organization"},"articleSection":["Ciudad","Destacadas"],"inLanguage":"es"},{"@type":"WebPage","@id":"https:\/\/experienciadevida.com.ar\/portalurbano\/patricia-bullrich-dara-una-charla-en-la-sociedad-de-fomento-mariano-moreno\/","url":"https:\/\/experienciadevida.com.ar\/portalurbano\/patricia-bullrich-dara-una-charla-en-la-sociedad-de-fomento-mariano-moreno\/","name":"Patricia Bullrich dar\u00e1 una charla en la Sociedad de Fomento Moreno","isPartOf":{"@id":"https:\/\/experienciadevida.com.ar\/portalurbano\/#website"},"datePublished":"2022-03-24T23:21:10+00:00","dateModified":"2022-03-24T23:24:22+00:00","description":"Patricia Bullrich dar\u00e1 una charla en la Sociedad de Fomento Mariano Moreno, estar\u00e1 junto al Intendente de Olavarr\u00eda Ezequiel Galli","breadcrumb":{"@id":"https:\/\/experienciadevida.com.ar\/portalurbano\/patricia-bullrich-dara-una-charla-en-la-sociedad-de-fomento-mariano-moreno\/#breadcrumb"},"inLanguage":"es","potentialAction":[{"@type":"ReadAction","target":["https:\/\/experienciadevida.com.ar\/portalurbano\/patricia-bullrich-dara-una-charla-en-la-sociedad-de-fomento-mariano-moreno\/"]}]},{"@type":"BreadcrumbList","@id":"https:\/\/experienciadevida.com.ar\/portalurbano\/patricia-bullrich-dara-una-charla-en-la-sociedad-de-fomento-mariano-moreno\/#breadcrumb","itemListElement":[{"@type":"ListItem","position":1,"name":"Portada","item":"https:\/\/experienciadevida.com.ar\/portalurbano\/"},{"@type":"ListItem","position":2,"name":"Patricia Bullrich dar\u00e1 una charla en la Sociedad de Fomento Mariano Moreno"}]},{"@type":"WebSite","@id":"https:\/\/experienciadevida.com.ar\/portalurbano\/#website","url":"https:\/\/experienciadevida.com.ar\/portalurbano\/","name":"","description":"","publisher":{"@id":"https:\/\/experienciadevida.com.ar\/portalurbano\/#organization"},"potentialAction":[{"@type":"SearchAction","target":{"@type":"EntryPoint","urlTemplate":"https:\/\/experienciadevida.com.ar\/portalurbano\/?s={search_term_string}"},"query-input":"required name=search_term_string"}],"inLanguage":"es"},{"@type":"Organization","@id":"https:\/\/experienciadevida.com.ar\/portalurbano\/#organization","name":"Portal Urbano","url":"https:\/\/experienciadevida.com.ar\/portalurbano\/","logo":{"@type":"ImageObject","inLanguage":"es","@id":"https:\/\/experienciadevida.com.ar\/portalurbano\/#\/schema\/logo\/image\/","url":"https:\/\/experienciadevida.com.ar\/portalurbano\/wp-content\/uploads\/2019\/09\/Logo-Original.png","contentUrl":"https:\/\/experienciadevida.com.ar\/portalurbano\/wp-content\/uploads\/2019\/09\/Logo-Original.png","width":2236,"height":1216,"caption":"Portal Urbano"},"image":{"@id":"https:\/\/experienciadevida.com.ar\/portalurbano\/#\/schema\/logo\/image\/"},"sameAs":["https:\/\/www.facebook.com\/Portal-Urbano-171542830093757\/","https:\/\/twitter.com\/portalurbanook","https:\/\/www.instagram.com\/_portalurbano\/","https:\/\/www.youtube.com\/channel\/UCXhagIfszH8KxFiOok79zbA?view_as=subscriber"]},{"@type":"Person","@id":"https:\/\/experienciadevida.com.ar\/portalurbano\/#\/schema\/person\/02dd326b1c4b056e9cc972486934a3a7","name":"admpu17wp","image":{"@type":"ImageObject","inLanguage":"es","@id":"https:\/\/experienciadevida.com.ar\/portalurbano\/#\/schema\/person\/image\/","url":"https:\/\/secure.gravatar.com\/avatar\/830d4c57adaae6630765e449a6908047?s=96&d=mm&r=g","contentUrl":"https:\/\/secure.gravatar.com\/avatar\/830d4c57adaae6630765e449a6908047?s=96&d=mm&r=g","caption":"admpu17wp"}}]}},"featured_image_urls":{"full":["https:\/\/experienciadevida.com.ar\/portalurbano\/wp-content\/uploads\/2022\/03\/Patricia-Bullrich-dara-una.jpg",761,629,false],"thumbnail":["https:\/\/experienciadevida.com.ar\/portalurbano\/wp-content\/uploads\/2022\/03\/Patricia-Bullrich-dara-una-150x150.jpg",150,150,true],"medium":["https:\/\/experienciadevida.com.ar\/portalurbano\/wp-content\/uploads\/2022\/03\/Patricia-Bullrich-dara-una-300x248.jpg",300,248,true],"medium_large":["https:\/\/experienciadevida.com.ar\/portalurbano\/wp-content\/uploads\/2022\/03\/Patricia-Bullrich-dara-una.jpg",640,529,false],"large":["https:\/\/experienciadevida.com.ar\/portalurbano\/wp-content\/uploads\/2022\/03\/Patricia-Bullrich-dara-una.jpg",640,529,false],"ug_big":["https:\/\/experienciadevida.com.ar\/portalurbano\/wp-content\/uploads\/2022\/03\/Patricia-Bullrich-dara-una.jpg",761,629,false],"1536x1536":["https:\/\/experienciadevida.com.ar\/portalurbano\/wp-content\/uploads\/2022\/03\/Patricia-Bullrich-dara-una.jpg",761,629,false],"2048x2048":["https:\/\/experienciadevida.com.ar\/portalurbano\/wp-content\/uploads\/2022\/03\/Patricia-Bullrich-dara-una.jpg",761,629,false],"newsever-slider-full":["https:\/\/experienciadevida.com.ar\/portalurbano\/wp-content\/uploads\/2022\/03\/Patricia-Bullrich-dara-una.jpg",761,629,false],"newsever-featured":["https:\/\/experienciadevida.com.ar\/portalurbano\/wp-content\/uploads\/2022\/03\/Patricia-Bullrich-dara-una.jpg",761,629,false],"newsever-medium":["https:\/\/experienciadevida.com.ar\/portalurbano\/wp-content\/uploads\/2022\/03\/Patricia-Bullrich-dara-una.jpg",575,475,false],"web-stories-poster-portrait":["https:\/\/experienciadevida.com.ar\/portalurbano\/wp-content\/uploads\/2022\/03\/Patricia-Bullrich-dara-una.jpg",640,529,false],"web-stories-publisher-logo":["https:\/\/experienciadevida.com.ar\/portalurbano\/wp-content\/uploads\/2022\/03\/Patricia-Bullrich-dara-una.jpg",96,79,false],"web-stories-thumbnail":["https:\/\/experienciadevida.com.ar\/portalurbano\/wp-content\/uploads\/2022\/03\/Patricia-Bullrich-dara-una.jpg",150,124,false]},"author_info":{"display_name":"admpu17wp","author_link":"https:\/\/experienciadevida.com.ar\/portalurbano\/author\/admpu17wp\/"},"category_info":"<a href=\"https:\/\/experienciadevida.com.ar\/portalurbano\/category\/ciudad\/\" rel=\"category tag\">Ciudad<\/a> <a href=\"https:\/\/experienciadevida.com.ar\/portalurbano\/category\/destacadas\/\" rel=\"category tag\">Destacadas<\/a>","tag_info":"Destacadas","comment_count":"0","amp_enabled":true,"_links":{"self":[{"href":"https:\/\/experienciadevida.com.ar\/portalurbano\/wp-json\/wp\/v2\/posts\/164073"}],"collection":[{"href":"https:\/\/experienciadevida.com.ar\/portalurbano\/wp-json\/wp\/v2\/posts"}],"about":[{"href":"https:\/\/experienciadevida.com.ar\/portalurbano\/wp-json\/wp\/v2\/types\/post"}],"author":[{"embeddable":true,"href":"https:\/\/experienciadevida.com.ar\/portalurbano\/wp-json\/wp\/v2\/users\/1"}],"replies":[{"embeddable":true,"href":"https:\/\/experienciadevida.com.ar\/portalurbano\/wp-json\/wp\/v2\/comments?post=164073"}],"version-history":[{"count":2,"href":"https:\/\/experienciadevida.com.ar\/portalurbano\/wp-json\/wp\/v2\/posts\/164073\/revisions"}],"predecessor-version":[{"id":164076,"href":"https:\/\/experienciadevida.com.ar\/portalurbano\/wp-json\/wp\/v2\/posts\/164073\/revisions\/164076"}],"wp:featuredmedia":[{"embeddable":true,"href":"https:\/\/experienciadevida.com.ar\/portalurbano\/wp-json\/wp\/v2\/media\/164074"}],"wp:attachment":[{"href":"https:\/\/experienciadevida.com.ar\/portalurbano\/wp-json\/wp\/v2\/media?parent=164073"}],"wp:term":[{"taxonomy":"category","embeddable":true,"href":"https:\/\/experienciadevida.com.ar\/portalurbano\/wp-json\/wp\/v2\/categories?post=164073"},{"taxonomy":"post_tag","embeddable":true,"href":"https:\/\/experienciadevida.com.ar\/portalurbano\/wp-json\/wp\/v2\/tags?post=164073"}],"curies":[{"name":"wp","href":"https:\/\/api.w.org\/{rel}","templated":true}]}}