{"id":164007,"date":"2022-03-23T18:17:24","date_gmt":"2022-03-23T21:17:24","guid":{"rendered":"https:\/\/experienciadevida.com.ar\/portalurbano\/?p=164007"},"modified":"2022-03-23T18:17:50","modified_gmt":"2022-03-23T21:17:50","slug":"comenzaron-los-cursos-del-centro-de-formacion-profesional-no-402-en-la-unidad-2","status":"publish","type":"post","link":"https:\/\/experienciadevida.com.ar\/portalurbano\/comenzaron-los-cursos-del-centro-de-formacion-profesional-no-402-en-la-unidad-2\/","title":{"rendered":"Comenzaron los cursos del centro de formaci\u00f3n profesional  N\u00ba 402 en la Unidad 2"},"content":{"rendered":"<p>Comenzaron los cursos del centro de formaci\u00f3n profesional N\u00ba 402 en la Unidad 2, hace 21 a\u00f1os el CFP N\u00b0402, a cargo de Horacio Garc\u00eda, brinda capacitaci\u00f3n en diferentes oficios a las personas privadas de la libertad que se alojan<br \/>\nen la Unidad Penitenciaria N\u00ba 2 de Sierra Chica. Luego del receso que impuso la pandemia, las actividades educativas y de formaci\u00f3n laboral retornaron a la presencialidad con 120 internos matriculados.<\/p>\n<p>Son varias las capacitaciones, entre ellas el curso de Reparador de muebles y carpinter\u00eda, cuyo objetivo es que los internos aprendan a usar las herramientas y emplearse aut\u00f3nomamente al terminar la condena. Al respecto,<br \/>\nel instructor del curso, Daniel Spinella, plante\u00f3 que \u201cse trabaja con tablas de palier y restos de maderas. El oficio est\u00e1 basado en la identificaci\u00f3n de distintas maderas, el uso de la escuadra, la contra escuadra, el metro, cu\u00e1nto tiene una pulgada, el uso de la m\u00e1quina de cortar, la de agujerear, la prensa de mano y las lijas\u201d, finaliz\u00f3.<\/p>\n<p>El curso de Aparado de calzados est\u00e1 a cargo de Mar\u00eda Eugenia P\u00e9rez y busca que el alumno pueda realizar un calzado desde el principio hasta su terminaci\u00f3n. En el taller se utilizan m\u00e1quinas de coser y hormas para dise\u00f1ar diferentes calzados: bajos, con taco, acordonados, alpargatas, sandalias y elementos como suelas, hilos, pegamento y moldes.<\/p>\n<p>\u201cPrimero aprenden sobre el dise\u00f1o y la realizaci\u00f3n del molde que luego incorporan la forma de colocarlos para el mejor rendimiento del material y pasan al corte de la pieza. Una vez que hacen el reconocimiento del material y ubican las piezas se realiza el aparado, que consiste en unir las partes y pegar las piezas, posteriormente va a la horma donde se le da la forma y despu\u00e9s se pegan las bases. En tanto que los dise\u00f1os de calzado deportivo, botas, sandalias y zapatos acordonados son transportados a goma eva como pr\u00e1ctica a manera de prototipo\u201d explic\u00f3 P\u00e9rez.<\/p>\n<p>Comenzaron los cursos del centro de formaci\u00f3n profesional N\u00ba 402 en la Unidad 2, el objetivo del curso de Confecci\u00f3n de bolsos y mochilas es formar en el aprendizaje de las m\u00e1quinas rectas debido a que su manejo es la base del oficio para poder armar las piezas. El proceso de aprendizaje va desde lo m\u00e1s simple a lo m\u00e1s dif\u00edcil, explic\u00f3 su instructor Fabricio Alzamendi.<\/p>\n<p>Otro de los cursos que se dictan es el de Mantenimiento de edificios y electricidad dom\u00e9stica, en \u00e9l se pone \u00e9nfasis en que los alumnos adquieran comprensi\u00f3n sobre la instalaci\u00f3n el\u00e9ctrica, interpretar y realizar un plano el\u00e9ctrico, que obtengan conocimientos de materiales y herramientas, la reglamentaci\u00f3n que existe en la provincia de Buenos Aires sobre el tema y como as\u00ed tambi\u00e9n la prevenci\u00f3n de accidentes que se producen por instalaciones en mal estado. Su instructor, Oscar Fischer, destac\u00f3 que las pr\u00e1cticas se realizan en la escuela primaria o en cualquier otra parte de<br \/>\nla unidad que lo solicite.<\/p>\n<p>El curso de Operador de inform\u00e1tica prepara a los privados de la libertad para un trabajo administrativo. Su instructora, Alicia Dirgan, explic\u00f3 que no s\u00f3lo se ve el manejo del programa o sistema operativo en s\u00ed, sino<br \/>\ntambi\u00e9n las tareas espec\u00edficas que se pueden realizar en una oficina o comercio.<\/p>\n<p>Por otra parte, el Coordinador de T\u00e9cnica y Oficio de la Unidad N\u00b02, Luis Callegaro, manifest\u00f3 que \u201cestamos muy contentos por el inicio de este ciclo lectivo, lo afrontamos con mucha expectativa ya que volvimos a la presencialidad luego de la pandemia con una numerosa matr\u00edcula y nuevas capacitaciones. Apuntamos a que las personas privadas de la libertad puedan adquirir nuevas herramientas para su reinserci\u00f3n en el \u00e1mbito laboral\u201d. En la misma l\u00ednea, los directivos de la c\u00e1rcel brindan permanente apoyo y colaboraci\u00f3n con el desarrollo de estos talleres debido a la oportunidad que implica para los detenidos de optimizar el tiempo de la condena y retornar a la vida en sociedad con herramientas para insertarse en ella debidamente.<\/p>\n<p>Fuente y\u00a0 Fotos: Servicio penitenciario bonaerenses<\/p>\n","protected":false},"excerpt":{"rendered":"<p>Comenzaron los cursos del centro de formaci\u00f3n profesional N\u00ba 402 en la Unidad 2, hace&#8230;<\/p>\n","protected":false},"author":1,"featured_media":164008,"comment_status":"closed","ping_status":"closed","sticky":false,"template":"","format":"standard","meta":{"content-type":""},"categories":[27],"tags":[],"nelio_content":{"isAutoShareEnabled":false,"autoShareEndMode":"default","automationSources":{"useContentSentences":true,"useSocialTemplates":true,"useCustomSentences":false,"customSentences":[]},"followers":[1],"suggestedReferences":[],"includedReferences":[],"efiUrl":"","efiAlt":"","highlights":[]},"yoast_head":"<!-- This site is optimized with the Yoast SEO plugin v20.7 - https:\/\/yoast.com\/wordpress\/plugins\/seo\/ -->\n<title>Comenzaron los cursos del centro de formaci\u00f3n profesional n\u00b0402<\/title>\n<meta name=\"description\" content=\"Comenzaron los cursos del centro de formaci\u00f3n profesional N\u00ba 402 en la Unidad 2, hace 21 a\u00f1os el CFP N\u00b0402, a cargo de Horacio\" \/>\n<meta name=\"robots\" content=\"index, follow, max-snippet:-1, max-image-preview:large, max-video-preview:-1\" \/>\n<link rel=\"canonical\" href=\"https:\/\/experienciadevida.com.ar\/portalurbano\/comenzaron-los-cursos-del-centro-de-formacion-profesional-no-402-en-la-unidad-2\/\" \/>\n<meta property=\"og:locale\" content=\"es_ES\" \/>\n<meta property=\"og:type\" content=\"article\" \/>\n<meta property=\"og:title\" content=\"Comenzaron los cursos del centro de formaci\u00f3n profesional n\u00b0402\" \/>\n<meta property=\"og:description\" content=\"Comenzaron los cursos del centro de formaci\u00f3n profesional N\u00ba 402 en la Unidad 2, hace 21 a\u00f1os el CFP N\u00b0402, a cargo de Horacio\" \/>\n<meta property=\"og:url\" content=\"https:\/\/experienciadevida.com.ar\/portalurbano\/comenzaron-los-cursos-del-centro-de-formacion-profesional-no-402-en-la-unidad-2\/\" \/>\n<meta property=\"article:publisher\" content=\"https:\/\/www.facebook.com\/Portal-Urbano-171542830093757\/\" \/>\n<meta property=\"article:published_time\" content=\"2022-03-23T21:17:24+00:00\" \/>\n<meta property=\"article:modified_time\" content=\"2022-03-23T21:17:50+00:00\" \/>\n<meta property=\"og:image\" content=\"https:\/\/experienciadevida.com.ar\/portalurbano\/wp-content\/uploads\/2022\/03\/Comenzaron-los-cursos-del-scaled-e1648070199530.jpg\" \/>\n\t<meta property=\"og:image:width\" content=\"765\" \/>\n\t<meta property=\"og:image:height\" content=\"574\" \/>\n\t<meta property=\"og:image:type\" content=\"image\/jpeg\" \/>\n<meta name=\"author\" content=\"admpu17wp\" \/>\n<meta name=\"twitter:card\" content=\"summary_large_image\" \/>\n<meta name=\"twitter:creator\" content=\"@portalurbanook\" \/>\n<meta name=\"twitter:site\" content=\"@portalurbanook\" \/>\n<meta name=\"twitter:label1\" content=\"Escrito por\" \/>\n\t<meta name=\"twitter:data1\" content=\"admpu17wp\" \/>\n\t<meta name=\"twitter:label2\" content=\"Tiempo de lectura\" \/>\n\t<meta name=\"twitter:data2\" content=\"4 minutos\" \/>\n<script type=\"application\/ld+json\" class=\"yoast-schema-graph\">{\"@context\":\"https:\/\/schema.org\",\"@graph\":[{\"@type\":\"Article\",\"@id\":\"https:\/\/experienciadevida.com.ar\/portalurbano\/comenzaron-los-cursos-del-centro-de-formacion-profesional-no-402-en-la-unidad-2\/#article\",\"isPartOf\":{\"@id\":\"https:\/\/experienciadevida.com.ar\/portalurbano\/comenzaron-los-cursos-del-centro-de-formacion-profesional-no-402-en-la-unidad-2\/\"},\"author\":{\"name\":\"admpu17wp\",\"@id\":\"https:\/\/experienciadevida.com.ar\/portalurbano\/#\/schema\/person\/02dd326b1c4b056e9cc972486934a3a7\"},\"headline\":\"Comenzaron los cursos del centro de formaci\u00f3n profesional N\u00ba 402 en la Unidad 2\",\"datePublished\":\"2022-03-23T21:17:24+00:00\",\"dateModified\":\"2022-03-23T21:17:50+00:00\",\"mainEntityOfPage\":{\"@id\":\"https:\/\/experienciadevida.com.ar\/portalurbano\/comenzaron-los-cursos-del-centro-de-formacion-profesional-no-402-en-la-unidad-2\/\"},\"wordCount\":711,\"publisher\":{\"@id\":\"https:\/\/experienciadevida.com.ar\/portalurbano\/#organization\"},\"articleSection\":[\"Ciudad\"],\"inLanguage\":\"es\"},{\"@type\":\"WebPage\",\"@id\":\"https:\/\/experienciadevida.com.ar\/portalurbano\/comenzaron-los-cursos-del-centro-de-formacion-profesional-no-402-en-la-unidad-2\/\",\"url\":\"https:\/\/experienciadevida.com.ar\/portalurbano\/comenzaron-los-cursos-del-centro-de-formacion-profesional-no-402-en-la-unidad-2\/\",\"name\":\"Comenzaron los cursos del centro de formaci\u00f3n profesional n\u00b0402\",\"isPartOf\":{\"@id\":\"https:\/\/experienciadevida.com.ar\/portalurbano\/#website\"},\"datePublished\":\"2022-03-23T21:17:24+00:00\",\"dateModified\":\"2022-03-23T21:17:50+00:00\",\"description\":\"Comenzaron los cursos del centro de formaci\u00f3n profesional N\u00ba 402 en la Unidad 2, hace 21 a\u00f1os el CFP N\u00b0402, a cargo de Horacio\",\"breadcrumb\":{\"@id\":\"https:\/\/experienciadevida.com.ar\/portalurbano\/comenzaron-los-cursos-del-centro-de-formacion-profesional-no-402-en-la-unidad-2\/#breadcrumb\"},\"inLanguage\":\"es\",\"potentialAction\":[{\"@type\":\"ReadAction\",\"target\":[\"https:\/\/experienciadevida.com.ar\/portalurbano\/comenzaron-los-cursos-del-centro-de-formacion-profesional-no-402-en-la-unidad-2\/\"]}]},{\"@type\":\"BreadcrumbList\",\"@id\":\"https:\/\/experienciadevida.com.ar\/portalurbano\/comenzaron-los-cursos-del-centro-de-formacion-profesional-no-402-en-la-unidad-2\/#breadcrumb\",\"itemListElement\":[{\"@type\":\"ListItem\",\"position\":1,\"name\":\"Portada\",\"item\":\"https:\/\/experienciadevida.com.ar\/portalurbano\/\"},{\"@type\":\"ListItem\",\"position\":2,\"name\":\"Comenzaron los cursos del centro de formaci\u00f3n profesional N\u00ba 402 en la Unidad 2\"}]},{\"@type\":\"WebSite\",\"@id\":\"https:\/\/experienciadevida.com.ar\/portalurbano\/#website\",\"url\":\"https:\/\/experienciadevida.com.ar\/portalurbano\/\",\"name\":\"\",\"description\":\"\",\"publisher\":{\"@id\":\"https:\/\/experienciadevida.com.ar\/portalurbano\/#organization\"},\"potentialAction\":[{\"@type\":\"SearchAction\",\"target\":{\"@type\":\"EntryPoint\",\"urlTemplate\":\"https:\/\/experienciadevida.com.ar\/portalurbano\/?s={search_term_string}\"},\"query-input\":\"required name=search_term_string\"}],\"inLanguage\":\"es\"},{\"@type\":\"Organization\",\"@id\":\"https:\/\/experienciadevida.com.ar\/portalurbano\/#organization\",\"name\":\"Portal Urbano\",\"url\":\"https:\/\/experienciadevida.com.ar\/portalurbano\/\",\"logo\":{\"@type\":\"ImageObject\",\"inLanguage\":\"es\",\"@id\":\"https:\/\/experienciadevida.com.ar\/portalurbano\/#\/schema\/logo\/image\/\",\"url\":\"https:\/\/experienciadevida.com.ar\/portalurbano\/wp-content\/uploads\/2019\/09\/Logo-Original.png\",\"contentUrl\":\"https:\/\/experienciadevida.com.ar\/portalurbano\/wp-content\/uploads\/2019\/09\/Logo-Original.png\",\"width\":2236,\"height\":1216,\"caption\":\"Portal Urbano\"},\"image\":{\"@id\":\"https:\/\/experienciadevida.com.ar\/portalurbano\/#\/schema\/logo\/image\/\"},\"sameAs\":[\"https:\/\/www.facebook.com\/Portal-Urbano-171542830093757\/\",\"https:\/\/twitter.com\/portalurbanook\",\"https:\/\/www.instagram.com\/_portalurbano\/\",\"https:\/\/www.youtube.com\/channel\/UCXhagIfszH8KxFiOok79zbA?view_as=subscriber\"]},{\"@type\":\"Person\",\"@id\":\"https:\/\/experienciadevida.com.ar\/portalurbano\/#\/schema\/person\/02dd326b1c4b056e9cc972486934a3a7\",\"name\":\"admpu17wp\",\"image\":{\"@type\":\"ImageObject\",\"inLanguage\":\"es\",\"@id\":\"https:\/\/experienciadevida.com.ar\/portalurbano\/#\/schema\/person\/image\/\",\"url\":\"https:\/\/secure.gravatar.com\/avatar\/830d4c57adaae6630765e449a6908047?s=96&d=mm&r=g\",\"contentUrl\":\"https:\/\/secure.gravatar.com\/avatar\/830d4c57adaae6630765e449a6908047?s=96&d=mm&r=g\",\"caption\":\"admpu17wp\"}}]}<\/script>\n<!-- \/ Yoast SEO plugin. -->","yoast_head_json":{"title":"Comenzaron los cursos del centro de formaci\u00f3n profesional n\u00b0402","description":"Comenzaron los cursos del centro de formaci\u00f3n profesional N\u00ba 402 en la Unidad 2, hace 21 a\u00f1os el CFP N\u00b0402, a cargo de Horacio","robots":{"index":"index","follow":"follow","max-snippet":"max-snippet:-1","max-image-preview":"max-image-preview:large","max-video-preview":"max-video-preview:-1"},"canonical":"https:\/\/experienciadevida.com.ar\/portalurbano\/comenzaron-los-cursos-del-centro-de-formacion-profesional-no-402-en-la-unidad-2\/","og_locale":"es_ES","og_type":"article","og_title":"Comenzaron los cursos del centro de formaci\u00f3n profesional n\u00b0402","og_description":"Comenzaron los cursos del centro de formaci\u00f3n profesional N\u00ba 402 en la Unidad 2, hace 21 a\u00f1os el CFP N\u00b0402, a cargo de Horacio","og_url":"https:\/\/experienciadevida.com.ar\/portalurbano\/comenzaron-los-cursos-del-centro-de-formacion-profesional-no-402-en-la-unidad-2\/","article_publisher":"https:\/\/www.facebook.com\/Portal-Urbano-171542830093757\/","article_published_time":"2022-03-23T21:17:24+00:00","article_modified_time":"2022-03-23T21:17:50+00:00","og_image":[{"width":765,"height":574,"url":"https:\/\/experienciadevida.com.ar\/portalurbano\/wp-content\/uploads\/2022\/03\/Comenzaron-los-cursos-del-scaled-e1648070199530.jpg","type":"image\/jpeg"}],"author":"admpu17wp","twitter_card":"summary_large_image","twitter_creator":"@portalurbanook","twitter_site":"@portalurbanook","twitter_misc":{"Escrito por":"admpu17wp","Tiempo de lectura":"4 minutos"},"schema":{"@context":"https:\/\/schema.org","@graph":[{"@type":"Article","@id":"https:\/\/experienciadevida.com.ar\/portalurbano\/comenzaron-los-cursos-del-centro-de-formacion-profesional-no-402-en-la-unidad-2\/#article","isPartOf":{"@id":"https:\/\/experienciadevida.com.ar\/portalurbano\/comenzaron-los-cursos-del-centro-de-formacion-profesional-no-402-en-la-unidad-2\/"},"author":{"name":"admpu17wp","@id":"https:\/\/experienciadevida.com.ar\/portalurbano\/#\/schema\/person\/02dd326b1c4b056e9cc972486934a3a7"},"headline":"Comenzaron los cursos del centro de formaci\u00f3n profesional N\u00ba 402 en la Unidad 2","datePublished":"2022-03-23T21:17:24+00:00","dateModified":"2022-03-23T21:17:50+00:00","mainEntityOfPage":{"@id":"https:\/\/experienciadevida.com.ar\/portalurbano\/comenzaron-los-cursos-del-centro-de-formacion-profesional-no-402-en-la-unidad-2\/"},"wordCount":711,"publisher":{"@id":"https:\/\/experienciadevida.com.ar\/portalurbano\/#organization"},"articleSection":["Ciudad"],"inLanguage":"es"},{"@type":"WebPage","@id":"https:\/\/experienciadevida.com.ar\/portalurbano\/comenzaron-los-cursos-del-centro-de-formacion-profesional-no-402-en-la-unidad-2\/","url":"https:\/\/experienciadevida.com.ar\/portalurbano\/comenzaron-los-cursos-del-centro-de-formacion-profesional-no-402-en-la-unidad-2\/","name":"Comenzaron los cursos del centro de formaci\u00f3n profesional n\u00b0402","isPartOf":{"@id":"https:\/\/experienciadevida.com.ar\/portalurbano\/#website"},"datePublished":"2022-03-23T21:17:24+00:00","dateModified":"2022-03-23T21:17:50+00:00","description":"Comenzaron los cursos del centro de formaci\u00f3n profesional N\u00ba 402 en la Unidad 2, hace 21 a\u00f1os el CFP N\u00b0402, a cargo de Horacio","breadcrumb":{"@id":"https:\/\/experienciadevida.com.ar\/portalurbano\/comenzaron-los-cursos-del-centro-de-formacion-profesional-no-402-en-la-unidad-2\/#breadcrumb"},"inLanguage":"es","potentialAction":[{"@type":"ReadAction","target":["https:\/\/experienciadevida.com.ar\/portalurbano\/comenzaron-los-cursos-del-centro-de-formacion-profesional-no-402-en-la-unidad-2\/"]}]},{"@type":"BreadcrumbList","@id":"https:\/\/experienciadevida.com.ar\/portalurbano\/comenzaron-los-cursos-del-centro-de-formacion-profesional-no-402-en-la-unidad-2\/#breadcrumb","itemListElement":[{"@type":"ListItem","position":1,"name":"Portada","item":"https:\/\/experienciadevida.com.ar\/portalurbano\/"},{"@type":"ListItem","position":2,"name":"Comenzaron los cursos del centro de formaci\u00f3n profesional N\u00ba 402 en la Unidad 2"}]},{"@type":"WebSite","@id":"https:\/\/experienciadevida.com.ar\/portalurbano\/#website","url":"https:\/\/experienciadevida.com.ar\/portalurbano\/","name":"","description":"","publisher":{"@id":"https:\/\/experienciadevida.com.ar\/portalurbano\/#organization"},"potentialAction":[{"@type":"SearchAction","target":{"@type":"EntryPoint","urlTemplate":"https:\/\/experienciadevida.com.ar\/portalurbano\/?s={search_term_string}"},"query-input":"required name=search_term_string"}],"inLanguage":"es"},{"@type":"Organization","@id":"https:\/\/experienciadevida.com.ar\/portalurbano\/#organization","name":"Portal Urbano","url":"https:\/\/experienciadevida.com.ar\/portalurbano\/","logo":{"@type":"ImageObject","inLanguage":"es","@id":"https:\/\/experienciadevida.com.ar\/portalurbano\/#\/schema\/logo\/image\/","url":"https:\/\/experienciadevida.com.ar\/portalurbano\/wp-content\/uploads\/2019\/09\/Logo-Original.png","contentUrl":"https:\/\/experienciadevida.com.ar\/portalurbano\/wp-content\/uploads\/2019\/09\/Logo-Original.png","width":2236,"height":1216,"caption":"Portal Urbano"},"image":{"@id":"https:\/\/experienciadevida.com.ar\/portalurbano\/#\/schema\/logo\/image\/"},"sameAs":["https:\/\/www.facebook.com\/Portal-Urbano-171542830093757\/","https:\/\/twitter.com\/portalurbanook","https:\/\/www.instagram.com\/_portalurbano\/","https:\/\/www.youtube.com\/channel\/UCXhagIfszH8KxFiOok79zbA?view_as=subscriber"]},{"@type":"Person","@id":"https:\/\/experienciadevida.com.ar\/portalurbano\/#\/schema\/person\/02dd326b1c4b056e9cc972486934a3a7","name":"admpu17wp","image":{"@type":"ImageObject","inLanguage":"es","@id":"https:\/\/experienciadevida.com.ar\/portalurbano\/#\/schema\/person\/image\/","url":"https:\/\/secure.gravatar.com\/avatar\/830d4c57adaae6630765e449a6908047?s=96&d=mm&r=g","contentUrl":"https:\/\/secure.gravatar.com\/avatar\/830d4c57adaae6630765e449a6908047?s=96&d=mm&r=g","caption":"admpu17wp"}}]}},"featured_image_urls":{"full":["https:\/\/experienciadevida.com.ar\/portalurbano\/wp-content\/uploads\/2022\/03\/Comenzaron-los-cursos-del-scaled-e1648070199530.jpg",765,574,false],"thumbnail":["https:\/\/experienciadevida.com.ar\/portalurbano\/wp-content\/uploads\/2022\/03\/Comenzaron-los-cursos-del-150x150.jpg",150,150,true],"medium":["https:\/\/experienciadevida.com.ar\/portalurbano\/wp-content\/uploads\/2022\/03\/Comenzaron-los-cursos-del-300x225.jpg",300,225,true],"medium_large":["https:\/\/experienciadevida.com.ar\/portalurbano\/wp-content\/uploads\/2022\/03\/Comenzaron-los-cursos-del-768x576.jpg",640,480,true],"large":["https:\/\/experienciadevida.com.ar\/portalurbano\/wp-content\/uploads\/2022\/03\/Comenzaron-los-cursos-del-1024x768.jpg",640,480,true],"ug_big":["https:\/\/experienciadevida.com.ar\/portalurbano\/wp-content\/uploads\/2022\/03\/Comenzaron-los-cursos-del-768x576.jpg",768,576,true],"1536x1536":["https:\/\/experienciadevida.com.ar\/portalurbano\/wp-content\/uploads\/2022\/03\/Comenzaron-los-cursos-del-1536x1152.jpg",1536,1152,true],"2048x2048":["https:\/\/experienciadevida.com.ar\/portalurbano\/wp-content\/uploads\/2022\/03\/Comenzaron-los-cursos-del-2048x1536.jpg",2048,1536,true],"newsever-slider-full":["https:\/\/experienciadevida.com.ar\/portalurbano\/wp-content\/uploads\/2022\/03\/Comenzaron-los-cursos-del-scaled-e1648070199530.jpg",765,574,false],"newsever-featured":["https:\/\/experienciadevida.com.ar\/portalurbano\/wp-content\/uploads\/2022\/03\/Comenzaron-los-cursos-del-scaled-e1648070199530.jpg",765,574,false],"newsever-medium":["https:\/\/experienciadevida.com.ar\/portalurbano\/wp-content\/uploads\/2022\/03\/Comenzaron-los-cursos-del-scaled-e1648070199530.jpg",633,475,false],"web-stories-poster-portrait":["https:\/\/experienciadevida.com.ar\/portalurbano\/wp-content\/uploads\/2022\/03\/Comenzaron-los-cursos-del-scaled-e1648070199530.jpg",640,480,false],"web-stories-publisher-logo":["https:\/\/experienciadevida.com.ar\/portalurbano\/wp-content\/uploads\/2022\/03\/Comenzaron-los-cursos-del-scaled-e1648070199530.jpg",96,72,false],"web-stories-thumbnail":["https:\/\/experienciadevida.com.ar\/portalurbano\/wp-content\/uploads\/2022\/03\/Comenzaron-los-cursos-del-scaled-e1648070199530.jpg",150,113,false]},"author_info":{"display_name":"admpu17wp","author_link":"https:\/\/experienciadevida.com.ar\/portalurbano\/author\/admpu17wp\/"},"category_info":"<a href=\"https:\/\/experienciadevida.com.ar\/portalurbano\/category\/ciudad\/\" rel=\"category tag\">Ciudad<\/a>","tag_info":"Ciudad","comment_count":"0","amp_enabled":true,"_links":{"self":[{"href":"https:\/\/experienciadevida.com.ar\/portalurbano\/wp-json\/wp\/v2\/posts\/164007"}],"collection":[{"href":"https:\/\/experienciadevida.com.ar\/portalurbano\/wp-json\/wp\/v2\/posts"}],"about":[{"href":"https:\/\/experienciadevida.com.ar\/portalurbano\/wp-json\/wp\/v2\/types\/post"}],"author":[{"embeddable":true,"href":"https:\/\/experienciadevida.com.ar\/portalurbano\/wp-json\/wp\/v2\/users\/1"}],"replies":[{"embeddable":true,"href":"https:\/\/experienciadevida.com.ar\/portalurbano\/wp-json\/wp\/v2\/comments?post=164007"}],"version-history":[{"count":2,"href":"https:\/\/experienciadevida.com.ar\/portalurbano\/wp-json\/wp\/v2\/posts\/164007\/revisions"}],"predecessor-version":[{"id":164010,"href":"https:\/\/experienciadevida.com.ar\/portalurbano\/wp-json\/wp\/v2\/posts\/164007\/revisions\/164010"}],"wp:featuredmedia":[{"embeddable":true,"href":"https:\/\/experienciadevida.com.ar\/portalurbano\/wp-json\/wp\/v2\/media\/164008"}],"wp:attachment":[{"href":"https:\/\/experienciadevida.com.ar\/portalurbano\/wp-json\/wp\/v2\/media?parent=164007"}],"wp:term":[{"taxonomy":"category","embeddable":true,"href":"https:\/\/experienciadevida.com.ar\/portalurbano\/wp-json\/wp\/v2\/categories?post=164007"},{"taxonomy":"post_tag","embeddable":true,"href":"https:\/\/experienciadevida.com.ar\/portalurbano\/wp-json\/wp\/v2\/tags?post=164007"}],"curies":[{"name":"wp","href":"https:\/\/api.w.org\/{rel}","templated":true}]}}