{"id":163991,"date":"2022-03-23T16:01:09","date_gmt":"2022-03-23T19:01:09","guid":{"rendered":"https:\/\/experienciadevida.com.ar\/portalurbano\/?p=163991"},"modified":"2022-03-23T16:01:37","modified_gmt":"2022-03-23T19:01:37","slug":"se-viene-la-arduino-week-en-la-fio","status":"publish","type":"post","link":"https:\/\/experienciadevida.com.ar\/portalurbano\/se-viene-la-arduino-week-en-la-fio\/","title":{"rendered":"Se viene la \u201cArduino week\u201d en la FIO"},"content":{"rendered":"<p>Se viene la \u201cArduino week\u201d en la <a href=\"https:\/\/www.facebook.com\/FIO.UNICEN\">FIO<\/a>, la facultad de Ingenier\u00eda se suma a la celebraci\u00f3n mundial de la Semana de Arduino, la plataforma de programaci\u00f3n de electr\u00f3nica de c\u00f3digo abierto. A partir del lunes 21 de marzo, a nivel internacional, se desarrollar\u00e1n actividades que re\u00fanen a comunidades tecnol\u00f3gicas, desarrolladores y emprendedores, y la instituci\u00f3n universitaria se suma con talleres. Habr\u00e1 propuestas sobre tecnolog\u00edas libres, rob\u00f3tica y una muestra interactiva para trabajar vocaciones tempranas destinadas a estudiantes de nivel primario, secundario, universitario y p\u00fablico en general.<\/p>\n<p>La \u201cArduino week\u201d es un evento que se realiza en simult\u00e1neo para exhibir el potencial e impacto de la comunidad y tecnolog\u00eda Arduino, a trav\u00e9s de encuentros, talleres, conferencias y torneos, en diferentes puntos del planeta.<\/p>\n<p>Desde la Facultad de Ingenier\u00eda de Olavarr\u00eda se desarrollar\u00e1n jornadas para sensibilizar sobre la herramienta y la filosof\u00eda en la que se basa, y para despertar vocaciones tecnol\u00f3gicas en los participantes. Particularmente, y en el marco del #8M, se realizar\u00e1 una actividad con ni\u00f1as y adolescentes orientada a las disciplinas STEM (Ciencia, Tecnolog\u00eda, Ingenier\u00eda y Matem\u00e1tica, por sus siglas en ingl\u00e9s).<\/p>\n<p>Programa:<\/p>\n<p>24 de marzo. \u201cChicas + Rob\u00f3ticas = Creatividad\u201d, a cargo del IpACT en colaboraci\u00f3n con el CDEI FIO. Muestra interactiva para trabajar vocaciones tempranas con ni\u00f1as y adolescentes en STEM. Ser\u00e1 en el Parque Mitre de Olavarr\u00eda, a la altura de Brown y Alvaro Barros, de 17 a 19 hs y es abierta a la comunidad. La propuesta ser\u00e1 coordinada por las Prof. Y\u00e9sica Inorreta, Mar\u00eda Jos\u00e9 Bouciguez y Bettina Bravo.<\/p>\n<p>25 de marzo. \u201cLa revoluci\u00f3n de las tecnolog\u00edas libres. \u00bfQu\u00e9 es Arduino y para qu\u00e9 sirve?\u201d, a cargo del CDEI FIO, junto a docentes de la Facultad de Ciencias Exactas de la UNICEN. Presentaci\u00f3n de la placa de desarrollo Arduino UNO y la filosof\u00eda de trabajo detr\u00e1s de las denominadas \u201ctecnolog\u00edas libres\u201d (principalmente software y hardware libre). Estas herramientas junto con el movimiento Hazlo t\u00fa mismo (Do It Yourself, en ingl\u00e9s), generan un entorno propicio para la invenci\u00f3n y la innovaci\u00f3n a trav\u00e9s de dispositivos electr\u00f3nicos de relativa complejidad que suponen incorporar distintos saberes vinculados a la programaci\u00f3n, el dise\u00f1o de circuitos y el prototipado r\u00e1pido.<\/p>\n<p>La propuesta est\u00e1 dirigida a estudiantes del nivel secundario y universitario, y comunidad en general con inscripci\u00f3n a trav\u00e9s de este link: https:\/\/forms.gle\/hoEwWhNrBbssCwdJ9<br \/>\nCon una duraci\u00f3n de 2 horas, se realizar\u00e1 a partir de las 10:30hs. Lugar: Auditorio FIO.<\/p>\n<p>&#8211; 25 de marzo. \u201cLos Robot copan la escuela\u201d, a cargo del IpACT. Bajo la modalidad taller se presentar\u00e1n diversas problem\u00e1ticas, donde el juego ser\u00e1 el com\u00fan denominador y cuya resoluci\u00f3n involucrar\u00e1 aplicar un pensamiento computacional. Dichas problem\u00e1ticas implicar\u00e1n la elaboraci\u00f3n de algoritmos que podr\u00e1n estar expresados o codificados en distintos lenguajes (coloquial o simb\u00f3lico en papel y\/o soporte digital). Se intentar\u00e1 de este modo introducir a los ni\u00f1os y ni\u00f1as en el mundo de la programaci\u00f3n y la rob\u00f3tica, al abordar conceptos tales como: instrucci\u00f3n\/orden; codificaci\u00f3n y decodificaci\u00f3n; secuenciaci\u00f3n; ejecuci\u00f3n; depuraci\u00f3n. El taller contar\u00e1 con dos momentos: \u201cEn busca del queso\u201d que implicar\u00e1 el uso del robot Code &amp; Go Robot Mouse; y \u201cEl auto robot\u201d donde, a partir del uso de programas sencillos podr\u00e1n programar motores para provocar el movimiento de un auto de juguete.<\/p>\n<p>La actividad se realizar\u00e1 en el Complejo Universitario, junto a estudiantes y docentes de primaria.<\/p>\n","protected":false},"excerpt":{"rendered":"<p>Se viene la \u201cArduino week\u201d en la FIO, la facultad de Ingenier\u00eda se suma a&#8230;<\/p>\n","protected":false},"author":1,"featured_media":163992,"comment_status":"closed","ping_status":"closed","sticky":false,"template":"","format":"standard","meta":{"content-type":""},"categories":[31],"tags":[],"nelio_content":{"isAutoShareEnabled":false,"autoShareEndMode":"default","automationSources":{"useContentSentences":true,"useSocialTemplates":true,"useCustomSentences":false,"customSentences":[]},"followers":[1],"suggestedReferences":[],"includedReferences":[],"efiUrl":"","efiAlt":"","highlights":[]},"yoast_head":"<!-- This site is optimized with the Yoast SEO plugin v20.7 - https:\/\/yoast.com\/wordpress\/plugins\/seo\/ -->\n<title>Se viene la &quot;Arduino Week&quot; en la FIO<\/title>\n<meta name=\"description\" content=\"Se viene la \u201cArduino week\u201d en la FIO, la facultad de Ingenier\u00eda se suma a la celebraci\u00f3n mundial de la Semana de Arduino\" \/>\n<meta name=\"robots\" content=\"index, follow, max-snippet:-1, max-image-preview:large, max-video-preview:-1\" \/>\n<link rel=\"canonical\" href=\"https:\/\/experienciadevida.com.ar\/portalurbano\/se-viene-la-arduino-week-en-la-fio\/\" \/>\n<meta property=\"og:locale\" content=\"es_ES\" \/>\n<meta property=\"og:type\" content=\"article\" \/>\n<meta property=\"og:title\" content=\"Se viene la &quot;Arduino Week&quot; en la FIO\" \/>\n<meta property=\"og:description\" content=\"Se viene la \u201cArduino week\u201d en la FIO, la facultad de Ingenier\u00eda se suma a la celebraci\u00f3n mundial de la Semana de Arduino\" \/>\n<meta property=\"og:url\" content=\"https:\/\/experienciadevida.com.ar\/portalurbano\/se-viene-la-arduino-week-en-la-fio\/\" \/>\n<meta property=\"article:publisher\" content=\"https:\/\/www.facebook.com\/Portal-Urbano-171542830093757\/\" \/>\n<meta property=\"article:published_time\" content=\"2022-03-23T19:01:09+00:00\" \/>\n<meta property=\"article:modified_time\" content=\"2022-03-23T19:01:37+00:00\" \/>\n<meta property=\"og:image\" content=\"https:\/\/experienciadevida.com.ar\/portalurbano\/wp-content\/uploads\/2022\/03\/Se-viene-la.jpg\" \/>\n\t<meta property=\"og:image:width\" content=\"1000\" \/>\n\t<meta property=\"og:image:height\" content=\"485\" \/>\n\t<meta property=\"og:image:type\" content=\"image\/jpeg\" \/>\n<meta name=\"author\" content=\"admpu17wp\" \/>\n<meta name=\"twitter:card\" content=\"summary_large_image\" \/>\n<meta name=\"twitter:creator\" content=\"@portalurbanook\" \/>\n<meta name=\"twitter:site\" content=\"@portalurbanook\" \/>\n<meta name=\"twitter:label1\" content=\"Escrito por\" \/>\n\t<meta name=\"twitter:data1\" content=\"admpu17wp\" \/>\n\t<meta name=\"twitter:label2\" content=\"Tiempo de lectura\" \/>\n\t<meta name=\"twitter:data2\" content=\"3 minutos\" \/>\n<script type=\"application\/ld+json\" class=\"yoast-schema-graph\">{\"@context\":\"https:\/\/schema.org\",\"@graph\":[{\"@type\":\"Article\",\"@id\":\"https:\/\/experienciadevida.com.ar\/portalurbano\/se-viene-la-arduino-week-en-la-fio\/#article\",\"isPartOf\":{\"@id\":\"https:\/\/experienciadevida.com.ar\/portalurbano\/se-viene-la-arduino-week-en-la-fio\/\"},\"author\":{\"name\":\"admpu17wp\",\"@id\":\"https:\/\/experienciadevida.com.ar\/portalurbano\/#\/schema\/person\/02dd326b1c4b056e9cc972486934a3a7\"},\"headline\":\"Se viene la \u201cArduino week\u201d en la FIO\",\"datePublished\":\"2022-03-23T19:01:09+00:00\",\"dateModified\":\"2022-03-23T19:01:37+00:00\",\"mainEntityOfPage\":{\"@id\":\"https:\/\/experienciadevida.com.ar\/portalurbano\/se-viene-la-arduino-week-en-la-fio\/\"},\"wordCount\":625,\"publisher\":{\"@id\":\"https:\/\/experienciadevida.com.ar\/portalurbano\/#organization\"},\"articleSection\":[\"Educaci\u00f3n\"],\"inLanguage\":\"es\"},{\"@type\":\"WebPage\",\"@id\":\"https:\/\/experienciadevida.com.ar\/portalurbano\/se-viene-la-arduino-week-en-la-fio\/\",\"url\":\"https:\/\/experienciadevida.com.ar\/portalurbano\/se-viene-la-arduino-week-en-la-fio\/\",\"name\":\"Se viene la \\\"Arduino Week\\\" en la FIO\",\"isPartOf\":{\"@id\":\"https:\/\/experienciadevida.com.ar\/portalurbano\/#website\"},\"datePublished\":\"2022-03-23T19:01:09+00:00\",\"dateModified\":\"2022-03-23T19:01:37+00:00\",\"description\":\"Se viene la \u201cArduino week\u201d en la FIO, la facultad de Ingenier\u00eda se suma a la celebraci\u00f3n mundial de la Semana de Arduino\",\"breadcrumb\":{\"@id\":\"https:\/\/experienciadevida.com.ar\/portalurbano\/se-viene-la-arduino-week-en-la-fio\/#breadcrumb\"},\"inLanguage\":\"es\",\"potentialAction\":[{\"@type\":\"ReadAction\",\"target\":[\"https:\/\/experienciadevida.com.ar\/portalurbano\/se-viene-la-arduino-week-en-la-fio\/\"]}]},{\"@type\":\"BreadcrumbList\",\"@id\":\"https:\/\/experienciadevida.com.ar\/portalurbano\/se-viene-la-arduino-week-en-la-fio\/#breadcrumb\",\"itemListElement\":[{\"@type\":\"ListItem\",\"position\":1,\"name\":\"Portada\",\"item\":\"https:\/\/experienciadevida.com.ar\/portalurbano\/\"},{\"@type\":\"ListItem\",\"position\":2,\"name\":\"Se viene la \u201cArduino week\u201d en la FIO\"}]},{\"@type\":\"WebSite\",\"@id\":\"https:\/\/experienciadevida.com.ar\/portalurbano\/#website\",\"url\":\"https:\/\/experienciadevida.com.ar\/portalurbano\/\",\"name\":\"\",\"description\":\"\",\"publisher\":{\"@id\":\"https:\/\/experienciadevida.com.ar\/portalurbano\/#organization\"},\"potentialAction\":[{\"@type\":\"SearchAction\",\"target\":{\"@type\":\"EntryPoint\",\"urlTemplate\":\"https:\/\/experienciadevida.com.ar\/portalurbano\/?s={search_term_string}\"},\"query-input\":\"required name=search_term_string\"}],\"inLanguage\":\"es\"},{\"@type\":\"Organization\",\"@id\":\"https:\/\/experienciadevida.com.ar\/portalurbano\/#organization\",\"name\":\"Portal Urbano\",\"url\":\"https:\/\/experienciadevida.com.ar\/portalurbano\/\",\"logo\":{\"@type\":\"ImageObject\",\"inLanguage\":\"es\",\"@id\":\"https:\/\/experienciadevida.com.ar\/portalurbano\/#\/schema\/logo\/image\/\",\"url\":\"https:\/\/experienciadevida.com.ar\/portalurbano\/wp-content\/uploads\/2019\/09\/Logo-Original.png\",\"contentUrl\":\"https:\/\/experienciadevida.com.ar\/portalurbano\/wp-content\/uploads\/2019\/09\/Logo-Original.png\",\"width\":2236,\"height\":1216,\"caption\":\"Portal Urbano\"},\"image\":{\"@id\":\"https:\/\/experienciadevida.com.ar\/portalurbano\/#\/schema\/logo\/image\/\"},\"sameAs\":[\"https:\/\/www.facebook.com\/Portal-Urbano-171542830093757\/\",\"https:\/\/twitter.com\/portalurbanook\",\"https:\/\/www.instagram.com\/_portalurbano\/\",\"https:\/\/www.youtube.com\/channel\/UCXhagIfszH8KxFiOok79zbA?view_as=subscriber\"]},{\"@type\":\"Person\",\"@id\":\"https:\/\/experienciadevida.com.ar\/portalurbano\/#\/schema\/person\/02dd326b1c4b056e9cc972486934a3a7\",\"name\":\"admpu17wp\",\"image\":{\"@type\":\"ImageObject\",\"inLanguage\":\"es\",\"@id\":\"https:\/\/experienciadevida.com.ar\/portalurbano\/#\/schema\/person\/image\/\",\"url\":\"https:\/\/secure.gravatar.com\/avatar\/830d4c57adaae6630765e449a6908047?s=96&d=mm&r=g\",\"contentUrl\":\"https:\/\/secure.gravatar.com\/avatar\/830d4c57adaae6630765e449a6908047?s=96&d=mm&r=g\",\"caption\":\"admpu17wp\"}}]}<\/script>\n<!-- \/ Yoast SEO plugin. -->","yoast_head_json":{"title":"Se viene la \"Arduino Week\" en la FIO","description":"Se viene la \u201cArduino week\u201d en la FIO, la facultad de Ingenier\u00eda se suma a la celebraci\u00f3n mundial de la Semana de Arduino","robots":{"index":"index","follow":"follow","max-snippet":"max-snippet:-1","max-image-preview":"max-image-preview:large","max-video-preview":"max-video-preview:-1"},"canonical":"https:\/\/experienciadevida.com.ar\/portalurbano\/se-viene-la-arduino-week-en-la-fio\/","og_locale":"es_ES","og_type":"article","og_title":"Se viene la \"Arduino Week\" en la FIO","og_description":"Se viene la \u201cArduino week\u201d en la FIO, la facultad de Ingenier\u00eda se suma a la celebraci\u00f3n mundial de la Semana de Arduino","og_url":"https:\/\/experienciadevida.com.ar\/portalurbano\/se-viene-la-arduino-week-en-la-fio\/","article_publisher":"https:\/\/www.facebook.com\/Portal-Urbano-171542830093757\/","article_published_time":"2022-03-23T19:01:09+00:00","article_modified_time":"2022-03-23T19:01:37+00:00","og_image":[{"width":1000,"height":485,"url":"https:\/\/experienciadevida.com.ar\/portalurbano\/wp-content\/uploads\/2022\/03\/Se-viene-la.jpg","type":"image\/jpeg"}],"author":"admpu17wp","twitter_card":"summary_large_image","twitter_creator":"@portalurbanook","twitter_site":"@portalurbanook","twitter_misc":{"Escrito por":"admpu17wp","Tiempo de lectura":"3 minutos"},"schema":{"@context":"https:\/\/schema.org","@graph":[{"@type":"Article","@id":"https:\/\/experienciadevida.com.ar\/portalurbano\/se-viene-la-arduino-week-en-la-fio\/#article","isPartOf":{"@id":"https:\/\/experienciadevida.com.ar\/portalurbano\/se-viene-la-arduino-week-en-la-fio\/"},"author":{"name":"admpu17wp","@id":"https:\/\/experienciadevida.com.ar\/portalurbano\/#\/schema\/person\/02dd326b1c4b056e9cc972486934a3a7"},"headline":"Se viene la \u201cArduino week\u201d en la FIO","datePublished":"2022-03-23T19:01:09+00:00","dateModified":"2022-03-23T19:01:37+00:00","mainEntityOfPage":{"@id":"https:\/\/experienciadevida.com.ar\/portalurbano\/se-viene-la-arduino-week-en-la-fio\/"},"wordCount":625,"publisher":{"@id":"https:\/\/experienciadevida.com.ar\/portalurbano\/#organization"},"articleSection":["Educaci\u00f3n"],"inLanguage":"es"},{"@type":"WebPage","@id":"https:\/\/experienciadevida.com.ar\/portalurbano\/se-viene-la-arduino-week-en-la-fio\/","url":"https:\/\/experienciadevida.com.ar\/portalurbano\/se-viene-la-arduino-week-en-la-fio\/","name":"Se viene la \"Arduino Week\" en la FIO","isPartOf":{"@id":"https:\/\/experienciadevida.com.ar\/portalurbano\/#website"},"datePublished":"2022-03-23T19:01:09+00:00","dateModified":"2022-03-23T19:01:37+00:00","description":"Se viene la \u201cArduino week\u201d en la FIO, la facultad de Ingenier\u00eda se suma a la celebraci\u00f3n mundial de la Semana de Arduino","breadcrumb":{"@id":"https:\/\/experienciadevida.com.ar\/portalurbano\/se-viene-la-arduino-week-en-la-fio\/#breadcrumb"},"inLanguage":"es","potentialAction":[{"@type":"ReadAction","target":["https:\/\/experienciadevida.com.ar\/portalurbano\/se-viene-la-arduino-week-en-la-fio\/"]}]},{"@type":"BreadcrumbList","@id":"https:\/\/experienciadevida.com.ar\/portalurbano\/se-viene-la-arduino-week-en-la-fio\/#breadcrumb","itemListElement":[{"@type":"ListItem","position":1,"name":"Portada","item":"https:\/\/experienciadevida.com.ar\/portalurbano\/"},{"@type":"ListItem","position":2,"name":"Se viene la \u201cArduino week\u201d en la FIO"}]},{"@type":"WebSite","@id":"https:\/\/experienciadevida.com.ar\/portalurbano\/#website","url":"https:\/\/experienciadevida.com.ar\/portalurbano\/","name":"","description":"","publisher":{"@id":"https:\/\/experienciadevida.com.ar\/portalurbano\/#organization"},"potentialAction":[{"@type":"SearchAction","target":{"@type":"EntryPoint","urlTemplate":"https:\/\/experienciadevida.com.ar\/portalurbano\/?s={search_term_string}"},"query-input":"required name=search_term_string"}],"inLanguage":"es"},{"@type":"Organization","@id":"https:\/\/experienciadevida.com.ar\/portalurbano\/#organization","name":"Portal Urbano","url":"https:\/\/experienciadevida.com.ar\/portalurbano\/","logo":{"@type":"ImageObject","inLanguage":"es","@id":"https:\/\/experienciadevida.com.ar\/portalurbano\/#\/schema\/logo\/image\/","url":"https:\/\/experienciadevida.com.ar\/portalurbano\/wp-content\/uploads\/2019\/09\/Logo-Original.png","contentUrl":"https:\/\/experienciadevida.com.ar\/portalurbano\/wp-content\/uploads\/2019\/09\/Logo-Original.png","width":2236,"height":1216,"caption":"Portal Urbano"},"image":{"@id":"https:\/\/experienciadevida.com.ar\/portalurbano\/#\/schema\/logo\/image\/"},"sameAs":["https:\/\/www.facebook.com\/Portal-Urbano-171542830093757\/","https:\/\/twitter.com\/portalurbanook","https:\/\/www.instagram.com\/_portalurbano\/","https:\/\/www.youtube.com\/channel\/UCXhagIfszH8KxFiOok79zbA?view_as=subscriber"]},{"@type":"Person","@id":"https:\/\/experienciadevida.com.ar\/portalurbano\/#\/schema\/person\/02dd326b1c4b056e9cc972486934a3a7","name":"admpu17wp","image":{"@type":"ImageObject","inLanguage":"es","@id":"https:\/\/experienciadevida.com.ar\/portalurbano\/#\/schema\/person\/image\/","url":"https:\/\/secure.gravatar.com\/avatar\/830d4c57adaae6630765e449a6908047?s=96&d=mm&r=g","contentUrl":"https:\/\/secure.gravatar.com\/avatar\/830d4c57adaae6630765e449a6908047?s=96&d=mm&r=g","caption":"admpu17wp"}}]}},"featured_image_urls":{"full":["https:\/\/experienciadevida.com.ar\/portalurbano\/wp-content\/uploads\/2022\/03\/Se-viene-la.jpg",1000,485,false],"thumbnail":["https:\/\/experienciadevida.com.ar\/portalurbano\/wp-content\/uploads\/2022\/03\/Se-viene-la-150x150.jpg",150,150,true],"medium":["https:\/\/experienciadevida.com.ar\/portalurbano\/wp-content\/uploads\/2022\/03\/Se-viene-la-300x146.jpg",300,146,true],"medium_large":["https:\/\/experienciadevida.com.ar\/portalurbano\/wp-content\/uploads\/2022\/03\/Se-viene-la-768x372.jpg",640,310,true],"large":["https:\/\/experienciadevida.com.ar\/portalurbano\/wp-content\/uploads\/2022\/03\/Se-viene-la.jpg",640,310,false],"ug_big":["https:\/\/experienciadevida.com.ar\/portalurbano\/wp-content\/uploads\/2022\/03\/Se-viene-la-768x372.jpg",768,372,true],"1536x1536":["https:\/\/experienciadevida.com.ar\/portalurbano\/wp-content\/uploads\/2022\/03\/Se-viene-la.jpg",1000,485,false],"2048x2048":["https:\/\/experienciadevida.com.ar\/portalurbano\/wp-content\/uploads\/2022\/03\/Se-viene-la.jpg",1000,485,false],"newsever-slider-full":["https:\/\/experienciadevida.com.ar\/portalurbano\/wp-content\/uploads\/2022\/03\/Se-viene-la.jpg",1000,485,false],"newsever-featured":["https:\/\/experienciadevida.com.ar\/portalurbano\/wp-content\/uploads\/2022\/03\/Se-viene-la.jpg",1000,485,false],"newsever-medium":["https:\/\/experienciadevida.com.ar\/portalurbano\/wp-content\/uploads\/2022\/03\/Se-viene-la.jpg",720,349,false],"web-stories-poster-portrait":["https:\/\/experienciadevida.com.ar\/portalurbano\/wp-content\/uploads\/2022\/03\/Se-viene-la.jpg",640,310,false],"web-stories-publisher-logo":["https:\/\/experienciadevida.com.ar\/portalurbano\/wp-content\/uploads\/2022\/03\/Se-viene-la.jpg",96,47,false],"web-stories-thumbnail":["https:\/\/experienciadevida.com.ar\/portalurbano\/wp-content\/uploads\/2022\/03\/Se-viene-la.jpg",150,73,false]},"author_info":{"display_name":"admpu17wp","author_link":"https:\/\/experienciadevida.com.ar\/portalurbano\/author\/admpu17wp\/"},"category_info":"<a href=\"https:\/\/experienciadevida.com.ar\/portalurbano\/category\/ciudad\/educacion\/\" rel=\"category tag\">Educaci\u00f3n<\/a>","tag_info":"Educaci\u00f3n","comment_count":"0","amp_enabled":true,"_links":{"self":[{"href":"https:\/\/experienciadevida.com.ar\/portalurbano\/wp-json\/wp\/v2\/posts\/163991"}],"collection":[{"href":"https:\/\/experienciadevida.com.ar\/portalurbano\/wp-json\/wp\/v2\/posts"}],"about":[{"href":"https:\/\/experienciadevida.com.ar\/portalurbano\/wp-json\/wp\/v2\/types\/post"}],"author":[{"embeddable":true,"href":"https:\/\/experienciadevida.com.ar\/portalurbano\/wp-json\/wp\/v2\/users\/1"}],"replies":[{"embeddable":true,"href":"https:\/\/experienciadevida.com.ar\/portalurbano\/wp-json\/wp\/v2\/comments?post=163991"}],"version-history":[{"count":1,"href":"https:\/\/experienciadevida.com.ar\/portalurbano\/wp-json\/wp\/v2\/posts\/163991\/revisions"}],"predecessor-version":[{"id":163993,"href":"https:\/\/experienciadevida.com.ar\/portalurbano\/wp-json\/wp\/v2\/posts\/163991\/revisions\/163993"}],"wp:featuredmedia":[{"embeddable":true,"href":"https:\/\/experienciadevida.com.ar\/portalurbano\/wp-json\/wp\/v2\/media\/163992"}],"wp:attachment":[{"href":"https:\/\/experienciadevida.com.ar\/portalurbano\/wp-json\/wp\/v2\/media?parent=163991"}],"wp:term":[{"taxonomy":"category","embeddable":true,"href":"https:\/\/experienciadevida.com.ar\/portalurbano\/wp-json\/wp\/v2\/categories?post=163991"},{"taxonomy":"post_tag","embeddable":true,"href":"https:\/\/experienciadevida.com.ar\/portalurbano\/wp-json\/wp\/v2\/tags?post=163991"}],"curies":[{"name":"wp","href":"https:\/\/api.w.org\/{rel}","templated":true}]}}