{"id":163989,"date":"2022-03-23T15:34:37","date_gmt":"2022-03-23T18:34:37","guid":{"rendered":"https:\/\/experienciadevida.com.ar\/portalurbano\/?p=163989"},"modified":"2022-03-23T15:35:05","modified_gmt":"2022-03-23T18:35:05","slug":"se-viene-otra-edicion-de-marzo-por-la-memoria-en-la-sede-olavarria-de-la-unicen","status":"publish","type":"post","link":"https:\/\/experienciadevida.com.ar\/portalurbano\/se-viene-otra-edicion-de-marzo-por-la-memoria-en-la-sede-olavarria-de-la-unicen\/","title":{"rendered":"Se viene otra edici\u00f3n de \u201cMarzo por la Memoria\u201d en la sede Olavarr\u00eda de la UNICEN"},"content":{"rendered":"<p>Se viene otra edici\u00f3n de \u201cMarzo por la Memoria\u201d en la sede Olavarr\u00eda de la <a href=\"https:\/\/www.facebook.com\/FIO.UNICEN\">UNICEN<\/a>, en el marco del D\u00eda Nacional de la Memoria por la Verdad y la Justicia, las instituciones de la UNICEN con sede en Olavarr\u00eda desarrollaron un cronograma de actividades abierto a la comunidad.<\/p>\n<p>Muestra de objetos, fotos, teatro e intervenciones estudiantiles forman parte de esta edici\u00f3n 2022 del programa, contextualizado en el juicio por delitos de lesa humanidad en el circuito represivo Sub Zona 12 (Azul-Tandil), tambi\u00e9n conocido como &#8220;La Huerta&#8221;, que comenz\u00f3 en el mes de febrero en el Tribunal Oral Federal de Mar del Plata.<\/p>\n<p>Las actividades son organizadas por las Facultades de Ingenier\u00eda, Ciencias Sociales, Ciencias de la Salud, el Centro Cultural Universitario, la Escuela Nacional Adolfo P\u00e9rez Esquivel y el Jard\u00edn Maternal Upa La L\u00e1.<\/p>\n<p>Cronograma:<\/p>\n<p>-Lunes 21, 19 horas \/ martes 22, 9 horas: Obra \u201cLa Memoria de las Cosas \u00bfC\u00f3mo guardamos la memoria?\u201d.<br \/>\nSe trata de una obra participativa del artista visual Juan Tellez, que consiste en una obra participativa que parte de la pregunta \u00bfC\u00f3mo guardamos la memoria?. Para participar hay que llevar un objeto que contenga una historia o recuerdo.<br \/>\nLugar: Centro Cultural Universitario (San Mart\u00edn 1955)<br \/>\nOrganiza: Centro Cultural Universitario<br \/>\nAdhieren: Comisi\u00f3n por la Memoria Local y Centro de Estudiantes de la FACSO.<\/p>\n<p>-Lunes 21, martes 22 y mi\u00e9rcoles 23: actividades \u00e1ulicas Haciendo MEMORIA sobre el Juicio del ex Centro Clandestino de Detenci\u00f3n Monte Pelloni y que abordan el presente Juicio por los delitos de Lesa Humanidad en la Subzona 12.<br \/>\nOrganiza: Escuela Nacional Adolfo P\u00e9rez Esquivel.<\/p>\n<p>-A partir del martes 22: Muestra \u201cIm\u00e1genes robadas, im\u00e1genes recuperadas\u201d del Museo de Arte y Memoria de la Comisi\u00f3n Provincial de la Memoria.<br \/>\nLa muestra se compone de una selecci\u00f3n de fotograf\u00edas del Archivo de la Direcci\u00f3n de Inteligencia de la Polic\u00eda Bonaerense, que ilustran centenares de legajos. Fotos tomadas por los agentes de la DIPPBA, quienes marcaron, persiguieron y sentenciaron a militantes pol\u00edticos, sociales y gremiales. Fotos que se\u00f1alan a las v\u00edctimas, poniendo en foco los rostros, cuerpos, andares y pertenencias de miles de hombres y mujeres espiados y acechados durante m\u00e1s de medio siglo.<br \/>\nLa muestra estar\u00e1 abierta al p\u00fablico en general.<br \/>\nLugar: Edificio de Aulas Comunes, Complejo Universitario (Av. Del Valle 5737)<br \/>\nOrganizan: Facultad de Ingenier\u00eda, Facultad de Ciencias Sociales, Facultad de Ciencias de la Salud, Escuela Nacional Adolfo P\u00e9rez Esquivel y Jard\u00edn Maternal Upa La L\u00e1 de la UNICEN.<\/p>\n<p>-Mi\u00e9rcoles 23 durante la ma\u00f1ana: Obra \u201cLa Memoria de las Cosas \u00bfC\u00f3mo guardamos la memoria?\u201d, a cargo del artista visual Juan Tellez.<br \/>\nLugar: Espacio de Memoria Monte Pelloni.<br \/>\nOrganiza: Centro Cultural Universitario<br \/>\nAdhieren: Comisi\u00f3n por la Memoria Local y Centro de Estudiantes de la FACSO.<\/p>\n<p>-Mi\u00e9rcoles 23 a la ma\u00f1ana: Visita al Espacio de Memoria y ex Centro Clandestino de Detenci\u00f3n Monte Pelloni.<br \/>\nEstudiantes de la Facultad de Ciencias Sociales visitar\u00e1n el Espacio de Memoria y ex Centro Clandestino de Detenci\u00f3n Monte Pelloni. La propuesta busca que recorran el lugar donde se cometieron cr\u00edmenes de lesa humanidad durante la \u00faltima dictadura c\u00edvico militar ocurrida en nuestro pa\u00eds y reflexionen sobre lo ocurrido. La misma est\u00e1 institucionalizada por el Consejo Acad\u00e9mico de la FACSO.<br \/>\nOrganiza: Centro de Estudiantes de la FACSO en articulaci\u00f3n con la Comisi\u00f3n de la Memoria Local.<\/p>\n<p>-Mi\u00e9rcoles 23: Pa\u00f1uelos por la Memoria, Verdad y Justicia<br \/>\nSe descubrir\u00e1n placas conmemorativas bajo la consigna 30 MIL PA\u00d1UELOS POR LA MEMORIA. Los pa\u00f1uelos blancos, realizados con t\u00e9cnicas de mosaiquismo, fueron producidos como parte de un proyecto desde los espacios curriculares de Historia y Artes visuales de segundo a\u00f1o de la Escuela Nacional Adolfo P\u00e9rez Esquivel UNICEN, siendo los y las estudiantes hacedores, transformadores y multiplicadores de discursos est\u00e9ticos cargados de sentido.<br \/>\nLugar: Aulas Universitarias en c\u00e1rceles del Servicio Penitenciario Bonaerense (UP N\u00ba 2, N\u00ba 27 y N\u00ba 38 de Sierra Chica y N\u00ba 7 y N\u00ba 52 de Azul).<br \/>\nOrganizan: Programa Universidad en la C\u00e1rcel, Secretar\u00eda de Extensi\u00f3n UNICEN, Centro Cultural Itinerante el Musguito, Facultad de Ciencias Sociales, Facultad de Derecho y Facultad de Arte.<\/p>\n<p>-Viernes 25 a partir de las 10 horas: Jornada de cierre y puesta en com\u00fan \u201cSeamos MEMORIA en la CALLE\u201d. Ser\u00e1 al aire libre con m\u00fasica, invitados\/as y actividades art\u00edsticas.<br \/>\nOrganiza: Escuela Nacional Adolfo P\u00e9rez Esquivel.<\/p>\n<p>&#8211; Lunes 28 a las 18 horas: Obra de teatro \u201cMalas palabras\u201d<br \/>\nSinopsis: Flor necesita una foto de cuando era beb\u00e9- beb\u00e9\u2026 pero en su casa no hay ninguna. A partir de ah\u00ed, ella, su amigo Pelos y sus pap\u00e1s nos van a contar su historia. Porque tienen algo muy importante que decir. Abordado desde el Teatro de Objetos, Malas Palabras habla sobre la familia, la amistad, la identidad y la ni\u00f1ez de forma tierna y divertida.<br \/>\nDirecci\u00f3n de Marianela Vallazza y Gast\u00f3n Dubini; actuaci\u00f3n de Clara Giorgetti; y asistencia de Catalina Landivar.<br \/>\nEs abierta al p\u00fablico en general y gratuita.<br \/>\nLugar: Complejo Universitario (Av. Del Valle 5737).<\/p>\n<p>Organizan: Facultad de Ciencias Sociales, Facultad de Ingenier\u00eda, Facultad de Ciencias de la Salud, Escuela Nacional Adolfo P\u00e9rez Esquivel, Jard\u00edn Maternal Upa La L\u00e1.<br \/>\nAuspician: \u00c1rea de Cultura UNICEN y ATUNCPBA.<\/p>\n<p>Cobertura del Juicio por Delitos de Lesa Humanidad en el circuito represivo Sub Zona 12 (Azul-Tandil): los medios de comunicaci\u00f3n de la FACSO y la UNICEN realizan la cobertura de las audiencias del juicio oral y p\u00fablico que se desarrolla en Mar del Plata, por los delitos de lesa humanidad cometidos en Tandil y Azul en la \u00faltima dictadura c\u00edvico militar contra m\u00e1s de 100 v\u00edctimas de Olavarr\u00eda, Azul y Tandil, entre otras ciudades.<br \/>\nLa cobertura es realizada a trav\u00e9s de Agencia Comunica y Radio Universidad FM 90.1 de la FACSO y la Productora Abra TV UNICEN.<\/p>\n<p>-Participaci\u00f3n de docentes y estudiantes sede Olavarr\u00eda UNICEN en la Capacitaci\u00f3n sobre herramientas Wikimedia para proyectos educativos sobre derechos humanos. En el caso de la Escuela Nacional Adolfo P\u00e9rez Esquivel, lo har\u00e1 a fin de acompa\u00f1ar los proyectos del Programa J\u00f3venes y Memoria dependiente de la Comisi\u00f3n Provincial de la Memoria.<br \/>\nOrganiza: Facultad de Ciencias Exactas UNICEN.<\/p>\n<p>-XXI Convocatoria \u201cSembremos Memoria. Conquistemos Derechos\u201d de la Comisi\u00f3n Provincial de la Memoria: la Escuela Nacional Adolfo P\u00e9rez Esquivel participa de la difusi\u00f3n y realiza las inscripciones. Este programa, convoca a las nuevas generaciones a ejercer su ciudadan\u00eda activando la memoria de su historia, elaborando identidades, registrando y denunciando las injusticias, demandando por ellas y asumi\u00e9ndose como sujetos activos en el marco del proceso hist\u00f3rico que los constituye. En \u00e9l, los\/as j\u00f3venes pueden desarrollar esta mirada para investigar, visibilizar, denunciar, proponer, comunicar y difundir esas injusticias presentes y pasadas que han agraviado a su comunidad, como as\u00ed tambi\u00e9n esas experiencias de organizaci\u00f3n y lucha que las han enfrentado y las enfrentan en el territorio donde viven.<\/p>\n","protected":false},"excerpt":{"rendered":"<p>Se viene otra edici\u00f3n de \u201cMarzo por la Memoria\u201d en la sede Olavarr\u00eda de la&#8230;<\/p>\n","protected":false},"author":1,"featured_media":74352,"comment_status":"closed","ping_status":"closed","sticky":false,"template":"","format":"standard","meta":{"content-type":""},"categories":[27],"tags":[],"nelio_content":{"isAutoShareEnabled":false,"autoShareEndMode":"default","automationSources":{"useContentSentences":true,"useSocialTemplates":true,"useCustomSentences":false,"customSentences":[]},"followers":[1],"suggestedReferences":[],"includedReferences":[],"efiUrl":"","efiAlt":"","highlights":[]},"yoast_head":"<!-- This site is optimized with the Yoast SEO plugin v20.7 - https:\/\/yoast.com\/wordpress\/plugins\/seo\/ -->\n<title>Se viene otra edici\u00f3n de marzo por la memoria en la UNICEN<\/title>\n<meta name=\"description\" content=\"Se viene otra edici\u00f3n de \u201cMarzo por la Memoria\u201d en la sede Olavarr\u00eda de la UNICEN, en el marco del D\u00eda Nacional de la Memoria\" \/>\n<meta name=\"robots\" content=\"index, follow, max-snippet:-1, max-image-preview:large, max-video-preview:-1\" \/>\n<link rel=\"canonical\" href=\"https:\/\/experienciadevida.com.ar\/portalurbano\/se-viene-otra-edicion-de-marzo-por-la-memoria-en-la-sede-olavarria-de-la-unicen\/\" \/>\n<meta property=\"og:locale\" content=\"es_ES\" \/>\n<meta property=\"og:type\" content=\"article\" \/>\n<meta property=\"og:title\" content=\"Se viene otra edici\u00f3n de marzo por la memoria en la UNICEN\" \/>\n<meta property=\"og:description\" content=\"Se viene otra edici\u00f3n de \u201cMarzo por la Memoria\u201d en la sede Olavarr\u00eda de la UNICEN, en el marco del D\u00eda Nacional de la Memoria\" \/>\n<meta property=\"og:url\" content=\"https:\/\/experienciadevida.com.ar\/portalurbano\/se-viene-otra-edicion-de-marzo-por-la-memoria-en-la-sede-olavarria-de-la-unicen\/\" \/>\n<meta property=\"article:publisher\" content=\"https:\/\/www.facebook.com\/Portal-Urbano-171542830093757\/\" \/>\n<meta property=\"article:published_time\" content=\"2022-03-23T18:34:37+00:00\" \/>\n<meta property=\"article:modified_time\" content=\"2022-03-23T18:35:05+00:00\" \/>\n<meta property=\"og:image\" content=\"https:\/\/experienciadevida.com.ar\/portalurbano\/wp-content\/uploads\/2019\/06\/FIO-3.jpg\" \/>\n\t<meta property=\"og:image:width\" content=\"700\" \/>\n\t<meta property=\"og:image:height\" content=\"425\" \/>\n\t<meta property=\"og:image:type\" content=\"image\/jpeg\" \/>\n<meta name=\"author\" content=\"admpu17wp\" \/>\n<meta name=\"twitter:card\" content=\"summary_large_image\" \/>\n<meta name=\"twitter:creator\" content=\"@portalurbanook\" \/>\n<meta name=\"twitter:site\" content=\"@portalurbanook\" \/>\n<meta name=\"twitter:label1\" content=\"Escrito por\" \/>\n\t<meta name=\"twitter:data1\" content=\"admpu17wp\" \/>\n\t<meta name=\"twitter:label2\" content=\"Tiempo de lectura\" \/>\n\t<meta name=\"twitter:data2\" content=\"6 minutos\" \/>\n<script type=\"application\/ld+json\" class=\"yoast-schema-graph\">{\"@context\":\"https:\/\/schema.org\",\"@graph\":[{\"@type\":\"Article\",\"@id\":\"https:\/\/experienciadevida.com.ar\/portalurbano\/se-viene-otra-edicion-de-marzo-por-la-memoria-en-la-sede-olavarria-de-la-unicen\/#article\",\"isPartOf\":{\"@id\":\"https:\/\/experienciadevida.com.ar\/portalurbano\/se-viene-otra-edicion-de-marzo-por-la-memoria-en-la-sede-olavarria-de-la-unicen\/\"},\"author\":{\"name\":\"admpu17wp\",\"@id\":\"https:\/\/experienciadevida.com.ar\/portalurbano\/#\/schema\/person\/02dd326b1c4b056e9cc972486934a3a7\"},\"headline\":\"Se viene otra edici\u00f3n de \u201cMarzo por la Memoria\u201d en la sede Olavarr\u00eda de la UNICEN\",\"datePublished\":\"2022-03-23T18:34:37+00:00\",\"dateModified\":\"2022-03-23T18:35:05+00:00\",\"mainEntityOfPage\":{\"@id\":\"https:\/\/experienciadevida.com.ar\/portalurbano\/se-viene-otra-edicion-de-marzo-por-la-memoria-en-la-sede-olavarria-de-la-unicen\/\"},\"wordCount\":1200,\"publisher\":{\"@id\":\"https:\/\/experienciadevida.com.ar\/portalurbano\/#organization\"},\"articleSection\":[\"Ciudad\"],\"inLanguage\":\"es\"},{\"@type\":\"WebPage\",\"@id\":\"https:\/\/experienciadevida.com.ar\/portalurbano\/se-viene-otra-edicion-de-marzo-por-la-memoria-en-la-sede-olavarria-de-la-unicen\/\",\"url\":\"https:\/\/experienciadevida.com.ar\/portalurbano\/se-viene-otra-edicion-de-marzo-por-la-memoria-en-la-sede-olavarria-de-la-unicen\/\",\"name\":\"Se viene otra edici\u00f3n de marzo por la memoria en la UNICEN\",\"isPartOf\":{\"@id\":\"https:\/\/experienciadevida.com.ar\/portalurbano\/#website\"},\"datePublished\":\"2022-03-23T18:34:37+00:00\",\"dateModified\":\"2022-03-23T18:35:05+00:00\",\"description\":\"Se viene otra edici\u00f3n de \u201cMarzo por la Memoria\u201d en la sede Olavarr\u00eda de la UNICEN, en el marco del D\u00eda Nacional de la Memoria\",\"breadcrumb\":{\"@id\":\"https:\/\/experienciadevida.com.ar\/portalurbano\/se-viene-otra-edicion-de-marzo-por-la-memoria-en-la-sede-olavarria-de-la-unicen\/#breadcrumb\"},\"inLanguage\":\"es\",\"potentialAction\":[{\"@type\":\"ReadAction\",\"target\":[\"https:\/\/experienciadevida.com.ar\/portalurbano\/se-viene-otra-edicion-de-marzo-por-la-memoria-en-la-sede-olavarria-de-la-unicen\/\"]}]},{\"@type\":\"BreadcrumbList\",\"@id\":\"https:\/\/experienciadevida.com.ar\/portalurbano\/se-viene-otra-edicion-de-marzo-por-la-memoria-en-la-sede-olavarria-de-la-unicen\/#breadcrumb\",\"itemListElement\":[{\"@type\":\"ListItem\",\"position\":1,\"name\":\"Portada\",\"item\":\"https:\/\/experienciadevida.com.ar\/portalurbano\/\"},{\"@type\":\"ListItem\",\"position\":2,\"name\":\"Se viene otra edici\u00f3n de \u201cMarzo por la Memoria\u201d en la sede Olavarr\u00eda de la UNICEN\"}]},{\"@type\":\"WebSite\",\"@id\":\"https:\/\/experienciadevida.com.ar\/portalurbano\/#website\",\"url\":\"https:\/\/experienciadevida.com.ar\/portalurbano\/\",\"name\":\"\",\"description\":\"\",\"publisher\":{\"@id\":\"https:\/\/experienciadevida.com.ar\/portalurbano\/#organization\"},\"potentialAction\":[{\"@type\":\"SearchAction\",\"target\":{\"@type\":\"EntryPoint\",\"urlTemplate\":\"https:\/\/experienciadevida.com.ar\/portalurbano\/?s={search_term_string}\"},\"query-input\":\"required name=search_term_string\"}],\"inLanguage\":\"es\"},{\"@type\":\"Organization\",\"@id\":\"https:\/\/experienciadevida.com.ar\/portalurbano\/#organization\",\"name\":\"Portal Urbano\",\"url\":\"https:\/\/experienciadevida.com.ar\/portalurbano\/\",\"logo\":{\"@type\":\"ImageObject\",\"inLanguage\":\"es\",\"@id\":\"https:\/\/experienciadevida.com.ar\/portalurbano\/#\/schema\/logo\/image\/\",\"url\":\"https:\/\/experienciadevida.com.ar\/portalurbano\/wp-content\/uploads\/2019\/09\/Logo-Original.png\",\"contentUrl\":\"https:\/\/experienciadevida.com.ar\/portalurbano\/wp-content\/uploads\/2019\/09\/Logo-Original.png\",\"width\":2236,\"height\":1216,\"caption\":\"Portal Urbano\"},\"image\":{\"@id\":\"https:\/\/experienciadevida.com.ar\/portalurbano\/#\/schema\/logo\/image\/\"},\"sameAs\":[\"https:\/\/www.facebook.com\/Portal-Urbano-171542830093757\/\",\"https:\/\/twitter.com\/portalurbanook\",\"https:\/\/www.instagram.com\/_portalurbano\/\",\"https:\/\/www.youtube.com\/channel\/UCXhagIfszH8KxFiOok79zbA?view_as=subscriber\"]},{\"@type\":\"Person\",\"@id\":\"https:\/\/experienciadevida.com.ar\/portalurbano\/#\/schema\/person\/02dd326b1c4b056e9cc972486934a3a7\",\"name\":\"admpu17wp\",\"image\":{\"@type\":\"ImageObject\",\"inLanguage\":\"es\",\"@id\":\"https:\/\/experienciadevida.com.ar\/portalurbano\/#\/schema\/person\/image\/\",\"url\":\"https:\/\/secure.gravatar.com\/avatar\/830d4c57adaae6630765e449a6908047?s=96&d=mm&r=g\",\"contentUrl\":\"https:\/\/secure.gravatar.com\/avatar\/830d4c57adaae6630765e449a6908047?s=96&d=mm&r=g\",\"caption\":\"admpu17wp\"}}]}<\/script>\n<!-- \/ Yoast SEO plugin. -->","yoast_head_json":{"title":"Se viene otra edici\u00f3n de marzo por la memoria en la UNICEN","description":"Se viene otra edici\u00f3n de \u201cMarzo por la Memoria\u201d en la sede Olavarr\u00eda de la UNICEN, en el marco del D\u00eda Nacional de la Memoria","robots":{"index":"index","follow":"follow","max-snippet":"max-snippet:-1","max-image-preview":"max-image-preview:large","max-video-preview":"max-video-preview:-1"},"canonical":"https:\/\/experienciadevida.com.ar\/portalurbano\/se-viene-otra-edicion-de-marzo-por-la-memoria-en-la-sede-olavarria-de-la-unicen\/","og_locale":"es_ES","og_type":"article","og_title":"Se viene otra edici\u00f3n de marzo por la memoria en la UNICEN","og_description":"Se viene otra edici\u00f3n de \u201cMarzo por la Memoria\u201d en la sede Olavarr\u00eda de la UNICEN, en el marco del D\u00eda Nacional de la Memoria","og_url":"https:\/\/experienciadevida.com.ar\/portalurbano\/se-viene-otra-edicion-de-marzo-por-la-memoria-en-la-sede-olavarria-de-la-unicen\/","article_publisher":"https:\/\/www.facebook.com\/Portal-Urbano-171542830093757\/","article_published_time":"2022-03-23T18:34:37+00:00","article_modified_time":"2022-03-23T18:35:05+00:00","og_image":[{"width":700,"height":425,"url":"https:\/\/experienciadevida.com.ar\/portalurbano\/wp-content\/uploads\/2019\/06\/FIO-3.jpg","type":"image\/jpeg"}],"author":"admpu17wp","twitter_card":"summary_large_image","twitter_creator":"@portalurbanook","twitter_site":"@portalurbanook","twitter_misc":{"Escrito por":"admpu17wp","Tiempo de lectura":"6 minutos"},"schema":{"@context":"https:\/\/schema.org","@graph":[{"@type":"Article","@id":"https:\/\/experienciadevida.com.ar\/portalurbano\/se-viene-otra-edicion-de-marzo-por-la-memoria-en-la-sede-olavarria-de-la-unicen\/#article","isPartOf":{"@id":"https:\/\/experienciadevida.com.ar\/portalurbano\/se-viene-otra-edicion-de-marzo-por-la-memoria-en-la-sede-olavarria-de-la-unicen\/"},"author":{"name":"admpu17wp","@id":"https:\/\/experienciadevida.com.ar\/portalurbano\/#\/schema\/person\/02dd326b1c4b056e9cc972486934a3a7"},"headline":"Se viene otra edici\u00f3n de \u201cMarzo por la Memoria\u201d en la sede Olavarr\u00eda de la UNICEN","datePublished":"2022-03-23T18:34:37+00:00","dateModified":"2022-03-23T18:35:05+00:00","mainEntityOfPage":{"@id":"https:\/\/experienciadevida.com.ar\/portalurbano\/se-viene-otra-edicion-de-marzo-por-la-memoria-en-la-sede-olavarria-de-la-unicen\/"},"wordCount":1200,"publisher":{"@id":"https:\/\/experienciadevida.com.ar\/portalurbano\/#organization"},"articleSection":["Ciudad"],"inLanguage":"es"},{"@type":"WebPage","@id":"https:\/\/experienciadevida.com.ar\/portalurbano\/se-viene-otra-edicion-de-marzo-por-la-memoria-en-la-sede-olavarria-de-la-unicen\/","url":"https:\/\/experienciadevida.com.ar\/portalurbano\/se-viene-otra-edicion-de-marzo-por-la-memoria-en-la-sede-olavarria-de-la-unicen\/","name":"Se viene otra edici\u00f3n de marzo por la memoria en la UNICEN","isPartOf":{"@id":"https:\/\/experienciadevida.com.ar\/portalurbano\/#website"},"datePublished":"2022-03-23T18:34:37+00:00","dateModified":"2022-03-23T18:35:05+00:00","description":"Se viene otra edici\u00f3n de \u201cMarzo por la Memoria\u201d en la sede Olavarr\u00eda de la UNICEN, en el marco del D\u00eda Nacional de la Memoria","breadcrumb":{"@id":"https:\/\/experienciadevida.com.ar\/portalurbano\/se-viene-otra-edicion-de-marzo-por-la-memoria-en-la-sede-olavarria-de-la-unicen\/#breadcrumb"},"inLanguage":"es","potentialAction":[{"@type":"ReadAction","target":["https:\/\/experienciadevida.com.ar\/portalurbano\/se-viene-otra-edicion-de-marzo-por-la-memoria-en-la-sede-olavarria-de-la-unicen\/"]}]},{"@type":"BreadcrumbList","@id":"https:\/\/experienciadevida.com.ar\/portalurbano\/se-viene-otra-edicion-de-marzo-por-la-memoria-en-la-sede-olavarria-de-la-unicen\/#breadcrumb","itemListElement":[{"@type":"ListItem","position":1,"name":"Portada","item":"https:\/\/experienciadevida.com.ar\/portalurbano\/"},{"@type":"ListItem","position":2,"name":"Se viene otra edici\u00f3n de \u201cMarzo por la Memoria\u201d en la sede Olavarr\u00eda de la UNICEN"}]},{"@type":"WebSite","@id":"https:\/\/experienciadevida.com.ar\/portalurbano\/#website","url":"https:\/\/experienciadevida.com.ar\/portalurbano\/","name":"","description":"","publisher":{"@id":"https:\/\/experienciadevida.com.ar\/portalurbano\/#organization"},"potentialAction":[{"@type":"SearchAction","target":{"@type":"EntryPoint","urlTemplate":"https:\/\/experienciadevida.com.ar\/portalurbano\/?s={search_term_string}"},"query-input":"required name=search_term_string"}],"inLanguage":"es"},{"@type":"Organization","@id":"https:\/\/experienciadevida.com.ar\/portalurbano\/#organization","name":"Portal Urbano","url":"https:\/\/experienciadevida.com.ar\/portalurbano\/","logo":{"@type":"ImageObject","inLanguage":"es","@id":"https:\/\/experienciadevida.com.ar\/portalurbano\/#\/schema\/logo\/image\/","url":"https:\/\/experienciadevida.com.ar\/portalurbano\/wp-content\/uploads\/2019\/09\/Logo-Original.png","contentUrl":"https:\/\/experienciadevida.com.ar\/portalurbano\/wp-content\/uploads\/2019\/09\/Logo-Original.png","width":2236,"height":1216,"caption":"Portal Urbano"},"image":{"@id":"https:\/\/experienciadevida.com.ar\/portalurbano\/#\/schema\/logo\/image\/"},"sameAs":["https:\/\/www.facebook.com\/Portal-Urbano-171542830093757\/","https:\/\/twitter.com\/portalurbanook","https:\/\/www.instagram.com\/_portalurbano\/","https:\/\/www.youtube.com\/channel\/UCXhagIfszH8KxFiOok79zbA?view_as=subscriber"]},{"@type":"Person","@id":"https:\/\/experienciadevida.com.ar\/portalurbano\/#\/schema\/person\/02dd326b1c4b056e9cc972486934a3a7","name":"admpu17wp","image":{"@type":"ImageObject","inLanguage":"es","@id":"https:\/\/experienciadevida.com.ar\/portalurbano\/#\/schema\/person\/image\/","url":"https:\/\/secure.gravatar.com\/avatar\/830d4c57adaae6630765e449a6908047?s=96&d=mm&r=g","contentUrl":"https:\/\/secure.gravatar.com\/avatar\/830d4c57adaae6630765e449a6908047?s=96&d=mm&r=g","caption":"admpu17wp"}}]}},"featured_image_urls":{"full":["https:\/\/experienciadevida.com.ar\/portalurbano\/wp-content\/uploads\/2019\/06\/FIO-3.jpg",700,425,false],"thumbnail":["https:\/\/experienciadevida.com.ar\/portalurbano\/wp-content\/uploads\/2019\/06\/FIO-3-150x150.jpg",150,150,true],"medium":["https:\/\/experienciadevida.com.ar\/portalurbano\/wp-content\/uploads\/2019\/06\/FIO-3-300x182.jpg",300,182,true],"medium_large":["https:\/\/experienciadevida.com.ar\/portalurbano\/wp-content\/uploads\/2019\/06\/FIO-3.jpg",640,389,false],"large":["https:\/\/experienciadevida.com.ar\/portalurbano\/wp-content\/uploads\/2019\/06\/FIO-3.jpg",640,389,false],"ug_big":["https:\/\/experienciadevida.com.ar\/portalurbano\/wp-content\/uploads\/2019\/06\/FIO-3.jpg",700,425,false],"1536x1536":["https:\/\/experienciadevida.com.ar\/portalurbano\/wp-content\/uploads\/2019\/06\/FIO-3.jpg",700,425,false],"2048x2048":["https:\/\/experienciadevida.com.ar\/portalurbano\/wp-content\/uploads\/2019\/06\/FIO-3.jpg",700,425,false],"newsever-slider-full":["https:\/\/experienciadevida.com.ar\/portalurbano\/wp-content\/uploads\/2019\/06\/FIO-3.jpg",700,425,false],"newsever-featured":["https:\/\/experienciadevida.com.ar\/portalurbano\/wp-content\/uploads\/2019\/06\/FIO-3.jpg",700,425,false],"newsever-medium":["https:\/\/experienciadevida.com.ar\/portalurbano\/wp-content\/uploads\/2019\/06\/FIO-3.jpg",700,425,false],"web-stories-poster-portrait":["https:\/\/experienciadevida.com.ar\/portalurbano\/wp-content\/uploads\/2019\/06\/FIO-3.jpg",640,389,false],"web-stories-publisher-logo":["https:\/\/experienciadevida.com.ar\/portalurbano\/wp-content\/uploads\/2019\/06\/FIO-3.jpg",96,58,false],"web-stories-thumbnail":["https:\/\/experienciadevida.com.ar\/portalurbano\/wp-content\/uploads\/2019\/06\/FIO-3.jpg",150,91,false]},"author_info":{"display_name":"admpu17wp","author_link":"https:\/\/experienciadevida.com.ar\/portalurbano\/author\/admpu17wp\/"},"category_info":"<a href=\"https:\/\/experienciadevida.com.ar\/portalurbano\/category\/ciudad\/\" rel=\"category tag\">Ciudad<\/a>","tag_info":"Ciudad","comment_count":"0","amp_enabled":true,"_links":{"self":[{"href":"https:\/\/experienciadevida.com.ar\/portalurbano\/wp-json\/wp\/v2\/posts\/163989"}],"collection":[{"href":"https:\/\/experienciadevida.com.ar\/portalurbano\/wp-json\/wp\/v2\/posts"}],"about":[{"href":"https:\/\/experienciadevida.com.ar\/portalurbano\/wp-json\/wp\/v2\/types\/post"}],"author":[{"embeddable":true,"href":"https:\/\/experienciadevida.com.ar\/portalurbano\/wp-json\/wp\/v2\/users\/1"}],"replies":[{"embeddable":true,"href":"https:\/\/experienciadevida.com.ar\/portalurbano\/wp-json\/wp\/v2\/comments?post=163989"}],"version-history":[{"count":1,"href":"https:\/\/experienciadevida.com.ar\/portalurbano\/wp-json\/wp\/v2\/posts\/163989\/revisions"}],"predecessor-version":[{"id":163990,"href":"https:\/\/experienciadevida.com.ar\/portalurbano\/wp-json\/wp\/v2\/posts\/163989\/revisions\/163990"}],"wp:featuredmedia":[{"embeddable":true,"href":"https:\/\/experienciadevida.com.ar\/portalurbano\/wp-json\/wp\/v2\/media\/74352"}],"wp:attachment":[{"href":"https:\/\/experienciadevida.com.ar\/portalurbano\/wp-json\/wp\/v2\/media?parent=163989"}],"wp:term":[{"taxonomy":"category","embeddable":true,"href":"https:\/\/experienciadevida.com.ar\/portalurbano\/wp-json\/wp\/v2\/categories?post=163989"},{"taxonomy":"post_tag","embeddable":true,"href":"https:\/\/experienciadevida.com.ar\/portalurbano\/wp-json\/wp\/v2\/tags?post=163989"}],"curies":[{"name":"wp","href":"https:\/\/api.w.org\/{rel}","templated":true}]}}