{"id":163981,"date":"2022-03-23T15:11:36","date_gmt":"2022-03-23T18:11:36","guid":{"rendered":"https:\/\/experienciadevida.com.ar\/portalurbano\/?p=163981"},"modified":"2022-03-23T15:14:48","modified_gmt":"2022-03-23T18:14:48","slug":"inauguro-la-muestra-imagenes-robadas-imagenes-recuperadas-en-el-campus-universitario","status":"publish","type":"post","link":"https:\/\/experienciadevida.com.ar\/portalurbano\/inauguro-la-muestra-imagenes-robadas-imagenes-recuperadas-en-el-campus-universitario\/","title":{"rendered":"Inaugur\u00f3 la muestra \u201cIm\u00e1genes robadas, im\u00e1genes recuperadas\u201d en el Campus Universitario"},"content":{"rendered":"<p>Inaugur\u00f3 la muestra \u201cIm\u00e1genes robadas, im\u00e1genes recuperadas\u201d en el Campus Universitario, en el marco de las actividades de Marzo por la Memoria, se inaugur\u00f3 la muestra del Museo de Arte y Memoria de la Comisi\u00f3n Provincial de la Memoria en el Edificio de Aulas Comunes. Participaron autoridades, referentes y estudiantes de las unidades acad\u00e9micas de la <a href=\"https:\/\/www.facebook.com\/facultadcienciassociales.unicen\">UNICEN<\/a> sede Olavarr\u00eda.<\/p>\n<p><a href=\"https:\/\/experienciadevida.com.ar\/portalurbano\/inauguro-la-muestra-imagenes-robadas-imagenes-recuperadas-en-el-campus-universitario\/inauguro\/\" rel=\"attachment wp-att-163984\"><img decoding=\"async\" class=\"alignnone size-full wp-image-163984\" src=\"https:\/\/experienciadevida.com.ar\/portalurbano\/wp-content\/uploads\/2022\/03\/Inauguro.jpg\" alt=\"Inaugur\u00f3 \" width=\"1000\" height=\"601\" srcset=\"https:\/\/experienciadevida.com.ar\/portalurbano\/wp-content\/uploads\/2022\/03\/Inauguro.jpg 1000w, https:\/\/experienciadevida.com.ar\/portalurbano\/wp-content\/uploads\/2022\/03\/Inauguro-300x180.jpg 300w, https:\/\/experienciadevida.com.ar\/portalurbano\/wp-content\/uploads\/2022\/03\/Inauguro-768x462.jpg 768w\" sizes=\"(max-width: 1000px) 100vw, 1000px\" \/><\/a><\/p>\n<p>Este martes se realiz\u00f3 la apertura formal de la muestra \u201cIm\u00e1genes robadas, im\u00e1genes recuperadas\u201d, que se compone de una selecci\u00f3n de fotograf\u00edas del Archivo de la Direcci\u00f3n de Inteligencia de la Polic\u00eda Bonaerense (DIPPBA) y pertenece al Museo de Arte y Memoria de la Comisi\u00f3n Provincial de la Memoria. La muestra se encuentra en el Edificio de Aulas Comunes del Campus Universitario de Olavarr\u00eda.<\/p>\n<p>En el acto de inauguraci\u00f3n participaron por la Facultad de Ciencias Sociales, la vicedecana Dra. Mar\u00eda Luz Endere y el Secretario de Extensi\u00f3n, Lic. Nicol\u00e1s Casado; por la Facultad de Ingenier\u00eda la decana Ing. Mar\u00eda Peralta, el vicedecano Dr. \u00d3scar Cabrera y la Secretaria de Extensi\u00f3n, Ing. Gabriela Huls; por la Facultad de Ciencias de la Salud, el Secretario de Extensi\u00f3n, Dr. Gustavo Zanelli; por el Jard\u00edn Maternal Upa La L\u00e1, la directora Daniela Carli y la vicedirectora Natalia Molinari; y por la Escuela Nacional Adolfo P\u00e9rez Esquivel la preceptora Ver\u00f3nica Dirgam.<\/p>\n<p>\u201cMarzo por la Memoria\u201d: se impulsan diversas propuestas en la sede Olavarr\u00eda de UNICEN<\/p>\n<p>Estuvieron presentes tambi\u00e9n estudiantes de la ENAPE, quienes compartieron sus experiencias en relaci\u00f3n a la construcci\u00f3n de la memoria y sobre las actividades realizadas en distintas materias sobre la \u00faltima dictadura c\u00edvico militar y los procesos de Memoria, Verdad y Justicia. Las autoridades revalorizaron el trabajo conjunto entre las unidades acad\u00e9micas y pre universitarias de la UNICEN sede Olavarr\u00eda, para la planificaci\u00f3n de las actividades organizadas en conmemoraci\u00f3n del 46 aniversario del Golpe c\u00edvico militar argentino.<\/p>\n<p>\u201cIm\u00e1genes robadas, im\u00e1genes recuperadas\u201d<\/p>\n<p>La muestra se compone de una selecci\u00f3n de fotograf\u00edas tomadas por agentes de la Direcci\u00f3n de Inteligencia de la Polic\u00eda Bonaerense (DIPPBA), quienes marcaron, persiguieron y sentenciaron a militantes pol\u00edticos, sociales y gremiales. Fotos que se\u00f1alan a las v\u00edctimas, poniendo en foco los rostros, cuerpos, andares y pertenencias de miles de hombres y mujeres espiados y acechados durante m\u00e1s de medio siglo.<\/p>\n<p><a href=\"https:\/\/experienciadevida.com.ar\/portalurbano\/inauguro-la-muestra-imagenes-robadas-imagenes-recuperadas-en-el-campus-universitario\/la-6\/\" rel=\"attachment wp-att-163985\"><img decoding=\"async\" class=\"alignnone size-full wp-image-163985\" src=\"https:\/\/experienciadevida.com.ar\/portalurbano\/wp-content\/uploads\/2022\/03\/la-1.jpg\" alt=\"la \" width=\"1000\" height=\"587\" srcset=\"https:\/\/experienciadevida.com.ar\/portalurbano\/wp-content\/uploads\/2022\/03\/la-1.jpg 1000w, https:\/\/experienciadevida.com.ar\/portalurbano\/wp-content\/uploads\/2022\/03\/la-1-300x176.jpg 300w, https:\/\/experienciadevida.com.ar\/portalurbano\/wp-content\/uploads\/2022\/03\/la-1-768x451.jpg 768w\" sizes=\"(max-width: 1000px) 100vw, 1000px\" \/><\/a><\/p>\n<p>Todas estas pr\u00e1cticas fueron establecidas por la inteligencia estatal dedicada a capturar y a poner en foco los rostros, los cuerpos, los andares, las pertenencias, los lugares, las vidas de miles de hombres y mujeres durante m\u00e1s de medio siglo. Fotos que marcan y se\u00f1alan a las v\u00edctimas. Fotos robadas, tomadas como bot\u00edn en distintos procedimientos, quiz\u00e1 en el intento de arrebatar tambi\u00e9n los recuerdos m\u00e1s personales. Fotos que procuran capturar la movilizaci\u00f3n y la protesta social en las calles. Que buscan el detalle de los rostros. Que detienen el gesto de un encuentro. El despliegue de una bandera o el paso lento de una marcha. Fotogramas en serie. Primeros planos de detenidos. Im\u00e1genes de acontecimientos familiares. De viajes y asambleas gremiales. Fotos que exhiben lo arrebatado tras allanamientos y secuestros.<\/p>\n<p>Estas son las im\u00e1genes que ilustran centenares de legajos del Archivo de la Direcci\u00f3n de inteligencia de la Polic\u00eda Bonaerense. Sin embargo la fotograf\u00eda no es la mera transparencia de lo ocurrido. En cada una de ellas existen otros mensajes. C\u00f3digo de otros tiempos. Sentidos guardados que permiten legitimar memorias vulnerables. Porque al fin, estos documentos fotogr\u00e1ficos son tambi\u00e9n el registro de los sue\u00f1os, las derrotas y las luchas de varias generaciones Rastros \u00fanicos que nuestra historia pol\u00edtica. Im\u00e1genes robadas y ahora recuperadas para el conjunto de la sociedad. Compartir esta selecci\u00f3n de fotos buscando juntos resignificarlas, es la forma de contribuir para que quienes fueron espiados y acechados, puedan recuperar un lugar en la memoria colectiva.<\/p>\n<p><a href=\"https:\/\/experienciadevida.com.ar\/portalurbano\/inauguro-la-muestra-imagenes-robadas-imagenes-recuperadas-en-el-campus-universitario\/muestra\/\" rel=\"attachment wp-att-163987\"><img decoding=\"async\" class=\"alignnone size-full wp-image-163987\" src=\"https:\/\/experienciadevida.com.ar\/portalurbano\/wp-content\/uploads\/2022\/03\/muestra.jpg\" alt=\"muestra \" width=\"1000\" height=\"592\" srcset=\"https:\/\/experienciadevida.com.ar\/portalurbano\/wp-content\/uploads\/2022\/03\/muestra.jpg 1000w, https:\/\/experienciadevida.com.ar\/portalurbano\/wp-content\/uploads\/2022\/03\/muestra-300x178.jpg 300w, https:\/\/experienciadevida.com.ar\/portalurbano\/wp-content\/uploads\/2022\/03\/muestra-768x455.jpg 768w\" sizes=\"(max-width: 1000px) 100vw, 1000px\" \/><\/a><\/p>\n","protected":false},"excerpt":{"rendered":"<p>Inaugur\u00f3 la muestra \u201cIm\u00e1genes robadas, im\u00e1genes recuperadas\u201d en el Campus Universitario, en el marco de&#8230;<\/p>\n","protected":false},"author":1,"featured_media":163982,"comment_status":"closed","ping_status":"closed","sticky":false,"template":"","format":"standard","meta":{"content-type":""},"categories":[27],"tags":[],"nelio_content":{"isAutoShareEnabled":false,"autoShareEndMode":"default","automationSources":{"useContentSentences":true,"useSocialTemplates":true,"useCustomSentences":false,"customSentences":[]},"followers":[1],"suggestedReferences":[],"includedReferences":[],"efiUrl":"","efiAlt":"","highlights":[]},"yoast_head":"<!-- This site is optimized with the Yoast SEO plugin v20.7 - https:\/\/yoast.com\/wordpress\/plugins\/seo\/ -->\n<title>Inaugur\u00f3 la muestra &quot;im\u00e1genes robadas, im\u00e1genes recuperadas&quot;<\/title>\n<meta name=\"description\" content=\"Inaugur\u00f3 la muestra \u201cIm\u00e1genes robadas, im\u00e1genes recuperadas\u201d en el Campus Universitario, en el marco de las actividades por la memoria\" \/>\n<meta name=\"robots\" content=\"index, follow, max-snippet:-1, max-image-preview:large, max-video-preview:-1\" \/>\n<link rel=\"canonical\" href=\"https:\/\/experienciadevida.com.ar\/portalurbano\/inauguro-la-muestra-imagenes-robadas-imagenes-recuperadas-en-el-campus-universitario\/\" \/>\n<meta property=\"og:locale\" content=\"es_ES\" \/>\n<meta property=\"og:type\" content=\"article\" \/>\n<meta property=\"og:title\" content=\"Inaugur\u00f3 la muestra &quot;im\u00e1genes robadas, im\u00e1genes recuperadas&quot;\" \/>\n<meta property=\"og:description\" content=\"Inaugur\u00f3 la muestra \u201cIm\u00e1genes robadas, im\u00e1genes recuperadas\u201d en el Campus Universitario, en el marco de las actividades por la memoria\" \/>\n<meta property=\"og:url\" content=\"https:\/\/experienciadevida.com.ar\/portalurbano\/inauguro-la-muestra-imagenes-robadas-imagenes-recuperadas-en-el-campus-universitario\/\" \/>\n<meta property=\"article:publisher\" content=\"https:\/\/www.facebook.com\/Portal-Urbano-171542830093757\/\" \/>\n<meta property=\"article:published_time\" content=\"2022-03-23T18:11:36+00:00\" \/>\n<meta property=\"article:modified_time\" content=\"2022-03-23T18:14:48+00:00\" \/>\n<meta property=\"og:image\" content=\"https:\/\/experienciadevida.com.ar\/portalurbano\/wp-content\/uploads\/2022\/03\/Inauguro-la-muestra.jpg\" \/>\n\t<meta property=\"og:image:width\" content=\"1000\" \/>\n\t<meta property=\"og:image:height\" content=\"593\" \/>\n\t<meta property=\"og:image:type\" content=\"image\/jpeg\" \/>\n<meta name=\"author\" content=\"admpu17wp\" \/>\n<meta name=\"twitter:card\" content=\"summary_large_image\" \/>\n<meta name=\"twitter:creator\" content=\"@portalurbanook\" \/>\n<meta name=\"twitter:site\" content=\"@portalurbanook\" \/>\n<meta name=\"twitter:label1\" content=\"Escrito por\" \/>\n\t<meta name=\"twitter:data1\" content=\"admpu17wp\" \/>\n\t<meta name=\"twitter:label2\" content=\"Tiempo de lectura\" \/>\n\t<meta name=\"twitter:data2\" content=\"4 minutos\" \/>\n<script type=\"application\/ld+json\" class=\"yoast-schema-graph\">{\"@context\":\"https:\/\/schema.org\",\"@graph\":[{\"@type\":\"Article\",\"@id\":\"https:\/\/experienciadevida.com.ar\/portalurbano\/inauguro-la-muestra-imagenes-robadas-imagenes-recuperadas-en-el-campus-universitario\/#article\",\"isPartOf\":{\"@id\":\"https:\/\/experienciadevida.com.ar\/portalurbano\/inauguro-la-muestra-imagenes-robadas-imagenes-recuperadas-en-el-campus-universitario\/\"},\"author\":{\"name\":\"admpu17wp\",\"@id\":\"https:\/\/experienciadevida.com.ar\/portalurbano\/#\/schema\/person\/02dd326b1c4b056e9cc972486934a3a7\"},\"headline\":\"Inaugur\u00f3 la muestra \u201cIm\u00e1genes robadas, im\u00e1genes recuperadas\u201d en el Campus Universitario\",\"datePublished\":\"2022-03-23T18:11:36+00:00\",\"dateModified\":\"2022-03-23T18:14:48+00:00\",\"mainEntityOfPage\":{\"@id\":\"https:\/\/experienciadevida.com.ar\/portalurbano\/inauguro-la-muestra-imagenes-robadas-imagenes-recuperadas-en-el-campus-universitario\/\"},\"wordCount\":695,\"publisher\":{\"@id\":\"https:\/\/experienciadevida.com.ar\/portalurbano\/#organization\"},\"articleSection\":[\"Ciudad\"],\"inLanguage\":\"es\"},{\"@type\":\"WebPage\",\"@id\":\"https:\/\/experienciadevida.com.ar\/portalurbano\/inauguro-la-muestra-imagenes-robadas-imagenes-recuperadas-en-el-campus-universitario\/\",\"url\":\"https:\/\/experienciadevida.com.ar\/portalurbano\/inauguro-la-muestra-imagenes-robadas-imagenes-recuperadas-en-el-campus-universitario\/\",\"name\":\"Inaugur\u00f3 la muestra \\\"im\u00e1genes robadas, im\u00e1genes recuperadas\\\"\",\"isPartOf\":{\"@id\":\"https:\/\/experienciadevida.com.ar\/portalurbano\/#website\"},\"datePublished\":\"2022-03-23T18:11:36+00:00\",\"dateModified\":\"2022-03-23T18:14:48+00:00\",\"description\":\"Inaugur\u00f3 la muestra \u201cIm\u00e1genes robadas, im\u00e1genes recuperadas\u201d en el Campus Universitario, en el marco de las actividades por la memoria\",\"breadcrumb\":{\"@id\":\"https:\/\/experienciadevida.com.ar\/portalurbano\/inauguro-la-muestra-imagenes-robadas-imagenes-recuperadas-en-el-campus-universitario\/#breadcrumb\"},\"inLanguage\":\"es\",\"potentialAction\":[{\"@type\":\"ReadAction\",\"target\":[\"https:\/\/experienciadevida.com.ar\/portalurbano\/inauguro-la-muestra-imagenes-robadas-imagenes-recuperadas-en-el-campus-universitario\/\"]}]},{\"@type\":\"BreadcrumbList\",\"@id\":\"https:\/\/experienciadevida.com.ar\/portalurbano\/inauguro-la-muestra-imagenes-robadas-imagenes-recuperadas-en-el-campus-universitario\/#breadcrumb\",\"itemListElement\":[{\"@type\":\"ListItem\",\"position\":1,\"name\":\"Portada\",\"item\":\"https:\/\/experienciadevida.com.ar\/portalurbano\/\"},{\"@type\":\"ListItem\",\"position\":2,\"name\":\"Inaugur\u00f3 la muestra \u201cIm\u00e1genes robadas, im\u00e1genes recuperadas\u201d en el Campus Universitario\"}]},{\"@type\":\"WebSite\",\"@id\":\"https:\/\/experienciadevida.com.ar\/portalurbano\/#website\",\"url\":\"https:\/\/experienciadevida.com.ar\/portalurbano\/\",\"name\":\"\",\"description\":\"\",\"publisher\":{\"@id\":\"https:\/\/experienciadevida.com.ar\/portalurbano\/#organization\"},\"potentialAction\":[{\"@type\":\"SearchAction\",\"target\":{\"@type\":\"EntryPoint\",\"urlTemplate\":\"https:\/\/experienciadevida.com.ar\/portalurbano\/?s={search_term_string}\"},\"query-input\":\"required name=search_term_string\"}],\"inLanguage\":\"es\"},{\"@type\":\"Organization\",\"@id\":\"https:\/\/experienciadevida.com.ar\/portalurbano\/#organization\",\"name\":\"Portal Urbano\",\"url\":\"https:\/\/experienciadevida.com.ar\/portalurbano\/\",\"logo\":{\"@type\":\"ImageObject\",\"inLanguage\":\"es\",\"@id\":\"https:\/\/experienciadevida.com.ar\/portalurbano\/#\/schema\/logo\/image\/\",\"url\":\"https:\/\/experienciadevida.com.ar\/portalurbano\/wp-content\/uploads\/2019\/09\/Logo-Original.png\",\"contentUrl\":\"https:\/\/experienciadevida.com.ar\/portalurbano\/wp-content\/uploads\/2019\/09\/Logo-Original.png\",\"width\":2236,\"height\":1216,\"caption\":\"Portal Urbano\"},\"image\":{\"@id\":\"https:\/\/experienciadevida.com.ar\/portalurbano\/#\/schema\/logo\/image\/\"},\"sameAs\":[\"https:\/\/www.facebook.com\/Portal-Urbano-171542830093757\/\",\"https:\/\/twitter.com\/portalurbanook\",\"https:\/\/www.instagram.com\/_portalurbano\/\",\"https:\/\/www.youtube.com\/channel\/UCXhagIfszH8KxFiOok79zbA?view_as=subscriber\"]},{\"@type\":\"Person\",\"@id\":\"https:\/\/experienciadevida.com.ar\/portalurbano\/#\/schema\/person\/02dd326b1c4b056e9cc972486934a3a7\",\"name\":\"admpu17wp\",\"image\":{\"@type\":\"ImageObject\",\"inLanguage\":\"es\",\"@id\":\"https:\/\/experienciadevida.com.ar\/portalurbano\/#\/schema\/person\/image\/\",\"url\":\"https:\/\/secure.gravatar.com\/avatar\/830d4c57adaae6630765e449a6908047?s=96&d=mm&r=g\",\"contentUrl\":\"https:\/\/secure.gravatar.com\/avatar\/830d4c57adaae6630765e449a6908047?s=96&d=mm&r=g\",\"caption\":\"admpu17wp\"}}]}<\/script>\n<!-- \/ Yoast SEO plugin. -->","yoast_head_json":{"title":"Inaugur\u00f3 la muestra \"im\u00e1genes robadas, im\u00e1genes recuperadas\"","description":"Inaugur\u00f3 la muestra \u201cIm\u00e1genes robadas, im\u00e1genes recuperadas\u201d en el Campus Universitario, en el marco de las actividades por la memoria","robots":{"index":"index","follow":"follow","max-snippet":"max-snippet:-1","max-image-preview":"max-image-preview:large","max-video-preview":"max-video-preview:-1"},"canonical":"https:\/\/experienciadevida.com.ar\/portalurbano\/inauguro-la-muestra-imagenes-robadas-imagenes-recuperadas-en-el-campus-universitario\/","og_locale":"es_ES","og_type":"article","og_title":"Inaugur\u00f3 la muestra \"im\u00e1genes robadas, im\u00e1genes recuperadas\"","og_description":"Inaugur\u00f3 la muestra \u201cIm\u00e1genes robadas, im\u00e1genes recuperadas\u201d en el Campus Universitario, en el marco de las actividades por la memoria","og_url":"https:\/\/experienciadevida.com.ar\/portalurbano\/inauguro-la-muestra-imagenes-robadas-imagenes-recuperadas-en-el-campus-universitario\/","article_publisher":"https:\/\/www.facebook.com\/Portal-Urbano-171542830093757\/","article_published_time":"2022-03-23T18:11:36+00:00","article_modified_time":"2022-03-23T18:14:48+00:00","og_image":[{"width":1000,"height":593,"url":"https:\/\/experienciadevida.com.ar\/portalurbano\/wp-content\/uploads\/2022\/03\/Inauguro-la-muestra.jpg","type":"image\/jpeg"}],"author":"admpu17wp","twitter_card":"summary_large_image","twitter_creator":"@portalurbanook","twitter_site":"@portalurbanook","twitter_misc":{"Escrito por":"admpu17wp","Tiempo de lectura":"4 minutos"},"schema":{"@context":"https:\/\/schema.org","@graph":[{"@type":"Article","@id":"https:\/\/experienciadevida.com.ar\/portalurbano\/inauguro-la-muestra-imagenes-robadas-imagenes-recuperadas-en-el-campus-universitario\/#article","isPartOf":{"@id":"https:\/\/experienciadevida.com.ar\/portalurbano\/inauguro-la-muestra-imagenes-robadas-imagenes-recuperadas-en-el-campus-universitario\/"},"author":{"name":"admpu17wp","@id":"https:\/\/experienciadevida.com.ar\/portalurbano\/#\/schema\/person\/02dd326b1c4b056e9cc972486934a3a7"},"headline":"Inaugur\u00f3 la muestra \u201cIm\u00e1genes robadas, im\u00e1genes recuperadas\u201d en el Campus Universitario","datePublished":"2022-03-23T18:11:36+00:00","dateModified":"2022-03-23T18:14:48+00:00","mainEntityOfPage":{"@id":"https:\/\/experienciadevida.com.ar\/portalurbano\/inauguro-la-muestra-imagenes-robadas-imagenes-recuperadas-en-el-campus-universitario\/"},"wordCount":695,"publisher":{"@id":"https:\/\/experienciadevida.com.ar\/portalurbano\/#organization"},"articleSection":["Ciudad"],"inLanguage":"es"},{"@type":"WebPage","@id":"https:\/\/experienciadevida.com.ar\/portalurbano\/inauguro-la-muestra-imagenes-robadas-imagenes-recuperadas-en-el-campus-universitario\/","url":"https:\/\/experienciadevida.com.ar\/portalurbano\/inauguro-la-muestra-imagenes-robadas-imagenes-recuperadas-en-el-campus-universitario\/","name":"Inaugur\u00f3 la muestra \"im\u00e1genes robadas, im\u00e1genes recuperadas\"","isPartOf":{"@id":"https:\/\/experienciadevida.com.ar\/portalurbano\/#website"},"datePublished":"2022-03-23T18:11:36+00:00","dateModified":"2022-03-23T18:14:48+00:00","description":"Inaugur\u00f3 la muestra \u201cIm\u00e1genes robadas, im\u00e1genes recuperadas\u201d en el Campus Universitario, en el marco de las actividades por la memoria","breadcrumb":{"@id":"https:\/\/experienciadevida.com.ar\/portalurbano\/inauguro-la-muestra-imagenes-robadas-imagenes-recuperadas-en-el-campus-universitario\/#breadcrumb"},"inLanguage":"es","potentialAction":[{"@type":"ReadAction","target":["https:\/\/experienciadevida.com.ar\/portalurbano\/inauguro-la-muestra-imagenes-robadas-imagenes-recuperadas-en-el-campus-universitario\/"]}]},{"@type":"BreadcrumbList","@id":"https:\/\/experienciadevida.com.ar\/portalurbano\/inauguro-la-muestra-imagenes-robadas-imagenes-recuperadas-en-el-campus-universitario\/#breadcrumb","itemListElement":[{"@type":"ListItem","position":1,"name":"Portada","item":"https:\/\/experienciadevida.com.ar\/portalurbano\/"},{"@type":"ListItem","position":2,"name":"Inaugur\u00f3 la muestra \u201cIm\u00e1genes robadas, im\u00e1genes recuperadas\u201d en el Campus Universitario"}]},{"@type":"WebSite","@id":"https:\/\/experienciadevida.com.ar\/portalurbano\/#website","url":"https:\/\/experienciadevida.com.ar\/portalurbano\/","name":"","description":"","publisher":{"@id":"https:\/\/experienciadevida.com.ar\/portalurbano\/#organization"},"potentialAction":[{"@type":"SearchAction","target":{"@type":"EntryPoint","urlTemplate":"https:\/\/experienciadevida.com.ar\/portalurbano\/?s={search_term_string}"},"query-input":"required name=search_term_string"}],"inLanguage":"es"},{"@type":"Organization","@id":"https:\/\/experienciadevida.com.ar\/portalurbano\/#organization","name":"Portal Urbano","url":"https:\/\/experienciadevida.com.ar\/portalurbano\/","logo":{"@type":"ImageObject","inLanguage":"es","@id":"https:\/\/experienciadevida.com.ar\/portalurbano\/#\/schema\/logo\/image\/","url":"https:\/\/experienciadevida.com.ar\/portalurbano\/wp-content\/uploads\/2019\/09\/Logo-Original.png","contentUrl":"https:\/\/experienciadevida.com.ar\/portalurbano\/wp-content\/uploads\/2019\/09\/Logo-Original.png","width":2236,"height":1216,"caption":"Portal Urbano"},"image":{"@id":"https:\/\/experienciadevida.com.ar\/portalurbano\/#\/schema\/logo\/image\/"},"sameAs":["https:\/\/www.facebook.com\/Portal-Urbano-171542830093757\/","https:\/\/twitter.com\/portalurbanook","https:\/\/www.instagram.com\/_portalurbano\/","https:\/\/www.youtube.com\/channel\/UCXhagIfszH8KxFiOok79zbA?view_as=subscriber"]},{"@type":"Person","@id":"https:\/\/experienciadevida.com.ar\/portalurbano\/#\/schema\/person\/02dd326b1c4b056e9cc972486934a3a7","name":"admpu17wp","image":{"@type":"ImageObject","inLanguage":"es","@id":"https:\/\/experienciadevida.com.ar\/portalurbano\/#\/schema\/person\/image\/","url":"https:\/\/secure.gravatar.com\/avatar\/830d4c57adaae6630765e449a6908047?s=96&d=mm&r=g","contentUrl":"https:\/\/secure.gravatar.com\/avatar\/830d4c57adaae6630765e449a6908047?s=96&d=mm&r=g","caption":"admpu17wp"}}]}},"featured_image_urls":{"full":["https:\/\/experienciadevida.com.ar\/portalurbano\/wp-content\/uploads\/2022\/03\/Inauguro-la-muestra.jpg",1000,593,false],"thumbnail":["https:\/\/experienciadevida.com.ar\/portalurbano\/wp-content\/uploads\/2022\/03\/Inauguro-la-muestra-150x150.jpg",150,150,true],"medium":["https:\/\/experienciadevida.com.ar\/portalurbano\/wp-content\/uploads\/2022\/03\/Inauguro-la-muestra-300x178.jpg",300,178,true],"medium_large":["https:\/\/experienciadevida.com.ar\/portalurbano\/wp-content\/uploads\/2022\/03\/Inauguro-la-muestra-768x455.jpg",640,379,true],"large":["https:\/\/experienciadevida.com.ar\/portalurbano\/wp-content\/uploads\/2022\/03\/Inauguro-la-muestra.jpg",640,380,false],"ug_big":["https:\/\/experienciadevida.com.ar\/portalurbano\/wp-content\/uploads\/2022\/03\/Inauguro-la-muestra-768x455.jpg",768,455,true],"1536x1536":["https:\/\/experienciadevida.com.ar\/portalurbano\/wp-content\/uploads\/2022\/03\/Inauguro-la-muestra.jpg",1000,593,false],"2048x2048":["https:\/\/experienciadevida.com.ar\/portalurbano\/wp-content\/uploads\/2022\/03\/Inauguro-la-muestra.jpg",1000,593,false],"newsever-slider-full":["https:\/\/experienciadevida.com.ar\/portalurbano\/wp-content\/uploads\/2022\/03\/Inauguro-la-muestra.jpg",1000,593,false],"newsever-featured":["https:\/\/experienciadevida.com.ar\/portalurbano\/wp-content\/uploads\/2022\/03\/Inauguro-la-muestra.jpg",1000,593,false],"newsever-medium":["https:\/\/experienciadevida.com.ar\/portalurbano\/wp-content\/uploads\/2022\/03\/Inauguro-la-muestra.jpg",720,427,false],"web-stories-poster-portrait":["https:\/\/experienciadevida.com.ar\/portalurbano\/wp-content\/uploads\/2022\/03\/Inauguro-la-muestra.jpg",640,380,false],"web-stories-publisher-logo":["https:\/\/experienciadevida.com.ar\/portalurbano\/wp-content\/uploads\/2022\/03\/Inauguro-la-muestra.jpg",96,57,false],"web-stories-thumbnail":["https:\/\/experienciadevida.com.ar\/portalurbano\/wp-content\/uploads\/2022\/03\/Inauguro-la-muestra.jpg",150,89,false]},"author_info":{"display_name":"admpu17wp","author_link":"https:\/\/experienciadevida.com.ar\/portalurbano\/author\/admpu17wp\/"},"category_info":"<a href=\"https:\/\/experienciadevida.com.ar\/portalurbano\/category\/ciudad\/\" rel=\"category tag\">Ciudad<\/a>","tag_info":"Ciudad","comment_count":"0","amp_enabled":true,"_links":{"self":[{"href":"https:\/\/experienciadevida.com.ar\/portalurbano\/wp-json\/wp\/v2\/posts\/163981"}],"collection":[{"href":"https:\/\/experienciadevida.com.ar\/portalurbano\/wp-json\/wp\/v2\/posts"}],"about":[{"href":"https:\/\/experienciadevida.com.ar\/portalurbano\/wp-json\/wp\/v2\/types\/post"}],"author":[{"embeddable":true,"href":"https:\/\/experienciadevida.com.ar\/portalurbano\/wp-json\/wp\/v2\/users\/1"}],"replies":[{"embeddable":true,"href":"https:\/\/experienciadevida.com.ar\/portalurbano\/wp-json\/wp\/v2\/comments?post=163981"}],"version-history":[{"count":3,"href":"https:\/\/experienciadevida.com.ar\/portalurbano\/wp-json\/wp\/v2\/posts\/163981\/revisions"}],"predecessor-version":[{"id":163988,"href":"https:\/\/experienciadevida.com.ar\/portalurbano\/wp-json\/wp\/v2\/posts\/163981\/revisions\/163988"}],"wp:featuredmedia":[{"embeddable":true,"href":"https:\/\/experienciadevida.com.ar\/portalurbano\/wp-json\/wp\/v2\/media\/163982"}],"wp:attachment":[{"href":"https:\/\/experienciadevida.com.ar\/portalurbano\/wp-json\/wp\/v2\/media?parent=163981"}],"wp:term":[{"taxonomy":"category","embeddable":true,"href":"https:\/\/experienciadevida.com.ar\/portalurbano\/wp-json\/wp\/v2\/categories?post=163981"},{"taxonomy":"post_tag","embeddable":true,"href":"https:\/\/experienciadevida.com.ar\/portalurbano\/wp-json\/wp\/v2\/tags?post=163981"}],"curies":[{"name":"wp","href":"https:\/\/api.w.org\/{rel}","templated":true}]}}