{"id":163960,"date":"2022-03-23T14:49:41","date_gmt":"2022-03-23T17:49:41","guid":{"rendered":"https:\/\/experienciadevida.com.ar\/portalurbano\/?p=163960"},"modified":"2022-03-23T14:50:08","modified_gmt":"2022-03-23T17:50:08","slug":"un-nuevo-robo-de-cables-afecta-al-servicio-del-alumbrado-publico-en-el-bbice","status":"publish","type":"post","link":"https:\/\/experienciadevida.com.ar\/portalurbano\/un-nuevo-robo-de-cables-afecta-al-servicio-del-alumbrado-publico-en-el-bbice\/","title":{"rendered":"Un nuevo robo de cables afecta al servicio del alumbrado p\u00fablico en el b\u00b0Bice"},"content":{"rendered":"<p>Un nuevo robo de cables afecta al servicio del alumbrado p\u00fablico en el b\u00b0Bice, Coopelectric sufri\u00f3 un nuevo robo de cables en el tablero de alimentaci\u00f3n del sistema de Alumbrado P\u00fablico correspondiente a la Subestaci\u00f3n N\u00b0 933 del<br \/>\nbarrio BICE, ubicada en Ruta 226 y Av. Ituzaing\u00f3.<\/p>\n<p>Nuevamente el il\u00edcito ocasion\u00f3 la interrupci\u00f3n del Servicio de Alumbrado en el sector comprendido por las calles Ruta 226 &#8211; Av. Trabajadores &#8211; Av. Ituzaing\u00f3 &#8211; Independencia.<\/p>\n<p>Por tal motivo, el personal de Coopelectric se encuentra realizando tareas operativas con la finalidad de normalizar el Servicio en el sector afectado. No obstante, en las pr\u00f3ximas horas se radicar\u00e1 la denuncia pertinente.<\/p>\n<p>En los \u00faltimos meses se evidencia un crecimiento de esta actividad delictiva que representa un perjuicio material que afecta el patrimonio de la Cooperativa que pertenece a todos los olavarrienses y la calidad de Servicio<br \/>\nque reciben los asociados. Al mismo tiempo, es importante mencionar que quienes incurren en este tipo de delitos ponen en riesgo su propia vida al violentar instalaciones el\u00e9ctricas que requieren de personal calificado y elementos de protecci\u00f3n personal para ser manipuladas.<\/p>\n<p>Una vez m\u00e1s desde Coopelectric alertamos a la poblaci\u00f3n y sugerimos que en caso de observar personas ajenas a la instituci\u00f3n manipulando instalaciones, se de aviso inmediato al 911.<\/p>\n","protected":false},"excerpt":{"rendered":"<p>Un nuevo robo de cables afecta al servicio del alumbrado p\u00fablico en el b\u00b0Bice, Coopelectric&#8230;<\/p>\n","protected":false},"author":1,"featured_media":163963,"comment_status":"closed","ping_status":"closed","sticky":false,"template":"","format":"standard","meta":{"content-type":""},"categories":[27],"tags":[],"nelio_content":{"isAutoShareEnabled":false,"autoShareEndMode":"default","automationSources":{"useContentSentences":true,"useSocialTemplates":true,"useCustomSentences":false,"customSentences":[]},"followers":[1],"suggestedReferences":[],"includedReferences":[],"efiUrl":"","efiAlt":"","highlights":[]},"yoast_head":"<!-- This site is optimized with the Yoast SEO plugin v20.7 - https:\/\/yoast.com\/wordpress\/plugins\/seo\/ -->\n<title>Un nuevo robo de cables afecta al servicio del alumbrado p\u00fablico<\/title>\n<meta name=\"description\" content=\"Un nuevo robo de cables afecta al servicio del alumbrado p\u00fablico en el b\u00b0Bice, Coopelectric sufri\u00f3 un nuevo robo de cables\" \/>\n<meta name=\"robots\" content=\"index, follow, max-snippet:-1, max-image-preview:large, max-video-preview:-1\" \/>\n<link rel=\"canonical\" href=\"https:\/\/experienciadevida.com.ar\/portalurbano\/un-nuevo-robo-de-cables-afecta-al-servicio-del-alumbrado-publico-en-el-bbice\/\" \/>\n<meta property=\"og:locale\" content=\"es_ES\" \/>\n<meta property=\"og:type\" content=\"article\" \/>\n<meta property=\"og:title\" content=\"Un nuevo robo de cables afecta al servicio del alumbrado p\u00fablico\" \/>\n<meta property=\"og:description\" content=\"Un nuevo robo de cables afecta al servicio del alumbrado p\u00fablico en el b\u00b0Bice, Coopelectric sufri\u00f3 un nuevo robo de cables\" \/>\n<meta property=\"og:url\" content=\"https:\/\/experienciadevida.com.ar\/portalurbano\/un-nuevo-robo-de-cables-afecta-al-servicio-del-alumbrado-publico-en-el-bbice\/\" \/>\n<meta property=\"article:publisher\" content=\"https:\/\/www.facebook.com\/Portal-Urbano-171542830093757\/\" \/>\n<meta property=\"article:published_time\" content=\"2022-03-23T17:49:41+00:00\" \/>\n<meta property=\"article:modified_time\" content=\"2022-03-23T17:50:08+00:00\" \/>\n<meta property=\"og:image\" content=\"https:\/\/experienciadevida.com.ar\/portalurbano\/wp-content\/uploads\/2022\/03\/Un-nuevo-robo-de.jpeg\" \/>\n\t<meta property=\"og:image:width\" content=\"900\" \/>\n\t<meta property=\"og:image:height\" content=\"600\" \/>\n\t<meta property=\"og:image:type\" content=\"image\/jpeg\" \/>\n<meta name=\"author\" content=\"admpu17wp\" \/>\n<meta name=\"twitter:card\" content=\"summary_large_image\" \/>\n<meta name=\"twitter:creator\" content=\"@portalurbanook\" \/>\n<meta name=\"twitter:site\" content=\"@portalurbanook\" \/>\n<meta name=\"twitter:label1\" content=\"Escrito por\" \/>\n\t<meta name=\"twitter:data1\" content=\"admpu17wp\" \/>\n\t<meta name=\"twitter:label2\" content=\"Tiempo de lectura\" \/>\n\t<meta name=\"twitter:data2\" content=\"1 minuto\" \/>\n<script type=\"application\/ld+json\" class=\"yoast-schema-graph\">{\"@context\":\"https:\/\/schema.org\",\"@graph\":[{\"@type\":\"Article\",\"@id\":\"https:\/\/experienciadevida.com.ar\/portalurbano\/un-nuevo-robo-de-cables-afecta-al-servicio-del-alumbrado-publico-en-el-bbice\/#article\",\"isPartOf\":{\"@id\":\"https:\/\/experienciadevida.com.ar\/portalurbano\/un-nuevo-robo-de-cables-afecta-al-servicio-del-alumbrado-publico-en-el-bbice\/\"},\"author\":{\"name\":\"admpu17wp\",\"@id\":\"https:\/\/experienciadevida.com.ar\/portalurbano\/#\/schema\/person\/02dd326b1c4b056e9cc972486934a3a7\"},\"headline\":\"Un nuevo robo de cables afecta al servicio del alumbrado p\u00fablico en el b\u00b0Bice\",\"datePublished\":\"2022-03-23T17:49:41+00:00\",\"dateModified\":\"2022-03-23T17:50:08+00:00\",\"mainEntityOfPage\":{\"@id\":\"https:\/\/experienciadevida.com.ar\/portalurbano\/un-nuevo-robo-de-cables-afecta-al-servicio-del-alumbrado-publico-en-el-bbice\/\"},\"wordCount\":238,\"publisher\":{\"@id\":\"https:\/\/experienciadevida.com.ar\/portalurbano\/#organization\"},\"articleSection\":[\"Ciudad\"],\"inLanguage\":\"es\"},{\"@type\":\"WebPage\",\"@id\":\"https:\/\/experienciadevida.com.ar\/portalurbano\/un-nuevo-robo-de-cables-afecta-al-servicio-del-alumbrado-publico-en-el-bbice\/\",\"url\":\"https:\/\/experienciadevida.com.ar\/portalurbano\/un-nuevo-robo-de-cables-afecta-al-servicio-del-alumbrado-publico-en-el-bbice\/\",\"name\":\"Un nuevo robo de cables afecta al servicio del alumbrado p\u00fablico\",\"isPartOf\":{\"@id\":\"https:\/\/experienciadevida.com.ar\/portalurbano\/#website\"},\"datePublished\":\"2022-03-23T17:49:41+00:00\",\"dateModified\":\"2022-03-23T17:50:08+00:00\",\"description\":\"Un nuevo robo de cables afecta al servicio del alumbrado p\u00fablico en el b\u00b0Bice, Coopelectric sufri\u00f3 un nuevo robo de cables\",\"breadcrumb\":{\"@id\":\"https:\/\/experienciadevida.com.ar\/portalurbano\/un-nuevo-robo-de-cables-afecta-al-servicio-del-alumbrado-publico-en-el-bbice\/#breadcrumb\"},\"inLanguage\":\"es\",\"potentialAction\":[{\"@type\":\"ReadAction\",\"target\":[\"https:\/\/experienciadevida.com.ar\/portalurbano\/un-nuevo-robo-de-cables-afecta-al-servicio-del-alumbrado-publico-en-el-bbice\/\"]}]},{\"@type\":\"BreadcrumbList\",\"@id\":\"https:\/\/experienciadevida.com.ar\/portalurbano\/un-nuevo-robo-de-cables-afecta-al-servicio-del-alumbrado-publico-en-el-bbice\/#breadcrumb\",\"itemListElement\":[{\"@type\":\"ListItem\",\"position\":1,\"name\":\"Portada\",\"item\":\"https:\/\/experienciadevida.com.ar\/portalurbano\/\"},{\"@type\":\"ListItem\",\"position\":2,\"name\":\"Un nuevo robo de cables afecta al servicio del alumbrado p\u00fablico en el b\u00b0Bice\"}]},{\"@type\":\"WebSite\",\"@id\":\"https:\/\/experienciadevida.com.ar\/portalurbano\/#website\",\"url\":\"https:\/\/experienciadevida.com.ar\/portalurbano\/\",\"name\":\"\",\"description\":\"\",\"publisher\":{\"@id\":\"https:\/\/experienciadevida.com.ar\/portalurbano\/#organization\"},\"potentialAction\":[{\"@type\":\"SearchAction\",\"target\":{\"@type\":\"EntryPoint\",\"urlTemplate\":\"https:\/\/experienciadevida.com.ar\/portalurbano\/?s={search_term_string}\"},\"query-input\":\"required name=search_term_string\"}],\"inLanguage\":\"es\"},{\"@type\":\"Organization\",\"@id\":\"https:\/\/experienciadevida.com.ar\/portalurbano\/#organization\",\"name\":\"Portal Urbano\",\"url\":\"https:\/\/experienciadevida.com.ar\/portalurbano\/\",\"logo\":{\"@type\":\"ImageObject\",\"inLanguage\":\"es\",\"@id\":\"https:\/\/experienciadevida.com.ar\/portalurbano\/#\/schema\/logo\/image\/\",\"url\":\"https:\/\/experienciadevida.com.ar\/portalurbano\/wp-content\/uploads\/2019\/09\/Logo-Original.png\",\"contentUrl\":\"https:\/\/experienciadevida.com.ar\/portalurbano\/wp-content\/uploads\/2019\/09\/Logo-Original.png\",\"width\":2236,\"height\":1216,\"caption\":\"Portal Urbano\"},\"image\":{\"@id\":\"https:\/\/experienciadevida.com.ar\/portalurbano\/#\/schema\/logo\/image\/\"},\"sameAs\":[\"https:\/\/www.facebook.com\/Portal-Urbano-171542830093757\/\",\"https:\/\/twitter.com\/portalurbanook\",\"https:\/\/www.instagram.com\/_portalurbano\/\",\"https:\/\/www.youtube.com\/channel\/UCXhagIfszH8KxFiOok79zbA?view_as=subscriber\"]},{\"@type\":\"Person\",\"@id\":\"https:\/\/experienciadevida.com.ar\/portalurbano\/#\/schema\/person\/02dd326b1c4b056e9cc972486934a3a7\",\"name\":\"admpu17wp\",\"image\":{\"@type\":\"ImageObject\",\"inLanguage\":\"es\",\"@id\":\"https:\/\/experienciadevida.com.ar\/portalurbano\/#\/schema\/person\/image\/\",\"url\":\"https:\/\/secure.gravatar.com\/avatar\/830d4c57adaae6630765e449a6908047?s=96&d=mm&r=g\",\"contentUrl\":\"https:\/\/secure.gravatar.com\/avatar\/830d4c57adaae6630765e449a6908047?s=96&d=mm&r=g\",\"caption\":\"admpu17wp\"}}]}<\/script>\n<!-- \/ Yoast SEO plugin. -->","yoast_head_json":{"title":"Un nuevo robo de cables afecta al servicio del alumbrado p\u00fablico","description":"Un nuevo robo de cables afecta al servicio del alumbrado p\u00fablico en el b\u00b0Bice, Coopelectric sufri\u00f3 un nuevo robo de cables","robots":{"index":"index","follow":"follow","max-snippet":"max-snippet:-1","max-image-preview":"max-image-preview:large","max-video-preview":"max-video-preview:-1"},"canonical":"https:\/\/experienciadevida.com.ar\/portalurbano\/un-nuevo-robo-de-cables-afecta-al-servicio-del-alumbrado-publico-en-el-bbice\/","og_locale":"es_ES","og_type":"article","og_title":"Un nuevo robo de cables afecta al servicio del alumbrado p\u00fablico","og_description":"Un nuevo robo de cables afecta al servicio del alumbrado p\u00fablico en el b\u00b0Bice, Coopelectric sufri\u00f3 un nuevo robo de cables","og_url":"https:\/\/experienciadevida.com.ar\/portalurbano\/un-nuevo-robo-de-cables-afecta-al-servicio-del-alumbrado-publico-en-el-bbice\/","article_publisher":"https:\/\/www.facebook.com\/Portal-Urbano-171542830093757\/","article_published_time":"2022-03-23T17:49:41+00:00","article_modified_time":"2022-03-23T17:50:08+00:00","og_image":[{"width":900,"height":600,"url":"https:\/\/experienciadevida.com.ar\/portalurbano\/wp-content\/uploads\/2022\/03\/Un-nuevo-robo-de.jpeg","type":"image\/jpeg"}],"author":"admpu17wp","twitter_card":"summary_large_image","twitter_creator":"@portalurbanook","twitter_site":"@portalurbanook","twitter_misc":{"Escrito por":"admpu17wp","Tiempo de lectura":"1 minuto"},"schema":{"@context":"https:\/\/schema.org","@graph":[{"@type":"Article","@id":"https:\/\/experienciadevida.com.ar\/portalurbano\/un-nuevo-robo-de-cables-afecta-al-servicio-del-alumbrado-publico-en-el-bbice\/#article","isPartOf":{"@id":"https:\/\/experienciadevida.com.ar\/portalurbano\/un-nuevo-robo-de-cables-afecta-al-servicio-del-alumbrado-publico-en-el-bbice\/"},"author":{"name":"admpu17wp","@id":"https:\/\/experienciadevida.com.ar\/portalurbano\/#\/schema\/person\/02dd326b1c4b056e9cc972486934a3a7"},"headline":"Un nuevo robo de cables afecta al servicio del alumbrado p\u00fablico en el b\u00b0Bice","datePublished":"2022-03-23T17:49:41+00:00","dateModified":"2022-03-23T17:50:08+00:00","mainEntityOfPage":{"@id":"https:\/\/experienciadevida.com.ar\/portalurbano\/un-nuevo-robo-de-cables-afecta-al-servicio-del-alumbrado-publico-en-el-bbice\/"},"wordCount":238,"publisher":{"@id":"https:\/\/experienciadevida.com.ar\/portalurbano\/#organization"},"articleSection":["Ciudad"],"inLanguage":"es"},{"@type":"WebPage","@id":"https:\/\/experienciadevida.com.ar\/portalurbano\/un-nuevo-robo-de-cables-afecta-al-servicio-del-alumbrado-publico-en-el-bbice\/","url":"https:\/\/experienciadevida.com.ar\/portalurbano\/un-nuevo-robo-de-cables-afecta-al-servicio-del-alumbrado-publico-en-el-bbice\/","name":"Un nuevo robo de cables afecta al servicio del alumbrado p\u00fablico","isPartOf":{"@id":"https:\/\/experienciadevida.com.ar\/portalurbano\/#website"},"datePublished":"2022-03-23T17:49:41+00:00","dateModified":"2022-03-23T17:50:08+00:00","description":"Un nuevo robo de cables afecta al servicio del alumbrado p\u00fablico en el b\u00b0Bice, Coopelectric sufri\u00f3 un nuevo robo de cables","breadcrumb":{"@id":"https:\/\/experienciadevida.com.ar\/portalurbano\/un-nuevo-robo-de-cables-afecta-al-servicio-del-alumbrado-publico-en-el-bbice\/#breadcrumb"},"inLanguage":"es","potentialAction":[{"@type":"ReadAction","target":["https:\/\/experienciadevida.com.ar\/portalurbano\/un-nuevo-robo-de-cables-afecta-al-servicio-del-alumbrado-publico-en-el-bbice\/"]}]},{"@type":"BreadcrumbList","@id":"https:\/\/experienciadevida.com.ar\/portalurbano\/un-nuevo-robo-de-cables-afecta-al-servicio-del-alumbrado-publico-en-el-bbice\/#breadcrumb","itemListElement":[{"@type":"ListItem","position":1,"name":"Portada","item":"https:\/\/experienciadevida.com.ar\/portalurbano\/"},{"@type":"ListItem","position":2,"name":"Un nuevo robo de cables afecta al servicio del alumbrado p\u00fablico en el b\u00b0Bice"}]},{"@type":"WebSite","@id":"https:\/\/experienciadevida.com.ar\/portalurbano\/#website","url":"https:\/\/experienciadevida.com.ar\/portalurbano\/","name":"","description":"","publisher":{"@id":"https:\/\/experienciadevida.com.ar\/portalurbano\/#organization"},"potentialAction":[{"@type":"SearchAction","target":{"@type":"EntryPoint","urlTemplate":"https:\/\/experienciadevida.com.ar\/portalurbano\/?s={search_term_string}"},"query-input":"required name=search_term_string"}],"inLanguage":"es"},{"@type":"Organization","@id":"https:\/\/experienciadevida.com.ar\/portalurbano\/#organization","name":"Portal Urbano","url":"https:\/\/experienciadevida.com.ar\/portalurbano\/","logo":{"@type":"ImageObject","inLanguage":"es","@id":"https:\/\/experienciadevida.com.ar\/portalurbano\/#\/schema\/logo\/image\/","url":"https:\/\/experienciadevida.com.ar\/portalurbano\/wp-content\/uploads\/2019\/09\/Logo-Original.png","contentUrl":"https:\/\/experienciadevida.com.ar\/portalurbano\/wp-content\/uploads\/2019\/09\/Logo-Original.png","width":2236,"height":1216,"caption":"Portal Urbano"},"image":{"@id":"https:\/\/experienciadevida.com.ar\/portalurbano\/#\/schema\/logo\/image\/"},"sameAs":["https:\/\/www.facebook.com\/Portal-Urbano-171542830093757\/","https:\/\/twitter.com\/portalurbanook","https:\/\/www.instagram.com\/_portalurbano\/","https:\/\/www.youtube.com\/channel\/UCXhagIfszH8KxFiOok79zbA?view_as=subscriber"]},{"@type":"Person","@id":"https:\/\/experienciadevida.com.ar\/portalurbano\/#\/schema\/person\/02dd326b1c4b056e9cc972486934a3a7","name":"admpu17wp","image":{"@type":"ImageObject","inLanguage":"es","@id":"https:\/\/experienciadevida.com.ar\/portalurbano\/#\/schema\/person\/image\/","url":"https:\/\/secure.gravatar.com\/avatar\/830d4c57adaae6630765e449a6908047?s=96&d=mm&r=g","contentUrl":"https:\/\/secure.gravatar.com\/avatar\/830d4c57adaae6630765e449a6908047?s=96&d=mm&r=g","caption":"admpu17wp"}}]}},"featured_image_urls":{"full":["https:\/\/experienciadevida.com.ar\/portalurbano\/wp-content\/uploads\/2022\/03\/Un-nuevo-robo-de.jpeg",900,600,false],"thumbnail":["https:\/\/experienciadevida.com.ar\/portalurbano\/wp-content\/uploads\/2022\/03\/Un-nuevo-robo-de-150x150.jpeg",150,150,true],"medium":["https:\/\/experienciadevida.com.ar\/portalurbano\/wp-content\/uploads\/2022\/03\/Un-nuevo-robo-de-300x200.jpeg",300,200,true],"medium_large":["https:\/\/experienciadevida.com.ar\/portalurbano\/wp-content\/uploads\/2022\/03\/Un-nuevo-robo-de-768x512.jpeg",640,427,true],"large":["https:\/\/experienciadevida.com.ar\/portalurbano\/wp-content\/uploads\/2022\/03\/Un-nuevo-robo-de.jpeg",640,427,false],"ug_big":["https:\/\/experienciadevida.com.ar\/portalurbano\/wp-content\/uploads\/2022\/03\/Un-nuevo-robo-de-768x512.jpeg",768,512,true],"1536x1536":["https:\/\/experienciadevida.com.ar\/portalurbano\/wp-content\/uploads\/2022\/03\/Un-nuevo-robo-de.jpeg",900,600,false],"2048x2048":["https:\/\/experienciadevida.com.ar\/portalurbano\/wp-content\/uploads\/2022\/03\/Un-nuevo-robo-de.jpeg",900,600,false],"newsever-slider-full":["https:\/\/experienciadevida.com.ar\/portalurbano\/wp-content\/uploads\/2022\/03\/Un-nuevo-robo-de.jpeg",900,600,false],"newsever-featured":["https:\/\/experienciadevida.com.ar\/portalurbano\/wp-content\/uploads\/2022\/03\/Un-nuevo-robo-de.jpeg",900,600,false],"newsever-medium":["https:\/\/experienciadevida.com.ar\/portalurbano\/wp-content\/uploads\/2022\/03\/Un-nuevo-robo-de.jpeg",713,475,false],"web-stories-poster-portrait":["https:\/\/experienciadevida.com.ar\/portalurbano\/wp-content\/uploads\/2022\/03\/Un-nuevo-robo-de.jpeg",640,427,false],"web-stories-publisher-logo":["https:\/\/experienciadevida.com.ar\/portalurbano\/wp-content\/uploads\/2022\/03\/Un-nuevo-robo-de.jpeg",96,64,false],"web-stories-thumbnail":["https:\/\/experienciadevida.com.ar\/portalurbano\/wp-content\/uploads\/2022\/03\/Un-nuevo-robo-de.jpeg",150,100,false]},"author_info":{"display_name":"admpu17wp","author_link":"https:\/\/experienciadevida.com.ar\/portalurbano\/author\/admpu17wp\/"},"category_info":"<a href=\"https:\/\/experienciadevida.com.ar\/portalurbano\/category\/ciudad\/\" rel=\"category tag\">Ciudad<\/a>","tag_info":"Ciudad","comment_count":"0","amp_enabled":true,"_links":{"self":[{"href":"https:\/\/experienciadevida.com.ar\/portalurbano\/wp-json\/wp\/v2\/posts\/163960"}],"collection":[{"href":"https:\/\/experienciadevida.com.ar\/portalurbano\/wp-json\/wp\/v2\/posts"}],"about":[{"href":"https:\/\/experienciadevida.com.ar\/portalurbano\/wp-json\/wp\/v2\/types\/post"}],"author":[{"embeddable":true,"href":"https:\/\/experienciadevida.com.ar\/portalurbano\/wp-json\/wp\/v2\/users\/1"}],"replies":[{"embeddable":true,"href":"https:\/\/experienciadevida.com.ar\/portalurbano\/wp-json\/wp\/v2\/comments?post=163960"}],"version-history":[{"count":1,"href":"https:\/\/experienciadevida.com.ar\/portalurbano\/wp-json\/wp\/v2\/posts\/163960\/revisions"}],"predecessor-version":[{"id":163964,"href":"https:\/\/experienciadevida.com.ar\/portalurbano\/wp-json\/wp\/v2\/posts\/163960\/revisions\/163964"}],"wp:featuredmedia":[{"embeddable":true,"href":"https:\/\/experienciadevida.com.ar\/portalurbano\/wp-json\/wp\/v2\/media\/163963"}],"wp:attachment":[{"href":"https:\/\/experienciadevida.com.ar\/portalurbano\/wp-json\/wp\/v2\/media?parent=163960"}],"wp:term":[{"taxonomy":"category","embeddable":true,"href":"https:\/\/experienciadevida.com.ar\/portalurbano\/wp-json\/wp\/v2\/categories?post=163960"},{"taxonomy":"post_tag","embeddable":true,"href":"https:\/\/experienciadevida.com.ar\/portalurbano\/wp-json\/wp\/v2\/tags?post=163960"}],"curies":[{"name":"wp","href":"https:\/\/api.w.org\/{rel}","templated":true}]}}