{"id":163947,"date":"2022-03-23T14:43:48","date_gmt":"2022-03-23T17:43:48","guid":{"rendered":"https:\/\/experienciadevida.com.ar\/portalurbano\/?p=163947"},"modified":"2022-03-23T14:44:16","modified_gmt":"2022-03-23T17:44:16","slug":"sociales-celebro-un-convenio-con-la-asociacion-de-bomberos-voluntarios-de-olavarria","status":"publish","type":"post","link":"https:\/\/experienciadevida.com.ar\/portalurbano\/sociales-celebro-un-convenio-con-la-asociacion-de-bomberos-voluntarios-de-olavarria\/","title":{"rendered":"Sociales celebr\u00f3 un convenio con la Asociaci\u00f3n de Bomberos Voluntarios de Olavarr\u00eda"},"content":{"rendered":"<p>Sociales celebr\u00f3 un convenio con la Asociaci\u00f3n de Bomberos Voluntarios de Olavarr\u00eda, la decana de la <a href=\"https:\/\/www.facebook.com\/facultadcienciassociales.unicen\">FACSO<\/a>, Lic. Gabriela <a href=\"https:\/\/www.instagram.com\/gabygamberini\/?hl=es-la\">Gamberini<\/a>, fue testigo de la firma del convenio con el presidente de la Asociaci\u00f3n de Bomberos Voluntarios, Hugo Fayan\u00e1s, a trav\u00e9s del cual se impulsa la implementaci\u00f3n de pasant\u00edas rentadas en la prestigiosa instituci\u00f3n olavarriense.<\/p>\n<p>La firma del convenio marco entre la Universidad Nacional del Centro de la Provincia de Buenos Aires y la Asociaci\u00f3n de Bomberos Voluntarios de Olavarr\u00eda se celebr\u00f3 este martes en la sede de la Facultad de Ciencias Sociales. En la oportunidad la decana de la FACSO, Lic. Gabriela Gamberini, realiz\u00f3 la r\u00fabrica del convenio espec\u00edfico con Hugo Fayan\u00e1s.<\/p>\n<p>A partir de este acuerdo estudiantes de la Facultad de Ciencias Sociales podr\u00e1n acceder a pasant\u00edas rentadas en la Asociaci\u00f3n de Bomberos Voluntarios de nuestra ciudad, lo que les permitir\u00e1 adquirir experiencia laboral como complemento de la formaci\u00f3n acad\u00e9mica. Se trata de una instancia con una importante carga formativa, que le brindar\u00e1 al o la pasante un enriquecimiento en su formaci\u00f3n profesional donde se conjugan la teor\u00eda con la pr\u00e1ctica.<\/p>\n<p>La Lic. Gamberini refiri\u00f3 que \u201cen los \u00faltimos a\u00f1os hemos generado articulaciones con distintas organizaciones para impulsar el trabajo a trav\u00e9s de pasant\u00edas en \u00e1reas de comunicaci\u00f3n institucional y prensa, que son l\u00edneas formativas claves de la FACSO, y por supuesto que nos llena de orgullo completar un convenio con una instituci\u00f3n tan reconocida como Bomberos Voluntarios de Olavarr\u00eda\u201d.<\/p>\n<p>Fayan\u00e1s explic\u00f3 por su parte que desde que asumi\u00f3 la nueva Comisi\u00f3n Directiva de la Asociaci\u00f3n de Bomberos Voluntarios el a\u00f1o pasado, uno de los objetivos fue crear una Direcci\u00f3n de Prensa. El prop\u00f3sito es fortalecer la comunicaci\u00f3n institucional, porque \u201chacemos un mont\u00f3n de acciones institucionales que no se ven reflejadas en la comunidad, y estamos convencidos de que Bomberos tiene que dar a conocer lo que hace\u201d.<\/p>\n<p>El Presidente de la instituci\u00f3n dio cuenta que las pasant\u00edas permitir\u00e1n responder a la necesidad que tienen como organizaci\u00f3n civil de comunicar de forma adecuada y profesional sobre las pr\u00e1cticas diarias de Bomberos Voluntarios, no vinculadas al accionar en incendios, siniestros viales u otro tipos de emergencias; sino sobre sus actividades institucionales y en torno a su historia.<\/p>\n","protected":false},"excerpt":{"rendered":"<p>Sociales celebr\u00f3 un convenio con la Asociaci\u00f3n de Bomberos Voluntarios de Olavarr\u00eda, la decana de&#8230;<\/p>\n","protected":false},"author":1,"featured_media":163954,"comment_status":"closed","ping_status":"closed","sticky":false,"template":"","format":"standard","meta":{"content-type":""},"categories":[27],"tags":[],"nelio_content":{"isAutoShareEnabled":false,"autoShareEndMode":"default","automationSources":{"useContentSentences":true,"useSocialTemplates":true,"useCustomSentences":false,"customSentences":[]},"followers":[1],"suggestedReferences":[],"includedReferences":["https:\/\/www.instagram.com\/gabygamberini\/?hl=es-la"],"efiUrl":"","efiAlt":"","highlights":[]},"yoast_head":"<!-- This site is optimized with the Yoast SEO plugin v20.7 - https:\/\/yoast.com\/wordpress\/plugins\/seo\/ -->\n<title>Sociales celebr\u00f3 un convenio con la Asociaci\u00f3n de Bomberos Voluntarios<\/title>\n<meta name=\"description\" content=\"Sociales celebr\u00f3 un convenio con la Asociaci\u00f3n de Bomberos Voluntarios de Olavarr\u00eda, la decana de la FACSO, Lic. Gabriela Gamberini\" \/>\n<meta name=\"robots\" content=\"index, follow, max-snippet:-1, max-image-preview:large, max-video-preview:-1\" \/>\n<link rel=\"canonical\" href=\"https:\/\/experienciadevida.com.ar\/portalurbano\/sociales-celebro-un-convenio-con-la-asociacion-de-bomberos-voluntarios-de-olavarria\/\" \/>\n<meta property=\"og:locale\" content=\"es_ES\" \/>\n<meta property=\"og:type\" content=\"article\" \/>\n<meta property=\"og:title\" content=\"Sociales celebr\u00f3 un convenio con la Asociaci\u00f3n de Bomberos Voluntarios\" \/>\n<meta property=\"og:description\" content=\"Sociales celebr\u00f3 un convenio con la Asociaci\u00f3n de Bomberos Voluntarios de Olavarr\u00eda, la decana de la FACSO, Lic. Gabriela Gamberini\" \/>\n<meta property=\"og:url\" content=\"https:\/\/experienciadevida.com.ar\/portalurbano\/sociales-celebro-un-convenio-con-la-asociacion-de-bomberos-voluntarios-de-olavarria\/\" \/>\n<meta property=\"article:publisher\" content=\"https:\/\/www.facebook.com\/Portal-Urbano-171542830093757\/\" \/>\n<meta property=\"article:published_time\" content=\"2022-03-23T17:43:48+00:00\" \/>\n<meta property=\"article:modified_time\" content=\"2022-03-23T17:44:16+00:00\" \/>\n<meta property=\"og:image\" content=\"https:\/\/experienciadevida.com.ar\/portalurbano\/wp-content\/uploads\/2022\/03\/Sociales-celebro-un-convenio.jpg\" \/>\n\t<meta property=\"og:image:width\" content=\"1000\" \/>\n\t<meta property=\"og:image:height\" content=\"602\" \/>\n\t<meta property=\"og:image:type\" content=\"image\/jpeg\" \/>\n<meta name=\"author\" content=\"admpu17wp\" \/>\n<meta name=\"twitter:card\" content=\"summary_large_image\" \/>\n<meta name=\"twitter:creator\" content=\"@portalurbanook\" \/>\n<meta name=\"twitter:site\" content=\"@portalurbanook\" \/>\n<meta name=\"twitter:label1\" content=\"Escrito por\" \/>\n\t<meta name=\"twitter:data1\" content=\"admpu17wp\" \/>\n\t<meta name=\"twitter:label2\" content=\"Tiempo de lectura\" \/>\n\t<meta name=\"twitter:data2\" content=\"2 minutos\" \/>\n<script type=\"application\/ld+json\" class=\"yoast-schema-graph\">{\"@context\":\"https:\/\/schema.org\",\"@graph\":[{\"@type\":\"Article\",\"@id\":\"https:\/\/experienciadevida.com.ar\/portalurbano\/sociales-celebro-un-convenio-con-la-asociacion-de-bomberos-voluntarios-de-olavarria\/#article\",\"isPartOf\":{\"@id\":\"https:\/\/experienciadevida.com.ar\/portalurbano\/sociales-celebro-un-convenio-con-la-asociacion-de-bomberos-voluntarios-de-olavarria\/\"},\"author\":{\"name\":\"admpu17wp\",\"@id\":\"https:\/\/experienciadevida.com.ar\/portalurbano\/#\/schema\/person\/02dd326b1c4b056e9cc972486934a3a7\"},\"headline\":\"Sociales celebr\u00f3 un convenio con la Asociaci\u00f3n de Bomberos Voluntarios de Olavarr\u00eda\",\"datePublished\":\"2022-03-23T17:43:48+00:00\",\"dateModified\":\"2022-03-23T17:44:16+00:00\",\"mainEntityOfPage\":{\"@id\":\"https:\/\/experienciadevida.com.ar\/portalurbano\/sociales-celebro-un-convenio-con-la-asociacion-de-bomberos-voluntarios-de-olavarria\/\"},\"wordCount\":422,\"publisher\":{\"@id\":\"https:\/\/experienciadevida.com.ar\/portalurbano\/#organization\"},\"articleSection\":[\"Ciudad\"],\"inLanguage\":\"es\"},{\"@type\":\"WebPage\",\"@id\":\"https:\/\/experienciadevida.com.ar\/portalurbano\/sociales-celebro-un-convenio-con-la-asociacion-de-bomberos-voluntarios-de-olavarria\/\",\"url\":\"https:\/\/experienciadevida.com.ar\/portalurbano\/sociales-celebro-un-convenio-con-la-asociacion-de-bomberos-voluntarios-de-olavarria\/\",\"name\":\"Sociales celebr\u00f3 un convenio con la Asociaci\u00f3n de Bomberos Voluntarios\",\"isPartOf\":{\"@id\":\"https:\/\/experienciadevida.com.ar\/portalurbano\/#website\"},\"datePublished\":\"2022-03-23T17:43:48+00:00\",\"dateModified\":\"2022-03-23T17:44:16+00:00\",\"description\":\"Sociales celebr\u00f3 un convenio con la Asociaci\u00f3n de Bomberos Voluntarios de Olavarr\u00eda, la decana de la FACSO, Lic. Gabriela Gamberini\",\"breadcrumb\":{\"@id\":\"https:\/\/experienciadevida.com.ar\/portalurbano\/sociales-celebro-un-convenio-con-la-asociacion-de-bomberos-voluntarios-de-olavarria\/#breadcrumb\"},\"inLanguage\":\"es\",\"potentialAction\":[{\"@type\":\"ReadAction\",\"target\":[\"https:\/\/experienciadevida.com.ar\/portalurbano\/sociales-celebro-un-convenio-con-la-asociacion-de-bomberos-voluntarios-de-olavarria\/\"]}]},{\"@type\":\"BreadcrumbList\",\"@id\":\"https:\/\/experienciadevida.com.ar\/portalurbano\/sociales-celebro-un-convenio-con-la-asociacion-de-bomberos-voluntarios-de-olavarria\/#breadcrumb\",\"itemListElement\":[{\"@type\":\"ListItem\",\"position\":1,\"name\":\"Portada\",\"item\":\"https:\/\/experienciadevida.com.ar\/portalurbano\/\"},{\"@type\":\"ListItem\",\"position\":2,\"name\":\"Sociales celebr\u00f3 un convenio con la Asociaci\u00f3n de Bomberos Voluntarios de Olavarr\u00eda\"}]},{\"@type\":\"WebSite\",\"@id\":\"https:\/\/experienciadevida.com.ar\/portalurbano\/#website\",\"url\":\"https:\/\/experienciadevida.com.ar\/portalurbano\/\",\"name\":\"\",\"description\":\"\",\"publisher\":{\"@id\":\"https:\/\/experienciadevida.com.ar\/portalurbano\/#organization\"},\"potentialAction\":[{\"@type\":\"SearchAction\",\"target\":{\"@type\":\"EntryPoint\",\"urlTemplate\":\"https:\/\/experienciadevida.com.ar\/portalurbano\/?s={search_term_string}\"},\"query-input\":\"required name=search_term_string\"}],\"inLanguage\":\"es\"},{\"@type\":\"Organization\",\"@id\":\"https:\/\/experienciadevida.com.ar\/portalurbano\/#organization\",\"name\":\"Portal Urbano\",\"url\":\"https:\/\/experienciadevida.com.ar\/portalurbano\/\",\"logo\":{\"@type\":\"ImageObject\",\"inLanguage\":\"es\",\"@id\":\"https:\/\/experienciadevida.com.ar\/portalurbano\/#\/schema\/logo\/image\/\",\"url\":\"https:\/\/experienciadevida.com.ar\/portalurbano\/wp-content\/uploads\/2019\/09\/Logo-Original.png\",\"contentUrl\":\"https:\/\/experienciadevida.com.ar\/portalurbano\/wp-content\/uploads\/2019\/09\/Logo-Original.png\",\"width\":2236,\"height\":1216,\"caption\":\"Portal Urbano\"},\"image\":{\"@id\":\"https:\/\/experienciadevida.com.ar\/portalurbano\/#\/schema\/logo\/image\/\"},\"sameAs\":[\"https:\/\/www.facebook.com\/Portal-Urbano-171542830093757\/\",\"https:\/\/twitter.com\/portalurbanook\",\"https:\/\/www.instagram.com\/_portalurbano\/\",\"https:\/\/www.youtube.com\/channel\/UCXhagIfszH8KxFiOok79zbA?view_as=subscriber\"]},{\"@type\":\"Person\",\"@id\":\"https:\/\/experienciadevida.com.ar\/portalurbano\/#\/schema\/person\/02dd326b1c4b056e9cc972486934a3a7\",\"name\":\"admpu17wp\",\"image\":{\"@type\":\"ImageObject\",\"inLanguage\":\"es\",\"@id\":\"https:\/\/experienciadevida.com.ar\/portalurbano\/#\/schema\/person\/image\/\",\"url\":\"https:\/\/secure.gravatar.com\/avatar\/830d4c57adaae6630765e449a6908047?s=96&d=mm&r=g\",\"contentUrl\":\"https:\/\/secure.gravatar.com\/avatar\/830d4c57adaae6630765e449a6908047?s=96&d=mm&r=g\",\"caption\":\"admpu17wp\"}}]}<\/script>\n<!-- \/ Yoast SEO plugin. -->","yoast_head_json":{"title":"Sociales celebr\u00f3 un convenio con la Asociaci\u00f3n de Bomberos Voluntarios","description":"Sociales celebr\u00f3 un convenio con la Asociaci\u00f3n de Bomberos Voluntarios de Olavarr\u00eda, la decana de la FACSO, Lic. Gabriela Gamberini","robots":{"index":"index","follow":"follow","max-snippet":"max-snippet:-1","max-image-preview":"max-image-preview:large","max-video-preview":"max-video-preview:-1"},"canonical":"https:\/\/experienciadevida.com.ar\/portalurbano\/sociales-celebro-un-convenio-con-la-asociacion-de-bomberos-voluntarios-de-olavarria\/","og_locale":"es_ES","og_type":"article","og_title":"Sociales celebr\u00f3 un convenio con la Asociaci\u00f3n de Bomberos Voluntarios","og_description":"Sociales celebr\u00f3 un convenio con la Asociaci\u00f3n de Bomberos Voluntarios de Olavarr\u00eda, la decana de la FACSO, Lic. Gabriela Gamberini","og_url":"https:\/\/experienciadevida.com.ar\/portalurbano\/sociales-celebro-un-convenio-con-la-asociacion-de-bomberos-voluntarios-de-olavarria\/","article_publisher":"https:\/\/www.facebook.com\/Portal-Urbano-171542830093757\/","article_published_time":"2022-03-23T17:43:48+00:00","article_modified_time":"2022-03-23T17:44:16+00:00","og_image":[{"width":1000,"height":602,"url":"https:\/\/experienciadevida.com.ar\/portalurbano\/wp-content\/uploads\/2022\/03\/Sociales-celebro-un-convenio.jpg","type":"image\/jpeg"}],"author":"admpu17wp","twitter_card":"summary_large_image","twitter_creator":"@portalurbanook","twitter_site":"@portalurbanook","twitter_misc":{"Escrito por":"admpu17wp","Tiempo de lectura":"2 minutos"},"schema":{"@context":"https:\/\/schema.org","@graph":[{"@type":"Article","@id":"https:\/\/experienciadevida.com.ar\/portalurbano\/sociales-celebro-un-convenio-con-la-asociacion-de-bomberos-voluntarios-de-olavarria\/#article","isPartOf":{"@id":"https:\/\/experienciadevida.com.ar\/portalurbano\/sociales-celebro-un-convenio-con-la-asociacion-de-bomberos-voluntarios-de-olavarria\/"},"author":{"name":"admpu17wp","@id":"https:\/\/experienciadevida.com.ar\/portalurbano\/#\/schema\/person\/02dd326b1c4b056e9cc972486934a3a7"},"headline":"Sociales celebr\u00f3 un convenio con la Asociaci\u00f3n de Bomberos Voluntarios de Olavarr\u00eda","datePublished":"2022-03-23T17:43:48+00:00","dateModified":"2022-03-23T17:44:16+00:00","mainEntityOfPage":{"@id":"https:\/\/experienciadevida.com.ar\/portalurbano\/sociales-celebro-un-convenio-con-la-asociacion-de-bomberos-voluntarios-de-olavarria\/"},"wordCount":422,"publisher":{"@id":"https:\/\/experienciadevida.com.ar\/portalurbano\/#organization"},"articleSection":["Ciudad"],"inLanguage":"es"},{"@type":"WebPage","@id":"https:\/\/experienciadevida.com.ar\/portalurbano\/sociales-celebro-un-convenio-con-la-asociacion-de-bomberos-voluntarios-de-olavarria\/","url":"https:\/\/experienciadevida.com.ar\/portalurbano\/sociales-celebro-un-convenio-con-la-asociacion-de-bomberos-voluntarios-de-olavarria\/","name":"Sociales celebr\u00f3 un convenio con la Asociaci\u00f3n de Bomberos Voluntarios","isPartOf":{"@id":"https:\/\/experienciadevida.com.ar\/portalurbano\/#website"},"datePublished":"2022-03-23T17:43:48+00:00","dateModified":"2022-03-23T17:44:16+00:00","description":"Sociales celebr\u00f3 un convenio con la Asociaci\u00f3n de Bomberos Voluntarios de Olavarr\u00eda, la decana de la FACSO, Lic. Gabriela Gamberini","breadcrumb":{"@id":"https:\/\/experienciadevida.com.ar\/portalurbano\/sociales-celebro-un-convenio-con-la-asociacion-de-bomberos-voluntarios-de-olavarria\/#breadcrumb"},"inLanguage":"es","potentialAction":[{"@type":"ReadAction","target":["https:\/\/experienciadevida.com.ar\/portalurbano\/sociales-celebro-un-convenio-con-la-asociacion-de-bomberos-voluntarios-de-olavarria\/"]}]},{"@type":"BreadcrumbList","@id":"https:\/\/experienciadevida.com.ar\/portalurbano\/sociales-celebro-un-convenio-con-la-asociacion-de-bomberos-voluntarios-de-olavarria\/#breadcrumb","itemListElement":[{"@type":"ListItem","position":1,"name":"Portada","item":"https:\/\/experienciadevida.com.ar\/portalurbano\/"},{"@type":"ListItem","position":2,"name":"Sociales celebr\u00f3 un convenio con la Asociaci\u00f3n de Bomberos Voluntarios de Olavarr\u00eda"}]},{"@type":"WebSite","@id":"https:\/\/experienciadevida.com.ar\/portalurbano\/#website","url":"https:\/\/experienciadevida.com.ar\/portalurbano\/","name":"","description":"","publisher":{"@id":"https:\/\/experienciadevida.com.ar\/portalurbano\/#organization"},"potentialAction":[{"@type":"SearchAction","target":{"@type":"EntryPoint","urlTemplate":"https:\/\/experienciadevida.com.ar\/portalurbano\/?s={search_term_string}"},"query-input":"required name=search_term_string"}],"inLanguage":"es"},{"@type":"Organization","@id":"https:\/\/experienciadevida.com.ar\/portalurbano\/#organization","name":"Portal Urbano","url":"https:\/\/experienciadevida.com.ar\/portalurbano\/","logo":{"@type":"ImageObject","inLanguage":"es","@id":"https:\/\/experienciadevida.com.ar\/portalurbano\/#\/schema\/logo\/image\/","url":"https:\/\/experienciadevida.com.ar\/portalurbano\/wp-content\/uploads\/2019\/09\/Logo-Original.png","contentUrl":"https:\/\/experienciadevida.com.ar\/portalurbano\/wp-content\/uploads\/2019\/09\/Logo-Original.png","width":2236,"height":1216,"caption":"Portal Urbano"},"image":{"@id":"https:\/\/experienciadevida.com.ar\/portalurbano\/#\/schema\/logo\/image\/"},"sameAs":["https:\/\/www.facebook.com\/Portal-Urbano-171542830093757\/","https:\/\/twitter.com\/portalurbanook","https:\/\/www.instagram.com\/_portalurbano\/","https:\/\/www.youtube.com\/channel\/UCXhagIfszH8KxFiOok79zbA?view_as=subscriber"]},{"@type":"Person","@id":"https:\/\/experienciadevida.com.ar\/portalurbano\/#\/schema\/person\/02dd326b1c4b056e9cc972486934a3a7","name":"admpu17wp","image":{"@type":"ImageObject","inLanguage":"es","@id":"https:\/\/experienciadevida.com.ar\/portalurbano\/#\/schema\/person\/image\/","url":"https:\/\/secure.gravatar.com\/avatar\/830d4c57adaae6630765e449a6908047?s=96&d=mm&r=g","contentUrl":"https:\/\/secure.gravatar.com\/avatar\/830d4c57adaae6630765e449a6908047?s=96&d=mm&r=g","caption":"admpu17wp"}}]}},"featured_image_urls":{"full":["https:\/\/experienciadevida.com.ar\/portalurbano\/wp-content\/uploads\/2022\/03\/Sociales-celebro-un-convenio.jpg",1000,602,false],"thumbnail":["https:\/\/experienciadevida.com.ar\/portalurbano\/wp-content\/uploads\/2022\/03\/Sociales-celebro-un-convenio-150x150.jpg",150,150,true],"medium":["https:\/\/experienciadevida.com.ar\/portalurbano\/wp-content\/uploads\/2022\/03\/Sociales-celebro-un-convenio-300x181.jpg",300,181,true],"medium_large":["https:\/\/experienciadevida.com.ar\/portalurbano\/wp-content\/uploads\/2022\/03\/Sociales-celebro-un-convenio-768x462.jpg",640,385,true],"large":["https:\/\/experienciadevida.com.ar\/portalurbano\/wp-content\/uploads\/2022\/03\/Sociales-celebro-un-convenio.jpg",640,385,false],"ug_big":["https:\/\/experienciadevida.com.ar\/portalurbano\/wp-content\/uploads\/2022\/03\/Sociales-celebro-un-convenio-768x462.jpg",768,462,true],"1536x1536":["https:\/\/experienciadevida.com.ar\/portalurbano\/wp-content\/uploads\/2022\/03\/Sociales-celebro-un-convenio.jpg",1000,602,false],"2048x2048":["https:\/\/experienciadevida.com.ar\/portalurbano\/wp-content\/uploads\/2022\/03\/Sociales-celebro-un-convenio.jpg",1000,602,false],"newsever-slider-full":["https:\/\/experienciadevida.com.ar\/portalurbano\/wp-content\/uploads\/2022\/03\/Sociales-celebro-un-convenio.jpg",1000,602,false],"newsever-featured":["https:\/\/experienciadevida.com.ar\/portalurbano\/wp-content\/uploads\/2022\/03\/Sociales-celebro-un-convenio.jpg",1000,602,false],"newsever-medium":["https:\/\/experienciadevida.com.ar\/portalurbano\/wp-content\/uploads\/2022\/03\/Sociales-celebro-un-convenio.jpg",720,433,false],"web-stories-poster-portrait":["https:\/\/experienciadevida.com.ar\/portalurbano\/wp-content\/uploads\/2022\/03\/Sociales-celebro-un-convenio.jpg",640,385,false],"web-stories-publisher-logo":["https:\/\/experienciadevida.com.ar\/portalurbano\/wp-content\/uploads\/2022\/03\/Sociales-celebro-un-convenio.jpg",96,58,false],"web-stories-thumbnail":["https:\/\/experienciadevida.com.ar\/portalurbano\/wp-content\/uploads\/2022\/03\/Sociales-celebro-un-convenio.jpg",150,90,false]},"author_info":{"display_name":"admpu17wp","author_link":"https:\/\/experienciadevida.com.ar\/portalurbano\/author\/admpu17wp\/"},"category_info":"<a href=\"https:\/\/experienciadevida.com.ar\/portalurbano\/category\/ciudad\/\" rel=\"category tag\">Ciudad<\/a>","tag_info":"Ciudad","comment_count":"0","amp_enabled":true,"_links":{"self":[{"href":"https:\/\/experienciadevida.com.ar\/portalurbano\/wp-json\/wp\/v2\/posts\/163947"}],"collection":[{"href":"https:\/\/experienciadevida.com.ar\/portalurbano\/wp-json\/wp\/v2\/posts"}],"about":[{"href":"https:\/\/experienciadevida.com.ar\/portalurbano\/wp-json\/wp\/v2\/types\/post"}],"author":[{"embeddable":true,"href":"https:\/\/experienciadevida.com.ar\/portalurbano\/wp-json\/wp\/v2\/users\/1"}],"replies":[{"embeddable":true,"href":"https:\/\/experienciadevida.com.ar\/portalurbano\/wp-json\/wp\/v2\/comments?post=163947"}],"version-history":[{"count":1,"href":"https:\/\/experienciadevida.com.ar\/portalurbano\/wp-json\/wp\/v2\/posts\/163947\/revisions"}],"predecessor-version":[{"id":163955,"href":"https:\/\/experienciadevida.com.ar\/portalurbano\/wp-json\/wp\/v2\/posts\/163947\/revisions\/163955"}],"wp:featuredmedia":[{"embeddable":true,"href":"https:\/\/experienciadevida.com.ar\/portalurbano\/wp-json\/wp\/v2\/media\/163954"}],"wp:attachment":[{"href":"https:\/\/experienciadevida.com.ar\/portalurbano\/wp-json\/wp\/v2\/media?parent=163947"}],"wp:term":[{"taxonomy":"category","embeddable":true,"href":"https:\/\/experienciadevida.com.ar\/portalurbano\/wp-json\/wp\/v2\/categories?post=163947"},{"taxonomy":"post_tag","embeddable":true,"href":"https:\/\/experienciadevida.com.ar\/portalurbano\/wp-json\/wp\/v2\/tags?post=163947"}],"curies":[{"name":"wp","href":"https:\/\/api.w.org\/{rel}","templated":true}]}}