{"id":163931,"date":"2022-03-23T14:13:10","date_gmt":"2022-03-23T17:13:10","guid":{"rendered":"https:\/\/experienciadevida.com.ar\/portalurbano\/?p=163931"},"modified":"2022-03-23T14:17:46","modified_gmt":"2022-03-23T17:17:46","slug":"ezequiel-galli-recibio-al-ministro-de-transporte-jorge-donofrio","status":"publish","type":"post","link":"https:\/\/experienciadevida.com.ar\/portalurbano\/ezequiel-galli-recibio-al-ministro-de-transporte-jorge-donofrio\/","title":{"rendered":"Ezequiel Galli recibi\u00f3 al ministro de Transporte Jorge D\u2019Onofrio"},"content":{"rendered":"<p>Ezequiel <a href=\"https:\/\/www.facebook.com\/galliezequiel\">Galli<\/a> recibi\u00f3 al ministro de Transporte Jorge D\u2019Onofrio, el Intendente Ezequiel Galli recibi\u00f3 \u2013en la ma\u00f1ana de este mi\u00e9rcoles- al ministro de Transporte de la provincia de Buenos Aires, Jorge D\u2019Onofrio, en el marco de su visita a nuestra ciudad.<\/p>\n<p><a href=\"https:\/\/experienciadevida.com.ar\/portalurbano\/ezequiel-galli-recibio-al-ministro-de-transporte-jorge-donofrio\/ezequiel-galli\/\" rel=\"attachment wp-att-163934\"><img decoding=\"async\" class=\"alignnone size-large wp-image-163934\" src=\"https:\/\/experienciadevida.com.ar\/portalurbano\/wp-content\/uploads\/2022\/03\/Ezequiel-Galli-1024x684.jpg\" alt=\"Ezequiel Galli\" width=\"900\" height=\"601\" srcset=\"https:\/\/experienciadevida.com.ar\/portalurbano\/wp-content\/uploads\/2022\/03\/Ezequiel-Galli-1024x684.jpg 1024w, https:\/\/experienciadevida.com.ar\/portalurbano\/wp-content\/uploads\/2022\/03\/Ezequiel-Galli-300x201.jpg 300w, https:\/\/experienciadevida.com.ar\/portalurbano\/wp-content\/uploads\/2022\/03\/Ezequiel-Galli-768x513.jpg 768w, https:\/\/experienciadevida.com.ar\/portalurbano\/wp-content\/uploads\/2022\/03\/Ezequiel-Galli-1536x1027.jpg 1536w, https:\/\/experienciadevida.com.ar\/portalurbano\/wp-content\/uploads\/2022\/03\/Ezequiel-Galli-2048x1369.jpg 2048w\" sizes=\"(max-width: 900px) 100vw, 900px\" \/><\/a><\/p>\n<p>En primer lugar, mantuvieron un encuentro en el despacho comunal y seguidamente en la Sala de Reuniones del Palacio San Mart\u00edn, que cont\u00f3 con la presencia de funcionarios municipales, concejales y referentes del sector.<\/p>\n<p>Se encontraban presentes el secretario de Gobierno Hilario Galli, el subsecretario de Seguridad Mario Busto, el subsecretario de Miner\u00eda de la Provincia Federico Aguilera, el director provincial de Transporte de Cargas Miguel Betilli, el dirigente Eduardo Rodr\u00edguez y el titular de delegaci\u00f3n local del Comisi\u00f3n Nacional de Regulaci\u00f3n del Transporte Sergio Feoli.<\/p>\n<p>Tras el encuentro, posteriormente se llev\u00f3 a cabo una conferencia de prensa \u2013en el Sal\u00f3n Blanco- donde se concret\u00f3 la entrega simb\u00f3lica de Pases Libres Mulltimodales.<\/p>\n<p>La conferencia fue encabezada por el intendente Ezequiel Galli y el ministro de Transporte Jorge D\u2019Onofrio.<\/p>\n<p>El intendente Ezequiel Galli dio la bienvenida al titular de la cartera provincial de transporte. \u00abNos reunimos hoy ac\u00e1 para hablar sobre temas que tienen q ver tanto con el transporte de carga como de pasajeros del distrito\u00bb.<br \/>\n\u00abEl objetivo es articular cuestiones de trabajo conjunto. Hemos avanzado en algunos temas y, en este caso, nos ocupa la entrega de pases multimodales de transporte para Personas con Discapacidad\u00bb, indic\u00f3 Galli.<\/p>\n<p>\u00abSi bien en este momento realizaremos una entrega simb\u00f3lica, en contexto de la conferencia, hemos recibido un total de 477 pases, los cuales ser\u00e1n otorgados desde el Municipio en articulaci\u00f3n con el gobierno bonaerense\u00bb, adelant\u00f3.<\/p>\n<p>Por su parte, el ministro de Transporte Jorge D\u2019Onofrio, agradeci\u00f3 \u201cal Intendente que nos ha recibido tan bien, junto con los concejales que hoy nos acompa\u00f1an. M\u00e1s all\u00e1 de las diferencias, lo que nos tiene que encontrar es el trabajo conjunto en pos de resolver los problemas del d\u00eda a d\u00eda. El transporte de pasajeros es uno. El otro es el transporte de carga\u201d.<\/p>\n<p>\u201cEn los \u00faltimos sesenta d\u00edas entregamos m\u00e1s de 10 mil pases libres Multimodales. Y tenemos el compromiso de que una vez que empezamos no parar, estar permanentemente actualizando la base de datos para seguir ampliando y reconociendo derechos de los y las bonaerenses. Es el compromiso que hemos asumido con el gobernador\u201d, agreg\u00f3.<\/p>\n<p>Asimismo indic\u00f3 que \u201cnos da mucha satisfacci\u00f3n poder ir a cada distrito y coordinar con los intendentes las entregas. A la gente no le importan ni los l\u00edmites jurisdiccionales ni colores pol\u00edticos. Quieren que les resolvamos sus problemas, y para eso estamos ac\u00e1\u201d.<\/p>\n<p>La entrega de los restantes Pases Libres Multimodales se efectuar\u00e1 a partir del pr\u00f3ximo lunes 28 de marzo, en la sede Programa de Promoci\u00f3n de Derechos para Personas con Discapacidad y Personas Mayores, ubicada en la Avenida Sarmiento 2458, de 7 a 13 horas.<\/p>\n<p>Tambi\u00e9n se aclar\u00f3 que en caso ser necesario, el equipo municipal se trasladar\u00e1 a los domicilios particulares de los beneficiarios, para hacer efectiva la entrega de los pases.<\/p>\n<p>&nbsp;<\/p>\n","protected":false},"excerpt":{"rendered":"<p>Ezequiel Galli recibi\u00f3 al ministro de Transporte Jorge D\u2019Onofrio, el Intendente Ezequiel Galli recibi\u00f3 \u2013en&#8230;<\/p>\n","protected":false},"author":1,"featured_media":163932,"comment_status":"closed","ping_status":"closed","sticky":false,"template":"","format":"standard","meta":{"content-type":""},"categories":[27,51],"tags":[],"nelio_content":{"isAutoShareEnabled":false,"autoShareEndMode":"default","automationSources":{"useContentSentences":true,"useSocialTemplates":true,"useCustomSentences":false,"customSentences":[]},"followers":[1],"suggestedReferences":[],"includedReferences":[],"efiUrl":"","efiAlt":"","highlights":[]},"yoast_head":"<!-- This site is optimized with the Yoast SEO plugin v20.7 - https:\/\/yoast.com\/wordpress\/plugins\/seo\/ -->\n<title>Ezequiel Galli recibi\u00f3 al Ministro de transporte Jorge D\u00b4Onofrio<\/title>\n<meta name=\"description\" content=\"Ezequiel Galli recibi\u00f3 al ministro de Transporte Jorge D\u2019Onofrio, al ministro de Transporte de la provincia de Buenos Aires,\" \/>\n<meta name=\"robots\" content=\"index, follow, max-snippet:-1, max-image-preview:large, max-video-preview:-1\" \/>\n<link rel=\"canonical\" href=\"https:\/\/experienciadevida.com.ar\/portalurbano\/ezequiel-galli-recibio-al-ministro-de-transporte-jorge-donofrio\/\" \/>\n<meta property=\"og:locale\" content=\"es_ES\" \/>\n<meta property=\"og:type\" content=\"article\" \/>\n<meta property=\"og:title\" content=\"Ezequiel Galli recibi\u00f3 al Ministro de transporte Jorge D\u00b4Onofrio\" \/>\n<meta property=\"og:description\" content=\"Ezequiel Galli recibi\u00f3 al ministro de Transporte Jorge D\u2019Onofrio, al ministro de Transporte de la provincia de Buenos Aires,\" \/>\n<meta property=\"og:url\" content=\"https:\/\/experienciadevida.com.ar\/portalurbano\/ezequiel-galli-recibio-al-ministro-de-transporte-jorge-donofrio\/\" \/>\n<meta property=\"article:publisher\" content=\"https:\/\/www.facebook.com\/Portal-Urbano-171542830093757\/\" \/>\n<meta property=\"article:published_time\" content=\"2022-03-23T17:13:10+00:00\" \/>\n<meta property=\"article:modified_time\" content=\"2022-03-23T17:17:46+00:00\" \/>\n<meta property=\"og:image\" content=\"https:\/\/experienciadevida.com.ar\/portalurbano\/wp-content\/uploads\/2022\/03\/Ezequiel-Galli-recibio-al.jpg\" \/>\n\t<meta property=\"og:image:width\" content=\"2560\" \/>\n\t<meta property=\"og:image:height\" content=\"1711\" \/>\n\t<meta property=\"og:image:type\" content=\"image\/jpeg\" \/>\n<meta name=\"author\" content=\"admpu17wp\" \/>\n<meta name=\"twitter:card\" content=\"summary_large_image\" \/>\n<meta name=\"twitter:creator\" content=\"@portalurbanook\" \/>\n<meta name=\"twitter:site\" content=\"@portalurbanook\" \/>\n<meta name=\"twitter:label1\" content=\"Escrito por\" \/>\n\t<meta name=\"twitter:data1\" content=\"admpu17wp\" \/>\n\t<meta name=\"twitter:label2\" content=\"Tiempo de lectura\" \/>\n\t<meta name=\"twitter:data2\" content=\"3 minutos\" \/>\n<script type=\"application\/ld+json\" class=\"yoast-schema-graph\">{\"@context\":\"https:\/\/schema.org\",\"@graph\":[{\"@type\":\"Article\",\"@id\":\"https:\/\/experienciadevida.com.ar\/portalurbano\/ezequiel-galli-recibio-al-ministro-de-transporte-jorge-donofrio\/#article\",\"isPartOf\":{\"@id\":\"https:\/\/experienciadevida.com.ar\/portalurbano\/ezequiel-galli-recibio-al-ministro-de-transporte-jorge-donofrio\/\"},\"author\":{\"name\":\"admpu17wp\",\"@id\":\"https:\/\/experienciadevida.com.ar\/portalurbano\/#\/schema\/person\/02dd326b1c4b056e9cc972486934a3a7\"},\"headline\":\"Ezequiel Galli recibi\u00f3 al ministro de Transporte Jorge D\u2019Onofrio\",\"datePublished\":\"2022-03-23T17:13:10+00:00\",\"dateModified\":\"2022-03-23T17:17:46+00:00\",\"mainEntityOfPage\":{\"@id\":\"https:\/\/experienciadevida.com.ar\/portalurbano\/ezequiel-galli-recibio-al-ministro-de-transporte-jorge-donofrio\/\"},\"wordCount\":540,\"publisher\":{\"@id\":\"https:\/\/experienciadevida.com.ar\/portalurbano\/#organization\"},\"articleSection\":[\"Ciudad\",\"Destacadas\"],\"inLanguage\":\"es\"},{\"@type\":\"WebPage\",\"@id\":\"https:\/\/experienciadevida.com.ar\/portalurbano\/ezequiel-galli-recibio-al-ministro-de-transporte-jorge-donofrio\/\",\"url\":\"https:\/\/experienciadevida.com.ar\/portalurbano\/ezequiel-galli-recibio-al-ministro-de-transporte-jorge-donofrio\/\",\"name\":\"Ezequiel Galli recibi\u00f3 al Ministro de transporte Jorge D\u00b4Onofrio\",\"isPartOf\":{\"@id\":\"https:\/\/experienciadevida.com.ar\/portalurbano\/#website\"},\"datePublished\":\"2022-03-23T17:13:10+00:00\",\"dateModified\":\"2022-03-23T17:17:46+00:00\",\"description\":\"Ezequiel Galli recibi\u00f3 al ministro de Transporte Jorge D\u2019Onofrio, al ministro de Transporte de la provincia de Buenos Aires,\",\"breadcrumb\":{\"@id\":\"https:\/\/experienciadevida.com.ar\/portalurbano\/ezequiel-galli-recibio-al-ministro-de-transporte-jorge-donofrio\/#breadcrumb\"},\"inLanguage\":\"es\",\"potentialAction\":[{\"@type\":\"ReadAction\",\"target\":[\"https:\/\/experienciadevida.com.ar\/portalurbano\/ezequiel-galli-recibio-al-ministro-de-transporte-jorge-donofrio\/\"]}]},{\"@type\":\"BreadcrumbList\",\"@id\":\"https:\/\/experienciadevida.com.ar\/portalurbano\/ezequiel-galli-recibio-al-ministro-de-transporte-jorge-donofrio\/#breadcrumb\",\"itemListElement\":[{\"@type\":\"ListItem\",\"position\":1,\"name\":\"Portada\",\"item\":\"https:\/\/experienciadevida.com.ar\/portalurbano\/\"},{\"@type\":\"ListItem\",\"position\":2,\"name\":\"Ezequiel Galli recibi\u00f3 al ministro de Transporte Jorge D\u2019Onofrio\"}]},{\"@type\":\"WebSite\",\"@id\":\"https:\/\/experienciadevida.com.ar\/portalurbano\/#website\",\"url\":\"https:\/\/experienciadevida.com.ar\/portalurbano\/\",\"name\":\"\",\"description\":\"\",\"publisher\":{\"@id\":\"https:\/\/experienciadevida.com.ar\/portalurbano\/#organization\"},\"potentialAction\":[{\"@type\":\"SearchAction\",\"target\":{\"@type\":\"EntryPoint\",\"urlTemplate\":\"https:\/\/experienciadevida.com.ar\/portalurbano\/?s={search_term_string}\"},\"query-input\":\"required name=search_term_string\"}],\"inLanguage\":\"es\"},{\"@type\":\"Organization\",\"@id\":\"https:\/\/experienciadevida.com.ar\/portalurbano\/#organization\",\"name\":\"Portal Urbano\",\"url\":\"https:\/\/experienciadevida.com.ar\/portalurbano\/\",\"logo\":{\"@type\":\"ImageObject\",\"inLanguage\":\"es\",\"@id\":\"https:\/\/experienciadevida.com.ar\/portalurbano\/#\/schema\/logo\/image\/\",\"url\":\"https:\/\/experienciadevida.com.ar\/portalurbano\/wp-content\/uploads\/2019\/09\/Logo-Original.png\",\"contentUrl\":\"https:\/\/experienciadevida.com.ar\/portalurbano\/wp-content\/uploads\/2019\/09\/Logo-Original.png\",\"width\":2236,\"height\":1216,\"caption\":\"Portal Urbano\"},\"image\":{\"@id\":\"https:\/\/experienciadevida.com.ar\/portalurbano\/#\/schema\/logo\/image\/\"},\"sameAs\":[\"https:\/\/www.facebook.com\/Portal-Urbano-171542830093757\/\",\"https:\/\/twitter.com\/portalurbanook\",\"https:\/\/www.instagram.com\/_portalurbano\/\",\"https:\/\/www.youtube.com\/channel\/UCXhagIfszH8KxFiOok79zbA?view_as=subscriber\"]},{\"@type\":\"Person\",\"@id\":\"https:\/\/experienciadevida.com.ar\/portalurbano\/#\/schema\/person\/02dd326b1c4b056e9cc972486934a3a7\",\"name\":\"admpu17wp\",\"image\":{\"@type\":\"ImageObject\",\"inLanguage\":\"es\",\"@id\":\"https:\/\/experienciadevida.com.ar\/portalurbano\/#\/schema\/person\/image\/\",\"url\":\"https:\/\/secure.gravatar.com\/avatar\/830d4c57adaae6630765e449a6908047?s=96&d=mm&r=g\",\"contentUrl\":\"https:\/\/secure.gravatar.com\/avatar\/830d4c57adaae6630765e449a6908047?s=96&d=mm&r=g\",\"caption\":\"admpu17wp\"}}]}<\/script>\n<!-- \/ Yoast SEO plugin. -->","yoast_head_json":{"title":"Ezequiel Galli recibi\u00f3 al Ministro de transporte Jorge D\u00b4Onofrio","description":"Ezequiel Galli recibi\u00f3 al ministro de Transporte Jorge D\u2019Onofrio, al ministro de Transporte de la provincia de Buenos Aires,","robots":{"index":"index","follow":"follow","max-snippet":"max-snippet:-1","max-image-preview":"max-image-preview:large","max-video-preview":"max-video-preview:-1"},"canonical":"https:\/\/experienciadevida.com.ar\/portalurbano\/ezequiel-galli-recibio-al-ministro-de-transporte-jorge-donofrio\/","og_locale":"es_ES","og_type":"article","og_title":"Ezequiel Galli recibi\u00f3 al Ministro de transporte Jorge D\u00b4Onofrio","og_description":"Ezequiel Galli recibi\u00f3 al ministro de Transporte Jorge D\u2019Onofrio, al ministro de Transporte de la provincia de Buenos Aires,","og_url":"https:\/\/experienciadevida.com.ar\/portalurbano\/ezequiel-galli-recibio-al-ministro-de-transporte-jorge-donofrio\/","article_publisher":"https:\/\/www.facebook.com\/Portal-Urbano-171542830093757\/","article_published_time":"2022-03-23T17:13:10+00:00","article_modified_time":"2022-03-23T17:17:46+00:00","og_image":[{"width":2560,"height":1711,"url":"https:\/\/experienciadevida.com.ar\/portalurbano\/wp-content\/uploads\/2022\/03\/Ezequiel-Galli-recibio-al.jpg","type":"image\/jpeg"}],"author":"admpu17wp","twitter_card":"summary_large_image","twitter_creator":"@portalurbanook","twitter_site":"@portalurbanook","twitter_misc":{"Escrito por":"admpu17wp","Tiempo de lectura":"3 minutos"},"schema":{"@context":"https:\/\/schema.org","@graph":[{"@type":"Article","@id":"https:\/\/experienciadevida.com.ar\/portalurbano\/ezequiel-galli-recibio-al-ministro-de-transporte-jorge-donofrio\/#article","isPartOf":{"@id":"https:\/\/experienciadevida.com.ar\/portalurbano\/ezequiel-galli-recibio-al-ministro-de-transporte-jorge-donofrio\/"},"author":{"name":"admpu17wp","@id":"https:\/\/experienciadevida.com.ar\/portalurbano\/#\/schema\/person\/02dd326b1c4b056e9cc972486934a3a7"},"headline":"Ezequiel Galli recibi\u00f3 al ministro de Transporte Jorge D\u2019Onofrio","datePublished":"2022-03-23T17:13:10+00:00","dateModified":"2022-03-23T17:17:46+00:00","mainEntityOfPage":{"@id":"https:\/\/experienciadevida.com.ar\/portalurbano\/ezequiel-galli-recibio-al-ministro-de-transporte-jorge-donofrio\/"},"wordCount":540,"publisher":{"@id":"https:\/\/experienciadevida.com.ar\/portalurbano\/#organization"},"articleSection":["Ciudad","Destacadas"],"inLanguage":"es"},{"@type":"WebPage","@id":"https:\/\/experienciadevida.com.ar\/portalurbano\/ezequiel-galli-recibio-al-ministro-de-transporte-jorge-donofrio\/","url":"https:\/\/experienciadevida.com.ar\/portalurbano\/ezequiel-galli-recibio-al-ministro-de-transporte-jorge-donofrio\/","name":"Ezequiel Galli recibi\u00f3 al Ministro de transporte Jorge D\u00b4Onofrio","isPartOf":{"@id":"https:\/\/experienciadevida.com.ar\/portalurbano\/#website"},"datePublished":"2022-03-23T17:13:10+00:00","dateModified":"2022-03-23T17:17:46+00:00","description":"Ezequiel Galli recibi\u00f3 al ministro de Transporte Jorge D\u2019Onofrio, al ministro de Transporte de la provincia de Buenos Aires,","breadcrumb":{"@id":"https:\/\/experienciadevida.com.ar\/portalurbano\/ezequiel-galli-recibio-al-ministro-de-transporte-jorge-donofrio\/#breadcrumb"},"inLanguage":"es","potentialAction":[{"@type":"ReadAction","target":["https:\/\/experienciadevida.com.ar\/portalurbano\/ezequiel-galli-recibio-al-ministro-de-transporte-jorge-donofrio\/"]}]},{"@type":"BreadcrumbList","@id":"https:\/\/experienciadevida.com.ar\/portalurbano\/ezequiel-galli-recibio-al-ministro-de-transporte-jorge-donofrio\/#breadcrumb","itemListElement":[{"@type":"ListItem","position":1,"name":"Portada","item":"https:\/\/experienciadevida.com.ar\/portalurbano\/"},{"@type":"ListItem","position":2,"name":"Ezequiel Galli recibi\u00f3 al ministro de Transporte Jorge D\u2019Onofrio"}]},{"@type":"WebSite","@id":"https:\/\/experienciadevida.com.ar\/portalurbano\/#website","url":"https:\/\/experienciadevida.com.ar\/portalurbano\/","name":"","description":"","publisher":{"@id":"https:\/\/experienciadevida.com.ar\/portalurbano\/#organization"},"potentialAction":[{"@type":"SearchAction","target":{"@type":"EntryPoint","urlTemplate":"https:\/\/experienciadevida.com.ar\/portalurbano\/?s={search_term_string}"},"query-input":"required name=search_term_string"}],"inLanguage":"es"},{"@type":"Organization","@id":"https:\/\/experienciadevida.com.ar\/portalurbano\/#organization","name":"Portal Urbano","url":"https:\/\/experienciadevida.com.ar\/portalurbano\/","logo":{"@type":"ImageObject","inLanguage":"es","@id":"https:\/\/experienciadevida.com.ar\/portalurbano\/#\/schema\/logo\/image\/","url":"https:\/\/experienciadevida.com.ar\/portalurbano\/wp-content\/uploads\/2019\/09\/Logo-Original.png","contentUrl":"https:\/\/experienciadevida.com.ar\/portalurbano\/wp-content\/uploads\/2019\/09\/Logo-Original.png","width":2236,"height":1216,"caption":"Portal Urbano"},"image":{"@id":"https:\/\/experienciadevida.com.ar\/portalurbano\/#\/schema\/logo\/image\/"},"sameAs":["https:\/\/www.facebook.com\/Portal-Urbano-171542830093757\/","https:\/\/twitter.com\/portalurbanook","https:\/\/www.instagram.com\/_portalurbano\/","https:\/\/www.youtube.com\/channel\/UCXhagIfszH8KxFiOok79zbA?view_as=subscriber"]},{"@type":"Person","@id":"https:\/\/experienciadevida.com.ar\/portalurbano\/#\/schema\/person\/02dd326b1c4b056e9cc972486934a3a7","name":"admpu17wp","image":{"@type":"ImageObject","inLanguage":"es","@id":"https:\/\/experienciadevida.com.ar\/portalurbano\/#\/schema\/person\/image\/","url":"https:\/\/secure.gravatar.com\/avatar\/830d4c57adaae6630765e449a6908047?s=96&d=mm&r=g","contentUrl":"https:\/\/secure.gravatar.com\/avatar\/830d4c57adaae6630765e449a6908047?s=96&d=mm&r=g","caption":"admpu17wp"}}]}},"featured_image_urls":{"full":["https:\/\/experienciadevida.com.ar\/portalurbano\/wp-content\/uploads\/2022\/03\/Ezequiel-Galli-recibio-al.jpg",2560,1711,false],"thumbnail":["https:\/\/experienciadevida.com.ar\/portalurbano\/wp-content\/uploads\/2022\/03\/Ezequiel-Galli-recibio-al-150x150.jpg",150,150,true],"medium":["https:\/\/experienciadevida.com.ar\/portalurbano\/wp-content\/uploads\/2022\/03\/Ezequiel-Galli-recibio-al-300x201.jpg",300,201,true],"medium_large":["https:\/\/experienciadevida.com.ar\/portalurbano\/wp-content\/uploads\/2022\/03\/Ezequiel-Galli-recibio-al-768x513.jpg",640,428,true],"large":["https:\/\/experienciadevida.com.ar\/portalurbano\/wp-content\/uploads\/2022\/03\/Ezequiel-Galli-recibio-al-1024x684.jpg",640,428,true],"ug_big":["https:\/\/experienciadevida.com.ar\/portalurbano\/wp-content\/uploads\/2022\/03\/Ezequiel-Galli-recibio-al-768x513.jpg",768,513,true],"1536x1536":["https:\/\/experienciadevida.com.ar\/portalurbano\/wp-content\/uploads\/2022\/03\/Ezequiel-Galli-recibio-al-1536x1027.jpg",1536,1027,true],"2048x2048":["https:\/\/experienciadevida.com.ar\/portalurbano\/wp-content\/uploads\/2022\/03\/Ezequiel-Galli-recibio-al-2048x1369.jpg",2048,1369,true],"newsever-slider-full":["https:\/\/experienciadevida.com.ar\/portalurbano\/wp-content\/uploads\/2022\/03\/Ezequiel-Galli-recibio-al.jpg",1264,845,false],"newsever-featured":["https:\/\/experienciadevida.com.ar\/portalurbano\/wp-content\/uploads\/2022\/03\/Ezequiel-Galli-recibio-al.jpg",1024,684,false],"newsever-medium":["https:\/\/experienciadevida.com.ar\/portalurbano\/wp-content\/uploads\/2022\/03\/Ezequiel-Galli-recibio-al.jpg",711,475,false],"web-stories-poster-portrait":["https:\/\/experienciadevida.com.ar\/portalurbano\/wp-content\/uploads\/2022\/03\/Ezequiel-Galli-recibio-al.jpg",640,428,false],"web-stories-publisher-logo":["https:\/\/experienciadevida.com.ar\/portalurbano\/wp-content\/uploads\/2022\/03\/Ezequiel-Galli-recibio-al.jpg",96,64,false],"web-stories-thumbnail":["https:\/\/experienciadevida.com.ar\/portalurbano\/wp-content\/uploads\/2022\/03\/Ezequiel-Galli-recibio-al.jpg",150,100,false]},"author_info":{"display_name":"admpu17wp","author_link":"https:\/\/experienciadevida.com.ar\/portalurbano\/author\/admpu17wp\/"},"category_info":"<a href=\"https:\/\/experienciadevida.com.ar\/portalurbano\/category\/ciudad\/\" rel=\"category tag\">Ciudad<\/a> <a href=\"https:\/\/experienciadevida.com.ar\/portalurbano\/category\/destacadas\/\" rel=\"category tag\">Destacadas<\/a>","tag_info":"Destacadas","comment_count":"0","amp_enabled":true,"_links":{"self":[{"href":"https:\/\/experienciadevida.com.ar\/portalurbano\/wp-json\/wp\/v2\/posts\/163931"}],"collection":[{"href":"https:\/\/experienciadevida.com.ar\/portalurbano\/wp-json\/wp\/v2\/posts"}],"about":[{"href":"https:\/\/experienciadevida.com.ar\/portalurbano\/wp-json\/wp\/v2\/types\/post"}],"author":[{"embeddable":true,"href":"https:\/\/experienciadevida.com.ar\/portalurbano\/wp-json\/wp\/v2\/users\/1"}],"replies":[{"embeddable":true,"href":"https:\/\/experienciadevida.com.ar\/portalurbano\/wp-json\/wp\/v2\/comments?post=163931"}],"version-history":[{"count":4,"href":"https:\/\/experienciadevida.com.ar\/portalurbano\/wp-json\/wp\/v2\/posts\/163931\/revisions"}],"predecessor-version":[{"id":163935,"href":"https:\/\/experienciadevida.com.ar\/portalurbano\/wp-json\/wp\/v2\/posts\/163931\/revisions\/163935"}],"wp:featuredmedia":[{"embeddable":true,"href":"https:\/\/experienciadevida.com.ar\/portalurbano\/wp-json\/wp\/v2\/media\/163932"}],"wp:attachment":[{"href":"https:\/\/experienciadevida.com.ar\/portalurbano\/wp-json\/wp\/v2\/media?parent=163931"}],"wp:term":[{"taxonomy":"category","embeddable":true,"href":"https:\/\/experienciadevida.com.ar\/portalurbano\/wp-json\/wp\/v2\/categories?post=163931"},{"taxonomy":"post_tag","embeddable":true,"href":"https:\/\/experienciadevida.com.ar\/portalurbano\/wp-json\/wp\/v2\/tags?post=163931"}],"curies":[{"name":"wp","href":"https:\/\/api.w.org\/{rel}","templated":true}]}}