{"id":163917,"date":"2022-03-22T21:17:33","date_gmt":"2022-03-23T00:17:33","guid":{"rendered":"https:\/\/experienciadevida.com.ar\/portalurbano\/?p=163917"},"modified":"2022-03-22T21:17:33","modified_gmt":"2022-03-23T00:17:33","slug":"paritarias-aoma-anuncio-que-hubo-acuerdo-salarial-con-las-cementeras","status":"publish","type":"post","link":"https:\/\/experienciadevida.com.ar\/portalurbano\/paritarias-aoma-anuncio-que-hubo-acuerdo-salarial-con-las-cementeras\/","title":{"rendered":"Paritarias: AOMA anunci\u00f3 que hubo acuerdo salarial con las cementeras"},"content":{"rendered":"<p>Paritarias: AOMA anunci\u00f3 que hubo acuerdo salarial con las cementeras, el Secretariado Nacional de la Asociaci\u00f3n Obrera Minera Argentina comunic\u00f3 este martes 22 de marzo que arrib\u00f3 a un acuerdo salarial con la Asociaci\u00f3n de Fabricantes de Cemento Portland en el marco de las paritarias 2022.<\/p>\n<p>Mediante la Circular N\u00b0 252 se inform\u00f3 que los trabajadores comprendidos en las Convenciones Colectivas de Trabajo del cemento N\u00b0 53 y 54\/89, que a partir del 1\/02\/2022 percibir\u00e1n \u201cun incremento salarial del 17 % con vigencia hasta el 30\/04\/2022\u201d. Adem\u00e1s, desde el \u201c1\/05\/2022 tendr\u00e1n un aumento del 11 %, con vigencia hasta el 31\/07\/2022\u201d, el cual no ser\u00e1 acumulativo.<\/p>\n<p>Tambi\u00e9n las partes acordaron que desde el 1\/08\/2022 se incorporar\u00e1 al salario \u201cun aumento del 10 % con vigencia hasta el 30\/10\/2022\u201d y por \u00faltimo a partir del \u201c1\/11\/2022 los salarios tendr\u00e1 un incremento del 10 % con vigencia hasta el 31\/01\/2023\u201d, ambos porcentajes, tampoco ser\u00e1n acumulativos.<\/p>\n<p>Gremio y empresas acordaron establecer una cl\u00e1usula de revisi\u00f3n para el mes de noviembre del corriente a\u00f1o. Como as\u00ed tambi\u00e9n \u201cque no se descontar\u00e1 el premio por presentismo que se otorga en las distintas plantas en virtud a las medidas de fuerza dispuestas por AOMA\u201d.<\/p>\n<p>La entidad gremial detall\u00f3 en su misiva que \u201catento a estos incrementos queda cerrada la paritaria del a\u00f1o 2022 con un incremento salarial del 48% anual y dejando sin efecto a partir de la presente comunicaci\u00f3n las medidas dispuestas en otras circulares\u201d en referencia a las medidas de fuerza dispuestas con anterioridad.<\/p>\n","protected":false},"excerpt":{"rendered":"<p>Paritarias: AOMA anunci\u00f3 que hubo acuerdo salarial con las cementeras, el Secretariado Nacional de la&#8230;<\/p>\n","protected":false},"author":1,"featured_media":163918,"comment_status":"closed","ping_status":"closed","sticky":false,"template":"","format":"standard","meta":{"content-type":""},"categories":[27,51],"tags":[],"nelio_content":{"isAutoShareEnabled":false,"autoShareEndMode":"default","automationSources":{"useContentSentences":true,"useSocialTemplates":true,"useCustomSentences":false,"customSentences":[]},"followers":[1],"suggestedReferences":[],"includedReferences":[],"efiUrl":"","efiAlt":"","highlights":[]},"yoast_head":"<!-- This site is optimized with the Yoast SEO plugin v20.7 - https:\/\/yoast.com\/wordpress\/plugins\/seo\/ -->\n<title>Paritarias: AOMA anunci\u00f3 que hubo acuerdo salarial con las cementeras -<\/title>\n<meta name=\"robots\" content=\"index, follow, max-snippet:-1, max-image-preview:large, max-video-preview:-1\" \/>\n<link rel=\"canonical\" href=\"https:\/\/experienciadevida.com.ar\/portalurbano\/paritarias-aoma-anuncio-que-hubo-acuerdo-salarial-con-las-cementeras\/\" \/>\n<meta property=\"og:locale\" content=\"es_ES\" \/>\n<meta property=\"og:type\" content=\"article\" \/>\n<meta property=\"og:title\" content=\"Paritarias: AOMA anunci\u00f3 que hubo acuerdo salarial con las cementeras -\" \/>\n<meta property=\"og:description\" content=\"Paritarias: AOMA anunci\u00f3 que hubo acuerdo salarial con las cementeras, el Secretariado Nacional de la...\" \/>\n<meta property=\"og:url\" content=\"https:\/\/experienciadevida.com.ar\/portalurbano\/paritarias-aoma-anuncio-que-hubo-acuerdo-salarial-con-las-cementeras\/\" \/>\n<meta property=\"article:publisher\" content=\"https:\/\/www.facebook.com\/Portal-Urbano-171542830093757\/\" \/>\n<meta property=\"article:published_time\" content=\"2022-03-23T00:17:33+00:00\" \/>\n<meta property=\"og:image\" content=\"https:\/\/experienciadevida.com.ar\/portalurbano\/wp-content\/uploads\/2022\/03\/Paritarias.jpg\" \/>\n\t<meta property=\"og:image:width\" content=\"696\" \/>\n\t<meta property=\"og:image:height\" content=\"392\" \/>\n\t<meta property=\"og:image:type\" content=\"image\/jpeg\" \/>\n<meta name=\"author\" content=\"admpu17wp\" \/>\n<meta name=\"twitter:card\" content=\"summary_large_image\" \/>\n<meta name=\"twitter:creator\" content=\"@portalurbanook\" \/>\n<meta name=\"twitter:site\" content=\"@portalurbanook\" \/>\n<meta name=\"twitter:label1\" content=\"Escrito por\" \/>\n\t<meta name=\"twitter:data1\" content=\"admpu17wp\" \/>\n\t<meta name=\"twitter:label2\" content=\"Tiempo de lectura\" \/>\n\t<meta name=\"twitter:data2\" content=\"2 minutos\" \/>\n<script type=\"application\/ld+json\" class=\"yoast-schema-graph\">{\"@context\":\"https:\/\/schema.org\",\"@graph\":[{\"@type\":\"Article\",\"@id\":\"https:\/\/experienciadevida.com.ar\/portalurbano\/paritarias-aoma-anuncio-que-hubo-acuerdo-salarial-con-las-cementeras\/#article\",\"isPartOf\":{\"@id\":\"https:\/\/experienciadevida.com.ar\/portalurbano\/paritarias-aoma-anuncio-que-hubo-acuerdo-salarial-con-las-cementeras\/\"},\"author\":{\"name\":\"admpu17wp\",\"@id\":\"https:\/\/experienciadevida.com.ar\/portalurbano\/#\/schema\/person\/02dd326b1c4b056e9cc972486934a3a7\"},\"headline\":\"Paritarias: AOMA anunci\u00f3 que hubo acuerdo salarial con las cementeras\",\"datePublished\":\"2022-03-23T00:17:33+00:00\",\"dateModified\":\"2022-03-23T00:17:33+00:00\",\"mainEntityOfPage\":{\"@id\":\"https:\/\/experienciadevida.com.ar\/portalurbano\/paritarias-aoma-anuncio-que-hubo-acuerdo-salarial-con-las-cementeras\/\"},\"wordCount\":250,\"publisher\":{\"@id\":\"https:\/\/experienciadevida.com.ar\/portalurbano\/#organization\"},\"articleSection\":[\"Ciudad\",\"Destacadas\"],\"inLanguage\":\"es\"},{\"@type\":\"WebPage\",\"@id\":\"https:\/\/experienciadevida.com.ar\/portalurbano\/paritarias-aoma-anuncio-que-hubo-acuerdo-salarial-con-las-cementeras\/\",\"url\":\"https:\/\/experienciadevida.com.ar\/portalurbano\/paritarias-aoma-anuncio-que-hubo-acuerdo-salarial-con-las-cementeras\/\",\"name\":\"Paritarias: AOMA anunci\u00f3 que hubo acuerdo salarial con las cementeras -\",\"isPartOf\":{\"@id\":\"https:\/\/experienciadevida.com.ar\/portalurbano\/#website\"},\"datePublished\":\"2022-03-23T00:17:33+00:00\",\"dateModified\":\"2022-03-23T00:17:33+00:00\",\"breadcrumb\":{\"@id\":\"https:\/\/experienciadevida.com.ar\/portalurbano\/paritarias-aoma-anuncio-que-hubo-acuerdo-salarial-con-las-cementeras\/#breadcrumb\"},\"inLanguage\":\"es\",\"potentialAction\":[{\"@type\":\"ReadAction\",\"target\":[\"https:\/\/experienciadevida.com.ar\/portalurbano\/paritarias-aoma-anuncio-que-hubo-acuerdo-salarial-con-las-cementeras\/\"]}]},{\"@type\":\"BreadcrumbList\",\"@id\":\"https:\/\/experienciadevida.com.ar\/portalurbano\/paritarias-aoma-anuncio-que-hubo-acuerdo-salarial-con-las-cementeras\/#breadcrumb\",\"itemListElement\":[{\"@type\":\"ListItem\",\"position\":1,\"name\":\"Portada\",\"item\":\"https:\/\/experienciadevida.com.ar\/portalurbano\/\"},{\"@type\":\"ListItem\",\"position\":2,\"name\":\"Paritarias: AOMA anunci\u00f3 que hubo acuerdo salarial con las cementeras\"}]},{\"@type\":\"WebSite\",\"@id\":\"https:\/\/experienciadevida.com.ar\/portalurbano\/#website\",\"url\":\"https:\/\/experienciadevida.com.ar\/portalurbano\/\",\"name\":\"\",\"description\":\"\",\"publisher\":{\"@id\":\"https:\/\/experienciadevida.com.ar\/portalurbano\/#organization\"},\"potentialAction\":[{\"@type\":\"SearchAction\",\"target\":{\"@type\":\"EntryPoint\",\"urlTemplate\":\"https:\/\/experienciadevida.com.ar\/portalurbano\/?s={search_term_string}\"},\"query-input\":\"required name=search_term_string\"}],\"inLanguage\":\"es\"},{\"@type\":\"Organization\",\"@id\":\"https:\/\/experienciadevida.com.ar\/portalurbano\/#organization\",\"name\":\"Portal Urbano\",\"url\":\"https:\/\/experienciadevida.com.ar\/portalurbano\/\",\"logo\":{\"@type\":\"ImageObject\",\"inLanguage\":\"es\",\"@id\":\"https:\/\/experienciadevida.com.ar\/portalurbano\/#\/schema\/logo\/image\/\",\"url\":\"https:\/\/experienciadevida.com.ar\/portalurbano\/wp-content\/uploads\/2019\/09\/Logo-Original.png\",\"contentUrl\":\"https:\/\/experienciadevida.com.ar\/portalurbano\/wp-content\/uploads\/2019\/09\/Logo-Original.png\",\"width\":2236,\"height\":1216,\"caption\":\"Portal Urbano\"},\"image\":{\"@id\":\"https:\/\/experienciadevida.com.ar\/portalurbano\/#\/schema\/logo\/image\/\"},\"sameAs\":[\"https:\/\/www.facebook.com\/Portal-Urbano-171542830093757\/\",\"https:\/\/twitter.com\/portalurbanook\",\"https:\/\/www.instagram.com\/_portalurbano\/\",\"https:\/\/www.youtube.com\/channel\/UCXhagIfszH8KxFiOok79zbA?view_as=subscriber\"]},{\"@type\":\"Person\",\"@id\":\"https:\/\/experienciadevida.com.ar\/portalurbano\/#\/schema\/person\/02dd326b1c4b056e9cc972486934a3a7\",\"name\":\"admpu17wp\",\"image\":{\"@type\":\"ImageObject\",\"inLanguage\":\"es\",\"@id\":\"https:\/\/experienciadevida.com.ar\/portalurbano\/#\/schema\/person\/image\/\",\"url\":\"https:\/\/secure.gravatar.com\/avatar\/830d4c57adaae6630765e449a6908047?s=96&d=mm&r=g\",\"contentUrl\":\"https:\/\/secure.gravatar.com\/avatar\/830d4c57adaae6630765e449a6908047?s=96&d=mm&r=g\",\"caption\":\"admpu17wp\"}}]}<\/script>\n<!-- \/ Yoast SEO plugin. -->","yoast_head_json":{"title":"Paritarias: AOMA anunci\u00f3 que hubo acuerdo salarial con las cementeras -","robots":{"index":"index","follow":"follow","max-snippet":"max-snippet:-1","max-image-preview":"max-image-preview:large","max-video-preview":"max-video-preview:-1"},"canonical":"https:\/\/experienciadevida.com.ar\/portalurbano\/paritarias-aoma-anuncio-que-hubo-acuerdo-salarial-con-las-cementeras\/","og_locale":"es_ES","og_type":"article","og_title":"Paritarias: AOMA anunci\u00f3 que hubo acuerdo salarial con las cementeras -","og_description":"Paritarias: AOMA anunci\u00f3 que hubo acuerdo salarial con las cementeras, el Secretariado Nacional de la...","og_url":"https:\/\/experienciadevida.com.ar\/portalurbano\/paritarias-aoma-anuncio-que-hubo-acuerdo-salarial-con-las-cementeras\/","article_publisher":"https:\/\/www.facebook.com\/Portal-Urbano-171542830093757\/","article_published_time":"2022-03-23T00:17:33+00:00","og_image":[{"width":696,"height":392,"url":"https:\/\/experienciadevida.com.ar\/portalurbano\/wp-content\/uploads\/2022\/03\/Paritarias.jpg","type":"image\/jpeg"}],"author":"admpu17wp","twitter_card":"summary_large_image","twitter_creator":"@portalurbanook","twitter_site":"@portalurbanook","twitter_misc":{"Escrito por":"admpu17wp","Tiempo de lectura":"2 minutos"},"schema":{"@context":"https:\/\/schema.org","@graph":[{"@type":"Article","@id":"https:\/\/experienciadevida.com.ar\/portalurbano\/paritarias-aoma-anuncio-que-hubo-acuerdo-salarial-con-las-cementeras\/#article","isPartOf":{"@id":"https:\/\/experienciadevida.com.ar\/portalurbano\/paritarias-aoma-anuncio-que-hubo-acuerdo-salarial-con-las-cementeras\/"},"author":{"name":"admpu17wp","@id":"https:\/\/experienciadevida.com.ar\/portalurbano\/#\/schema\/person\/02dd326b1c4b056e9cc972486934a3a7"},"headline":"Paritarias: AOMA anunci\u00f3 que hubo acuerdo salarial con las cementeras","datePublished":"2022-03-23T00:17:33+00:00","dateModified":"2022-03-23T00:17:33+00:00","mainEntityOfPage":{"@id":"https:\/\/experienciadevida.com.ar\/portalurbano\/paritarias-aoma-anuncio-que-hubo-acuerdo-salarial-con-las-cementeras\/"},"wordCount":250,"publisher":{"@id":"https:\/\/experienciadevida.com.ar\/portalurbano\/#organization"},"articleSection":["Ciudad","Destacadas"],"inLanguage":"es"},{"@type":"WebPage","@id":"https:\/\/experienciadevida.com.ar\/portalurbano\/paritarias-aoma-anuncio-que-hubo-acuerdo-salarial-con-las-cementeras\/","url":"https:\/\/experienciadevida.com.ar\/portalurbano\/paritarias-aoma-anuncio-que-hubo-acuerdo-salarial-con-las-cementeras\/","name":"Paritarias: AOMA anunci\u00f3 que hubo acuerdo salarial con las cementeras -","isPartOf":{"@id":"https:\/\/experienciadevida.com.ar\/portalurbano\/#website"},"datePublished":"2022-03-23T00:17:33+00:00","dateModified":"2022-03-23T00:17:33+00:00","breadcrumb":{"@id":"https:\/\/experienciadevida.com.ar\/portalurbano\/paritarias-aoma-anuncio-que-hubo-acuerdo-salarial-con-las-cementeras\/#breadcrumb"},"inLanguage":"es","potentialAction":[{"@type":"ReadAction","target":["https:\/\/experienciadevida.com.ar\/portalurbano\/paritarias-aoma-anuncio-que-hubo-acuerdo-salarial-con-las-cementeras\/"]}]},{"@type":"BreadcrumbList","@id":"https:\/\/experienciadevida.com.ar\/portalurbano\/paritarias-aoma-anuncio-que-hubo-acuerdo-salarial-con-las-cementeras\/#breadcrumb","itemListElement":[{"@type":"ListItem","position":1,"name":"Portada","item":"https:\/\/experienciadevida.com.ar\/portalurbano\/"},{"@type":"ListItem","position":2,"name":"Paritarias: AOMA anunci\u00f3 que hubo acuerdo salarial con las cementeras"}]},{"@type":"WebSite","@id":"https:\/\/experienciadevida.com.ar\/portalurbano\/#website","url":"https:\/\/experienciadevida.com.ar\/portalurbano\/","name":"","description":"","publisher":{"@id":"https:\/\/experienciadevida.com.ar\/portalurbano\/#organization"},"potentialAction":[{"@type":"SearchAction","target":{"@type":"EntryPoint","urlTemplate":"https:\/\/experienciadevida.com.ar\/portalurbano\/?s={search_term_string}"},"query-input":"required name=search_term_string"}],"inLanguage":"es"},{"@type":"Organization","@id":"https:\/\/experienciadevida.com.ar\/portalurbano\/#organization","name":"Portal Urbano","url":"https:\/\/experienciadevida.com.ar\/portalurbano\/","logo":{"@type":"ImageObject","inLanguage":"es","@id":"https:\/\/experienciadevida.com.ar\/portalurbano\/#\/schema\/logo\/image\/","url":"https:\/\/experienciadevida.com.ar\/portalurbano\/wp-content\/uploads\/2019\/09\/Logo-Original.png","contentUrl":"https:\/\/experienciadevida.com.ar\/portalurbano\/wp-content\/uploads\/2019\/09\/Logo-Original.png","width":2236,"height":1216,"caption":"Portal Urbano"},"image":{"@id":"https:\/\/experienciadevida.com.ar\/portalurbano\/#\/schema\/logo\/image\/"},"sameAs":["https:\/\/www.facebook.com\/Portal-Urbano-171542830093757\/","https:\/\/twitter.com\/portalurbanook","https:\/\/www.instagram.com\/_portalurbano\/","https:\/\/www.youtube.com\/channel\/UCXhagIfszH8KxFiOok79zbA?view_as=subscriber"]},{"@type":"Person","@id":"https:\/\/experienciadevida.com.ar\/portalurbano\/#\/schema\/person\/02dd326b1c4b056e9cc972486934a3a7","name":"admpu17wp","image":{"@type":"ImageObject","inLanguage":"es","@id":"https:\/\/experienciadevida.com.ar\/portalurbano\/#\/schema\/person\/image\/","url":"https:\/\/secure.gravatar.com\/avatar\/830d4c57adaae6630765e449a6908047?s=96&d=mm&r=g","contentUrl":"https:\/\/secure.gravatar.com\/avatar\/830d4c57adaae6630765e449a6908047?s=96&d=mm&r=g","caption":"admpu17wp"}}]}},"featured_image_urls":{"full":["https:\/\/experienciadevida.com.ar\/portalurbano\/wp-content\/uploads\/2022\/03\/Paritarias.jpg",696,392,false],"thumbnail":["https:\/\/experienciadevida.com.ar\/portalurbano\/wp-content\/uploads\/2022\/03\/Paritarias-150x150.jpg",150,150,true],"medium":["https:\/\/experienciadevida.com.ar\/portalurbano\/wp-content\/uploads\/2022\/03\/Paritarias-300x169.jpg",300,169,true],"medium_large":["https:\/\/experienciadevida.com.ar\/portalurbano\/wp-content\/uploads\/2022\/03\/Paritarias.jpg",640,360,false],"large":["https:\/\/experienciadevida.com.ar\/portalurbano\/wp-content\/uploads\/2022\/03\/Paritarias.jpg",640,360,false],"ug_big":["https:\/\/experienciadevida.com.ar\/portalurbano\/wp-content\/uploads\/2022\/03\/Paritarias.jpg",696,392,false],"1536x1536":["https:\/\/experienciadevida.com.ar\/portalurbano\/wp-content\/uploads\/2022\/03\/Paritarias.jpg",696,392,false],"2048x2048":["https:\/\/experienciadevida.com.ar\/portalurbano\/wp-content\/uploads\/2022\/03\/Paritarias.jpg",696,392,false],"newsever-slider-full":["https:\/\/experienciadevida.com.ar\/portalurbano\/wp-content\/uploads\/2022\/03\/Paritarias.jpg",696,392,false],"newsever-featured":["https:\/\/experienciadevida.com.ar\/portalurbano\/wp-content\/uploads\/2022\/03\/Paritarias.jpg",696,392,false],"newsever-medium":["https:\/\/experienciadevida.com.ar\/portalurbano\/wp-content\/uploads\/2022\/03\/Paritarias.jpg",696,392,false],"web-stories-poster-portrait":["https:\/\/experienciadevida.com.ar\/portalurbano\/wp-content\/uploads\/2022\/03\/Paritarias.jpg",640,360,false],"web-stories-publisher-logo":["https:\/\/experienciadevida.com.ar\/portalurbano\/wp-content\/uploads\/2022\/03\/Paritarias.jpg",96,54,false],"web-stories-thumbnail":["https:\/\/experienciadevida.com.ar\/portalurbano\/wp-content\/uploads\/2022\/03\/Paritarias.jpg",150,84,false]},"author_info":{"display_name":"admpu17wp","author_link":"https:\/\/experienciadevida.com.ar\/portalurbano\/author\/admpu17wp\/"},"category_info":"<a href=\"https:\/\/experienciadevida.com.ar\/portalurbano\/category\/ciudad\/\" rel=\"category tag\">Ciudad<\/a> <a href=\"https:\/\/experienciadevida.com.ar\/portalurbano\/category\/destacadas\/\" rel=\"category tag\">Destacadas<\/a>","tag_info":"Destacadas","comment_count":"0","amp_enabled":true,"_links":{"self":[{"href":"https:\/\/experienciadevida.com.ar\/portalurbano\/wp-json\/wp\/v2\/posts\/163917"}],"collection":[{"href":"https:\/\/experienciadevida.com.ar\/portalurbano\/wp-json\/wp\/v2\/posts"}],"about":[{"href":"https:\/\/experienciadevida.com.ar\/portalurbano\/wp-json\/wp\/v2\/types\/post"}],"author":[{"embeddable":true,"href":"https:\/\/experienciadevida.com.ar\/portalurbano\/wp-json\/wp\/v2\/users\/1"}],"replies":[{"embeddable":true,"href":"https:\/\/experienciadevida.com.ar\/portalurbano\/wp-json\/wp\/v2\/comments?post=163917"}],"version-history":[{"count":1,"href":"https:\/\/experienciadevida.com.ar\/portalurbano\/wp-json\/wp\/v2\/posts\/163917\/revisions"}],"predecessor-version":[{"id":163919,"href":"https:\/\/experienciadevida.com.ar\/portalurbano\/wp-json\/wp\/v2\/posts\/163917\/revisions\/163919"}],"wp:featuredmedia":[{"embeddable":true,"href":"https:\/\/experienciadevida.com.ar\/portalurbano\/wp-json\/wp\/v2\/media\/163918"}],"wp:attachment":[{"href":"https:\/\/experienciadevida.com.ar\/portalurbano\/wp-json\/wp\/v2\/media?parent=163917"}],"wp:term":[{"taxonomy":"category","embeddable":true,"href":"https:\/\/experienciadevida.com.ar\/portalurbano\/wp-json\/wp\/v2\/categories?post=163917"},{"taxonomy":"post_tag","embeddable":true,"href":"https:\/\/experienciadevida.com.ar\/portalurbano\/wp-json\/wp\/v2\/tags?post=163917"}],"curies":[{"name":"wp","href":"https:\/\/api.w.org\/{rel}","templated":true}]}}