{"id":163915,"date":"2022-03-22T21:03:49","date_gmt":"2022-03-23T00:03:49","guid":{"rendered":"https:\/\/experienciadevida.com.ar\/portalurbano\/?p=163915"},"modified":"2022-03-22T21:15:08","modified_gmt":"2022-03-23T00:15:08","slug":"el-bloque-ucr-en-la-segunda-sesion-presento-cuatro-proyectos","status":"publish","type":"post","link":"https:\/\/experienciadevida.com.ar\/portalurbano\/el-bloque-ucr-en-la-segunda-sesion-presento-cuatro-proyectos\/","title":{"rendered":"El bloque UCR en la segunda sesi\u00f3n present\u00f3 cuatro proyectos"},"content":{"rendered":"<p>El bloque UCR en la segunda sesi\u00f3n present\u00f3 cuatro proyectos, vinculados a reconocer a un ciudadano<br \/>\ncomprometido, mejorar el tr\u00e1nsito y un repudio a la medida adoptada por el gobierno Nacional.<\/p>\n<p>Tambi\u00e9n se apoyaron proyectos donde se realizaban pedidos de informes sobre seguridad y a IOMA. Como tambi\u00e9n, la UCR dio su voto afirmativo, a un proyecto donde se solicita que se baje la edad para ser concejal, facilitando a los j\u00f3venes acceso a los 18 a\u00f1os al Concejo, la propuesta estaba realizada en el mismo sentido que se hab\u00eda presentado a\u00f1os anteriores y en apoyo al proyecto del Diputado Valent\u00edn Miranda (UCR).<\/p>\n<p>En cuanto al reconocimiento, este Bloque consider\u00f3 de relevancia valorar y visibilizar la labor realizada por el mec\u00e1nico Omar Rosini, quien ha estado al cuidado de la Galera de los Hnos. Emiliozzi, durante casi 25 a\u00f1os, luego<br \/>\nque un d\u00eda en un evento la cup\u00e9 no quiso arrancar, y se consider\u00f3 a Omar como la persona encarda de hacerlo. Desde ese d\u00eda la Galera y Rosini, van juntos a todos lados, ha sido quien hace rugir ese motor en cada evento, en<br \/>\ncada viaje donde nos representaba. Por esto, se propuso al cuerpo, otorgarle un reconocimiento al M\u00e9rito Ciudadano, el cual fue acompa\u00f1ado por todos los bloques un\u00e1nimemente.<\/p>\n<p>La UCR present\u00f3 un proyecto de comunicaci\u00f3n en conjunto con el Bloque Juntos y Adelante Olavarr\u00eda, mediante el cual repudiamos la reciente medida anunciada por el Gobierno de la Naci\u00f3n de suspenderla exportaci\u00f3n de harina<br \/>\ny aceite de soja, luego de un largo debate, se aprob\u00f3 con los votos de los autores de la propuesta. Este espacio apuesta al sector m\u00e1s importante de nuestra econom\u00eda como lo es el agroindustrial. Nuestro deber es generarla previsibilidad y condiciones para que aumenten su producci\u00f3n con pol\u00edticas adecuadas.<\/p>\n<p>Los otros dos proyectos, tienen relaci\u00f3n con el tr\u00e1nsito, la circulaci\u00f3n y mejorar la seguridad de los automotores, uno dentro de nuestra ciudad, como es la se\u00f1alizaci\u00f3n y reductores en la zona del acceso a CORPI, con el fin de evitar accidentes o frenadas intempestivas a fin de acceder al lugar y otra iniciativa con el ingreso a la ciudad por calle Independencia por ruta Nacional 226, donde se genera dificultades para acceder porque cada conductor decide c\u00f3mo hacer las maniobras necesarias para entrar a la ciudad, por esto, se piensa en la necesidad de luminaria y se\u00f1al\u00e9tica. Este \u00faltimo, paso a la Comisi\u00f3n de infraestructura a fin de tratarlo en forma m\u00e1s exhaustiva.<\/p>\n","protected":false},"excerpt":{"rendered":"<p>El bloque UCR en la segunda sesi\u00f3n present\u00f3 cuatro proyectos, vinculados a reconocer a un&#8230;<\/p>\n","protected":false},"author":1,"featured_media":163693,"comment_status":"closed","ping_status":"closed","sticky":false,"template":"","format":"standard","meta":{"content-type":""},"categories":[27,64],"tags":[],"nelio_content":{"isAutoShareEnabled":false,"autoShareEndMode":"default","automationSources":{"useContentSentences":true,"useSocialTemplates":true,"useCustomSentences":false,"customSentences":[]},"followers":[1],"suggestedReferences":[],"includedReferences":[],"efiUrl":"","efiAlt":"","highlights":[]},"yoast_head":"<!-- This site is optimized with the Yoast SEO plugin v20.7 - https:\/\/yoast.com\/wordpress\/plugins\/seo\/ -->\n<title>El bloque UCR en la segunda sesi\u00f3n present\u00f3 cuatro proyectos<\/title>\n<meta name=\"description\" content=\"El bloque UCR en la segunda sesi\u00f3n present\u00f3 cuatro proyectos, vinculados a reconocer a un ciudadano comprometido,\" \/>\n<meta name=\"robots\" content=\"index, follow, max-snippet:-1, max-image-preview:large, max-video-preview:-1\" \/>\n<link rel=\"canonical\" href=\"https:\/\/experienciadevida.com.ar\/portalurbano\/el-bloque-ucr-en-la-segunda-sesion-presento-cuatro-proyectos\/\" \/>\n<meta property=\"og:locale\" content=\"es_ES\" \/>\n<meta property=\"og:type\" content=\"article\" \/>\n<meta property=\"og:title\" content=\"El bloque UCR en la segunda sesi\u00f3n present\u00f3 cuatro proyectos\" \/>\n<meta property=\"og:description\" content=\"El bloque UCR en la segunda sesi\u00f3n present\u00f3 cuatro proyectos, vinculados a reconocer a un ciudadano comprometido,\" \/>\n<meta property=\"og:url\" content=\"https:\/\/experienciadevida.com.ar\/portalurbano\/el-bloque-ucr-en-la-segunda-sesion-presento-cuatro-proyectos\/\" \/>\n<meta property=\"article:publisher\" content=\"https:\/\/www.facebook.com\/Portal-Urbano-171542830093757\/\" \/>\n<meta property=\"article:published_time\" content=\"2022-03-23T00:03:49+00:00\" \/>\n<meta property=\"article:modified_time\" content=\"2022-03-23T00:15:08+00:00\" \/>\n<meta property=\"og:image\" content=\"https:\/\/experienciadevida.com.ar\/portalurbano\/wp-content\/uploads\/2022\/03\/BLOQUEUCR.png\" \/>\n\t<meta property=\"og:image:width\" content=\"569\" \/>\n\t<meta property=\"og:image:height\" content=\"469\" \/>\n\t<meta property=\"og:image:type\" content=\"image\/png\" \/>\n<meta name=\"author\" content=\"admpu17wp\" \/>\n<meta name=\"twitter:card\" content=\"summary_large_image\" \/>\n<meta name=\"twitter:creator\" content=\"@portalurbanook\" \/>\n<meta name=\"twitter:site\" content=\"@portalurbanook\" \/>\n<meta name=\"twitter:label1\" content=\"Escrito por\" \/>\n\t<meta name=\"twitter:data1\" content=\"admpu17wp\" \/>\n\t<meta name=\"twitter:label2\" content=\"Tiempo de lectura\" \/>\n\t<meta name=\"twitter:data2\" content=\"2 minutos\" \/>\n<script type=\"application\/ld+json\" class=\"yoast-schema-graph\">{\"@context\":\"https:\/\/schema.org\",\"@graph\":[{\"@type\":\"Article\",\"@id\":\"https:\/\/experienciadevida.com.ar\/portalurbano\/el-bloque-ucr-en-la-segunda-sesion-presento-cuatro-proyectos\/#article\",\"isPartOf\":{\"@id\":\"https:\/\/experienciadevida.com.ar\/portalurbano\/el-bloque-ucr-en-la-segunda-sesion-presento-cuatro-proyectos\/\"},\"author\":{\"name\":\"admpu17wp\",\"@id\":\"https:\/\/experienciadevida.com.ar\/portalurbano\/#\/schema\/person\/02dd326b1c4b056e9cc972486934a3a7\"},\"headline\":\"El bloque UCR en la segunda sesi\u00f3n present\u00f3 cuatro proyectos\",\"datePublished\":\"2022-03-23T00:03:49+00:00\",\"dateModified\":\"2022-03-23T00:15:08+00:00\",\"mainEntityOfPage\":{\"@id\":\"https:\/\/experienciadevida.com.ar\/portalurbano\/el-bloque-ucr-en-la-segunda-sesion-presento-cuatro-proyectos\/\"},\"wordCount\":452,\"publisher\":{\"@id\":\"https:\/\/experienciadevida.com.ar\/portalurbano\/#organization\"},\"articleSection\":[\"Ciudad\",\"Destacadas 2\"],\"inLanguage\":\"es\"},{\"@type\":\"WebPage\",\"@id\":\"https:\/\/experienciadevida.com.ar\/portalurbano\/el-bloque-ucr-en-la-segunda-sesion-presento-cuatro-proyectos\/\",\"url\":\"https:\/\/experienciadevida.com.ar\/portalurbano\/el-bloque-ucr-en-la-segunda-sesion-presento-cuatro-proyectos\/\",\"name\":\"El bloque UCR en la segunda sesi\u00f3n present\u00f3 cuatro proyectos\",\"isPartOf\":{\"@id\":\"https:\/\/experienciadevida.com.ar\/portalurbano\/#website\"},\"datePublished\":\"2022-03-23T00:03:49+00:00\",\"dateModified\":\"2022-03-23T00:15:08+00:00\",\"description\":\"El bloque UCR en la segunda sesi\u00f3n present\u00f3 cuatro proyectos, vinculados a reconocer a un ciudadano comprometido,\",\"breadcrumb\":{\"@id\":\"https:\/\/experienciadevida.com.ar\/portalurbano\/el-bloque-ucr-en-la-segunda-sesion-presento-cuatro-proyectos\/#breadcrumb\"},\"inLanguage\":\"es\",\"potentialAction\":[{\"@type\":\"ReadAction\",\"target\":[\"https:\/\/experienciadevida.com.ar\/portalurbano\/el-bloque-ucr-en-la-segunda-sesion-presento-cuatro-proyectos\/\"]}]},{\"@type\":\"BreadcrumbList\",\"@id\":\"https:\/\/experienciadevida.com.ar\/portalurbano\/el-bloque-ucr-en-la-segunda-sesion-presento-cuatro-proyectos\/#breadcrumb\",\"itemListElement\":[{\"@type\":\"ListItem\",\"position\":1,\"name\":\"Portada\",\"item\":\"https:\/\/experienciadevida.com.ar\/portalurbano\/\"},{\"@type\":\"ListItem\",\"position\":2,\"name\":\"El bloque UCR en la segunda sesi\u00f3n present\u00f3 cuatro proyectos\"}]},{\"@type\":\"WebSite\",\"@id\":\"https:\/\/experienciadevida.com.ar\/portalurbano\/#website\",\"url\":\"https:\/\/experienciadevida.com.ar\/portalurbano\/\",\"name\":\"\",\"description\":\"\",\"publisher\":{\"@id\":\"https:\/\/experienciadevida.com.ar\/portalurbano\/#organization\"},\"potentialAction\":[{\"@type\":\"SearchAction\",\"target\":{\"@type\":\"EntryPoint\",\"urlTemplate\":\"https:\/\/experienciadevida.com.ar\/portalurbano\/?s={search_term_string}\"},\"query-input\":\"required name=search_term_string\"}],\"inLanguage\":\"es\"},{\"@type\":\"Organization\",\"@id\":\"https:\/\/experienciadevida.com.ar\/portalurbano\/#organization\",\"name\":\"Portal Urbano\",\"url\":\"https:\/\/experienciadevida.com.ar\/portalurbano\/\",\"logo\":{\"@type\":\"ImageObject\",\"inLanguage\":\"es\",\"@id\":\"https:\/\/experienciadevida.com.ar\/portalurbano\/#\/schema\/logo\/image\/\",\"url\":\"https:\/\/experienciadevida.com.ar\/portalurbano\/wp-content\/uploads\/2019\/09\/Logo-Original.png\",\"contentUrl\":\"https:\/\/experienciadevida.com.ar\/portalurbano\/wp-content\/uploads\/2019\/09\/Logo-Original.png\",\"width\":2236,\"height\":1216,\"caption\":\"Portal Urbano\"},\"image\":{\"@id\":\"https:\/\/experienciadevida.com.ar\/portalurbano\/#\/schema\/logo\/image\/\"},\"sameAs\":[\"https:\/\/www.facebook.com\/Portal-Urbano-171542830093757\/\",\"https:\/\/twitter.com\/portalurbanook\",\"https:\/\/www.instagram.com\/_portalurbano\/\",\"https:\/\/www.youtube.com\/channel\/UCXhagIfszH8KxFiOok79zbA?view_as=subscriber\"]},{\"@type\":\"Person\",\"@id\":\"https:\/\/experienciadevida.com.ar\/portalurbano\/#\/schema\/person\/02dd326b1c4b056e9cc972486934a3a7\",\"name\":\"admpu17wp\",\"image\":{\"@type\":\"ImageObject\",\"inLanguage\":\"es\",\"@id\":\"https:\/\/experienciadevida.com.ar\/portalurbano\/#\/schema\/person\/image\/\",\"url\":\"https:\/\/secure.gravatar.com\/avatar\/830d4c57adaae6630765e449a6908047?s=96&d=mm&r=g\",\"contentUrl\":\"https:\/\/secure.gravatar.com\/avatar\/830d4c57adaae6630765e449a6908047?s=96&d=mm&r=g\",\"caption\":\"admpu17wp\"}}]}<\/script>\n<!-- \/ Yoast SEO plugin. -->","yoast_head_json":{"title":"El bloque UCR en la segunda sesi\u00f3n present\u00f3 cuatro proyectos","description":"El bloque UCR en la segunda sesi\u00f3n present\u00f3 cuatro proyectos, vinculados a reconocer a un ciudadano comprometido,","robots":{"index":"index","follow":"follow","max-snippet":"max-snippet:-1","max-image-preview":"max-image-preview:large","max-video-preview":"max-video-preview:-1"},"canonical":"https:\/\/experienciadevida.com.ar\/portalurbano\/el-bloque-ucr-en-la-segunda-sesion-presento-cuatro-proyectos\/","og_locale":"es_ES","og_type":"article","og_title":"El bloque UCR en la segunda sesi\u00f3n present\u00f3 cuatro proyectos","og_description":"El bloque UCR en la segunda sesi\u00f3n present\u00f3 cuatro proyectos, vinculados a reconocer a un ciudadano comprometido,","og_url":"https:\/\/experienciadevida.com.ar\/portalurbano\/el-bloque-ucr-en-la-segunda-sesion-presento-cuatro-proyectos\/","article_publisher":"https:\/\/www.facebook.com\/Portal-Urbano-171542830093757\/","article_published_time":"2022-03-23T00:03:49+00:00","article_modified_time":"2022-03-23T00:15:08+00:00","og_image":[{"width":569,"height":469,"url":"https:\/\/experienciadevida.com.ar\/portalurbano\/wp-content\/uploads\/2022\/03\/BLOQUEUCR.png","type":"image\/png"}],"author":"admpu17wp","twitter_card":"summary_large_image","twitter_creator":"@portalurbanook","twitter_site":"@portalurbanook","twitter_misc":{"Escrito por":"admpu17wp","Tiempo de lectura":"2 minutos"},"schema":{"@context":"https:\/\/schema.org","@graph":[{"@type":"Article","@id":"https:\/\/experienciadevida.com.ar\/portalurbano\/el-bloque-ucr-en-la-segunda-sesion-presento-cuatro-proyectos\/#article","isPartOf":{"@id":"https:\/\/experienciadevida.com.ar\/portalurbano\/el-bloque-ucr-en-la-segunda-sesion-presento-cuatro-proyectos\/"},"author":{"name":"admpu17wp","@id":"https:\/\/experienciadevida.com.ar\/portalurbano\/#\/schema\/person\/02dd326b1c4b056e9cc972486934a3a7"},"headline":"El bloque UCR en la segunda sesi\u00f3n present\u00f3 cuatro proyectos","datePublished":"2022-03-23T00:03:49+00:00","dateModified":"2022-03-23T00:15:08+00:00","mainEntityOfPage":{"@id":"https:\/\/experienciadevida.com.ar\/portalurbano\/el-bloque-ucr-en-la-segunda-sesion-presento-cuatro-proyectos\/"},"wordCount":452,"publisher":{"@id":"https:\/\/experienciadevida.com.ar\/portalurbano\/#organization"},"articleSection":["Ciudad","Destacadas 2"],"inLanguage":"es"},{"@type":"WebPage","@id":"https:\/\/experienciadevida.com.ar\/portalurbano\/el-bloque-ucr-en-la-segunda-sesion-presento-cuatro-proyectos\/","url":"https:\/\/experienciadevida.com.ar\/portalurbano\/el-bloque-ucr-en-la-segunda-sesion-presento-cuatro-proyectos\/","name":"El bloque UCR en la segunda sesi\u00f3n present\u00f3 cuatro proyectos","isPartOf":{"@id":"https:\/\/experienciadevida.com.ar\/portalurbano\/#website"},"datePublished":"2022-03-23T00:03:49+00:00","dateModified":"2022-03-23T00:15:08+00:00","description":"El bloque UCR en la segunda sesi\u00f3n present\u00f3 cuatro proyectos, vinculados a reconocer a un ciudadano comprometido,","breadcrumb":{"@id":"https:\/\/experienciadevida.com.ar\/portalurbano\/el-bloque-ucr-en-la-segunda-sesion-presento-cuatro-proyectos\/#breadcrumb"},"inLanguage":"es","potentialAction":[{"@type":"ReadAction","target":["https:\/\/experienciadevida.com.ar\/portalurbano\/el-bloque-ucr-en-la-segunda-sesion-presento-cuatro-proyectos\/"]}]},{"@type":"BreadcrumbList","@id":"https:\/\/experienciadevida.com.ar\/portalurbano\/el-bloque-ucr-en-la-segunda-sesion-presento-cuatro-proyectos\/#breadcrumb","itemListElement":[{"@type":"ListItem","position":1,"name":"Portada","item":"https:\/\/experienciadevida.com.ar\/portalurbano\/"},{"@type":"ListItem","position":2,"name":"El bloque UCR en la segunda sesi\u00f3n present\u00f3 cuatro proyectos"}]},{"@type":"WebSite","@id":"https:\/\/experienciadevida.com.ar\/portalurbano\/#website","url":"https:\/\/experienciadevida.com.ar\/portalurbano\/","name":"","description":"","publisher":{"@id":"https:\/\/experienciadevida.com.ar\/portalurbano\/#organization"},"potentialAction":[{"@type":"SearchAction","target":{"@type":"EntryPoint","urlTemplate":"https:\/\/experienciadevida.com.ar\/portalurbano\/?s={search_term_string}"},"query-input":"required name=search_term_string"}],"inLanguage":"es"},{"@type":"Organization","@id":"https:\/\/experienciadevida.com.ar\/portalurbano\/#organization","name":"Portal Urbano","url":"https:\/\/experienciadevida.com.ar\/portalurbano\/","logo":{"@type":"ImageObject","inLanguage":"es","@id":"https:\/\/experienciadevida.com.ar\/portalurbano\/#\/schema\/logo\/image\/","url":"https:\/\/experienciadevida.com.ar\/portalurbano\/wp-content\/uploads\/2019\/09\/Logo-Original.png","contentUrl":"https:\/\/experienciadevida.com.ar\/portalurbano\/wp-content\/uploads\/2019\/09\/Logo-Original.png","width":2236,"height":1216,"caption":"Portal Urbano"},"image":{"@id":"https:\/\/experienciadevida.com.ar\/portalurbano\/#\/schema\/logo\/image\/"},"sameAs":["https:\/\/www.facebook.com\/Portal-Urbano-171542830093757\/","https:\/\/twitter.com\/portalurbanook","https:\/\/www.instagram.com\/_portalurbano\/","https:\/\/www.youtube.com\/channel\/UCXhagIfszH8KxFiOok79zbA?view_as=subscriber"]},{"@type":"Person","@id":"https:\/\/experienciadevida.com.ar\/portalurbano\/#\/schema\/person\/02dd326b1c4b056e9cc972486934a3a7","name":"admpu17wp","image":{"@type":"ImageObject","inLanguage":"es","@id":"https:\/\/experienciadevida.com.ar\/portalurbano\/#\/schema\/person\/image\/","url":"https:\/\/secure.gravatar.com\/avatar\/830d4c57adaae6630765e449a6908047?s=96&d=mm&r=g","contentUrl":"https:\/\/secure.gravatar.com\/avatar\/830d4c57adaae6630765e449a6908047?s=96&d=mm&r=g","caption":"admpu17wp"}}]}},"featured_image_urls":{"full":["https:\/\/experienciadevida.com.ar\/portalurbano\/wp-content\/uploads\/2022\/03\/BLOQUEUCR.png",569,469,false],"thumbnail":["https:\/\/experienciadevida.com.ar\/portalurbano\/wp-content\/uploads\/2022\/03\/BLOQUEUCR-150x150.png",150,150,true],"medium":["https:\/\/experienciadevida.com.ar\/portalurbano\/wp-content\/uploads\/2022\/03\/BLOQUEUCR-300x247.png",300,247,true],"medium_large":["https:\/\/experienciadevida.com.ar\/portalurbano\/wp-content\/uploads\/2022\/03\/BLOQUEUCR.png",569,469,false],"large":["https:\/\/experienciadevida.com.ar\/portalurbano\/wp-content\/uploads\/2022\/03\/BLOQUEUCR.png",569,469,false],"ug_big":["https:\/\/experienciadevida.com.ar\/portalurbano\/wp-content\/uploads\/2022\/03\/BLOQUEUCR.png",569,469,false],"1536x1536":["https:\/\/experienciadevida.com.ar\/portalurbano\/wp-content\/uploads\/2022\/03\/BLOQUEUCR.png",569,469,false],"2048x2048":["https:\/\/experienciadevida.com.ar\/portalurbano\/wp-content\/uploads\/2022\/03\/BLOQUEUCR.png",569,469,false],"newsever-slider-full":["https:\/\/experienciadevida.com.ar\/portalurbano\/wp-content\/uploads\/2022\/03\/BLOQUEUCR.png",569,469,false],"newsever-featured":["https:\/\/experienciadevida.com.ar\/portalurbano\/wp-content\/uploads\/2022\/03\/BLOQUEUCR.png",569,469,false],"newsever-medium":["https:\/\/experienciadevida.com.ar\/portalurbano\/wp-content\/uploads\/2022\/03\/BLOQUEUCR.png",569,469,false],"web-stories-poster-portrait":["https:\/\/experienciadevida.com.ar\/portalurbano\/wp-content\/uploads\/2022\/03\/BLOQUEUCR.png",569,469,false],"web-stories-publisher-logo":["https:\/\/experienciadevida.com.ar\/portalurbano\/wp-content\/uploads\/2022\/03\/BLOQUEUCR.png",96,79,false],"web-stories-thumbnail":["https:\/\/experienciadevida.com.ar\/portalurbano\/wp-content\/uploads\/2022\/03\/BLOQUEUCR.png",150,124,false]},"author_info":{"display_name":"admpu17wp","author_link":"https:\/\/experienciadevida.com.ar\/portalurbano\/author\/admpu17wp\/"},"category_info":"<a href=\"https:\/\/experienciadevida.com.ar\/portalurbano\/category\/ciudad\/\" rel=\"category tag\">Ciudad<\/a> <a href=\"https:\/\/experienciadevida.com.ar\/portalurbano\/category\/destacadas-2\/\" rel=\"category tag\">Destacadas 2<\/a>","tag_info":"Destacadas 2","comment_count":"0","amp_enabled":true,"_links":{"self":[{"href":"https:\/\/experienciadevida.com.ar\/portalurbano\/wp-json\/wp\/v2\/posts\/163915"}],"collection":[{"href":"https:\/\/experienciadevida.com.ar\/portalurbano\/wp-json\/wp\/v2\/posts"}],"about":[{"href":"https:\/\/experienciadevida.com.ar\/portalurbano\/wp-json\/wp\/v2\/types\/post"}],"author":[{"embeddable":true,"href":"https:\/\/experienciadevida.com.ar\/portalurbano\/wp-json\/wp\/v2\/users\/1"}],"replies":[{"embeddable":true,"href":"https:\/\/experienciadevida.com.ar\/portalurbano\/wp-json\/wp\/v2\/comments?post=163915"}],"version-history":[{"count":1,"href":"https:\/\/experienciadevida.com.ar\/portalurbano\/wp-json\/wp\/v2\/posts\/163915\/revisions"}],"predecessor-version":[{"id":163916,"href":"https:\/\/experienciadevida.com.ar\/portalurbano\/wp-json\/wp\/v2\/posts\/163915\/revisions\/163916"}],"wp:featuredmedia":[{"embeddable":true,"href":"https:\/\/experienciadevida.com.ar\/portalurbano\/wp-json\/wp\/v2\/media\/163693"}],"wp:attachment":[{"href":"https:\/\/experienciadevida.com.ar\/portalurbano\/wp-json\/wp\/v2\/media?parent=163915"}],"wp:term":[{"taxonomy":"category","embeddable":true,"href":"https:\/\/experienciadevida.com.ar\/portalurbano\/wp-json\/wp\/v2\/categories?post=163915"},{"taxonomy":"post_tag","embeddable":true,"href":"https:\/\/experienciadevida.com.ar\/portalurbano\/wp-json\/wp\/v2\/tags?post=163915"}],"curies":[{"name":"wp","href":"https:\/\/api.w.org\/{rel}","templated":true}]}}