{"id":163908,"date":"2022-03-22T15:07:24","date_gmt":"2022-03-22T18:07:24","guid":{"rendered":"https:\/\/experienciadevida.com.ar\/portalurbano\/?p=163908"},"modified":"2022-03-22T15:09:47","modified_gmt":"2022-03-22T18:09:47","slug":"transporte-publico-hilario-galli-destaco-el-trabajo-en-conjunto-con-el-hcd","status":"publish","type":"post","link":"https:\/\/experienciadevida.com.ar\/portalurbano\/transporte-publico-hilario-galli-destaco-el-trabajo-en-conjunto-con-el-hcd\/","title":{"rendered":"Transporte P\u00fablico: Hilario Galli destac\u00f3 el trabajo en conjunto con el HCD"},"content":{"rendered":"<p>Transporte P\u00fablico: Hilario <a href=\"https:\/\/www.instagram.com\/gallihilario\/?hl=es-la\">Galli<\/a> destac\u00f3 el trabajo en conjunto con el HCD, tras la aprobaci\u00f3n por unanimidad de la concesi\u00f3n del transporte p\u00fablico interurbano de pasajeros en el Concejo Deliberante, el Secretario de Gobierno Municipal Hilario Galli se mostr\u00f3 conforme con el tratamiento del cuerpo legislativo.<\/p>\n<p>En este sentido, el propio Hilario Galli dijo: \u201cera un paso que ten\u00edamos que dar para continuar con la transformaci\u00f3n del transporte en el Partido de Olavarr\u00eda\u201d.<\/p>\n<p>Adem\u00e1s, el funcionario municipal expres\u00f3: \u201cpudimos trabajar este expediente de manera conjunta entre el Ejecutivo y el Concejo y esto es una buena se\u00f1al de cara al futuro porque es lo que la sociedad nos reclama a diario\u201d.<\/p>\n<p>\u201cEn los pr\u00f3ximos d\u00edas firmaremos el contrato con la empresa Las Sierras de Olavarr\u00eda y, una vez concluido este tr\u00e1mite, daremos inicio a la presentaci\u00f3n de los formularios exigidos por Provincia y Naci\u00f3n\u201d, agreg\u00f3.<\/p>\n<p>Asimismo, el Secretario de Gobierno record\u00f3 que \u201cpor la decisi\u00f3n del intendente Ezequiel Galli logramos transformar verdaderamente el transporte p\u00fablico con la transparencia que brinda la tarjeta SUBE, fuimos el primer<br \/>\nmunicipio en tener una flota con la totalidad de las unidades inclusivas en el transporte urbano y ahora vamos por la modernizaci\u00f3n del servicio que llega a las localidades\u201d.<\/p>\n<p>Por \u00faltimo, Hilario Galli agradeci\u00f3 \u201cla predisposici\u00f3n de todos los bloques pol\u00edticos que conforman el Honorable Concejo Deliberante ante el pedido de celeridad para el tratamiento de esta concesi\u00f3n\u201d.<\/p>\n","protected":false},"excerpt":{"rendered":"<p>Transporte P\u00fablico: Hilario Galli destac\u00f3 el trabajo en conjunto con el HCD, tras la aprobaci\u00f3n&#8230;<\/p>\n","protected":false},"author":1,"featured_media":163909,"comment_status":"closed","ping_status":"closed","sticky":false,"template":"","format":"standard","meta":{"content-type":""},"categories":[27,64],"tags":[],"nelio_content":{"isAutoShareEnabled":false,"autoShareEndMode":"default","automationSources":{"useContentSentences":true,"useSocialTemplates":true,"useCustomSentences":false,"customSentences":[]},"followers":[1],"suggestedReferences":[],"includedReferences":[],"efiUrl":"","efiAlt":"","highlights":[]},"yoast_head":"<!-- This site is optimized with the Yoast SEO plugin v20.7 - https:\/\/yoast.com\/wordpress\/plugins\/seo\/ -->\n<title>Transporte p\u00fablico: Hilario Galli destac\u00f3 el trabajo en conjunto con el HCD<\/title>\n<meta name=\"description\" content=\"Transporte P\u00fablico: Hilario Galli destac\u00f3 el trabajo en conjunto con el HCD, tras la aprobaci\u00f3n por unanimidad de la concesi\u00f3n\" \/>\n<meta name=\"robots\" content=\"index, follow, max-snippet:-1, max-image-preview:large, max-video-preview:-1\" \/>\n<link rel=\"canonical\" href=\"https:\/\/experienciadevida.com.ar\/portalurbano\/transporte-publico-hilario-galli-destaco-el-trabajo-en-conjunto-con-el-hcd\/\" \/>\n<meta property=\"og:locale\" content=\"es_ES\" \/>\n<meta property=\"og:type\" content=\"article\" \/>\n<meta property=\"og:title\" content=\"Transporte p\u00fablico: Hilario Galli destac\u00f3 el trabajo en conjunto con el HCD\" \/>\n<meta property=\"og:description\" content=\"Transporte P\u00fablico: Hilario Galli destac\u00f3 el trabajo en conjunto con el HCD, tras la aprobaci\u00f3n por unanimidad de la concesi\u00f3n\" \/>\n<meta property=\"og:url\" content=\"https:\/\/experienciadevida.com.ar\/portalurbano\/transporte-publico-hilario-galli-destaco-el-trabajo-en-conjunto-con-el-hcd\/\" \/>\n<meta property=\"article:publisher\" content=\"https:\/\/www.facebook.com\/Portal-Urbano-171542830093757\/\" \/>\n<meta property=\"article:published_time\" content=\"2022-03-22T18:07:24+00:00\" \/>\n<meta property=\"article:modified_time\" content=\"2022-03-22T18:09:47+00:00\" \/>\n<meta property=\"og:image\" content=\"https:\/\/experienciadevida.com.ar\/portalurbano\/wp-content\/uploads\/2022\/03\/Transporte-Publico.jpg\" \/>\n\t<meta property=\"og:image:width\" content=\"1510\" \/>\n\t<meta property=\"og:image:height\" content=\"1092\" \/>\n\t<meta property=\"og:image:type\" content=\"image\/jpeg\" \/>\n<meta name=\"author\" content=\"admpu17wp\" \/>\n<meta name=\"twitter:card\" content=\"summary_large_image\" \/>\n<meta name=\"twitter:creator\" content=\"@portalurbanook\" \/>\n<meta name=\"twitter:site\" content=\"@portalurbanook\" \/>\n<meta name=\"twitter:label1\" content=\"Escrito por\" \/>\n\t<meta name=\"twitter:data1\" content=\"admpu17wp\" \/>\n\t<meta name=\"twitter:label2\" content=\"Tiempo de lectura\" \/>\n\t<meta name=\"twitter:data2\" content=\"2 minutos\" \/>\n<script type=\"application\/ld+json\" class=\"yoast-schema-graph\">{\"@context\":\"https:\/\/schema.org\",\"@graph\":[{\"@type\":\"Article\",\"@id\":\"https:\/\/experienciadevida.com.ar\/portalurbano\/transporte-publico-hilario-galli-destaco-el-trabajo-en-conjunto-con-el-hcd\/#article\",\"isPartOf\":{\"@id\":\"https:\/\/experienciadevida.com.ar\/portalurbano\/transporte-publico-hilario-galli-destaco-el-trabajo-en-conjunto-con-el-hcd\/\"},\"author\":{\"name\":\"admpu17wp\",\"@id\":\"https:\/\/experienciadevida.com.ar\/portalurbano\/#\/schema\/person\/02dd326b1c4b056e9cc972486934a3a7\"},\"headline\":\"Transporte P\u00fablico: Hilario Galli destac\u00f3 el trabajo en conjunto con el HCD\",\"datePublished\":\"2022-03-22T18:07:24+00:00\",\"dateModified\":\"2022-03-22T18:09:47+00:00\",\"mainEntityOfPage\":{\"@id\":\"https:\/\/experienciadevida.com.ar\/portalurbano\/transporte-publico-hilario-galli-destaco-el-trabajo-en-conjunto-con-el-hcd\/\"},\"wordCount\":268,\"publisher\":{\"@id\":\"https:\/\/experienciadevida.com.ar\/portalurbano\/#organization\"},\"articleSection\":[\"Ciudad\",\"Destacadas 2\"],\"inLanguage\":\"es\"},{\"@type\":\"WebPage\",\"@id\":\"https:\/\/experienciadevida.com.ar\/portalurbano\/transporte-publico-hilario-galli-destaco-el-trabajo-en-conjunto-con-el-hcd\/\",\"url\":\"https:\/\/experienciadevida.com.ar\/portalurbano\/transporte-publico-hilario-galli-destaco-el-trabajo-en-conjunto-con-el-hcd\/\",\"name\":\"Transporte p\u00fablico: Hilario Galli destac\u00f3 el trabajo en conjunto con el HCD\",\"isPartOf\":{\"@id\":\"https:\/\/experienciadevida.com.ar\/portalurbano\/#website\"},\"datePublished\":\"2022-03-22T18:07:24+00:00\",\"dateModified\":\"2022-03-22T18:09:47+00:00\",\"description\":\"Transporte P\u00fablico: Hilario Galli destac\u00f3 el trabajo en conjunto con el HCD, tras la aprobaci\u00f3n por unanimidad de la concesi\u00f3n\",\"breadcrumb\":{\"@id\":\"https:\/\/experienciadevida.com.ar\/portalurbano\/transporte-publico-hilario-galli-destaco-el-trabajo-en-conjunto-con-el-hcd\/#breadcrumb\"},\"inLanguage\":\"es\",\"potentialAction\":[{\"@type\":\"ReadAction\",\"target\":[\"https:\/\/experienciadevida.com.ar\/portalurbano\/transporte-publico-hilario-galli-destaco-el-trabajo-en-conjunto-con-el-hcd\/\"]}]},{\"@type\":\"BreadcrumbList\",\"@id\":\"https:\/\/experienciadevida.com.ar\/portalurbano\/transporte-publico-hilario-galli-destaco-el-trabajo-en-conjunto-con-el-hcd\/#breadcrumb\",\"itemListElement\":[{\"@type\":\"ListItem\",\"position\":1,\"name\":\"Portada\",\"item\":\"https:\/\/experienciadevida.com.ar\/portalurbano\/\"},{\"@type\":\"ListItem\",\"position\":2,\"name\":\"Transporte P\u00fablico: Hilario Galli destac\u00f3 el trabajo en conjunto con el HCD\"}]},{\"@type\":\"WebSite\",\"@id\":\"https:\/\/experienciadevida.com.ar\/portalurbano\/#website\",\"url\":\"https:\/\/experienciadevida.com.ar\/portalurbano\/\",\"name\":\"\",\"description\":\"\",\"publisher\":{\"@id\":\"https:\/\/experienciadevida.com.ar\/portalurbano\/#organization\"},\"potentialAction\":[{\"@type\":\"SearchAction\",\"target\":{\"@type\":\"EntryPoint\",\"urlTemplate\":\"https:\/\/experienciadevida.com.ar\/portalurbano\/?s={search_term_string}\"},\"query-input\":\"required name=search_term_string\"}],\"inLanguage\":\"es\"},{\"@type\":\"Organization\",\"@id\":\"https:\/\/experienciadevida.com.ar\/portalurbano\/#organization\",\"name\":\"Portal Urbano\",\"url\":\"https:\/\/experienciadevida.com.ar\/portalurbano\/\",\"logo\":{\"@type\":\"ImageObject\",\"inLanguage\":\"es\",\"@id\":\"https:\/\/experienciadevida.com.ar\/portalurbano\/#\/schema\/logo\/image\/\",\"url\":\"https:\/\/experienciadevida.com.ar\/portalurbano\/wp-content\/uploads\/2019\/09\/Logo-Original.png\",\"contentUrl\":\"https:\/\/experienciadevida.com.ar\/portalurbano\/wp-content\/uploads\/2019\/09\/Logo-Original.png\",\"width\":2236,\"height\":1216,\"caption\":\"Portal Urbano\"},\"image\":{\"@id\":\"https:\/\/experienciadevida.com.ar\/portalurbano\/#\/schema\/logo\/image\/\"},\"sameAs\":[\"https:\/\/www.facebook.com\/Portal-Urbano-171542830093757\/\",\"https:\/\/twitter.com\/portalurbanook\",\"https:\/\/www.instagram.com\/_portalurbano\/\",\"https:\/\/www.youtube.com\/channel\/UCXhagIfszH8KxFiOok79zbA?view_as=subscriber\"]},{\"@type\":\"Person\",\"@id\":\"https:\/\/experienciadevida.com.ar\/portalurbano\/#\/schema\/person\/02dd326b1c4b056e9cc972486934a3a7\",\"name\":\"admpu17wp\",\"image\":{\"@type\":\"ImageObject\",\"inLanguage\":\"es\",\"@id\":\"https:\/\/experienciadevida.com.ar\/portalurbano\/#\/schema\/person\/image\/\",\"url\":\"https:\/\/secure.gravatar.com\/avatar\/830d4c57adaae6630765e449a6908047?s=96&d=mm&r=g\",\"contentUrl\":\"https:\/\/secure.gravatar.com\/avatar\/830d4c57adaae6630765e449a6908047?s=96&d=mm&r=g\",\"caption\":\"admpu17wp\"}}]}<\/script>\n<!-- \/ Yoast SEO plugin. -->","yoast_head_json":{"title":"Transporte p\u00fablico: Hilario Galli destac\u00f3 el trabajo en conjunto con el HCD","description":"Transporte P\u00fablico: Hilario Galli destac\u00f3 el trabajo en conjunto con el HCD, tras la aprobaci\u00f3n por unanimidad de la concesi\u00f3n","robots":{"index":"index","follow":"follow","max-snippet":"max-snippet:-1","max-image-preview":"max-image-preview:large","max-video-preview":"max-video-preview:-1"},"canonical":"https:\/\/experienciadevida.com.ar\/portalurbano\/transporte-publico-hilario-galli-destaco-el-trabajo-en-conjunto-con-el-hcd\/","og_locale":"es_ES","og_type":"article","og_title":"Transporte p\u00fablico: Hilario Galli destac\u00f3 el trabajo en conjunto con el HCD","og_description":"Transporte P\u00fablico: Hilario Galli destac\u00f3 el trabajo en conjunto con el HCD, tras la aprobaci\u00f3n por unanimidad de la concesi\u00f3n","og_url":"https:\/\/experienciadevida.com.ar\/portalurbano\/transporte-publico-hilario-galli-destaco-el-trabajo-en-conjunto-con-el-hcd\/","article_publisher":"https:\/\/www.facebook.com\/Portal-Urbano-171542830093757\/","article_published_time":"2022-03-22T18:07:24+00:00","article_modified_time":"2022-03-22T18:09:47+00:00","og_image":[{"width":1510,"height":1092,"url":"https:\/\/experienciadevida.com.ar\/portalurbano\/wp-content\/uploads\/2022\/03\/Transporte-Publico.jpg","type":"image\/jpeg"}],"author":"admpu17wp","twitter_card":"summary_large_image","twitter_creator":"@portalurbanook","twitter_site":"@portalurbanook","twitter_misc":{"Escrito por":"admpu17wp","Tiempo de lectura":"2 minutos"},"schema":{"@context":"https:\/\/schema.org","@graph":[{"@type":"Article","@id":"https:\/\/experienciadevida.com.ar\/portalurbano\/transporte-publico-hilario-galli-destaco-el-trabajo-en-conjunto-con-el-hcd\/#article","isPartOf":{"@id":"https:\/\/experienciadevida.com.ar\/portalurbano\/transporte-publico-hilario-galli-destaco-el-trabajo-en-conjunto-con-el-hcd\/"},"author":{"name":"admpu17wp","@id":"https:\/\/experienciadevida.com.ar\/portalurbano\/#\/schema\/person\/02dd326b1c4b056e9cc972486934a3a7"},"headline":"Transporte P\u00fablico: Hilario Galli destac\u00f3 el trabajo en conjunto con el HCD","datePublished":"2022-03-22T18:07:24+00:00","dateModified":"2022-03-22T18:09:47+00:00","mainEntityOfPage":{"@id":"https:\/\/experienciadevida.com.ar\/portalurbano\/transporte-publico-hilario-galli-destaco-el-trabajo-en-conjunto-con-el-hcd\/"},"wordCount":268,"publisher":{"@id":"https:\/\/experienciadevida.com.ar\/portalurbano\/#organization"},"articleSection":["Ciudad","Destacadas 2"],"inLanguage":"es"},{"@type":"WebPage","@id":"https:\/\/experienciadevida.com.ar\/portalurbano\/transporte-publico-hilario-galli-destaco-el-trabajo-en-conjunto-con-el-hcd\/","url":"https:\/\/experienciadevida.com.ar\/portalurbano\/transporte-publico-hilario-galli-destaco-el-trabajo-en-conjunto-con-el-hcd\/","name":"Transporte p\u00fablico: Hilario Galli destac\u00f3 el trabajo en conjunto con el HCD","isPartOf":{"@id":"https:\/\/experienciadevida.com.ar\/portalurbano\/#website"},"datePublished":"2022-03-22T18:07:24+00:00","dateModified":"2022-03-22T18:09:47+00:00","description":"Transporte P\u00fablico: Hilario Galli destac\u00f3 el trabajo en conjunto con el HCD, tras la aprobaci\u00f3n por unanimidad de la concesi\u00f3n","breadcrumb":{"@id":"https:\/\/experienciadevida.com.ar\/portalurbano\/transporte-publico-hilario-galli-destaco-el-trabajo-en-conjunto-con-el-hcd\/#breadcrumb"},"inLanguage":"es","potentialAction":[{"@type":"ReadAction","target":["https:\/\/experienciadevida.com.ar\/portalurbano\/transporte-publico-hilario-galli-destaco-el-trabajo-en-conjunto-con-el-hcd\/"]}]},{"@type":"BreadcrumbList","@id":"https:\/\/experienciadevida.com.ar\/portalurbano\/transporte-publico-hilario-galli-destaco-el-trabajo-en-conjunto-con-el-hcd\/#breadcrumb","itemListElement":[{"@type":"ListItem","position":1,"name":"Portada","item":"https:\/\/experienciadevida.com.ar\/portalurbano\/"},{"@type":"ListItem","position":2,"name":"Transporte P\u00fablico: Hilario Galli destac\u00f3 el trabajo en conjunto con el HCD"}]},{"@type":"WebSite","@id":"https:\/\/experienciadevida.com.ar\/portalurbano\/#website","url":"https:\/\/experienciadevida.com.ar\/portalurbano\/","name":"","description":"","publisher":{"@id":"https:\/\/experienciadevida.com.ar\/portalurbano\/#organization"},"potentialAction":[{"@type":"SearchAction","target":{"@type":"EntryPoint","urlTemplate":"https:\/\/experienciadevida.com.ar\/portalurbano\/?s={search_term_string}"},"query-input":"required name=search_term_string"}],"inLanguage":"es"},{"@type":"Organization","@id":"https:\/\/experienciadevida.com.ar\/portalurbano\/#organization","name":"Portal Urbano","url":"https:\/\/experienciadevida.com.ar\/portalurbano\/","logo":{"@type":"ImageObject","inLanguage":"es","@id":"https:\/\/experienciadevida.com.ar\/portalurbano\/#\/schema\/logo\/image\/","url":"https:\/\/experienciadevida.com.ar\/portalurbano\/wp-content\/uploads\/2019\/09\/Logo-Original.png","contentUrl":"https:\/\/experienciadevida.com.ar\/portalurbano\/wp-content\/uploads\/2019\/09\/Logo-Original.png","width":2236,"height":1216,"caption":"Portal Urbano"},"image":{"@id":"https:\/\/experienciadevida.com.ar\/portalurbano\/#\/schema\/logo\/image\/"},"sameAs":["https:\/\/www.facebook.com\/Portal-Urbano-171542830093757\/","https:\/\/twitter.com\/portalurbanook","https:\/\/www.instagram.com\/_portalurbano\/","https:\/\/www.youtube.com\/channel\/UCXhagIfszH8KxFiOok79zbA?view_as=subscriber"]},{"@type":"Person","@id":"https:\/\/experienciadevida.com.ar\/portalurbano\/#\/schema\/person\/02dd326b1c4b056e9cc972486934a3a7","name":"admpu17wp","image":{"@type":"ImageObject","inLanguage":"es","@id":"https:\/\/experienciadevida.com.ar\/portalurbano\/#\/schema\/person\/image\/","url":"https:\/\/secure.gravatar.com\/avatar\/830d4c57adaae6630765e449a6908047?s=96&d=mm&r=g","contentUrl":"https:\/\/secure.gravatar.com\/avatar\/830d4c57adaae6630765e449a6908047?s=96&d=mm&r=g","caption":"admpu17wp"}}]}},"featured_image_urls":{"full":["https:\/\/experienciadevida.com.ar\/portalurbano\/wp-content\/uploads\/2022\/03\/Transporte-Publico.jpg",1510,1092,false],"thumbnail":["https:\/\/experienciadevida.com.ar\/portalurbano\/wp-content\/uploads\/2022\/03\/Transporte-Publico-150x150.jpg",150,150,true],"medium":["https:\/\/experienciadevida.com.ar\/portalurbano\/wp-content\/uploads\/2022\/03\/Transporte-Publico-300x217.jpg",300,217,true],"medium_large":["https:\/\/experienciadevida.com.ar\/portalurbano\/wp-content\/uploads\/2022\/03\/Transporte-Publico-768x555.jpg",640,463,true],"large":["https:\/\/experienciadevida.com.ar\/portalurbano\/wp-content\/uploads\/2022\/03\/Transporte-Publico-1024x741.jpg",640,463,true],"ug_big":["https:\/\/experienciadevida.com.ar\/portalurbano\/wp-content\/uploads\/2022\/03\/Transporte-Publico-768x555.jpg",768,555,true],"1536x1536":["https:\/\/experienciadevida.com.ar\/portalurbano\/wp-content\/uploads\/2022\/03\/Transporte-Publico.jpg",1510,1092,false],"2048x2048":["https:\/\/experienciadevida.com.ar\/portalurbano\/wp-content\/uploads\/2022\/03\/Transporte-Publico.jpg",1510,1092,false],"newsever-slider-full":["https:\/\/experienciadevida.com.ar\/portalurbano\/wp-content\/uploads\/2022\/03\/Transporte-Publico.jpg",1168,845,false],"newsever-featured":["https:\/\/experienciadevida.com.ar\/portalurbano\/wp-content\/uploads\/2022\/03\/Transporte-Publico.jpg",1024,741,false],"newsever-medium":["https:\/\/experienciadevida.com.ar\/portalurbano\/wp-content\/uploads\/2022\/03\/Transporte-Publico.jpg",657,475,false],"web-stories-poster-portrait":["https:\/\/experienciadevida.com.ar\/portalurbano\/wp-content\/uploads\/2022\/03\/Transporte-Publico.jpg",640,463,false],"web-stories-publisher-logo":["https:\/\/experienciadevida.com.ar\/portalurbano\/wp-content\/uploads\/2022\/03\/Transporte-Publico.jpg",96,69,false],"web-stories-thumbnail":["https:\/\/experienciadevida.com.ar\/portalurbano\/wp-content\/uploads\/2022\/03\/Transporte-Publico.jpg",150,108,false]},"author_info":{"display_name":"admpu17wp","author_link":"https:\/\/experienciadevida.com.ar\/portalurbano\/author\/admpu17wp\/"},"category_info":"<a href=\"https:\/\/experienciadevida.com.ar\/portalurbano\/category\/ciudad\/\" rel=\"category tag\">Ciudad<\/a> <a href=\"https:\/\/experienciadevida.com.ar\/portalurbano\/category\/destacadas-2\/\" rel=\"category tag\">Destacadas 2<\/a>","tag_info":"Destacadas 2","comment_count":"0","amp_enabled":true,"_links":{"self":[{"href":"https:\/\/experienciadevida.com.ar\/portalurbano\/wp-json\/wp\/v2\/posts\/163908"}],"collection":[{"href":"https:\/\/experienciadevida.com.ar\/portalurbano\/wp-json\/wp\/v2\/posts"}],"about":[{"href":"https:\/\/experienciadevida.com.ar\/portalurbano\/wp-json\/wp\/v2\/types\/post"}],"author":[{"embeddable":true,"href":"https:\/\/experienciadevida.com.ar\/portalurbano\/wp-json\/wp\/v2\/users\/1"}],"replies":[{"embeddable":true,"href":"https:\/\/experienciadevida.com.ar\/portalurbano\/wp-json\/wp\/v2\/comments?post=163908"}],"version-history":[{"count":3,"href":"https:\/\/experienciadevida.com.ar\/portalurbano\/wp-json\/wp\/v2\/posts\/163908\/revisions"}],"predecessor-version":[{"id":163912,"href":"https:\/\/experienciadevida.com.ar\/portalurbano\/wp-json\/wp\/v2\/posts\/163908\/revisions\/163912"}],"wp:featuredmedia":[{"embeddable":true,"href":"https:\/\/experienciadevida.com.ar\/portalurbano\/wp-json\/wp\/v2\/media\/163909"}],"wp:attachment":[{"href":"https:\/\/experienciadevida.com.ar\/portalurbano\/wp-json\/wp\/v2\/media?parent=163908"}],"wp:term":[{"taxonomy":"category","embeddable":true,"href":"https:\/\/experienciadevida.com.ar\/portalurbano\/wp-json\/wp\/v2\/categories?post=163908"},{"taxonomy":"post_tag","embeddable":true,"href":"https:\/\/experienciadevida.com.ar\/portalurbano\/wp-json\/wp\/v2\/tags?post=163908"}],"curies":[{"name":"wp","href":"https:\/\/api.w.org\/{rel}","templated":true}]}}