{"id":163904,"date":"2022-03-22T14:52:06","date_gmt":"2022-03-22T17:52:06","guid":{"rendered":"https:\/\/experienciadevida.com.ar\/portalurbano\/?p=163904"},"modified":"2022-03-22T15:02:10","modified_gmt":"2022-03-22T18:02:10","slug":"el-hcd-aprobo-dos-proyectos-del-foro-olavarria-fr-para-los-barrios-mario-mendez-y-provincias-argentinas","status":"publish","type":"post","link":"https:\/\/experienciadevida.com.ar\/portalurbano\/el-hcd-aprobo-dos-proyectos-del-foro-olavarria-fr-para-los-barrios-mario-mendez-y-provincias-argentinas\/","title":{"rendered":"El HCD aprob\u00f3 dos proyectos del Foro Olavarr\u00eda &#8211; FR para los barrios Mario Mendez y Provincias Argentinas"},"content":{"rendered":"<p>El HCD aprob\u00f3 dos proyectos del <a href=\"https:\/\/www.facebook.com\/Foroolavarria\">Foro Olavarr\u00eda<\/a> &#8211; FR para los barrios Mario Mendez y Provincias Argentinas. Ambos proyectos fueron aprobados de manera un\u00e1nime. Los mismos solicitan al Departamento Ejecutivo Municipal el mantenimiento de la plaza del barrio \u201cMario Mendez\u201d y la plazoleta \u201cProvincias Argentinas\u201d.<\/p>\n<p>En la segunda sesi\u00f3n ordinaria del Concejo Deliberante, llevada a cabo en la ma\u00f1ana de este martes, dos proyectos con iniciativa del bloque Foro Olavarr\u00eda &#8211; Frente Renovador, el cual forma parte del interbloque Frente de<br \/>\nTodos, fueron aprobados de manera un\u00e1nime. Los mismos solicitan al Ejecutivo Municipal el mantenimiento y puesta en valor de dos plazas de la ciudad.<\/p>\n<p>Concretamente, los proyectos apuntan a mejorar el estado de la plazoleta \u201cProvincias Argentinas\u201d, ubicada en la intersecci\u00f3n de las calles Ant\u00e1rtida Argentina y Rep\u00fablica del L\u00edbano, y la plaza del Barrio \u201cConcejal Mario<br \/>\nMendez\u201d, emplazada en la calle San Mart\u00edn entre Piedrabuena y Moya.<\/p>\n<p>En detalle, la plazoleta \u201cProvincias Argentinas\u201d presenta \u201cun estado de abandono que incluye la presencia de malezas y el deterioro de juegos\u201d, se\u00f1al\u00f3 la concejala In\u00e9s Creimer, quien fue la encargada de exponer ambos proyectos. A su vez, la concejala manifest\u00f3 que \u201clos vecinos y vecinas ven con preocupaci\u00f3n la falta de mantenimiento de este espacio que constituye un lugar de encuentro para las familias del barrio \u2018Provincias Argentinas\u2019\u201d.<\/p>\n<p>Por su parte, la plaza del barrio \u201cConcejal Mario Mendez\u201d, adem\u00e1s de presentar un notable deterioro de infraestructura, se destaca por la falta de alumbrado p\u00fablico. El mal estado de la plaza ubicada en San Mart\u00edn entre<br \/>\nPiedrabuena y Moya preocupa a los vecinos quienes \u201cse sienten inseguros a la noche debido a la falta de luminaria y temen por la salud de sus hijos por el gran estado de abandono de los juegos, los cuales hasta llegan a presentar bordes cortantes\u201d, se\u00f1al\u00f3 la edil Creimer.<\/p>\n<p>&nbsp;<\/p>\n","protected":false},"excerpt":{"rendered":"<p>El HCD aprob\u00f3 dos proyectos del Foro Olavarr\u00eda &#8211; FR para los barrios Mario Mendez&#8230;<\/p>\n","protected":false},"author":1,"featured_media":163905,"comment_status":"closed","ping_status":"closed","sticky":false,"template":"","format":"standard","meta":{"content-type":""},"categories":[27,51],"tags":[],"nelio_content":{"isAutoShareEnabled":false,"autoShareEndMode":"default","automationSources":{"useContentSentences":true,"useSocialTemplates":true,"useCustomSentences":false,"customSentences":[]},"followers":[1],"suggestedReferences":[],"includedReferences":[],"efiUrl":"","efiAlt":"","highlights":[]},"yoast_head":"<!-- This site is optimized with the Yoast SEO plugin v20.7 - https:\/\/yoast.com\/wordpress\/plugins\/seo\/ -->\n<title>El HCD aprob\u00f3 dos proyectos del Foro Olavarr\u00eda - FR<\/title>\n<meta name=\"description\" content=\"El HCD aprob\u00f3 dos proyectos del Foro Olavarr\u00eda - FR para los barrios Mario Mendez y Provincias Argentinas ambos aprobados de forma un\u00e1nime\" \/>\n<meta name=\"robots\" content=\"index, follow, max-snippet:-1, max-image-preview:large, max-video-preview:-1\" \/>\n<link rel=\"canonical\" href=\"https:\/\/experienciadevida.com.ar\/portalurbano\/el-hcd-aprobo-dos-proyectos-del-foro-olavarria-fr-para-los-barrios-mario-mendez-y-provincias-argentinas\/\" \/>\n<meta property=\"og:locale\" content=\"es_ES\" \/>\n<meta property=\"og:type\" content=\"article\" \/>\n<meta property=\"og:title\" content=\"El HCD aprob\u00f3 dos proyectos del Foro Olavarr\u00eda - FR\" \/>\n<meta property=\"og:description\" content=\"El HCD aprob\u00f3 dos proyectos del Foro Olavarr\u00eda - FR para los barrios Mario Mendez y Provincias Argentinas ambos aprobados de forma un\u00e1nime\" \/>\n<meta property=\"og:url\" content=\"https:\/\/experienciadevida.com.ar\/portalurbano\/el-hcd-aprobo-dos-proyectos-del-foro-olavarria-fr-para-los-barrios-mario-mendez-y-provincias-argentinas\/\" \/>\n<meta property=\"article:publisher\" content=\"https:\/\/www.facebook.com\/Portal-Urbano-171542830093757\/\" \/>\n<meta property=\"article:published_time\" content=\"2022-03-22T17:52:06+00:00\" \/>\n<meta property=\"article:modified_time\" content=\"2022-03-22T18:02:10+00:00\" \/>\n<meta property=\"og:image\" content=\"https:\/\/experienciadevida.com.ar\/portalurbano\/wp-content\/uploads\/2022\/03\/El-HCD-aprobo-dos.jpeg\" \/>\n\t<meta property=\"og:image:width\" content=\"1600\" \/>\n\t<meta property=\"og:image:height\" content=\"1200\" \/>\n\t<meta property=\"og:image:type\" content=\"image\/jpeg\" \/>\n<meta name=\"author\" content=\"admpu17wp\" \/>\n<meta name=\"twitter:card\" content=\"summary_large_image\" \/>\n<meta name=\"twitter:creator\" content=\"@portalurbanook\" \/>\n<meta name=\"twitter:site\" content=\"@portalurbanook\" \/>\n<meta name=\"twitter:label1\" content=\"Escrito por\" \/>\n\t<meta name=\"twitter:data1\" content=\"admpu17wp\" \/>\n\t<meta name=\"twitter:label2\" content=\"Tiempo de lectura\" \/>\n\t<meta name=\"twitter:data2\" content=\"2 minutos\" \/>\n<script type=\"application\/ld+json\" class=\"yoast-schema-graph\">{\"@context\":\"https:\/\/schema.org\",\"@graph\":[{\"@type\":\"Article\",\"@id\":\"https:\/\/experienciadevida.com.ar\/portalurbano\/el-hcd-aprobo-dos-proyectos-del-foro-olavarria-fr-para-los-barrios-mario-mendez-y-provincias-argentinas\/#article\",\"isPartOf\":{\"@id\":\"https:\/\/experienciadevida.com.ar\/portalurbano\/el-hcd-aprobo-dos-proyectos-del-foro-olavarria-fr-para-los-barrios-mario-mendez-y-provincias-argentinas\/\"},\"author\":{\"name\":\"admpu17wp\",\"@id\":\"https:\/\/experienciadevida.com.ar\/portalurbano\/#\/schema\/person\/02dd326b1c4b056e9cc972486934a3a7\"},\"headline\":\"El HCD aprob\u00f3 dos proyectos del Foro Olavarr\u00eda &#8211; FR para los barrios Mario Mendez y Provincias Argentinas\",\"datePublished\":\"2022-03-22T17:52:06+00:00\",\"dateModified\":\"2022-03-22T18:02:10+00:00\",\"mainEntityOfPage\":{\"@id\":\"https:\/\/experienciadevida.com.ar\/portalurbano\/el-hcd-aprobo-dos-proyectos-del-foro-olavarria-fr-para-los-barrios-mario-mendez-y-provincias-argentinas\/\"},\"wordCount\":343,\"publisher\":{\"@id\":\"https:\/\/experienciadevida.com.ar\/portalurbano\/#organization\"},\"articleSection\":[\"Ciudad\",\"Destacadas\"],\"inLanguage\":\"es\"},{\"@type\":\"WebPage\",\"@id\":\"https:\/\/experienciadevida.com.ar\/portalurbano\/el-hcd-aprobo-dos-proyectos-del-foro-olavarria-fr-para-los-barrios-mario-mendez-y-provincias-argentinas\/\",\"url\":\"https:\/\/experienciadevida.com.ar\/portalurbano\/el-hcd-aprobo-dos-proyectos-del-foro-olavarria-fr-para-los-barrios-mario-mendez-y-provincias-argentinas\/\",\"name\":\"El HCD aprob\u00f3 dos proyectos del Foro Olavarr\u00eda - FR\",\"isPartOf\":{\"@id\":\"https:\/\/experienciadevida.com.ar\/portalurbano\/#website\"},\"datePublished\":\"2022-03-22T17:52:06+00:00\",\"dateModified\":\"2022-03-22T18:02:10+00:00\",\"description\":\"El HCD aprob\u00f3 dos proyectos del Foro Olavarr\u00eda - FR para los barrios Mario Mendez y Provincias Argentinas ambos aprobados de forma un\u00e1nime\",\"breadcrumb\":{\"@id\":\"https:\/\/experienciadevida.com.ar\/portalurbano\/el-hcd-aprobo-dos-proyectos-del-foro-olavarria-fr-para-los-barrios-mario-mendez-y-provincias-argentinas\/#breadcrumb\"},\"inLanguage\":\"es\",\"potentialAction\":[{\"@type\":\"ReadAction\",\"target\":[\"https:\/\/experienciadevida.com.ar\/portalurbano\/el-hcd-aprobo-dos-proyectos-del-foro-olavarria-fr-para-los-barrios-mario-mendez-y-provincias-argentinas\/\"]}]},{\"@type\":\"BreadcrumbList\",\"@id\":\"https:\/\/experienciadevida.com.ar\/portalurbano\/el-hcd-aprobo-dos-proyectos-del-foro-olavarria-fr-para-los-barrios-mario-mendez-y-provincias-argentinas\/#breadcrumb\",\"itemListElement\":[{\"@type\":\"ListItem\",\"position\":1,\"name\":\"Portada\",\"item\":\"https:\/\/experienciadevida.com.ar\/portalurbano\/\"},{\"@type\":\"ListItem\",\"position\":2,\"name\":\"El HCD aprob\u00f3 dos proyectos del Foro Olavarr\u00eda &#8211; FR para los barrios Mario Mendez y Provincias Argentinas\"}]},{\"@type\":\"WebSite\",\"@id\":\"https:\/\/experienciadevida.com.ar\/portalurbano\/#website\",\"url\":\"https:\/\/experienciadevida.com.ar\/portalurbano\/\",\"name\":\"\",\"description\":\"\",\"publisher\":{\"@id\":\"https:\/\/experienciadevida.com.ar\/portalurbano\/#organization\"},\"potentialAction\":[{\"@type\":\"SearchAction\",\"target\":{\"@type\":\"EntryPoint\",\"urlTemplate\":\"https:\/\/experienciadevida.com.ar\/portalurbano\/?s={search_term_string}\"},\"query-input\":\"required name=search_term_string\"}],\"inLanguage\":\"es\"},{\"@type\":\"Organization\",\"@id\":\"https:\/\/experienciadevida.com.ar\/portalurbano\/#organization\",\"name\":\"Portal Urbano\",\"url\":\"https:\/\/experienciadevida.com.ar\/portalurbano\/\",\"logo\":{\"@type\":\"ImageObject\",\"inLanguage\":\"es\",\"@id\":\"https:\/\/experienciadevida.com.ar\/portalurbano\/#\/schema\/logo\/image\/\",\"url\":\"https:\/\/experienciadevida.com.ar\/portalurbano\/wp-content\/uploads\/2019\/09\/Logo-Original.png\",\"contentUrl\":\"https:\/\/experienciadevida.com.ar\/portalurbano\/wp-content\/uploads\/2019\/09\/Logo-Original.png\",\"width\":2236,\"height\":1216,\"caption\":\"Portal Urbano\"},\"image\":{\"@id\":\"https:\/\/experienciadevida.com.ar\/portalurbano\/#\/schema\/logo\/image\/\"},\"sameAs\":[\"https:\/\/www.facebook.com\/Portal-Urbano-171542830093757\/\",\"https:\/\/twitter.com\/portalurbanook\",\"https:\/\/www.instagram.com\/_portalurbano\/\",\"https:\/\/www.youtube.com\/channel\/UCXhagIfszH8KxFiOok79zbA?view_as=subscriber\"]},{\"@type\":\"Person\",\"@id\":\"https:\/\/experienciadevida.com.ar\/portalurbano\/#\/schema\/person\/02dd326b1c4b056e9cc972486934a3a7\",\"name\":\"admpu17wp\",\"image\":{\"@type\":\"ImageObject\",\"inLanguage\":\"es\",\"@id\":\"https:\/\/experienciadevida.com.ar\/portalurbano\/#\/schema\/person\/image\/\",\"url\":\"https:\/\/secure.gravatar.com\/avatar\/830d4c57adaae6630765e449a6908047?s=96&d=mm&r=g\",\"contentUrl\":\"https:\/\/secure.gravatar.com\/avatar\/830d4c57adaae6630765e449a6908047?s=96&d=mm&r=g\",\"caption\":\"admpu17wp\"}}]}<\/script>\n<!-- \/ Yoast SEO plugin. -->","yoast_head_json":{"title":"El HCD aprob\u00f3 dos proyectos del Foro Olavarr\u00eda - FR","description":"El HCD aprob\u00f3 dos proyectos del Foro Olavarr\u00eda - FR para los barrios Mario Mendez y Provincias Argentinas ambos aprobados de forma un\u00e1nime","robots":{"index":"index","follow":"follow","max-snippet":"max-snippet:-1","max-image-preview":"max-image-preview:large","max-video-preview":"max-video-preview:-1"},"canonical":"https:\/\/experienciadevida.com.ar\/portalurbano\/el-hcd-aprobo-dos-proyectos-del-foro-olavarria-fr-para-los-barrios-mario-mendez-y-provincias-argentinas\/","og_locale":"es_ES","og_type":"article","og_title":"El HCD aprob\u00f3 dos proyectos del Foro Olavarr\u00eda - FR","og_description":"El HCD aprob\u00f3 dos proyectos del Foro Olavarr\u00eda - FR para los barrios Mario Mendez y Provincias Argentinas ambos aprobados de forma un\u00e1nime","og_url":"https:\/\/experienciadevida.com.ar\/portalurbano\/el-hcd-aprobo-dos-proyectos-del-foro-olavarria-fr-para-los-barrios-mario-mendez-y-provincias-argentinas\/","article_publisher":"https:\/\/www.facebook.com\/Portal-Urbano-171542830093757\/","article_published_time":"2022-03-22T17:52:06+00:00","article_modified_time":"2022-03-22T18:02:10+00:00","og_image":[{"width":1600,"height":1200,"url":"https:\/\/experienciadevida.com.ar\/portalurbano\/wp-content\/uploads\/2022\/03\/El-HCD-aprobo-dos.jpeg","type":"image\/jpeg"}],"author":"admpu17wp","twitter_card":"summary_large_image","twitter_creator":"@portalurbanook","twitter_site":"@portalurbanook","twitter_misc":{"Escrito por":"admpu17wp","Tiempo de lectura":"2 minutos"},"schema":{"@context":"https:\/\/schema.org","@graph":[{"@type":"Article","@id":"https:\/\/experienciadevida.com.ar\/portalurbano\/el-hcd-aprobo-dos-proyectos-del-foro-olavarria-fr-para-los-barrios-mario-mendez-y-provincias-argentinas\/#article","isPartOf":{"@id":"https:\/\/experienciadevida.com.ar\/portalurbano\/el-hcd-aprobo-dos-proyectos-del-foro-olavarria-fr-para-los-barrios-mario-mendez-y-provincias-argentinas\/"},"author":{"name":"admpu17wp","@id":"https:\/\/experienciadevida.com.ar\/portalurbano\/#\/schema\/person\/02dd326b1c4b056e9cc972486934a3a7"},"headline":"El HCD aprob\u00f3 dos proyectos del Foro Olavarr\u00eda &#8211; FR para los barrios Mario Mendez y Provincias Argentinas","datePublished":"2022-03-22T17:52:06+00:00","dateModified":"2022-03-22T18:02:10+00:00","mainEntityOfPage":{"@id":"https:\/\/experienciadevida.com.ar\/portalurbano\/el-hcd-aprobo-dos-proyectos-del-foro-olavarria-fr-para-los-barrios-mario-mendez-y-provincias-argentinas\/"},"wordCount":343,"publisher":{"@id":"https:\/\/experienciadevida.com.ar\/portalurbano\/#organization"},"articleSection":["Ciudad","Destacadas"],"inLanguage":"es"},{"@type":"WebPage","@id":"https:\/\/experienciadevida.com.ar\/portalurbano\/el-hcd-aprobo-dos-proyectos-del-foro-olavarria-fr-para-los-barrios-mario-mendez-y-provincias-argentinas\/","url":"https:\/\/experienciadevida.com.ar\/portalurbano\/el-hcd-aprobo-dos-proyectos-del-foro-olavarria-fr-para-los-barrios-mario-mendez-y-provincias-argentinas\/","name":"El HCD aprob\u00f3 dos proyectos del Foro Olavarr\u00eda - FR","isPartOf":{"@id":"https:\/\/experienciadevida.com.ar\/portalurbano\/#website"},"datePublished":"2022-03-22T17:52:06+00:00","dateModified":"2022-03-22T18:02:10+00:00","description":"El HCD aprob\u00f3 dos proyectos del Foro Olavarr\u00eda - FR para los barrios Mario Mendez y Provincias Argentinas ambos aprobados de forma un\u00e1nime","breadcrumb":{"@id":"https:\/\/experienciadevida.com.ar\/portalurbano\/el-hcd-aprobo-dos-proyectos-del-foro-olavarria-fr-para-los-barrios-mario-mendez-y-provincias-argentinas\/#breadcrumb"},"inLanguage":"es","potentialAction":[{"@type":"ReadAction","target":["https:\/\/experienciadevida.com.ar\/portalurbano\/el-hcd-aprobo-dos-proyectos-del-foro-olavarria-fr-para-los-barrios-mario-mendez-y-provincias-argentinas\/"]}]},{"@type":"BreadcrumbList","@id":"https:\/\/experienciadevida.com.ar\/portalurbano\/el-hcd-aprobo-dos-proyectos-del-foro-olavarria-fr-para-los-barrios-mario-mendez-y-provincias-argentinas\/#breadcrumb","itemListElement":[{"@type":"ListItem","position":1,"name":"Portada","item":"https:\/\/experienciadevida.com.ar\/portalurbano\/"},{"@type":"ListItem","position":2,"name":"El HCD aprob\u00f3 dos proyectos del Foro Olavarr\u00eda &#8211; FR para los barrios Mario Mendez y Provincias Argentinas"}]},{"@type":"WebSite","@id":"https:\/\/experienciadevida.com.ar\/portalurbano\/#website","url":"https:\/\/experienciadevida.com.ar\/portalurbano\/","name":"","description":"","publisher":{"@id":"https:\/\/experienciadevida.com.ar\/portalurbano\/#organization"},"potentialAction":[{"@type":"SearchAction","target":{"@type":"EntryPoint","urlTemplate":"https:\/\/experienciadevida.com.ar\/portalurbano\/?s={search_term_string}"},"query-input":"required name=search_term_string"}],"inLanguage":"es"},{"@type":"Organization","@id":"https:\/\/experienciadevida.com.ar\/portalurbano\/#organization","name":"Portal Urbano","url":"https:\/\/experienciadevida.com.ar\/portalurbano\/","logo":{"@type":"ImageObject","inLanguage":"es","@id":"https:\/\/experienciadevida.com.ar\/portalurbano\/#\/schema\/logo\/image\/","url":"https:\/\/experienciadevida.com.ar\/portalurbano\/wp-content\/uploads\/2019\/09\/Logo-Original.png","contentUrl":"https:\/\/experienciadevida.com.ar\/portalurbano\/wp-content\/uploads\/2019\/09\/Logo-Original.png","width":2236,"height":1216,"caption":"Portal Urbano"},"image":{"@id":"https:\/\/experienciadevida.com.ar\/portalurbano\/#\/schema\/logo\/image\/"},"sameAs":["https:\/\/www.facebook.com\/Portal-Urbano-171542830093757\/","https:\/\/twitter.com\/portalurbanook","https:\/\/www.instagram.com\/_portalurbano\/","https:\/\/www.youtube.com\/channel\/UCXhagIfszH8KxFiOok79zbA?view_as=subscriber"]},{"@type":"Person","@id":"https:\/\/experienciadevida.com.ar\/portalurbano\/#\/schema\/person\/02dd326b1c4b056e9cc972486934a3a7","name":"admpu17wp","image":{"@type":"ImageObject","inLanguage":"es","@id":"https:\/\/experienciadevida.com.ar\/portalurbano\/#\/schema\/person\/image\/","url":"https:\/\/secure.gravatar.com\/avatar\/830d4c57adaae6630765e449a6908047?s=96&d=mm&r=g","contentUrl":"https:\/\/secure.gravatar.com\/avatar\/830d4c57adaae6630765e449a6908047?s=96&d=mm&r=g","caption":"admpu17wp"}}]}},"featured_image_urls":{"full":["https:\/\/experienciadevida.com.ar\/portalurbano\/wp-content\/uploads\/2022\/03\/El-HCD-aprobo-dos.jpeg",1600,1200,false],"thumbnail":["https:\/\/experienciadevida.com.ar\/portalurbano\/wp-content\/uploads\/2022\/03\/El-HCD-aprobo-dos-150x150.jpeg",150,150,true],"medium":["https:\/\/experienciadevida.com.ar\/portalurbano\/wp-content\/uploads\/2022\/03\/El-HCD-aprobo-dos-300x225.jpeg",300,225,true],"medium_large":["https:\/\/experienciadevida.com.ar\/portalurbano\/wp-content\/uploads\/2022\/03\/El-HCD-aprobo-dos-768x576.jpeg",640,480,true],"large":["https:\/\/experienciadevida.com.ar\/portalurbano\/wp-content\/uploads\/2022\/03\/El-HCD-aprobo-dos-1024x768.jpeg",640,480,true],"ug_big":["https:\/\/experienciadevida.com.ar\/portalurbano\/wp-content\/uploads\/2022\/03\/El-HCD-aprobo-dos-768x576.jpeg",768,576,true],"1536x1536":["https:\/\/experienciadevida.com.ar\/portalurbano\/wp-content\/uploads\/2022\/03\/El-HCD-aprobo-dos-1536x1152.jpeg",1536,1152,true],"2048x2048":["https:\/\/experienciadevida.com.ar\/portalurbano\/wp-content\/uploads\/2022\/03\/El-HCD-aprobo-dos.jpeg",1600,1200,false],"newsever-slider-full":["https:\/\/experienciadevida.com.ar\/portalurbano\/wp-content\/uploads\/2022\/03\/El-HCD-aprobo-dos.jpeg",1127,845,false],"newsever-featured":["https:\/\/experienciadevida.com.ar\/portalurbano\/wp-content\/uploads\/2022\/03\/El-HCD-aprobo-dos.jpeg",1024,768,false],"newsever-medium":["https:\/\/experienciadevida.com.ar\/portalurbano\/wp-content\/uploads\/2022\/03\/El-HCD-aprobo-dos.jpeg",633,475,false],"web-stories-poster-portrait":["https:\/\/experienciadevida.com.ar\/portalurbano\/wp-content\/uploads\/2022\/03\/El-HCD-aprobo-dos.jpeg",640,480,false],"web-stories-publisher-logo":["https:\/\/experienciadevida.com.ar\/portalurbano\/wp-content\/uploads\/2022\/03\/El-HCD-aprobo-dos.jpeg",96,72,false],"web-stories-thumbnail":["https:\/\/experienciadevida.com.ar\/portalurbano\/wp-content\/uploads\/2022\/03\/El-HCD-aprobo-dos.jpeg",150,113,false]},"author_info":{"display_name":"admpu17wp","author_link":"https:\/\/experienciadevida.com.ar\/portalurbano\/author\/admpu17wp\/"},"category_info":"<a href=\"https:\/\/experienciadevida.com.ar\/portalurbano\/category\/ciudad\/\" rel=\"category tag\">Ciudad<\/a> <a href=\"https:\/\/experienciadevida.com.ar\/portalurbano\/category\/destacadas\/\" rel=\"category tag\">Destacadas<\/a>","tag_info":"Destacadas","comment_count":"0","amp_enabled":true,"_links":{"self":[{"href":"https:\/\/experienciadevida.com.ar\/portalurbano\/wp-json\/wp\/v2\/posts\/163904"}],"collection":[{"href":"https:\/\/experienciadevida.com.ar\/portalurbano\/wp-json\/wp\/v2\/posts"}],"about":[{"href":"https:\/\/experienciadevida.com.ar\/portalurbano\/wp-json\/wp\/v2\/types\/post"}],"author":[{"embeddable":true,"href":"https:\/\/experienciadevida.com.ar\/portalurbano\/wp-json\/wp\/v2\/users\/1"}],"replies":[{"embeddable":true,"href":"https:\/\/experienciadevida.com.ar\/portalurbano\/wp-json\/wp\/v2\/comments?post=163904"}],"version-history":[{"count":2,"href":"https:\/\/experienciadevida.com.ar\/portalurbano\/wp-json\/wp\/v2\/posts\/163904\/revisions"}],"predecessor-version":[{"id":163907,"href":"https:\/\/experienciadevida.com.ar\/portalurbano\/wp-json\/wp\/v2\/posts\/163904\/revisions\/163907"}],"wp:featuredmedia":[{"embeddable":true,"href":"https:\/\/experienciadevida.com.ar\/portalurbano\/wp-json\/wp\/v2\/media\/163905"}],"wp:attachment":[{"href":"https:\/\/experienciadevida.com.ar\/portalurbano\/wp-json\/wp\/v2\/media?parent=163904"}],"wp:term":[{"taxonomy":"category","embeddable":true,"href":"https:\/\/experienciadevida.com.ar\/portalurbano\/wp-json\/wp\/v2\/categories?post=163904"},{"taxonomy":"post_tag","embeddable":true,"href":"https:\/\/experienciadevida.com.ar\/portalurbano\/wp-json\/wp\/v2\/tags?post=163904"}],"curies":[{"name":"wp","href":"https:\/\/api.w.org\/{rel}","templated":true}]}}