{"id":163900,"date":"2022-03-22T10:21:52","date_gmt":"2022-03-22T13:21:52","guid":{"rendered":"https:\/\/experienciadevida.com.ar\/portalurbano\/?p=163900"},"modified":"2022-03-22T10:24:03","modified_gmt":"2022-03-22T13:24:03","slug":"el-hcd-debate-16-proyectos-entre-ellos-la-adjudicacion-del-transporte-interurbano-de-pasajeros","status":"publish","type":"post","link":"https:\/\/experienciadevida.com.ar\/portalurbano\/el-hcd-debate-16-proyectos-entre-ellos-la-adjudicacion-del-transporte-interurbano-de-pasajeros\/","title":{"rendered":"El HCD debate 16 proyectos: entre ellos la adjudicaci\u00f3n del transporte interurbano de pasajeros"},"content":{"rendered":"<p>El HCD debate 16 proyectos: entre ellos la adjudicaci\u00f3n del transporte interurbano de pasajeros. Los proyectos se dieron a conocer en el d\u00eda de ayer en la labor parlamentaria.<\/p>\n<p>De dicha reuni\u00f3n participaron adem\u00e1s los presidentes y presidentas de los distintos bloques que componen el Honorable Concejo Deliberante. Durante el desarrollo de la reuni\u00f3n qued\u00f3 establecido el Orden del D\u00eda al tiempo que se confirm\u00f3 el tratamiento sobre tablas de expedientes ingresados en t\u00e9rmino reglamentario.<\/p>\n<p>En primera instancia se giraron a las distintas comisiones internas y permanentes cuatro expedientes que fueron ingresados en t\u00e9rmino reglamentario. Se trata de los expedientes 091\/17, 043\/22, 044\/22 y 045\/22.<\/p>\n<p>Seguidamente la presidente del Concejo Deliberante puso a consideraci\u00f3n los expedientes que fueron despachados por la comisi\u00f3n de Legislaci\u00f3n el viernes pasado. Se tratar\u00e1 el expediente 248\/21 que dispone la convalidaci\u00f3n de la Licitaci\u00f3n P\u00fablica N\u00b0 43\/21 para la concesi\u00f3n del servicio interurbano de pasajeros. En el transcurso de la reuni\u00f3n desde los distintos bloques, al proyecto original, se realiz\u00f3 la incorporaci\u00f3n de un Art\u00edculo que fue consensuado en la comisi\u00f3n de Legislaci\u00f3n. De manera conjunta se tratar\u00e1n de manera conjunta los expedientes 257\/21, 258\/21, 259\/21, los tres vinculados de boletos de compraventa en distintos agrupamientos industriales de Olavarr\u00eda.<\/p>\n<p>En lo que hace al urbanismo, el HCD tratar\u00e1 de manera conjunta los expedientes 327\/21 y 348\/21. Ambos refieren a la determinaci\u00f3n de calles alturas domiciliarias en sectores particulares y por otro lado nominaci\u00f3n y numeraci\u00f3n integral de las calles del paraje \u201cBella Vista\u201d.<\/p>\n<p>En lo que respecta al Interbloque del Frente de Todos fueron presentados tres proyectos de Resoluci\u00f3n. En los mismos se demanda al Departamento Ejecutivo Municipal limpieza y\/o acondicionamiento de distintos sectores de la ciudad. Labor Parlamentaria acord\u00f3 el tratamiento conjunto durante el desarrollo de la sesi\u00f3n.<\/p>\n<p>En lo que hace al bloque Ahora Olavarr\u00eda fueron presentados tres proyectos, dos de Comunicaci\u00f3n y un Pedido de Informes. Este \u00faltimo hace referencia a cuestiones vinculadas con la seguridad en Olavarr\u00eda.<\/p>\n<p>Por \u00faltimo, el bloque de concejales UCR-Juntos present\u00f3 para tratar sobre tablas tres proyectos. Se hace saber que uno de ellos est\u00e1 vinculado al reconocimiento al vecino C\u00e9sar Rossini como \u201cHonor al M\u00e9rito Ciudadano\u201d.<\/p>\n<p>La segunda sesi\u00f3n ordinaria es transmitida en vivo por el canal de <a href=\"https:\/\/www.youtube.com\/watch?v=Gl2wS-sLQN8\">Youtube<\/a> del Honorable Concejo Deliberante.<\/p>\n<p>Foto: archivo<\/p>\n","protected":false},"excerpt":{"rendered":"<p>El HCD debate 16 proyectos: entre ellos la adjudicaci\u00f3n del transporte interurbano de pasajeros. Los&#8230;<\/p>\n","protected":false},"author":1,"featured_media":159055,"comment_status":"closed","ping_status":"closed","sticky":false,"template":"","format":"standard","meta":{"content-type":""},"categories":[27,51],"tags":[],"nelio_content":{"isAutoShareEnabled":false,"autoShareEndMode":"default","automationSources":{"useContentSentences":true,"useSocialTemplates":true,"useCustomSentences":false,"customSentences":[]},"followers":[1],"suggestedReferences":[],"includedReferences":[],"efiUrl":"","efiAlt":"","highlights":[]},"yoast_head":"<!-- This site is optimized with the Yoast SEO plugin v20.7 - https:\/\/yoast.com\/wordpress\/plugins\/seo\/ -->\n<title>El HCD debate 16 proyectos: entre ellos la adjudicaci\u00f3n del transporte<\/title>\n<meta name=\"description\" content=\"El HCD debate 16 proyectos: entre ellos la adjudicaci\u00f3n del transporte interurbano de pasajeros, los proyectos se dieron a conocer ayer\" \/>\n<meta name=\"robots\" content=\"index, follow, max-snippet:-1, max-image-preview:large, max-video-preview:-1\" \/>\n<link rel=\"canonical\" href=\"https:\/\/experienciadevida.com.ar\/portalurbano\/el-hcd-debate-16-proyectos-entre-ellos-la-adjudicacion-del-transporte-interurbano-de-pasajeros\/\" \/>\n<meta property=\"og:locale\" content=\"es_ES\" \/>\n<meta property=\"og:type\" content=\"article\" \/>\n<meta property=\"og:title\" content=\"El HCD debate 16 proyectos: entre ellos la adjudicaci\u00f3n del transporte\" \/>\n<meta property=\"og:description\" content=\"El HCD debate 16 proyectos: entre ellos la adjudicaci\u00f3n del transporte interurbano de pasajeros, los proyectos se dieron a conocer ayer\" \/>\n<meta property=\"og:url\" content=\"https:\/\/experienciadevida.com.ar\/portalurbano\/el-hcd-debate-16-proyectos-entre-ellos-la-adjudicacion-del-transporte-interurbano-de-pasajeros\/\" \/>\n<meta property=\"article:publisher\" content=\"https:\/\/www.facebook.com\/Portal-Urbano-171542830093757\/\" \/>\n<meta property=\"article:published_time\" content=\"2022-03-22T13:21:52+00:00\" \/>\n<meta property=\"article:modified_time\" content=\"2022-03-22T13:24:03+00:00\" \/>\n<meta property=\"og:image\" content=\"https:\/\/experienciadevida.com.ar\/portalurbano\/wp-content\/uploads\/2021\/12\/El-HCD-autorizo-la-scaled.jpg\" \/>\n\t<meta property=\"og:image:width\" content=\"2560\" \/>\n\t<meta property=\"og:image:height\" content=\"1711\" \/>\n\t<meta property=\"og:image:type\" content=\"image\/jpeg\" \/>\n<meta name=\"author\" content=\"admpu17wp\" \/>\n<meta name=\"twitter:card\" content=\"summary_large_image\" \/>\n<meta name=\"twitter:creator\" content=\"@portalurbanook\" \/>\n<meta name=\"twitter:site\" content=\"@portalurbanook\" \/>\n<meta name=\"twitter:label1\" content=\"Escrito por\" \/>\n\t<meta name=\"twitter:data1\" content=\"admpu17wp\" \/>\n\t<meta name=\"twitter:label2\" content=\"Tiempo de lectura\" \/>\n\t<meta name=\"twitter:data2\" content=\"2 minutos\" \/>\n<script type=\"application\/ld+json\" class=\"yoast-schema-graph\">{\"@context\":\"https:\/\/schema.org\",\"@graph\":[{\"@type\":\"Article\",\"@id\":\"https:\/\/experienciadevida.com.ar\/portalurbano\/el-hcd-debate-16-proyectos-entre-ellos-la-adjudicacion-del-transporte-interurbano-de-pasajeros\/#article\",\"isPartOf\":{\"@id\":\"https:\/\/experienciadevida.com.ar\/portalurbano\/el-hcd-debate-16-proyectos-entre-ellos-la-adjudicacion-del-transporte-interurbano-de-pasajeros\/\"},\"author\":{\"name\":\"admpu17wp\",\"@id\":\"https:\/\/experienciadevida.com.ar\/portalurbano\/#\/schema\/person\/02dd326b1c4b056e9cc972486934a3a7\"},\"headline\":\"El HCD debate 16 proyectos: entre ellos la adjudicaci\u00f3n del transporte interurbano de pasajeros\",\"datePublished\":\"2022-03-22T13:21:52+00:00\",\"dateModified\":\"2022-03-22T13:24:03+00:00\",\"mainEntityOfPage\":{\"@id\":\"https:\/\/experienciadevida.com.ar\/portalurbano\/el-hcd-debate-16-proyectos-entre-ellos-la-adjudicacion-del-transporte-interurbano-de-pasajeros\/\"},\"wordCount\":415,\"publisher\":{\"@id\":\"https:\/\/experienciadevida.com.ar\/portalurbano\/#organization\"},\"articleSection\":[\"Ciudad\",\"Destacadas\"],\"inLanguage\":\"es\"},{\"@type\":\"WebPage\",\"@id\":\"https:\/\/experienciadevida.com.ar\/portalurbano\/el-hcd-debate-16-proyectos-entre-ellos-la-adjudicacion-del-transporte-interurbano-de-pasajeros\/\",\"url\":\"https:\/\/experienciadevida.com.ar\/portalurbano\/el-hcd-debate-16-proyectos-entre-ellos-la-adjudicacion-del-transporte-interurbano-de-pasajeros\/\",\"name\":\"El HCD debate 16 proyectos: entre ellos la adjudicaci\u00f3n del transporte\",\"isPartOf\":{\"@id\":\"https:\/\/experienciadevida.com.ar\/portalurbano\/#website\"},\"datePublished\":\"2022-03-22T13:21:52+00:00\",\"dateModified\":\"2022-03-22T13:24:03+00:00\",\"description\":\"El HCD debate 16 proyectos: entre ellos la adjudicaci\u00f3n del transporte interurbano de pasajeros, los proyectos se dieron a conocer ayer\",\"breadcrumb\":{\"@id\":\"https:\/\/experienciadevida.com.ar\/portalurbano\/el-hcd-debate-16-proyectos-entre-ellos-la-adjudicacion-del-transporte-interurbano-de-pasajeros\/#breadcrumb\"},\"inLanguage\":\"es\",\"potentialAction\":[{\"@type\":\"ReadAction\",\"target\":[\"https:\/\/experienciadevida.com.ar\/portalurbano\/el-hcd-debate-16-proyectos-entre-ellos-la-adjudicacion-del-transporte-interurbano-de-pasajeros\/\"]}]},{\"@type\":\"BreadcrumbList\",\"@id\":\"https:\/\/experienciadevida.com.ar\/portalurbano\/el-hcd-debate-16-proyectos-entre-ellos-la-adjudicacion-del-transporte-interurbano-de-pasajeros\/#breadcrumb\",\"itemListElement\":[{\"@type\":\"ListItem\",\"position\":1,\"name\":\"Portada\",\"item\":\"https:\/\/experienciadevida.com.ar\/portalurbano\/\"},{\"@type\":\"ListItem\",\"position\":2,\"name\":\"El HCD debate 16 proyectos: entre ellos la adjudicaci\u00f3n del transporte interurbano de pasajeros\"}]},{\"@type\":\"WebSite\",\"@id\":\"https:\/\/experienciadevida.com.ar\/portalurbano\/#website\",\"url\":\"https:\/\/experienciadevida.com.ar\/portalurbano\/\",\"name\":\"\",\"description\":\"\",\"publisher\":{\"@id\":\"https:\/\/experienciadevida.com.ar\/portalurbano\/#organization\"},\"potentialAction\":[{\"@type\":\"SearchAction\",\"target\":{\"@type\":\"EntryPoint\",\"urlTemplate\":\"https:\/\/experienciadevida.com.ar\/portalurbano\/?s={search_term_string}\"},\"query-input\":\"required name=search_term_string\"}],\"inLanguage\":\"es\"},{\"@type\":\"Organization\",\"@id\":\"https:\/\/experienciadevida.com.ar\/portalurbano\/#organization\",\"name\":\"Portal Urbano\",\"url\":\"https:\/\/experienciadevida.com.ar\/portalurbano\/\",\"logo\":{\"@type\":\"ImageObject\",\"inLanguage\":\"es\",\"@id\":\"https:\/\/experienciadevida.com.ar\/portalurbano\/#\/schema\/logo\/image\/\",\"url\":\"https:\/\/experienciadevida.com.ar\/portalurbano\/wp-content\/uploads\/2019\/09\/Logo-Original.png\",\"contentUrl\":\"https:\/\/experienciadevida.com.ar\/portalurbano\/wp-content\/uploads\/2019\/09\/Logo-Original.png\",\"width\":2236,\"height\":1216,\"caption\":\"Portal Urbano\"},\"image\":{\"@id\":\"https:\/\/experienciadevida.com.ar\/portalurbano\/#\/schema\/logo\/image\/\"},\"sameAs\":[\"https:\/\/www.facebook.com\/Portal-Urbano-171542830093757\/\",\"https:\/\/twitter.com\/portalurbanook\",\"https:\/\/www.instagram.com\/_portalurbano\/\",\"https:\/\/www.youtube.com\/channel\/UCXhagIfszH8KxFiOok79zbA?view_as=subscriber\"]},{\"@type\":\"Person\",\"@id\":\"https:\/\/experienciadevida.com.ar\/portalurbano\/#\/schema\/person\/02dd326b1c4b056e9cc972486934a3a7\",\"name\":\"admpu17wp\",\"image\":{\"@type\":\"ImageObject\",\"inLanguage\":\"es\",\"@id\":\"https:\/\/experienciadevida.com.ar\/portalurbano\/#\/schema\/person\/image\/\",\"url\":\"https:\/\/secure.gravatar.com\/avatar\/830d4c57adaae6630765e449a6908047?s=96&d=mm&r=g\",\"contentUrl\":\"https:\/\/secure.gravatar.com\/avatar\/830d4c57adaae6630765e449a6908047?s=96&d=mm&r=g\",\"caption\":\"admpu17wp\"}}]}<\/script>\n<!-- \/ Yoast SEO plugin. -->","yoast_head_json":{"title":"El HCD debate 16 proyectos: entre ellos la adjudicaci\u00f3n del transporte","description":"El HCD debate 16 proyectos: entre ellos la adjudicaci\u00f3n del transporte interurbano de pasajeros, los proyectos se dieron a conocer ayer","robots":{"index":"index","follow":"follow","max-snippet":"max-snippet:-1","max-image-preview":"max-image-preview:large","max-video-preview":"max-video-preview:-1"},"canonical":"https:\/\/experienciadevida.com.ar\/portalurbano\/el-hcd-debate-16-proyectos-entre-ellos-la-adjudicacion-del-transporte-interurbano-de-pasajeros\/","og_locale":"es_ES","og_type":"article","og_title":"El HCD debate 16 proyectos: entre ellos la adjudicaci\u00f3n del transporte","og_description":"El HCD debate 16 proyectos: entre ellos la adjudicaci\u00f3n del transporte interurbano de pasajeros, los proyectos se dieron a conocer ayer","og_url":"https:\/\/experienciadevida.com.ar\/portalurbano\/el-hcd-debate-16-proyectos-entre-ellos-la-adjudicacion-del-transporte-interurbano-de-pasajeros\/","article_publisher":"https:\/\/www.facebook.com\/Portal-Urbano-171542830093757\/","article_published_time":"2022-03-22T13:21:52+00:00","article_modified_time":"2022-03-22T13:24:03+00:00","og_image":[{"width":2560,"height":1711,"url":"https:\/\/experienciadevida.com.ar\/portalurbano\/wp-content\/uploads\/2021\/12\/El-HCD-autorizo-la-scaled.jpg","type":"image\/jpeg"}],"author":"admpu17wp","twitter_card":"summary_large_image","twitter_creator":"@portalurbanook","twitter_site":"@portalurbanook","twitter_misc":{"Escrito por":"admpu17wp","Tiempo de lectura":"2 minutos"},"schema":{"@context":"https:\/\/schema.org","@graph":[{"@type":"Article","@id":"https:\/\/experienciadevida.com.ar\/portalurbano\/el-hcd-debate-16-proyectos-entre-ellos-la-adjudicacion-del-transporte-interurbano-de-pasajeros\/#article","isPartOf":{"@id":"https:\/\/experienciadevida.com.ar\/portalurbano\/el-hcd-debate-16-proyectos-entre-ellos-la-adjudicacion-del-transporte-interurbano-de-pasajeros\/"},"author":{"name":"admpu17wp","@id":"https:\/\/experienciadevida.com.ar\/portalurbano\/#\/schema\/person\/02dd326b1c4b056e9cc972486934a3a7"},"headline":"El HCD debate 16 proyectos: entre ellos la adjudicaci\u00f3n del transporte interurbano de pasajeros","datePublished":"2022-03-22T13:21:52+00:00","dateModified":"2022-03-22T13:24:03+00:00","mainEntityOfPage":{"@id":"https:\/\/experienciadevida.com.ar\/portalurbano\/el-hcd-debate-16-proyectos-entre-ellos-la-adjudicacion-del-transporte-interurbano-de-pasajeros\/"},"wordCount":415,"publisher":{"@id":"https:\/\/experienciadevida.com.ar\/portalurbano\/#organization"},"articleSection":["Ciudad","Destacadas"],"inLanguage":"es"},{"@type":"WebPage","@id":"https:\/\/experienciadevida.com.ar\/portalurbano\/el-hcd-debate-16-proyectos-entre-ellos-la-adjudicacion-del-transporte-interurbano-de-pasajeros\/","url":"https:\/\/experienciadevida.com.ar\/portalurbano\/el-hcd-debate-16-proyectos-entre-ellos-la-adjudicacion-del-transporte-interurbano-de-pasajeros\/","name":"El HCD debate 16 proyectos: entre ellos la adjudicaci\u00f3n del transporte","isPartOf":{"@id":"https:\/\/experienciadevida.com.ar\/portalurbano\/#website"},"datePublished":"2022-03-22T13:21:52+00:00","dateModified":"2022-03-22T13:24:03+00:00","description":"El HCD debate 16 proyectos: entre ellos la adjudicaci\u00f3n del transporte interurbano de pasajeros, los proyectos se dieron a conocer ayer","breadcrumb":{"@id":"https:\/\/experienciadevida.com.ar\/portalurbano\/el-hcd-debate-16-proyectos-entre-ellos-la-adjudicacion-del-transporte-interurbano-de-pasajeros\/#breadcrumb"},"inLanguage":"es","potentialAction":[{"@type":"ReadAction","target":["https:\/\/experienciadevida.com.ar\/portalurbano\/el-hcd-debate-16-proyectos-entre-ellos-la-adjudicacion-del-transporte-interurbano-de-pasajeros\/"]}]},{"@type":"BreadcrumbList","@id":"https:\/\/experienciadevida.com.ar\/portalurbano\/el-hcd-debate-16-proyectos-entre-ellos-la-adjudicacion-del-transporte-interurbano-de-pasajeros\/#breadcrumb","itemListElement":[{"@type":"ListItem","position":1,"name":"Portada","item":"https:\/\/experienciadevida.com.ar\/portalurbano\/"},{"@type":"ListItem","position":2,"name":"El HCD debate 16 proyectos: entre ellos la adjudicaci\u00f3n del transporte interurbano de pasajeros"}]},{"@type":"WebSite","@id":"https:\/\/experienciadevida.com.ar\/portalurbano\/#website","url":"https:\/\/experienciadevida.com.ar\/portalurbano\/","name":"","description":"","publisher":{"@id":"https:\/\/experienciadevida.com.ar\/portalurbano\/#organization"},"potentialAction":[{"@type":"SearchAction","target":{"@type":"EntryPoint","urlTemplate":"https:\/\/experienciadevida.com.ar\/portalurbano\/?s={search_term_string}"},"query-input":"required name=search_term_string"}],"inLanguage":"es"},{"@type":"Organization","@id":"https:\/\/experienciadevida.com.ar\/portalurbano\/#organization","name":"Portal Urbano","url":"https:\/\/experienciadevida.com.ar\/portalurbano\/","logo":{"@type":"ImageObject","inLanguage":"es","@id":"https:\/\/experienciadevida.com.ar\/portalurbano\/#\/schema\/logo\/image\/","url":"https:\/\/experienciadevida.com.ar\/portalurbano\/wp-content\/uploads\/2019\/09\/Logo-Original.png","contentUrl":"https:\/\/experienciadevida.com.ar\/portalurbano\/wp-content\/uploads\/2019\/09\/Logo-Original.png","width":2236,"height":1216,"caption":"Portal Urbano"},"image":{"@id":"https:\/\/experienciadevida.com.ar\/portalurbano\/#\/schema\/logo\/image\/"},"sameAs":["https:\/\/www.facebook.com\/Portal-Urbano-171542830093757\/","https:\/\/twitter.com\/portalurbanook","https:\/\/www.instagram.com\/_portalurbano\/","https:\/\/www.youtube.com\/channel\/UCXhagIfszH8KxFiOok79zbA?view_as=subscriber"]},{"@type":"Person","@id":"https:\/\/experienciadevida.com.ar\/portalurbano\/#\/schema\/person\/02dd326b1c4b056e9cc972486934a3a7","name":"admpu17wp","image":{"@type":"ImageObject","inLanguage":"es","@id":"https:\/\/experienciadevida.com.ar\/portalurbano\/#\/schema\/person\/image\/","url":"https:\/\/secure.gravatar.com\/avatar\/830d4c57adaae6630765e449a6908047?s=96&d=mm&r=g","contentUrl":"https:\/\/secure.gravatar.com\/avatar\/830d4c57adaae6630765e449a6908047?s=96&d=mm&r=g","caption":"admpu17wp"}}]}},"featured_image_urls":{"full":["https:\/\/experienciadevida.com.ar\/portalurbano\/wp-content\/uploads\/2021\/12\/El-HCD-autorizo-la-scaled.jpg",2560,1711,false],"thumbnail":["https:\/\/experienciadevida.com.ar\/portalurbano\/wp-content\/uploads\/2021\/12\/El-HCD-autorizo-la-150x150.jpg",150,150,true],"medium":["https:\/\/experienciadevida.com.ar\/portalurbano\/wp-content\/uploads\/2021\/12\/El-HCD-autorizo-la-300x201.jpg",300,201,true],"medium_large":["https:\/\/experienciadevida.com.ar\/portalurbano\/wp-content\/uploads\/2021\/12\/El-HCD-autorizo-la-768x513.jpg",640,428,true],"large":["https:\/\/experienciadevida.com.ar\/portalurbano\/wp-content\/uploads\/2021\/12\/El-HCD-autorizo-la-1024x684.jpg",640,428,true],"ug_big":["https:\/\/experienciadevida.com.ar\/portalurbano\/wp-content\/uploads\/2021\/12\/El-HCD-autorizo-la-768x513.jpg",768,513,true],"1536x1536":["https:\/\/experienciadevida.com.ar\/portalurbano\/wp-content\/uploads\/2021\/12\/El-HCD-autorizo-la-1536x1027.jpg",1536,1027,true],"2048x2048":["https:\/\/experienciadevida.com.ar\/portalurbano\/wp-content\/uploads\/2021\/12\/El-HCD-autorizo-la-2048x1369.jpg",2048,1369,true],"newsever-slider-full":["https:\/\/experienciadevida.com.ar\/portalurbano\/wp-content\/uploads\/2021\/12\/El-HCD-autorizo-la-scaled.jpg",1264,845,false],"newsever-featured":["https:\/\/experienciadevida.com.ar\/portalurbano\/wp-content\/uploads\/2021\/12\/El-HCD-autorizo-la-scaled.jpg",1024,684,false],"newsever-medium":["https:\/\/experienciadevida.com.ar\/portalurbano\/wp-content\/uploads\/2021\/12\/El-HCD-autorizo-la-scaled.jpg",711,475,false],"web-stories-poster-portrait":["https:\/\/experienciadevida.com.ar\/portalurbano\/wp-content\/uploads\/2021\/12\/El-HCD-autorizo-la-scaled.jpg",640,428,false],"web-stories-publisher-logo":["https:\/\/experienciadevida.com.ar\/portalurbano\/wp-content\/uploads\/2021\/12\/El-HCD-autorizo-la-scaled.jpg",96,64,false],"web-stories-thumbnail":["https:\/\/experienciadevida.com.ar\/portalurbano\/wp-content\/uploads\/2021\/12\/El-HCD-autorizo-la-scaled.jpg",150,100,false]},"author_info":{"display_name":"admpu17wp","author_link":"https:\/\/experienciadevida.com.ar\/portalurbano\/author\/admpu17wp\/"},"category_info":"<a href=\"https:\/\/experienciadevida.com.ar\/portalurbano\/category\/ciudad\/\" rel=\"category tag\">Ciudad<\/a> <a href=\"https:\/\/experienciadevida.com.ar\/portalurbano\/category\/destacadas\/\" rel=\"category tag\">Destacadas<\/a>","tag_info":"Destacadas","comment_count":"0","amp_enabled":true,"_links":{"self":[{"href":"https:\/\/experienciadevida.com.ar\/portalurbano\/wp-json\/wp\/v2\/posts\/163900"}],"collection":[{"href":"https:\/\/experienciadevida.com.ar\/portalurbano\/wp-json\/wp\/v2\/posts"}],"about":[{"href":"https:\/\/experienciadevida.com.ar\/portalurbano\/wp-json\/wp\/v2\/types\/post"}],"author":[{"embeddable":true,"href":"https:\/\/experienciadevida.com.ar\/portalurbano\/wp-json\/wp\/v2\/users\/1"}],"replies":[{"embeddable":true,"href":"https:\/\/experienciadevida.com.ar\/portalurbano\/wp-json\/wp\/v2\/comments?post=163900"}],"version-history":[{"count":3,"href":"https:\/\/experienciadevida.com.ar\/portalurbano\/wp-json\/wp\/v2\/posts\/163900\/revisions"}],"predecessor-version":[{"id":163903,"href":"https:\/\/experienciadevida.com.ar\/portalurbano\/wp-json\/wp\/v2\/posts\/163900\/revisions\/163903"}],"wp:featuredmedia":[{"embeddable":true,"href":"https:\/\/experienciadevida.com.ar\/portalurbano\/wp-json\/wp\/v2\/media\/159055"}],"wp:attachment":[{"href":"https:\/\/experienciadevida.com.ar\/portalurbano\/wp-json\/wp\/v2\/media?parent=163900"}],"wp:term":[{"taxonomy":"category","embeddable":true,"href":"https:\/\/experienciadevida.com.ar\/portalurbano\/wp-json\/wp\/v2\/categories?post=163900"},{"taxonomy":"post_tag","embeddable":true,"href":"https:\/\/experienciadevida.com.ar\/portalurbano\/wp-json\/wp\/v2\/tags?post=163900"}],"curies":[{"name":"wp","href":"https:\/\/api.w.org\/{rel}","templated":true}]}}