{"id":163893,"date":"2022-03-22T09:50:29","date_gmt":"2022-03-22T12:50:29","guid":{"rendered":"https:\/\/experienciadevida.com.ar\/portalurbano\/?p=163893"},"modified":"2022-03-22T09:52:19","modified_gmt":"2022-03-22T12:52:19","slug":"funcionarias-municipales-visitaron-una-industria-textil-en-pleno-crecimiento","status":"publish","type":"post","link":"https:\/\/experienciadevida.com.ar\/portalurbano\/funcionarias-municipales-visitaron-una-industria-textil-en-pleno-crecimiento\/","title":{"rendered":"Funcionarias municipales visitaron una industria textil en pleno crecimiento"},"content":{"rendered":"<p>Funcionarias municipales visitaron una industria textil en pleno crecimiento, desde la Secretar\u00eda de Desarrollo Econ\u00f3mico se realiz\u00f3 la visita a Sergio Villamar\u00edn, de Textil Tres Rayas, un emprendimiento local dedicado a la fabricaci\u00f3n y venta de insumos textiles.<\/p>\n<p>Villamar\u00edn trabaj\u00f3 durante 27 a\u00f1os en talleres industriales textiles y, en simult\u00e1neo, comenz\u00f3 con su emprendimiento de fabricaci\u00f3n de productos textiles de limpieza. Con el transcurso del tiempo, la experiencia y los conocimientos adquiridos, decidi\u00f3 tomar impulso y dedicarse completamente a su proyecto de manera independiente.<\/p>\n<p>Actualmente se dedica a la fabricaci\u00f3n de trapos de piso, rejillas y otros productos en algod\u00f3n. Posee un local de venta de m\u00e1quinas textiles e insumos para la industria textil, siendo representante del servicio t\u00e9cnico de Singer.<\/p>\n<p>Cabe destacar que reutiliza el descarte de los hilos que utiliza en el proceso de la fabricaci\u00f3n de los trapos de piso, para elaborar de manera artesanal alfombras para todo tipo de uso: ba\u00f1o, mascotas, etc.<\/p>\n<p>Hace tres a\u00f1os que desarrolla estas actividades, las cuales le han permitido establecerse en el mercado local como uno de los principales proveedores de los talleres textiles de nuestra ciudad y de ciudades vecinas como Laprida, Azul, Bol\u00edvar, Benito Ju\u00e1rez y Chillar. Y con sus productos de fabricaci\u00f3n propia llega a La Pampa, Bah\u00eda Blanca y ciudades de la costa bonaerense.<\/p>\n<p>Desde la Direcci\u00f3n de Empleo y Empresas se lo acompa\u00f1a con l\u00edneas crediticias y programas para la incorporaci\u00f3n de personal.<\/p>\n<p>Cabe destacar que, desde las distintas \u00e1reas que integran la Secretar\u00eda de Desarrollo Econ\u00f3mico del Municipio, se acompa\u00f1a a cada peque\u00f1o, mediano y gran empresario mediante diferentes servicios, tales como l\u00edneas de empleo, cr\u00e9ditos y gestiones y asesoramiento en general.<\/p>\n<p>El acompa\u00f1amiento se efect\u00faa de forma personalizada e incluye visitas peri\u00f3dicas a referentes de comercios, emprendimientos e industrias locales, a los fines de dialogar, responder inquietudes y brindar informaci\u00f3n acerca de las distintas l\u00edneas de servicio.<\/p>\n<p>&nbsp;<\/p>\n","protected":false},"excerpt":{"rendered":"<p>Funcionarias municipales visitaron una industria textil en pleno crecimiento, desde la Secretar\u00eda de Desarrollo Econ\u00f3mico&#8230;<\/p>\n","protected":false},"author":1,"featured_media":163894,"comment_status":"closed","ping_status":"closed","sticky":false,"template":"","format":"standard","meta":{"content-type":""},"categories":[27,51],"tags":[],"nelio_content":{"isAutoShareEnabled":false,"autoShareEndMode":"default","automationSources":{"useContentSentences":true,"useSocialTemplates":true,"useCustomSentences":false,"customSentences":[]},"followers":[1],"suggestedReferences":[],"includedReferences":[],"efiUrl":"","efiAlt":"","highlights":[]},"yoast_head":"<!-- This site is optimized with the Yoast SEO plugin v20.7 - https:\/\/yoast.com\/wordpress\/plugins\/seo\/ -->\n<title>Funcionarias Municipales visitaron una industria textil en crecimiento<\/title>\n<meta name=\"description\" content=\"Funcionarias municipales visitaron una industria textil en pleno crecimiento, un emprendimiento local dedicado a la fabricaci\u00f3n insumos\" \/>\n<meta name=\"robots\" content=\"index, follow, max-snippet:-1, max-image-preview:large, max-video-preview:-1\" \/>\n<link rel=\"canonical\" href=\"https:\/\/experienciadevida.com.ar\/portalurbano\/funcionarias-municipales-visitaron-una-industria-textil-en-pleno-crecimiento\/\" \/>\n<meta property=\"og:locale\" content=\"es_ES\" \/>\n<meta property=\"og:type\" content=\"article\" \/>\n<meta property=\"og:title\" content=\"Funcionarias Municipales visitaron una industria textil en crecimiento\" \/>\n<meta property=\"og:description\" content=\"Funcionarias municipales visitaron una industria textil en pleno crecimiento, un emprendimiento local dedicado a la fabricaci\u00f3n insumos\" \/>\n<meta property=\"og:url\" content=\"https:\/\/experienciadevida.com.ar\/portalurbano\/funcionarias-municipales-visitaron-una-industria-textil-en-pleno-crecimiento\/\" \/>\n<meta property=\"article:publisher\" content=\"https:\/\/www.facebook.com\/Portal-Urbano-171542830093757\/\" \/>\n<meta property=\"article:published_time\" content=\"2022-03-22T12:50:29+00:00\" \/>\n<meta property=\"article:modified_time\" content=\"2022-03-22T12:52:19+00:00\" \/>\n<meta property=\"og:image\" content=\"https:\/\/experienciadevida.com.ar\/portalurbano\/wp-content\/uploads\/2022\/03\/Funcionarias-municipales-visitaron-una.jpg\" \/>\n\t<meta property=\"og:image:width\" content=\"1024\" \/>\n\t<meta property=\"og:image:height\" content=\"682\" \/>\n\t<meta property=\"og:image:type\" content=\"image\/jpeg\" \/>\n<meta name=\"author\" content=\"admpu17wp\" \/>\n<meta name=\"twitter:card\" content=\"summary_large_image\" \/>\n<meta name=\"twitter:creator\" content=\"@portalurbanook\" \/>\n<meta name=\"twitter:site\" content=\"@portalurbanook\" \/>\n<meta name=\"twitter:label1\" content=\"Escrito por\" \/>\n\t<meta name=\"twitter:data1\" content=\"admpu17wp\" \/>\n\t<meta name=\"twitter:label2\" content=\"Tiempo de lectura\" \/>\n\t<meta name=\"twitter:data2\" content=\"2 minutos\" \/>\n<script type=\"application\/ld+json\" class=\"yoast-schema-graph\">{\"@context\":\"https:\/\/schema.org\",\"@graph\":[{\"@type\":\"Article\",\"@id\":\"https:\/\/experienciadevida.com.ar\/portalurbano\/funcionarias-municipales-visitaron-una-industria-textil-en-pleno-crecimiento\/#article\",\"isPartOf\":{\"@id\":\"https:\/\/experienciadevida.com.ar\/portalurbano\/funcionarias-municipales-visitaron-una-industria-textil-en-pleno-crecimiento\/\"},\"author\":{\"name\":\"admpu17wp\",\"@id\":\"https:\/\/experienciadevida.com.ar\/portalurbano\/#\/schema\/person\/02dd326b1c4b056e9cc972486934a3a7\"},\"headline\":\"Funcionarias municipales visitaron una industria textil en pleno crecimiento\",\"datePublished\":\"2022-03-22T12:50:29+00:00\",\"dateModified\":\"2022-03-22T12:52:19+00:00\",\"mainEntityOfPage\":{\"@id\":\"https:\/\/experienciadevida.com.ar\/portalurbano\/funcionarias-municipales-visitaron-una-industria-textil-en-pleno-crecimiento\/\"},\"wordCount\":357,\"publisher\":{\"@id\":\"https:\/\/experienciadevida.com.ar\/portalurbano\/#organization\"},\"articleSection\":[\"Ciudad\",\"Destacadas\"],\"inLanguage\":\"es\"},{\"@type\":\"WebPage\",\"@id\":\"https:\/\/experienciadevida.com.ar\/portalurbano\/funcionarias-municipales-visitaron-una-industria-textil-en-pleno-crecimiento\/\",\"url\":\"https:\/\/experienciadevida.com.ar\/portalurbano\/funcionarias-municipales-visitaron-una-industria-textil-en-pleno-crecimiento\/\",\"name\":\"Funcionarias Municipales visitaron una industria textil en crecimiento\",\"isPartOf\":{\"@id\":\"https:\/\/experienciadevida.com.ar\/portalurbano\/#website\"},\"datePublished\":\"2022-03-22T12:50:29+00:00\",\"dateModified\":\"2022-03-22T12:52:19+00:00\",\"description\":\"Funcionarias municipales visitaron una industria textil en pleno crecimiento, un emprendimiento local dedicado a la fabricaci\u00f3n insumos\",\"breadcrumb\":{\"@id\":\"https:\/\/experienciadevida.com.ar\/portalurbano\/funcionarias-municipales-visitaron-una-industria-textil-en-pleno-crecimiento\/#breadcrumb\"},\"inLanguage\":\"es\",\"potentialAction\":[{\"@type\":\"ReadAction\",\"target\":[\"https:\/\/experienciadevida.com.ar\/portalurbano\/funcionarias-municipales-visitaron-una-industria-textil-en-pleno-crecimiento\/\"]}]},{\"@type\":\"BreadcrumbList\",\"@id\":\"https:\/\/experienciadevida.com.ar\/portalurbano\/funcionarias-municipales-visitaron-una-industria-textil-en-pleno-crecimiento\/#breadcrumb\",\"itemListElement\":[{\"@type\":\"ListItem\",\"position\":1,\"name\":\"Portada\",\"item\":\"https:\/\/experienciadevida.com.ar\/portalurbano\/\"},{\"@type\":\"ListItem\",\"position\":2,\"name\":\"Funcionarias municipales visitaron una industria textil en pleno crecimiento\"}]},{\"@type\":\"WebSite\",\"@id\":\"https:\/\/experienciadevida.com.ar\/portalurbano\/#website\",\"url\":\"https:\/\/experienciadevida.com.ar\/portalurbano\/\",\"name\":\"\",\"description\":\"\",\"publisher\":{\"@id\":\"https:\/\/experienciadevida.com.ar\/portalurbano\/#organization\"},\"potentialAction\":[{\"@type\":\"SearchAction\",\"target\":{\"@type\":\"EntryPoint\",\"urlTemplate\":\"https:\/\/experienciadevida.com.ar\/portalurbano\/?s={search_term_string}\"},\"query-input\":\"required name=search_term_string\"}],\"inLanguage\":\"es\"},{\"@type\":\"Organization\",\"@id\":\"https:\/\/experienciadevida.com.ar\/portalurbano\/#organization\",\"name\":\"Portal Urbano\",\"url\":\"https:\/\/experienciadevida.com.ar\/portalurbano\/\",\"logo\":{\"@type\":\"ImageObject\",\"inLanguage\":\"es\",\"@id\":\"https:\/\/experienciadevida.com.ar\/portalurbano\/#\/schema\/logo\/image\/\",\"url\":\"https:\/\/experienciadevida.com.ar\/portalurbano\/wp-content\/uploads\/2019\/09\/Logo-Original.png\",\"contentUrl\":\"https:\/\/experienciadevida.com.ar\/portalurbano\/wp-content\/uploads\/2019\/09\/Logo-Original.png\",\"width\":2236,\"height\":1216,\"caption\":\"Portal Urbano\"},\"image\":{\"@id\":\"https:\/\/experienciadevida.com.ar\/portalurbano\/#\/schema\/logo\/image\/\"},\"sameAs\":[\"https:\/\/www.facebook.com\/Portal-Urbano-171542830093757\/\",\"https:\/\/twitter.com\/portalurbanook\",\"https:\/\/www.instagram.com\/_portalurbano\/\",\"https:\/\/www.youtube.com\/channel\/UCXhagIfszH8KxFiOok79zbA?view_as=subscriber\"]},{\"@type\":\"Person\",\"@id\":\"https:\/\/experienciadevida.com.ar\/portalurbano\/#\/schema\/person\/02dd326b1c4b056e9cc972486934a3a7\",\"name\":\"admpu17wp\",\"image\":{\"@type\":\"ImageObject\",\"inLanguage\":\"es\",\"@id\":\"https:\/\/experienciadevida.com.ar\/portalurbano\/#\/schema\/person\/image\/\",\"url\":\"https:\/\/secure.gravatar.com\/avatar\/830d4c57adaae6630765e449a6908047?s=96&d=mm&r=g\",\"contentUrl\":\"https:\/\/secure.gravatar.com\/avatar\/830d4c57adaae6630765e449a6908047?s=96&d=mm&r=g\",\"caption\":\"admpu17wp\"}}]}<\/script>\n<!-- \/ Yoast SEO plugin. -->","yoast_head_json":{"title":"Funcionarias Municipales visitaron una industria textil en crecimiento","description":"Funcionarias municipales visitaron una industria textil en pleno crecimiento, un emprendimiento local dedicado a la fabricaci\u00f3n insumos","robots":{"index":"index","follow":"follow","max-snippet":"max-snippet:-1","max-image-preview":"max-image-preview:large","max-video-preview":"max-video-preview:-1"},"canonical":"https:\/\/experienciadevida.com.ar\/portalurbano\/funcionarias-municipales-visitaron-una-industria-textil-en-pleno-crecimiento\/","og_locale":"es_ES","og_type":"article","og_title":"Funcionarias Municipales visitaron una industria textil en crecimiento","og_description":"Funcionarias municipales visitaron una industria textil en pleno crecimiento, un emprendimiento local dedicado a la fabricaci\u00f3n insumos","og_url":"https:\/\/experienciadevida.com.ar\/portalurbano\/funcionarias-municipales-visitaron-una-industria-textil-en-pleno-crecimiento\/","article_publisher":"https:\/\/www.facebook.com\/Portal-Urbano-171542830093757\/","article_published_time":"2022-03-22T12:50:29+00:00","article_modified_time":"2022-03-22T12:52:19+00:00","og_image":[{"width":1024,"height":682,"url":"https:\/\/experienciadevida.com.ar\/portalurbano\/wp-content\/uploads\/2022\/03\/Funcionarias-municipales-visitaron-una.jpg","type":"image\/jpeg"}],"author":"admpu17wp","twitter_card":"summary_large_image","twitter_creator":"@portalurbanook","twitter_site":"@portalurbanook","twitter_misc":{"Escrito por":"admpu17wp","Tiempo de lectura":"2 minutos"},"schema":{"@context":"https:\/\/schema.org","@graph":[{"@type":"Article","@id":"https:\/\/experienciadevida.com.ar\/portalurbano\/funcionarias-municipales-visitaron-una-industria-textil-en-pleno-crecimiento\/#article","isPartOf":{"@id":"https:\/\/experienciadevida.com.ar\/portalurbano\/funcionarias-municipales-visitaron-una-industria-textil-en-pleno-crecimiento\/"},"author":{"name":"admpu17wp","@id":"https:\/\/experienciadevida.com.ar\/portalurbano\/#\/schema\/person\/02dd326b1c4b056e9cc972486934a3a7"},"headline":"Funcionarias municipales visitaron una industria textil en pleno crecimiento","datePublished":"2022-03-22T12:50:29+00:00","dateModified":"2022-03-22T12:52:19+00:00","mainEntityOfPage":{"@id":"https:\/\/experienciadevida.com.ar\/portalurbano\/funcionarias-municipales-visitaron-una-industria-textil-en-pleno-crecimiento\/"},"wordCount":357,"publisher":{"@id":"https:\/\/experienciadevida.com.ar\/portalurbano\/#organization"},"articleSection":["Ciudad","Destacadas"],"inLanguage":"es"},{"@type":"WebPage","@id":"https:\/\/experienciadevida.com.ar\/portalurbano\/funcionarias-municipales-visitaron-una-industria-textil-en-pleno-crecimiento\/","url":"https:\/\/experienciadevida.com.ar\/portalurbano\/funcionarias-municipales-visitaron-una-industria-textil-en-pleno-crecimiento\/","name":"Funcionarias Municipales visitaron una industria textil en crecimiento","isPartOf":{"@id":"https:\/\/experienciadevida.com.ar\/portalurbano\/#website"},"datePublished":"2022-03-22T12:50:29+00:00","dateModified":"2022-03-22T12:52:19+00:00","description":"Funcionarias municipales visitaron una industria textil en pleno crecimiento, un emprendimiento local dedicado a la fabricaci\u00f3n insumos","breadcrumb":{"@id":"https:\/\/experienciadevida.com.ar\/portalurbano\/funcionarias-municipales-visitaron-una-industria-textil-en-pleno-crecimiento\/#breadcrumb"},"inLanguage":"es","potentialAction":[{"@type":"ReadAction","target":["https:\/\/experienciadevida.com.ar\/portalurbano\/funcionarias-municipales-visitaron-una-industria-textil-en-pleno-crecimiento\/"]}]},{"@type":"BreadcrumbList","@id":"https:\/\/experienciadevida.com.ar\/portalurbano\/funcionarias-municipales-visitaron-una-industria-textil-en-pleno-crecimiento\/#breadcrumb","itemListElement":[{"@type":"ListItem","position":1,"name":"Portada","item":"https:\/\/experienciadevida.com.ar\/portalurbano\/"},{"@type":"ListItem","position":2,"name":"Funcionarias municipales visitaron una industria textil en pleno crecimiento"}]},{"@type":"WebSite","@id":"https:\/\/experienciadevida.com.ar\/portalurbano\/#website","url":"https:\/\/experienciadevida.com.ar\/portalurbano\/","name":"","description":"","publisher":{"@id":"https:\/\/experienciadevida.com.ar\/portalurbano\/#organization"},"potentialAction":[{"@type":"SearchAction","target":{"@type":"EntryPoint","urlTemplate":"https:\/\/experienciadevida.com.ar\/portalurbano\/?s={search_term_string}"},"query-input":"required name=search_term_string"}],"inLanguage":"es"},{"@type":"Organization","@id":"https:\/\/experienciadevida.com.ar\/portalurbano\/#organization","name":"Portal Urbano","url":"https:\/\/experienciadevida.com.ar\/portalurbano\/","logo":{"@type":"ImageObject","inLanguage":"es","@id":"https:\/\/experienciadevida.com.ar\/portalurbano\/#\/schema\/logo\/image\/","url":"https:\/\/experienciadevida.com.ar\/portalurbano\/wp-content\/uploads\/2019\/09\/Logo-Original.png","contentUrl":"https:\/\/experienciadevida.com.ar\/portalurbano\/wp-content\/uploads\/2019\/09\/Logo-Original.png","width":2236,"height":1216,"caption":"Portal Urbano"},"image":{"@id":"https:\/\/experienciadevida.com.ar\/portalurbano\/#\/schema\/logo\/image\/"},"sameAs":["https:\/\/www.facebook.com\/Portal-Urbano-171542830093757\/","https:\/\/twitter.com\/portalurbanook","https:\/\/www.instagram.com\/_portalurbano\/","https:\/\/www.youtube.com\/channel\/UCXhagIfszH8KxFiOok79zbA?view_as=subscriber"]},{"@type":"Person","@id":"https:\/\/experienciadevida.com.ar\/portalurbano\/#\/schema\/person\/02dd326b1c4b056e9cc972486934a3a7","name":"admpu17wp","image":{"@type":"ImageObject","inLanguage":"es","@id":"https:\/\/experienciadevida.com.ar\/portalurbano\/#\/schema\/person\/image\/","url":"https:\/\/secure.gravatar.com\/avatar\/830d4c57adaae6630765e449a6908047?s=96&d=mm&r=g","contentUrl":"https:\/\/secure.gravatar.com\/avatar\/830d4c57adaae6630765e449a6908047?s=96&d=mm&r=g","caption":"admpu17wp"}}]}},"featured_image_urls":{"full":["https:\/\/experienciadevida.com.ar\/portalurbano\/wp-content\/uploads\/2022\/03\/Funcionarias-municipales-visitaron-una.jpg",1024,682,false],"thumbnail":["https:\/\/experienciadevida.com.ar\/portalurbano\/wp-content\/uploads\/2022\/03\/Funcionarias-municipales-visitaron-una-150x150.jpg",150,150,true],"medium":["https:\/\/experienciadevida.com.ar\/portalurbano\/wp-content\/uploads\/2022\/03\/Funcionarias-municipales-visitaron-una-300x200.jpg",300,200,true],"medium_large":["https:\/\/experienciadevida.com.ar\/portalurbano\/wp-content\/uploads\/2022\/03\/Funcionarias-municipales-visitaron-una-768x512.jpg",640,427,true],"large":["https:\/\/experienciadevida.com.ar\/portalurbano\/wp-content\/uploads\/2022\/03\/Funcionarias-municipales-visitaron-una.jpg",640,426,false],"ug_big":["https:\/\/experienciadevida.com.ar\/portalurbano\/wp-content\/uploads\/2022\/03\/Funcionarias-municipales-visitaron-una-768x512.jpg",768,512,true],"1536x1536":["https:\/\/experienciadevida.com.ar\/portalurbano\/wp-content\/uploads\/2022\/03\/Funcionarias-municipales-visitaron-una.jpg",1024,682,false],"2048x2048":["https:\/\/experienciadevida.com.ar\/portalurbano\/wp-content\/uploads\/2022\/03\/Funcionarias-municipales-visitaron-una.jpg",1024,682,false],"newsever-slider-full":["https:\/\/experienciadevida.com.ar\/portalurbano\/wp-content\/uploads\/2022\/03\/Funcionarias-municipales-visitaron-una.jpg",1024,682,false],"newsever-featured":["https:\/\/experienciadevida.com.ar\/portalurbano\/wp-content\/uploads\/2022\/03\/Funcionarias-municipales-visitaron-una.jpg",1024,682,false],"newsever-medium":["https:\/\/experienciadevida.com.ar\/portalurbano\/wp-content\/uploads\/2022\/03\/Funcionarias-municipales-visitaron-una.jpg",713,475,false],"web-stories-poster-portrait":["https:\/\/experienciadevida.com.ar\/portalurbano\/wp-content\/uploads\/2022\/03\/Funcionarias-municipales-visitaron-una.jpg",640,426,false],"web-stories-publisher-logo":["https:\/\/experienciadevida.com.ar\/portalurbano\/wp-content\/uploads\/2022\/03\/Funcionarias-municipales-visitaron-una.jpg",96,64,false],"web-stories-thumbnail":["https:\/\/experienciadevida.com.ar\/portalurbano\/wp-content\/uploads\/2022\/03\/Funcionarias-municipales-visitaron-una.jpg",150,100,false]},"author_info":{"display_name":"admpu17wp","author_link":"https:\/\/experienciadevida.com.ar\/portalurbano\/author\/admpu17wp\/"},"category_info":"<a href=\"https:\/\/experienciadevida.com.ar\/portalurbano\/category\/ciudad\/\" rel=\"category tag\">Ciudad<\/a> <a href=\"https:\/\/experienciadevida.com.ar\/portalurbano\/category\/destacadas\/\" rel=\"category tag\">Destacadas<\/a>","tag_info":"Destacadas","comment_count":"0","amp_enabled":true,"_links":{"self":[{"href":"https:\/\/experienciadevida.com.ar\/portalurbano\/wp-json\/wp\/v2\/posts\/163893"}],"collection":[{"href":"https:\/\/experienciadevida.com.ar\/portalurbano\/wp-json\/wp\/v2\/posts"}],"about":[{"href":"https:\/\/experienciadevida.com.ar\/portalurbano\/wp-json\/wp\/v2\/types\/post"}],"author":[{"embeddable":true,"href":"https:\/\/experienciadevida.com.ar\/portalurbano\/wp-json\/wp\/v2\/users\/1"}],"replies":[{"embeddable":true,"href":"https:\/\/experienciadevida.com.ar\/portalurbano\/wp-json\/wp\/v2\/comments?post=163893"}],"version-history":[{"count":1,"href":"https:\/\/experienciadevida.com.ar\/portalurbano\/wp-json\/wp\/v2\/posts\/163893\/revisions"}],"predecessor-version":[{"id":163895,"href":"https:\/\/experienciadevida.com.ar\/portalurbano\/wp-json\/wp\/v2\/posts\/163893\/revisions\/163895"}],"wp:featuredmedia":[{"embeddable":true,"href":"https:\/\/experienciadevida.com.ar\/portalurbano\/wp-json\/wp\/v2\/media\/163894"}],"wp:attachment":[{"href":"https:\/\/experienciadevida.com.ar\/portalurbano\/wp-json\/wp\/v2\/media?parent=163893"}],"wp:term":[{"taxonomy":"category","embeddable":true,"href":"https:\/\/experienciadevida.com.ar\/portalurbano\/wp-json\/wp\/v2\/categories?post=163893"},{"taxonomy":"post_tag","embeddable":true,"href":"https:\/\/experienciadevida.com.ar\/portalurbano\/wp-json\/wp\/v2\/tags?post=163893"}],"curies":[{"name":"wp","href":"https:\/\/api.w.org\/{rel}","templated":true}]}}