{"id":163874,"date":"2022-03-21T18:51:34","date_gmt":"2022-03-21T21:51:34","guid":{"rendered":"https:\/\/experienciadevida.com.ar\/portalurbano\/?p=163874"},"modified":"2022-03-21T18:54:08","modified_gmt":"2022-03-21T21:54:08","slug":"martin-endere-sobre-la-adjudicacion-del-transporte-interurbano-es-una-mejora-y-excelente-noticia-para-las-localidades","status":"publish","type":"post","link":"https:\/\/experienciadevida.com.ar\/portalurbano\/martin-endere-sobre-la-adjudicacion-del-transporte-interurbano-es-una-mejora-y-excelente-noticia-para-las-localidades\/","title":{"rendered":"Mart\u00edn Endere sobre la adjudicaci\u00f3n del transporte interurbano: \u201ces una mejora y excelente noticia para las localidades\u201d"},"content":{"rendered":"<p>Mart\u00edn Endere sobre la adjudicaci\u00f3n del transporte interurbano: \u201ces una mejora y excelente noticia para las localidades\u201d. El presidente del bloque de concejales de Juntos, Mart\u00edn Endere, celebr\u00f3 que este martes el Concejo Deliberante trate la adjudicaci\u00f3n del servicio de transporte interurbano en favor de la empresa \u201cLas Sierras Olavarr\u00eda<br \/>\nS.R.L\u201d.<\/p>\n<p>El concejal Endere record\u00f3 que \u201ceste es un servicio que se venc\u00eda la concesi\u00f3n en este a\u00f1o 2022 y ya en el inicio de sesiones del a\u00f1o 2021, el intendente municipal Ezequiel Galli inst\u00f3 y comparti\u00f3 con el Concejo la realizaci\u00f3n de un trabajo en conjunto\u201d. En este sentido valor\u00f3 que el martes la adjudicaci\u00f3n sea convalidada por el HCD.<\/p>\n<p>Antes de llegar el tema a sesi\u00f3n, Endere record\u00f3 que \u201cen este tiempo se ha trabajado de manera coordinada con los distintos bloques del Concejo Deliberante y el Departamento Ejecutivo Municipal, se form\u00f3 una suerte de<br \/>\ncomisi\u00f3n para el an\u00e1lisis del tema y se recorrieron las localidades escuchando las voces de los distintos vecinos\u201d.<\/p>\n<p>Resalt\u00f3 \u201ceste martes a trav\u00e9s de una sesi\u00f3n ordinaria se formalizar\u00e1 la adjudicaci\u00f3n del transporte interurbano a una empresa de capitales locales y de larga trayectoria en el transporte de pasajeros, esto implicar\u00eda que a partir del 1 de mayo exista un servicio de transporte que represente un gran beneficio paras las localidades teniendo en cuenta que la dotaci\u00f3n de veh\u00edculos en su mayor\u00eda se corresponde a unidades nuevas y muchas de ellas 0 kil\u00f3metro\u201d<\/p>\n<p>\u201cEs una mejora y una excelente noticia para los vecinos de las localidades\u201d, cerr\u00f3.<\/p>\n","protected":false},"excerpt":{"rendered":"<p>Mart\u00edn Endere sobre la adjudicaci\u00f3n del transporte interurbano: \u201ces una mejora y excelente noticia para&#8230;<\/p>\n","protected":false},"author":1,"featured_media":163875,"comment_status":"closed","ping_status":"closed","sticky":false,"template":"","format":"standard","meta":{"content-type":""},"categories":[27,51],"tags":[],"nelio_content":{"isAutoShareEnabled":false,"autoShareEndMode":"default","automationSources":{"useContentSentences":true,"useSocialTemplates":true,"useCustomSentences":false,"customSentences":[]},"followers":[1],"suggestedReferences":[],"includedReferences":[],"efiUrl":"","efiAlt":"","highlights":[]},"yoast_head":"<!-- This site is optimized with the Yoast SEO plugin v20.7 - https:\/\/yoast.com\/wordpress\/plugins\/seo\/ -->\n<title>Mart\u00edn Endere sobre la adjudicaci\u00f3n del transporte interurbano<\/title>\n<meta name=\"description\" content=\"Mart\u00edn Endere sobre la adjudicaci\u00f3n del transporte interurbano: \u201ces una mejora y excelente noticia para las localidades\u201d.\" \/>\n<meta name=\"robots\" content=\"index, follow, max-snippet:-1, max-image-preview:large, max-video-preview:-1\" \/>\n<link rel=\"canonical\" href=\"https:\/\/experienciadevida.com.ar\/portalurbano\/martin-endere-sobre-la-adjudicacion-del-transporte-interurbano-es-una-mejora-y-excelente-noticia-para-las-localidades\/\" \/>\n<meta property=\"og:locale\" content=\"es_ES\" \/>\n<meta property=\"og:type\" content=\"article\" \/>\n<meta property=\"og:title\" content=\"Mart\u00edn Endere sobre la adjudicaci\u00f3n del transporte interurbano\" \/>\n<meta property=\"og:description\" content=\"Mart\u00edn Endere sobre la adjudicaci\u00f3n del transporte interurbano: \u201ces una mejora y excelente noticia para las localidades\u201d.\" \/>\n<meta property=\"og:url\" content=\"https:\/\/experienciadevida.com.ar\/portalurbano\/martin-endere-sobre-la-adjudicacion-del-transporte-interurbano-es-una-mejora-y-excelente-noticia-para-las-localidades\/\" \/>\n<meta property=\"article:publisher\" content=\"https:\/\/www.facebook.com\/Portal-Urbano-171542830093757\/\" \/>\n<meta property=\"article:published_time\" content=\"2022-03-21T21:51:34+00:00\" \/>\n<meta property=\"article:modified_time\" content=\"2022-03-21T21:54:08+00:00\" \/>\n<meta property=\"og:image\" content=\"https:\/\/experienciadevida.com.ar\/portalurbano\/wp-content\/uploads\/2022\/03\/Martin-Endere-sobre-la.jpg\" \/>\n\t<meta property=\"og:image:width\" content=\"1000\" \/>\n\t<meta property=\"og:image:height\" content=\"668\" \/>\n\t<meta property=\"og:image:type\" content=\"image\/jpeg\" \/>\n<meta name=\"author\" content=\"admpu17wp\" \/>\n<meta name=\"twitter:card\" content=\"summary_large_image\" \/>\n<meta name=\"twitter:creator\" content=\"@portalurbanook\" \/>\n<meta name=\"twitter:site\" content=\"@portalurbanook\" \/>\n<meta name=\"twitter:label1\" content=\"Escrito por\" \/>\n\t<meta name=\"twitter:data1\" content=\"admpu17wp\" \/>\n\t<meta name=\"twitter:label2\" content=\"Tiempo de lectura\" \/>\n\t<meta name=\"twitter:data2\" content=\"2 minutos\" \/>\n<script type=\"application\/ld+json\" class=\"yoast-schema-graph\">{\"@context\":\"https:\/\/schema.org\",\"@graph\":[{\"@type\":\"Article\",\"@id\":\"https:\/\/experienciadevida.com.ar\/portalurbano\/martin-endere-sobre-la-adjudicacion-del-transporte-interurbano-es-una-mejora-y-excelente-noticia-para-las-localidades\/#article\",\"isPartOf\":{\"@id\":\"https:\/\/experienciadevida.com.ar\/portalurbano\/martin-endere-sobre-la-adjudicacion-del-transporte-interurbano-es-una-mejora-y-excelente-noticia-para-las-localidades\/\"},\"author\":{\"name\":\"admpu17wp\",\"@id\":\"https:\/\/experienciadevida.com.ar\/portalurbano\/#\/schema\/person\/02dd326b1c4b056e9cc972486934a3a7\"},\"headline\":\"Mart\u00edn Endere sobre la adjudicaci\u00f3n del transporte interurbano: \u201ces una mejora y excelente noticia para las localidades\u201d\",\"datePublished\":\"2022-03-21T21:51:34+00:00\",\"dateModified\":\"2022-03-21T21:54:08+00:00\",\"mainEntityOfPage\":{\"@id\":\"https:\/\/experienciadevida.com.ar\/portalurbano\/martin-endere-sobre-la-adjudicacion-del-transporte-interurbano-es-una-mejora-y-excelente-noticia-para-las-localidades\/\"},\"wordCount\":293,\"publisher\":{\"@id\":\"https:\/\/experienciadevida.com.ar\/portalurbano\/#organization\"},\"articleSection\":[\"Ciudad\",\"Destacadas\"],\"inLanguage\":\"es\"},{\"@type\":\"WebPage\",\"@id\":\"https:\/\/experienciadevida.com.ar\/portalurbano\/martin-endere-sobre-la-adjudicacion-del-transporte-interurbano-es-una-mejora-y-excelente-noticia-para-las-localidades\/\",\"url\":\"https:\/\/experienciadevida.com.ar\/portalurbano\/martin-endere-sobre-la-adjudicacion-del-transporte-interurbano-es-una-mejora-y-excelente-noticia-para-las-localidades\/\",\"name\":\"Mart\u00edn Endere sobre la adjudicaci\u00f3n del transporte interurbano\",\"isPartOf\":{\"@id\":\"https:\/\/experienciadevida.com.ar\/portalurbano\/#website\"},\"datePublished\":\"2022-03-21T21:51:34+00:00\",\"dateModified\":\"2022-03-21T21:54:08+00:00\",\"description\":\"Mart\u00edn Endere sobre la adjudicaci\u00f3n del transporte interurbano: \u201ces una mejora y excelente noticia para las localidades\u201d.\",\"breadcrumb\":{\"@id\":\"https:\/\/experienciadevida.com.ar\/portalurbano\/martin-endere-sobre-la-adjudicacion-del-transporte-interurbano-es-una-mejora-y-excelente-noticia-para-las-localidades\/#breadcrumb\"},\"inLanguage\":\"es\",\"potentialAction\":[{\"@type\":\"ReadAction\",\"target\":[\"https:\/\/experienciadevida.com.ar\/portalurbano\/martin-endere-sobre-la-adjudicacion-del-transporte-interurbano-es-una-mejora-y-excelente-noticia-para-las-localidades\/\"]}]},{\"@type\":\"BreadcrumbList\",\"@id\":\"https:\/\/experienciadevida.com.ar\/portalurbano\/martin-endere-sobre-la-adjudicacion-del-transporte-interurbano-es-una-mejora-y-excelente-noticia-para-las-localidades\/#breadcrumb\",\"itemListElement\":[{\"@type\":\"ListItem\",\"position\":1,\"name\":\"Portada\",\"item\":\"https:\/\/experienciadevida.com.ar\/portalurbano\/\"},{\"@type\":\"ListItem\",\"position\":2,\"name\":\"Mart\u00edn Endere sobre la adjudicaci\u00f3n del transporte interurbano: \u201ces una mejora y excelente noticia para las localidades\u201d\"}]},{\"@type\":\"WebSite\",\"@id\":\"https:\/\/experienciadevida.com.ar\/portalurbano\/#website\",\"url\":\"https:\/\/experienciadevida.com.ar\/portalurbano\/\",\"name\":\"\",\"description\":\"\",\"publisher\":{\"@id\":\"https:\/\/experienciadevida.com.ar\/portalurbano\/#organization\"},\"potentialAction\":[{\"@type\":\"SearchAction\",\"target\":{\"@type\":\"EntryPoint\",\"urlTemplate\":\"https:\/\/experienciadevida.com.ar\/portalurbano\/?s={search_term_string}\"},\"query-input\":\"required name=search_term_string\"}],\"inLanguage\":\"es\"},{\"@type\":\"Organization\",\"@id\":\"https:\/\/experienciadevida.com.ar\/portalurbano\/#organization\",\"name\":\"Portal Urbano\",\"url\":\"https:\/\/experienciadevida.com.ar\/portalurbano\/\",\"logo\":{\"@type\":\"ImageObject\",\"inLanguage\":\"es\",\"@id\":\"https:\/\/experienciadevida.com.ar\/portalurbano\/#\/schema\/logo\/image\/\",\"url\":\"https:\/\/experienciadevida.com.ar\/portalurbano\/wp-content\/uploads\/2019\/09\/Logo-Original.png\",\"contentUrl\":\"https:\/\/experienciadevida.com.ar\/portalurbano\/wp-content\/uploads\/2019\/09\/Logo-Original.png\",\"width\":2236,\"height\":1216,\"caption\":\"Portal Urbano\"},\"image\":{\"@id\":\"https:\/\/experienciadevida.com.ar\/portalurbano\/#\/schema\/logo\/image\/\"},\"sameAs\":[\"https:\/\/www.facebook.com\/Portal-Urbano-171542830093757\/\",\"https:\/\/twitter.com\/portalurbanook\",\"https:\/\/www.instagram.com\/_portalurbano\/\",\"https:\/\/www.youtube.com\/channel\/UCXhagIfszH8KxFiOok79zbA?view_as=subscriber\"]},{\"@type\":\"Person\",\"@id\":\"https:\/\/experienciadevida.com.ar\/portalurbano\/#\/schema\/person\/02dd326b1c4b056e9cc972486934a3a7\",\"name\":\"admpu17wp\",\"image\":{\"@type\":\"ImageObject\",\"inLanguage\":\"es\",\"@id\":\"https:\/\/experienciadevida.com.ar\/portalurbano\/#\/schema\/person\/image\/\",\"url\":\"https:\/\/secure.gravatar.com\/avatar\/830d4c57adaae6630765e449a6908047?s=96&d=mm&r=g\",\"contentUrl\":\"https:\/\/secure.gravatar.com\/avatar\/830d4c57adaae6630765e449a6908047?s=96&d=mm&r=g\",\"caption\":\"admpu17wp\"}}]}<\/script>\n<!-- \/ Yoast SEO plugin. -->","yoast_head_json":{"title":"Mart\u00edn Endere sobre la adjudicaci\u00f3n del transporte interurbano","description":"Mart\u00edn Endere sobre la adjudicaci\u00f3n del transporte interurbano: \u201ces una mejora y excelente noticia para las localidades\u201d.","robots":{"index":"index","follow":"follow","max-snippet":"max-snippet:-1","max-image-preview":"max-image-preview:large","max-video-preview":"max-video-preview:-1"},"canonical":"https:\/\/experienciadevida.com.ar\/portalurbano\/martin-endere-sobre-la-adjudicacion-del-transporte-interurbano-es-una-mejora-y-excelente-noticia-para-las-localidades\/","og_locale":"es_ES","og_type":"article","og_title":"Mart\u00edn Endere sobre la adjudicaci\u00f3n del transporte interurbano","og_description":"Mart\u00edn Endere sobre la adjudicaci\u00f3n del transporte interurbano: \u201ces una mejora y excelente noticia para las localidades\u201d.","og_url":"https:\/\/experienciadevida.com.ar\/portalurbano\/martin-endere-sobre-la-adjudicacion-del-transporte-interurbano-es-una-mejora-y-excelente-noticia-para-las-localidades\/","article_publisher":"https:\/\/www.facebook.com\/Portal-Urbano-171542830093757\/","article_published_time":"2022-03-21T21:51:34+00:00","article_modified_time":"2022-03-21T21:54:08+00:00","og_image":[{"width":1000,"height":668,"url":"https:\/\/experienciadevida.com.ar\/portalurbano\/wp-content\/uploads\/2022\/03\/Martin-Endere-sobre-la.jpg","type":"image\/jpeg"}],"author":"admpu17wp","twitter_card":"summary_large_image","twitter_creator":"@portalurbanook","twitter_site":"@portalurbanook","twitter_misc":{"Escrito por":"admpu17wp","Tiempo de lectura":"2 minutos"},"schema":{"@context":"https:\/\/schema.org","@graph":[{"@type":"Article","@id":"https:\/\/experienciadevida.com.ar\/portalurbano\/martin-endere-sobre-la-adjudicacion-del-transporte-interurbano-es-una-mejora-y-excelente-noticia-para-las-localidades\/#article","isPartOf":{"@id":"https:\/\/experienciadevida.com.ar\/portalurbano\/martin-endere-sobre-la-adjudicacion-del-transporte-interurbano-es-una-mejora-y-excelente-noticia-para-las-localidades\/"},"author":{"name":"admpu17wp","@id":"https:\/\/experienciadevida.com.ar\/portalurbano\/#\/schema\/person\/02dd326b1c4b056e9cc972486934a3a7"},"headline":"Mart\u00edn Endere sobre la adjudicaci\u00f3n del transporte interurbano: \u201ces una mejora y excelente noticia para las localidades\u201d","datePublished":"2022-03-21T21:51:34+00:00","dateModified":"2022-03-21T21:54:08+00:00","mainEntityOfPage":{"@id":"https:\/\/experienciadevida.com.ar\/portalurbano\/martin-endere-sobre-la-adjudicacion-del-transporte-interurbano-es-una-mejora-y-excelente-noticia-para-las-localidades\/"},"wordCount":293,"publisher":{"@id":"https:\/\/experienciadevida.com.ar\/portalurbano\/#organization"},"articleSection":["Ciudad","Destacadas"],"inLanguage":"es"},{"@type":"WebPage","@id":"https:\/\/experienciadevida.com.ar\/portalurbano\/martin-endere-sobre-la-adjudicacion-del-transporte-interurbano-es-una-mejora-y-excelente-noticia-para-las-localidades\/","url":"https:\/\/experienciadevida.com.ar\/portalurbano\/martin-endere-sobre-la-adjudicacion-del-transporte-interurbano-es-una-mejora-y-excelente-noticia-para-las-localidades\/","name":"Mart\u00edn Endere sobre la adjudicaci\u00f3n del transporte interurbano","isPartOf":{"@id":"https:\/\/experienciadevida.com.ar\/portalurbano\/#website"},"datePublished":"2022-03-21T21:51:34+00:00","dateModified":"2022-03-21T21:54:08+00:00","description":"Mart\u00edn Endere sobre la adjudicaci\u00f3n del transporte interurbano: \u201ces una mejora y excelente noticia para las localidades\u201d.","breadcrumb":{"@id":"https:\/\/experienciadevida.com.ar\/portalurbano\/martin-endere-sobre-la-adjudicacion-del-transporte-interurbano-es-una-mejora-y-excelente-noticia-para-las-localidades\/#breadcrumb"},"inLanguage":"es","potentialAction":[{"@type":"ReadAction","target":["https:\/\/experienciadevida.com.ar\/portalurbano\/martin-endere-sobre-la-adjudicacion-del-transporte-interurbano-es-una-mejora-y-excelente-noticia-para-las-localidades\/"]}]},{"@type":"BreadcrumbList","@id":"https:\/\/experienciadevida.com.ar\/portalurbano\/martin-endere-sobre-la-adjudicacion-del-transporte-interurbano-es-una-mejora-y-excelente-noticia-para-las-localidades\/#breadcrumb","itemListElement":[{"@type":"ListItem","position":1,"name":"Portada","item":"https:\/\/experienciadevida.com.ar\/portalurbano\/"},{"@type":"ListItem","position":2,"name":"Mart\u00edn Endere sobre la adjudicaci\u00f3n del transporte interurbano: \u201ces una mejora y excelente noticia para las localidades\u201d"}]},{"@type":"WebSite","@id":"https:\/\/experienciadevida.com.ar\/portalurbano\/#website","url":"https:\/\/experienciadevida.com.ar\/portalurbano\/","name":"","description":"","publisher":{"@id":"https:\/\/experienciadevida.com.ar\/portalurbano\/#organization"},"potentialAction":[{"@type":"SearchAction","target":{"@type":"EntryPoint","urlTemplate":"https:\/\/experienciadevida.com.ar\/portalurbano\/?s={search_term_string}"},"query-input":"required name=search_term_string"}],"inLanguage":"es"},{"@type":"Organization","@id":"https:\/\/experienciadevida.com.ar\/portalurbano\/#organization","name":"Portal Urbano","url":"https:\/\/experienciadevida.com.ar\/portalurbano\/","logo":{"@type":"ImageObject","inLanguage":"es","@id":"https:\/\/experienciadevida.com.ar\/portalurbano\/#\/schema\/logo\/image\/","url":"https:\/\/experienciadevida.com.ar\/portalurbano\/wp-content\/uploads\/2019\/09\/Logo-Original.png","contentUrl":"https:\/\/experienciadevida.com.ar\/portalurbano\/wp-content\/uploads\/2019\/09\/Logo-Original.png","width":2236,"height":1216,"caption":"Portal Urbano"},"image":{"@id":"https:\/\/experienciadevida.com.ar\/portalurbano\/#\/schema\/logo\/image\/"},"sameAs":["https:\/\/www.facebook.com\/Portal-Urbano-171542830093757\/","https:\/\/twitter.com\/portalurbanook","https:\/\/www.instagram.com\/_portalurbano\/","https:\/\/www.youtube.com\/channel\/UCXhagIfszH8KxFiOok79zbA?view_as=subscriber"]},{"@type":"Person","@id":"https:\/\/experienciadevida.com.ar\/portalurbano\/#\/schema\/person\/02dd326b1c4b056e9cc972486934a3a7","name":"admpu17wp","image":{"@type":"ImageObject","inLanguage":"es","@id":"https:\/\/experienciadevida.com.ar\/portalurbano\/#\/schema\/person\/image\/","url":"https:\/\/secure.gravatar.com\/avatar\/830d4c57adaae6630765e449a6908047?s=96&d=mm&r=g","contentUrl":"https:\/\/secure.gravatar.com\/avatar\/830d4c57adaae6630765e449a6908047?s=96&d=mm&r=g","caption":"admpu17wp"}}]}},"featured_image_urls":{"full":["https:\/\/experienciadevida.com.ar\/portalurbano\/wp-content\/uploads\/2022\/03\/Martin-Endere-sobre-la.jpg",1000,668,false],"thumbnail":["https:\/\/experienciadevida.com.ar\/portalurbano\/wp-content\/uploads\/2022\/03\/Martin-Endere-sobre-la-150x150.jpg",150,150,true],"medium":["https:\/\/experienciadevida.com.ar\/portalurbano\/wp-content\/uploads\/2022\/03\/Martin-Endere-sobre-la-300x200.jpg",300,200,true],"medium_large":["https:\/\/experienciadevida.com.ar\/portalurbano\/wp-content\/uploads\/2022\/03\/Martin-Endere-sobre-la-768x513.jpg",640,428,true],"large":["https:\/\/experienciadevida.com.ar\/portalurbano\/wp-content\/uploads\/2022\/03\/Martin-Endere-sobre-la.jpg",640,428,false],"ug_big":["https:\/\/experienciadevida.com.ar\/portalurbano\/wp-content\/uploads\/2022\/03\/Martin-Endere-sobre-la-768x513.jpg",768,513,true],"1536x1536":["https:\/\/experienciadevida.com.ar\/portalurbano\/wp-content\/uploads\/2022\/03\/Martin-Endere-sobre-la.jpg",1000,668,false],"2048x2048":["https:\/\/experienciadevida.com.ar\/portalurbano\/wp-content\/uploads\/2022\/03\/Martin-Endere-sobre-la.jpg",1000,668,false],"newsever-slider-full":["https:\/\/experienciadevida.com.ar\/portalurbano\/wp-content\/uploads\/2022\/03\/Martin-Endere-sobre-la.jpg",1000,668,false],"newsever-featured":["https:\/\/experienciadevida.com.ar\/portalurbano\/wp-content\/uploads\/2022\/03\/Martin-Endere-sobre-la.jpg",1000,668,false],"newsever-medium":["https:\/\/experienciadevida.com.ar\/portalurbano\/wp-content\/uploads\/2022\/03\/Martin-Endere-sobre-la.jpg",711,475,false],"web-stories-poster-portrait":["https:\/\/experienciadevida.com.ar\/portalurbano\/wp-content\/uploads\/2022\/03\/Martin-Endere-sobre-la.jpg",640,428,false],"web-stories-publisher-logo":["https:\/\/experienciadevida.com.ar\/portalurbano\/wp-content\/uploads\/2022\/03\/Martin-Endere-sobre-la.jpg",96,64,false],"web-stories-thumbnail":["https:\/\/experienciadevida.com.ar\/portalurbano\/wp-content\/uploads\/2022\/03\/Martin-Endere-sobre-la.jpg",150,100,false]},"author_info":{"display_name":"admpu17wp","author_link":"https:\/\/experienciadevida.com.ar\/portalurbano\/author\/admpu17wp\/"},"category_info":"<a href=\"https:\/\/experienciadevida.com.ar\/portalurbano\/category\/ciudad\/\" rel=\"category tag\">Ciudad<\/a> <a href=\"https:\/\/experienciadevida.com.ar\/portalurbano\/category\/destacadas\/\" rel=\"category tag\">Destacadas<\/a>","tag_info":"Destacadas","comment_count":"0","amp_enabled":true,"_links":{"self":[{"href":"https:\/\/experienciadevida.com.ar\/portalurbano\/wp-json\/wp\/v2\/posts\/163874"}],"collection":[{"href":"https:\/\/experienciadevida.com.ar\/portalurbano\/wp-json\/wp\/v2\/posts"}],"about":[{"href":"https:\/\/experienciadevida.com.ar\/portalurbano\/wp-json\/wp\/v2\/types\/post"}],"author":[{"embeddable":true,"href":"https:\/\/experienciadevida.com.ar\/portalurbano\/wp-json\/wp\/v2\/users\/1"}],"replies":[{"embeddable":true,"href":"https:\/\/experienciadevida.com.ar\/portalurbano\/wp-json\/wp\/v2\/comments?post=163874"}],"version-history":[{"count":1,"href":"https:\/\/experienciadevida.com.ar\/portalurbano\/wp-json\/wp\/v2\/posts\/163874\/revisions"}],"predecessor-version":[{"id":163876,"href":"https:\/\/experienciadevida.com.ar\/portalurbano\/wp-json\/wp\/v2\/posts\/163874\/revisions\/163876"}],"wp:featuredmedia":[{"embeddable":true,"href":"https:\/\/experienciadevida.com.ar\/portalurbano\/wp-json\/wp\/v2\/media\/163875"}],"wp:attachment":[{"href":"https:\/\/experienciadevida.com.ar\/portalurbano\/wp-json\/wp\/v2\/media?parent=163874"}],"wp:term":[{"taxonomy":"category","embeddable":true,"href":"https:\/\/experienciadevida.com.ar\/portalurbano\/wp-json\/wp\/v2\/categories?post=163874"},{"taxonomy":"post_tag","embeddable":true,"href":"https:\/\/experienciadevida.com.ar\/portalurbano\/wp-json\/wp\/v2\/tags?post=163874"}],"curies":[{"name":"wp","href":"https:\/\/api.w.org\/{rel}","templated":true}]}}