{"id":163855,"date":"2022-03-21T14:27:51","date_gmt":"2022-03-21T17:27:51","guid":{"rendered":"https:\/\/experienciadevida.com.ar\/portalurbano\/?p=163855"},"modified":"2022-03-21T14:28:21","modified_gmt":"2022-03-21T17:28:21","slug":"nuevo-calendario-de-recoleccion-de-giro-para-san-vicente","status":"publish","type":"post","link":"https:\/\/experienciadevida.com.ar\/portalurbano\/nuevo-calendario-de-recoleccion-de-giro-para-san-vicente\/","title":{"rendered":"Nuevo calendario de recolecci\u00f3n de GIRO para San Vicente"},"content":{"rendered":"<p>Nuevo calendario de recolecci\u00f3n de GIRO para San Vicente, la prueba piloto de la Gesti\u00f3n Integral de Residuos Olavarr\u00eda (GIRO) avanza. El Programa se consolida con el acompa\u00f1amiento de los\/as vecinos\/as en la co-creaci\u00f3n de un nuevo paradigma en gesti\u00f3n de residuos. En este sentido, para facilitar la transici\u00f3n al h\u00e1bito de separar en el hogar y respetar la recolecci\u00f3n diferenciada, a partir del lunes 28 de marzo se modificar\u00e1 el sistema de recolecci\u00f3n incorporando una frecuencia m\u00e1s a la corriente de basura.<\/p>\n<p>Ser\u00e1 en la zona piloto del barrio San Vicente (comprendida entre las avenidas Avellaneda y Pueyrred\u00f3n y entre Lavalle y las v\u00edas junto con las dos manzanas entre la avenida Avellaneda y Giovanelli, y entre Lavalle y Riobamba; y tambi\u00e9n entre Pueyrred\u00f3n y Del Valle y entre las calles Rivadavia y Lavalle).<\/p>\n<p>El nuevo calendario de recolecci\u00f3n de los 2000 hogares del barrio San Vicente comprendidos por GIRO es el siguiente: lunes- basura, martes-reciclables, mi\u00e9rcoles-basura, jueves-compostables, viernes-basura.<\/p>\n<p>En GIRO acompa\u00f1amos a todos\/as los\/as vecinos\/as en esta transformaci\u00f3n y facilitamos la participaci\u00f3n de los hogares para multiplicar la cantidad y la calidad de reciclables y compostables recuperados. Nuestro prop\u00f3sito es que cada vecino\/a pueda acopiar de forma segura y c\u00f3moda en su casa y asegurar que los materiales lleguen de manera prolija y limpia a la planta para luego ser clasificados, procesados y preparados para su reinserci\u00f3n en el circuito econ\u00f3mico y social.<\/p>\n<p>\u201cLa premisa de GIRO es trabajar con la comunidad olavarriense y poner a los usuarios del servicio en el centro. Nuestra fortaleza es que acompa\u00f1amos a los residentes en los desaf\u00edos que implican la separaci\u00f3n en el hogar y la recolecci\u00f3n diferenciada. Empatizamos con la dificultad que manifiestan tener algunos vecinos con la frecuencia de recolecci\u00f3n de basura y por eso vamos a probar qu\u00e9 pasa si agregamos un d\u00eda m\u00e1s de recolecci\u00f3n. Ahora los mi\u00e9rcoles se recolectar\u00e1 basura y los compostables ser\u00e1n retirados los d\u00edas jueves, siguiendo vigente la recolecci\u00f3n nocturna. El objetivo de ese cambio es facilitar la transici\u00f3n y confirmar si un d\u00eda m\u00e1s de recolecci\u00f3n de basura estimula la participaci\u00f3n e incentiva a los hogares a separar sus residuos y sacarlos el d\u00eda correcto\u201d, sostuvo la subsecretaria de Empresas e Inversiones Emilia D\u00edaz.<\/p>\n<p>De esta manera \u201coptimizamos el servicio en funci\u00f3n de las necesidades del usuario porque queremos facilitar el cumplimiento de las corrientes de separaci\u00f3n y los d\u00edas de recolecci\u00f3n, para que los trabajadores clasificadores puedan llevar adelante su parte en condiciones seguras e higi\u00e9nicas\u201d.<\/p>\n<p>Hace un a\u00f1o, en marzo de 2021, se lanz\u00f3 el primer piloto en el barrio Los Robles. Desde entonces creci\u00f3 hasta San Vicente y se trabaja en conjunto con cada uno de los vecinos comprendidos por el Programa GIRO, para lograr un sistema de gesti\u00f3n de residuos que se adapte a sus necesidades y que facilite el cambio social y ambiental que se necesita en la ciudad.<\/p>\n<p>En este primer a\u00f1o, el proyecto GIRO recuperaron m\u00e1s de 50 toneladas de residuos que provinieron de los 2.300 hogares que participan de la experiencia.<\/p>\n","protected":false},"excerpt":{"rendered":"<p>Nuevo calendario de recolecci\u00f3n de GIRO para San Vicente, la prueba piloto de la Gesti\u00f3n&#8230;<\/p>\n","protected":false},"author":1,"featured_media":144634,"comment_status":"closed","ping_status":"closed","sticky":false,"template":"","format":"standard","meta":{"content-type":""},"categories":[27],"tags":[],"nelio_content":{"isAutoShareEnabled":false,"autoShareEndMode":"default","automationSources":{"useContentSentences":true,"useSocialTemplates":true,"useCustomSentences":false,"customSentences":[]},"followers":[1],"suggestedReferences":[],"includedReferences":[],"efiUrl":"","efiAlt":"","highlights":[]},"yoast_head":"<!-- This site is optimized with the Yoast SEO plugin v20.7 - https:\/\/yoast.com\/wordpress\/plugins\/seo\/ -->\n<title>Nuevo calendario de recolecci\u00f3n de GIRO para San Vicente<\/title>\n<meta name=\"description\" content=\"Nuevo calendario de recolecci\u00f3n de GIRO para San Vicente, la prueba piloto de la Gesti\u00f3n Integral de Residuos Olavarr\u00eda (GIRO) avanza\" \/>\n<meta name=\"robots\" content=\"index, follow, max-snippet:-1, max-image-preview:large, max-video-preview:-1\" \/>\n<link rel=\"canonical\" href=\"https:\/\/experienciadevida.com.ar\/portalurbano\/nuevo-calendario-de-recoleccion-de-giro-para-san-vicente\/\" \/>\n<meta property=\"og:locale\" content=\"es_ES\" \/>\n<meta property=\"og:type\" content=\"article\" \/>\n<meta property=\"og:title\" content=\"Nuevo calendario de recolecci\u00f3n de GIRO para San Vicente\" \/>\n<meta property=\"og:description\" content=\"Nuevo calendario de recolecci\u00f3n de GIRO para San Vicente, la prueba piloto de la Gesti\u00f3n Integral de Residuos Olavarr\u00eda (GIRO) avanza\" \/>\n<meta property=\"og:url\" content=\"https:\/\/experienciadevida.com.ar\/portalurbano\/nuevo-calendario-de-recoleccion-de-giro-para-san-vicente\/\" \/>\n<meta property=\"article:publisher\" content=\"https:\/\/www.facebook.com\/Portal-Urbano-171542830093757\/\" \/>\n<meta property=\"article:published_time\" content=\"2022-03-21T17:27:51+00:00\" \/>\n<meta property=\"article:modified_time\" content=\"2022-03-21T17:28:21+00:00\" \/>\n<meta property=\"og:image\" content=\"https:\/\/experienciadevida.com.ar\/portalurbano\/wp-content\/uploads\/2021\/06\/GIRO-llega-a-San-Vicente.jpg\" \/>\n\t<meta property=\"og:image:width\" content=\"765\" \/>\n\t<meta property=\"og:image:height\" content=\"426\" \/>\n\t<meta property=\"og:image:type\" content=\"image\/jpeg\" \/>\n<meta name=\"author\" content=\"admpu17wp\" \/>\n<meta name=\"twitter:card\" content=\"summary_large_image\" \/>\n<meta name=\"twitter:creator\" content=\"@portalurbanook\" \/>\n<meta name=\"twitter:site\" content=\"@portalurbanook\" \/>\n<meta name=\"twitter:label1\" content=\"Escrito por\" \/>\n\t<meta name=\"twitter:data1\" content=\"admpu17wp\" \/>\n\t<meta name=\"twitter:label2\" content=\"Tiempo de lectura\" \/>\n\t<meta name=\"twitter:data2\" content=\"3 minutos\" \/>\n<script type=\"application\/ld+json\" class=\"yoast-schema-graph\">{\"@context\":\"https:\/\/schema.org\",\"@graph\":[{\"@type\":\"Article\",\"@id\":\"https:\/\/experienciadevida.com.ar\/portalurbano\/nuevo-calendario-de-recoleccion-de-giro-para-san-vicente\/#article\",\"isPartOf\":{\"@id\":\"https:\/\/experienciadevida.com.ar\/portalurbano\/nuevo-calendario-de-recoleccion-de-giro-para-san-vicente\/\"},\"author\":{\"name\":\"admpu17wp\",\"@id\":\"https:\/\/experienciadevida.com.ar\/portalurbano\/#\/schema\/person\/02dd326b1c4b056e9cc972486934a3a7\"},\"headline\":\"Nuevo calendario de recolecci\u00f3n de GIRO para San Vicente\",\"datePublished\":\"2022-03-21T17:27:51+00:00\",\"dateModified\":\"2022-03-21T17:28:21+00:00\",\"mainEntityOfPage\":{\"@id\":\"https:\/\/experienciadevida.com.ar\/portalurbano\/nuevo-calendario-de-recoleccion-de-giro-para-san-vicente\/\"},\"wordCount\":570,\"publisher\":{\"@id\":\"https:\/\/experienciadevida.com.ar\/portalurbano\/#organization\"},\"articleSection\":[\"Ciudad\"],\"inLanguage\":\"es\"},{\"@type\":\"WebPage\",\"@id\":\"https:\/\/experienciadevida.com.ar\/portalurbano\/nuevo-calendario-de-recoleccion-de-giro-para-san-vicente\/\",\"url\":\"https:\/\/experienciadevida.com.ar\/portalurbano\/nuevo-calendario-de-recoleccion-de-giro-para-san-vicente\/\",\"name\":\"Nuevo calendario de recolecci\u00f3n de GIRO para San Vicente\",\"isPartOf\":{\"@id\":\"https:\/\/experienciadevida.com.ar\/portalurbano\/#website\"},\"datePublished\":\"2022-03-21T17:27:51+00:00\",\"dateModified\":\"2022-03-21T17:28:21+00:00\",\"description\":\"Nuevo calendario de recolecci\u00f3n de GIRO para San Vicente, la prueba piloto de la Gesti\u00f3n Integral de Residuos Olavarr\u00eda (GIRO) avanza\",\"breadcrumb\":{\"@id\":\"https:\/\/experienciadevida.com.ar\/portalurbano\/nuevo-calendario-de-recoleccion-de-giro-para-san-vicente\/#breadcrumb\"},\"inLanguage\":\"es\",\"potentialAction\":[{\"@type\":\"ReadAction\",\"target\":[\"https:\/\/experienciadevida.com.ar\/portalurbano\/nuevo-calendario-de-recoleccion-de-giro-para-san-vicente\/\"]}]},{\"@type\":\"BreadcrumbList\",\"@id\":\"https:\/\/experienciadevida.com.ar\/portalurbano\/nuevo-calendario-de-recoleccion-de-giro-para-san-vicente\/#breadcrumb\",\"itemListElement\":[{\"@type\":\"ListItem\",\"position\":1,\"name\":\"Portada\",\"item\":\"https:\/\/experienciadevida.com.ar\/portalurbano\/\"},{\"@type\":\"ListItem\",\"position\":2,\"name\":\"Nuevo calendario de recolecci\u00f3n de GIRO para San Vicente\"}]},{\"@type\":\"WebSite\",\"@id\":\"https:\/\/experienciadevida.com.ar\/portalurbano\/#website\",\"url\":\"https:\/\/experienciadevida.com.ar\/portalurbano\/\",\"name\":\"\",\"description\":\"\",\"publisher\":{\"@id\":\"https:\/\/experienciadevida.com.ar\/portalurbano\/#organization\"},\"potentialAction\":[{\"@type\":\"SearchAction\",\"target\":{\"@type\":\"EntryPoint\",\"urlTemplate\":\"https:\/\/experienciadevida.com.ar\/portalurbano\/?s={search_term_string}\"},\"query-input\":\"required name=search_term_string\"}],\"inLanguage\":\"es\"},{\"@type\":\"Organization\",\"@id\":\"https:\/\/experienciadevida.com.ar\/portalurbano\/#organization\",\"name\":\"Portal Urbano\",\"url\":\"https:\/\/experienciadevida.com.ar\/portalurbano\/\",\"logo\":{\"@type\":\"ImageObject\",\"inLanguage\":\"es\",\"@id\":\"https:\/\/experienciadevida.com.ar\/portalurbano\/#\/schema\/logo\/image\/\",\"url\":\"https:\/\/experienciadevida.com.ar\/portalurbano\/wp-content\/uploads\/2019\/09\/Logo-Original.png\",\"contentUrl\":\"https:\/\/experienciadevida.com.ar\/portalurbano\/wp-content\/uploads\/2019\/09\/Logo-Original.png\",\"width\":2236,\"height\":1216,\"caption\":\"Portal Urbano\"},\"image\":{\"@id\":\"https:\/\/experienciadevida.com.ar\/portalurbano\/#\/schema\/logo\/image\/\"},\"sameAs\":[\"https:\/\/www.facebook.com\/Portal-Urbano-171542830093757\/\",\"https:\/\/twitter.com\/portalurbanook\",\"https:\/\/www.instagram.com\/_portalurbano\/\",\"https:\/\/www.youtube.com\/channel\/UCXhagIfszH8KxFiOok79zbA?view_as=subscriber\"]},{\"@type\":\"Person\",\"@id\":\"https:\/\/experienciadevida.com.ar\/portalurbano\/#\/schema\/person\/02dd326b1c4b056e9cc972486934a3a7\",\"name\":\"admpu17wp\",\"image\":{\"@type\":\"ImageObject\",\"inLanguage\":\"es\",\"@id\":\"https:\/\/experienciadevida.com.ar\/portalurbano\/#\/schema\/person\/image\/\",\"url\":\"https:\/\/secure.gravatar.com\/avatar\/830d4c57adaae6630765e449a6908047?s=96&d=mm&r=g\",\"contentUrl\":\"https:\/\/secure.gravatar.com\/avatar\/830d4c57adaae6630765e449a6908047?s=96&d=mm&r=g\",\"caption\":\"admpu17wp\"}}]}<\/script>\n<!-- \/ Yoast SEO plugin. -->","yoast_head_json":{"title":"Nuevo calendario de recolecci\u00f3n de GIRO para San Vicente","description":"Nuevo calendario de recolecci\u00f3n de GIRO para San Vicente, la prueba piloto de la Gesti\u00f3n Integral de Residuos Olavarr\u00eda (GIRO) avanza","robots":{"index":"index","follow":"follow","max-snippet":"max-snippet:-1","max-image-preview":"max-image-preview:large","max-video-preview":"max-video-preview:-1"},"canonical":"https:\/\/experienciadevida.com.ar\/portalurbano\/nuevo-calendario-de-recoleccion-de-giro-para-san-vicente\/","og_locale":"es_ES","og_type":"article","og_title":"Nuevo calendario de recolecci\u00f3n de GIRO para San Vicente","og_description":"Nuevo calendario de recolecci\u00f3n de GIRO para San Vicente, la prueba piloto de la Gesti\u00f3n Integral de Residuos Olavarr\u00eda (GIRO) avanza","og_url":"https:\/\/experienciadevida.com.ar\/portalurbano\/nuevo-calendario-de-recoleccion-de-giro-para-san-vicente\/","article_publisher":"https:\/\/www.facebook.com\/Portal-Urbano-171542830093757\/","article_published_time":"2022-03-21T17:27:51+00:00","article_modified_time":"2022-03-21T17:28:21+00:00","og_image":[{"width":765,"height":426,"url":"https:\/\/experienciadevida.com.ar\/portalurbano\/wp-content\/uploads\/2021\/06\/GIRO-llega-a-San-Vicente.jpg","type":"image\/jpeg"}],"author":"admpu17wp","twitter_card":"summary_large_image","twitter_creator":"@portalurbanook","twitter_site":"@portalurbanook","twitter_misc":{"Escrito por":"admpu17wp","Tiempo de lectura":"3 minutos"},"schema":{"@context":"https:\/\/schema.org","@graph":[{"@type":"Article","@id":"https:\/\/experienciadevida.com.ar\/portalurbano\/nuevo-calendario-de-recoleccion-de-giro-para-san-vicente\/#article","isPartOf":{"@id":"https:\/\/experienciadevida.com.ar\/portalurbano\/nuevo-calendario-de-recoleccion-de-giro-para-san-vicente\/"},"author":{"name":"admpu17wp","@id":"https:\/\/experienciadevida.com.ar\/portalurbano\/#\/schema\/person\/02dd326b1c4b056e9cc972486934a3a7"},"headline":"Nuevo calendario de recolecci\u00f3n de GIRO para San Vicente","datePublished":"2022-03-21T17:27:51+00:00","dateModified":"2022-03-21T17:28:21+00:00","mainEntityOfPage":{"@id":"https:\/\/experienciadevida.com.ar\/portalurbano\/nuevo-calendario-de-recoleccion-de-giro-para-san-vicente\/"},"wordCount":570,"publisher":{"@id":"https:\/\/experienciadevida.com.ar\/portalurbano\/#organization"},"articleSection":["Ciudad"],"inLanguage":"es"},{"@type":"WebPage","@id":"https:\/\/experienciadevida.com.ar\/portalurbano\/nuevo-calendario-de-recoleccion-de-giro-para-san-vicente\/","url":"https:\/\/experienciadevida.com.ar\/portalurbano\/nuevo-calendario-de-recoleccion-de-giro-para-san-vicente\/","name":"Nuevo calendario de recolecci\u00f3n de GIRO para San Vicente","isPartOf":{"@id":"https:\/\/experienciadevida.com.ar\/portalurbano\/#website"},"datePublished":"2022-03-21T17:27:51+00:00","dateModified":"2022-03-21T17:28:21+00:00","description":"Nuevo calendario de recolecci\u00f3n de GIRO para San Vicente, la prueba piloto de la Gesti\u00f3n Integral de Residuos Olavarr\u00eda (GIRO) avanza","breadcrumb":{"@id":"https:\/\/experienciadevida.com.ar\/portalurbano\/nuevo-calendario-de-recoleccion-de-giro-para-san-vicente\/#breadcrumb"},"inLanguage":"es","potentialAction":[{"@type":"ReadAction","target":["https:\/\/experienciadevida.com.ar\/portalurbano\/nuevo-calendario-de-recoleccion-de-giro-para-san-vicente\/"]}]},{"@type":"BreadcrumbList","@id":"https:\/\/experienciadevida.com.ar\/portalurbano\/nuevo-calendario-de-recoleccion-de-giro-para-san-vicente\/#breadcrumb","itemListElement":[{"@type":"ListItem","position":1,"name":"Portada","item":"https:\/\/experienciadevida.com.ar\/portalurbano\/"},{"@type":"ListItem","position":2,"name":"Nuevo calendario de recolecci\u00f3n de GIRO para San Vicente"}]},{"@type":"WebSite","@id":"https:\/\/experienciadevida.com.ar\/portalurbano\/#website","url":"https:\/\/experienciadevida.com.ar\/portalurbano\/","name":"","description":"","publisher":{"@id":"https:\/\/experienciadevida.com.ar\/portalurbano\/#organization"},"potentialAction":[{"@type":"SearchAction","target":{"@type":"EntryPoint","urlTemplate":"https:\/\/experienciadevida.com.ar\/portalurbano\/?s={search_term_string}"},"query-input":"required name=search_term_string"}],"inLanguage":"es"},{"@type":"Organization","@id":"https:\/\/experienciadevida.com.ar\/portalurbano\/#organization","name":"Portal Urbano","url":"https:\/\/experienciadevida.com.ar\/portalurbano\/","logo":{"@type":"ImageObject","inLanguage":"es","@id":"https:\/\/experienciadevida.com.ar\/portalurbano\/#\/schema\/logo\/image\/","url":"https:\/\/experienciadevida.com.ar\/portalurbano\/wp-content\/uploads\/2019\/09\/Logo-Original.png","contentUrl":"https:\/\/experienciadevida.com.ar\/portalurbano\/wp-content\/uploads\/2019\/09\/Logo-Original.png","width":2236,"height":1216,"caption":"Portal Urbano"},"image":{"@id":"https:\/\/experienciadevida.com.ar\/portalurbano\/#\/schema\/logo\/image\/"},"sameAs":["https:\/\/www.facebook.com\/Portal-Urbano-171542830093757\/","https:\/\/twitter.com\/portalurbanook","https:\/\/www.instagram.com\/_portalurbano\/","https:\/\/www.youtube.com\/channel\/UCXhagIfszH8KxFiOok79zbA?view_as=subscriber"]},{"@type":"Person","@id":"https:\/\/experienciadevida.com.ar\/portalurbano\/#\/schema\/person\/02dd326b1c4b056e9cc972486934a3a7","name":"admpu17wp","image":{"@type":"ImageObject","inLanguage":"es","@id":"https:\/\/experienciadevida.com.ar\/portalurbano\/#\/schema\/person\/image\/","url":"https:\/\/secure.gravatar.com\/avatar\/830d4c57adaae6630765e449a6908047?s=96&d=mm&r=g","contentUrl":"https:\/\/secure.gravatar.com\/avatar\/830d4c57adaae6630765e449a6908047?s=96&d=mm&r=g","caption":"admpu17wp"}}]}},"featured_image_urls":{"full":["https:\/\/experienciadevida.com.ar\/portalurbano\/wp-content\/uploads\/2021\/06\/GIRO-llega-a-San-Vicente.jpg",765,426,false],"thumbnail":["https:\/\/experienciadevida.com.ar\/portalurbano\/wp-content\/uploads\/2021\/06\/GIRO-llega-a-San-Vicente-150x150.jpg",150,150,true],"medium":["https:\/\/experienciadevida.com.ar\/portalurbano\/wp-content\/uploads\/2021\/06\/GIRO-llega-a-San-Vicente-300x167.jpg",300,167,true],"medium_large":["https:\/\/experienciadevida.com.ar\/portalurbano\/wp-content\/uploads\/2021\/06\/GIRO-llega-a-San-Vicente.jpg",640,356,false],"large":["https:\/\/experienciadevida.com.ar\/portalurbano\/wp-content\/uploads\/2021\/06\/GIRO-llega-a-San-Vicente.jpg",640,356,false],"ug_big":["https:\/\/experienciadevida.com.ar\/portalurbano\/wp-content\/uploads\/2021\/06\/GIRO-llega-a-San-Vicente.jpg",765,426,false],"1536x1536":["https:\/\/experienciadevida.com.ar\/portalurbano\/wp-content\/uploads\/2021\/06\/GIRO-llega-a-San-Vicente.jpg",765,426,false],"2048x2048":["https:\/\/experienciadevida.com.ar\/portalurbano\/wp-content\/uploads\/2021\/06\/GIRO-llega-a-San-Vicente.jpg",765,426,false],"newsever-slider-full":["https:\/\/experienciadevida.com.ar\/portalurbano\/wp-content\/uploads\/2021\/06\/GIRO-llega-a-San-Vicente.jpg",765,426,false],"newsever-featured":["https:\/\/experienciadevida.com.ar\/portalurbano\/wp-content\/uploads\/2021\/06\/GIRO-llega-a-San-Vicente.jpg",765,426,false],"newsever-medium":["https:\/\/experienciadevida.com.ar\/portalurbano\/wp-content\/uploads\/2021\/06\/GIRO-llega-a-San-Vicente.jpg",720,401,false],"web-stories-poster-portrait":["https:\/\/experienciadevida.com.ar\/portalurbano\/wp-content\/uploads\/2021\/06\/GIRO-llega-a-San-Vicente.jpg",640,356,false],"web-stories-publisher-logo":["https:\/\/experienciadevida.com.ar\/portalurbano\/wp-content\/uploads\/2021\/06\/GIRO-llega-a-San-Vicente.jpg",96,53,false],"web-stories-thumbnail":["https:\/\/experienciadevida.com.ar\/portalurbano\/wp-content\/uploads\/2021\/06\/GIRO-llega-a-San-Vicente.jpg",150,84,false]},"author_info":{"display_name":"admpu17wp","author_link":"https:\/\/experienciadevida.com.ar\/portalurbano\/author\/admpu17wp\/"},"category_info":"<a href=\"https:\/\/experienciadevida.com.ar\/portalurbano\/category\/ciudad\/\" rel=\"category tag\">Ciudad<\/a>","tag_info":"Ciudad","comment_count":"0","amp_enabled":true,"_links":{"self":[{"href":"https:\/\/experienciadevida.com.ar\/portalurbano\/wp-json\/wp\/v2\/posts\/163855"}],"collection":[{"href":"https:\/\/experienciadevida.com.ar\/portalurbano\/wp-json\/wp\/v2\/posts"}],"about":[{"href":"https:\/\/experienciadevida.com.ar\/portalurbano\/wp-json\/wp\/v2\/types\/post"}],"author":[{"embeddable":true,"href":"https:\/\/experienciadevida.com.ar\/portalurbano\/wp-json\/wp\/v2\/users\/1"}],"replies":[{"embeddable":true,"href":"https:\/\/experienciadevida.com.ar\/portalurbano\/wp-json\/wp\/v2\/comments?post=163855"}],"version-history":[{"count":2,"href":"https:\/\/experienciadevida.com.ar\/portalurbano\/wp-json\/wp\/v2\/posts\/163855\/revisions"}],"predecessor-version":[{"id":163857,"href":"https:\/\/experienciadevida.com.ar\/portalurbano\/wp-json\/wp\/v2\/posts\/163855\/revisions\/163857"}],"wp:featuredmedia":[{"embeddable":true,"href":"https:\/\/experienciadevida.com.ar\/portalurbano\/wp-json\/wp\/v2\/media\/144634"}],"wp:attachment":[{"href":"https:\/\/experienciadevida.com.ar\/portalurbano\/wp-json\/wp\/v2\/media?parent=163855"}],"wp:term":[{"taxonomy":"category","embeddable":true,"href":"https:\/\/experienciadevida.com.ar\/portalurbano\/wp-json\/wp\/v2\/categories?post=163855"},{"taxonomy":"post_tag","embeddable":true,"href":"https:\/\/experienciadevida.com.ar\/portalurbano\/wp-json\/wp\/v2\/tags?post=163855"}],"curies":[{"name":"wp","href":"https:\/\/api.w.org\/{rel}","templated":true}]}}