{"id":163738,"date":"2022-03-19T08:52:33","date_gmt":"2022-03-19T11:52:33","guid":{"rendered":"https:\/\/experienciadevida.com.ar\/portalurbano\/?p=163738"},"modified":"2022-03-19T08:54:13","modified_gmt":"2022-03-19T11:54:13","slug":"olavarria-en-la-iv-asamblea-nacional-de-intendentes-contra-el-cambio-climatico","status":"publish","type":"post","link":"https:\/\/experienciadevida.com.ar\/portalurbano\/olavarria-en-la-iv-asamblea-nacional-de-intendentes-contra-el-cambio-climatico\/","title":{"rendered":"Olavarr\u00eda en la IV Asamblea Nacional de Intendentes contra el Cambio Clim\u00e1tico"},"content":{"rendered":"<p>Olavarr\u00eda en la IV Asamblea Nacional de Intendentes contra el Cambio Clim\u00e1tico, este viernes y s\u00e1bado en la ciudad de Mar del plata se lleva a cabo la IV Asamblea Nacional de Intendentes, organizada por la Red Argentina de Municipios frente al Cambio Clim\u00e1tico (RAMCC).<\/p>\n<p>Dicha asamblea es un espacio de encuentro e intercambio entre gobiernos locales que pertenecen a la Red, fundamental para realizar un balance de los proyectos que se vienen desarrollando, enfocados a impulsar acciones de mitigaci\u00f3n y adaptaci\u00f3n al cambio clim\u00e1tico, y para definir las estrategias futuras.<\/p>\n<p>En representaci\u00f3n de Olavarr\u00eda se encuentra el Secretario de Desarrollo Econ\u00f3mico <a href=\"https:\/\/www.instagram.com\/juliovaletutto\/?hl=es-la\">Julio Valetutto<\/a>, quien participar\u00e1 de diversos encuentros y actividades previstas donde se compartir\u00e1n experiencias en materia de cambio clim\u00e1tico con referentes de ciudades de todo el pa\u00eds.<\/p>\n<p>El municipio de Olavarr\u00eda es miembro de la RAMCC desde el a\u00f1o 2016 y viene trabajando en territorio con acciones concretas como la instalaci\u00f3n de Ecopuntos y Puntos Verdes, el Programa GIRO ( Gesti\u00f3n Integral de Residuos S\u00f3lidos urbanos) para concientizar en materia de separaci\u00f3n , recolecci\u00f3n diferenciada de residuos s\u00f3lidos Urbanos y su adecuado tratamiento y disposici\u00f3n final , Programas de eficiencia energ\u00e9tica en empresas , Ecocanjes Led para el sector residencial, Mercado Olavarriense incentivando la compra Local, luminaria Led en parques y diversos sectores de la ciudad, bici sendas e instalaci\u00f3n de bicicleteros, el vivero forestal municipal, el Programa Olavarr\u00eda Composta, el programa de educaci\u00f3n ambiental , las campa\u00f1as de basura electr\u00f3nica, y dem\u00e1s jornadas realizadas .<\/p>\n<p>En conjunto con la Red hemos confeccionado los Inventarios de Gases de Efecto Invernadero correspondiente a los a\u00f1os 2014, 2016 y 2018, adem\u00e1s de la elaboraci\u00f3n del Plan Local de Acci\u00f3n clim\u00e1tica (PLAC) como herramienta fundamental de an\u00e1lisis y planificaci\u00f3n de pol\u00edticas y medidas de mitigaci\u00f3n y adaptaci\u00f3n al cambio clim\u00e1tico que pensamos para nuestra ciudad, para hacer posible la transici\u00f3n hacia una ciudad sustentable, innovadora, moderna, transparente, inclusiva, ordenada ,segura y resiliente.<\/p>\n<p>&nbsp;<\/p>\n","protected":false},"excerpt":{"rendered":"<p>Olavarr\u00eda en la IV Asamblea Nacional de Intendentes contra el Cambio Clim\u00e1tico, este viernes y&#8230;<\/p>\n","protected":false},"author":1,"featured_media":163739,"comment_status":"closed","ping_status":"closed","sticky":false,"template":"","format":"standard","meta":{"content-type":""},"categories":[27],"tags":[],"nelio_content":{"isAutoShareEnabled":false,"autoShareEndMode":"default","automationSources":{"useContentSentences":true,"useSocialTemplates":true,"useCustomSentences":false,"customSentences":[]},"followers":[1],"suggestedReferences":[],"includedReferences":["https:\/\/www.instagram.com\/juliovaletutto\/?hl=es-la"],"efiUrl":"","efiAlt":"","highlights":[]},"yoast_head":"<!-- This site is optimized with the Yoast SEO plugin v20.7 - https:\/\/yoast.com\/wordpress\/plugins\/seo\/ -->\n<title>Olavarr\u00eda en la IV Asamblea Nacional de Intendentes contra el cambio<\/title>\n<meta name=\"description\" content=\"Olavarr\u00eda en la IV Asamblea Nacional de Intendentes contra el Cambio Clim\u00e1tico, ser\u00e1 hasta este s\u00e1bado en la ciudad de Mar del Plata\" \/>\n<meta name=\"robots\" content=\"index, follow, max-snippet:-1, max-image-preview:large, max-video-preview:-1\" \/>\n<link rel=\"canonical\" href=\"https:\/\/experienciadevida.com.ar\/portalurbano\/olavarria-en-la-iv-asamblea-nacional-de-intendentes-contra-el-cambio-climatico\/\" \/>\n<meta property=\"og:locale\" content=\"es_ES\" \/>\n<meta property=\"og:type\" content=\"article\" \/>\n<meta property=\"og:title\" content=\"Olavarr\u00eda en la IV Asamblea Nacional de Intendentes contra el cambio\" \/>\n<meta property=\"og:description\" content=\"Olavarr\u00eda en la IV Asamblea Nacional de Intendentes contra el Cambio Clim\u00e1tico, ser\u00e1 hasta este s\u00e1bado en la ciudad de Mar del Plata\" \/>\n<meta property=\"og:url\" content=\"https:\/\/experienciadevida.com.ar\/portalurbano\/olavarria-en-la-iv-asamblea-nacional-de-intendentes-contra-el-cambio-climatico\/\" \/>\n<meta property=\"article:publisher\" content=\"https:\/\/www.facebook.com\/Portal-Urbano-171542830093757\/\" \/>\n<meta property=\"article:published_time\" content=\"2022-03-19T11:52:33+00:00\" \/>\n<meta property=\"article:modified_time\" content=\"2022-03-19T11:54:13+00:00\" \/>\n<meta property=\"og:image\" content=\"https:\/\/experienciadevida.com.ar\/portalurbano\/wp-content\/uploads\/2022\/03\/Olavarria-en-la.jpg\" \/>\n\t<meta property=\"og:image:width\" content=\"1024\" \/>\n\t<meta property=\"og:image:height\" content=\"682\" \/>\n\t<meta property=\"og:image:type\" content=\"image\/jpeg\" \/>\n<meta name=\"author\" content=\"admpu17wp\" \/>\n<meta name=\"twitter:card\" content=\"summary_large_image\" \/>\n<meta name=\"twitter:creator\" content=\"@portalurbanook\" \/>\n<meta name=\"twitter:site\" content=\"@portalurbanook\" \/>\n<meta name=\"twitter:label1\" content=\"Escrito por\" \/>\n\t<meta name=\"twitter:data1\" content=\"admpu17wp\" \/>\n\t<meta name=\"twitter:label2\" content=\"Tiempo de lectura\" \/>\n\t<meta name=\"twitter:data2\" content=\"2 minutos\" \/>\n<script type=\"application\/ld+json\" class=\"yoast-schema-graph\">{\"@context\":\"https:\/\/schema.org\",\"@graph\":[{\"@type\":\"Article\",\"@id\":\"https:\/\/experienciadevida.com.ar\/portalurbano\/olavarria-en-la-iv-asamblea-nacional-de-intendentes-contra-el-cambio-climatico\/#article\",\"isPartOf\":{\"@id\":\"https:\/\/experienciadevida.com.ar\/portalurbano\/olavarria-en-la-iv-asamblea-nacional-de-intendentes-contra-el-cambio-climatico\/\"},\"author\":{\"name\":\"admpu17wp\",\"@id\":\"https:\/\/experienciadevida.com.ar\/portalurbano\/#\/schema\/person\/02dd326b1c4b056e9cc972486934a3a7\"},\"headline\":\"Olavarr\u00eda en la IV Asamblea Nacional de Intendentes contra el Cambio Clim\u00e1tico\",\"datePublished\":\"2022-03-19T11:52:33+00:00\",\"dateModified\":\"2022-03-19T11:54:13+00:00\",\"mainEntityOfPage\":{\"@id\":\"https:\/\/experienciadevida.com.ar\/portalurbano\/olavarria-en-la-iv-asamblea-nacional-de-intendentes-contra-el-cambio-climatico\/\"},\"wordCount\":367,\"publisher\":{\"@id\":\"https:\/\/experienciadevida.com.ar\/portalurbano\/#organization\"},\"articleSection\":[\"Ciudad\"],\"inLanguage\":\"es\"},{\"@type\":\"WebPage\",\"@id\":\"https:\/\/experienciadevida.com.ar\/portalurbano\/olavarria-en-la-iv-asamblea-nacional-de-intendentes-contra-el-cambio-climatico\/\",\"url\":\"https:\/\/experienciadevida.com.ar\/portalurbano\/olavarria-en-la-iv-asamblea-nacional-de-intendentes-contra-el-cambio-climatico\/\",\"name\":\"Olavarr\u00eda en la IV Asamblea Nacional de Intendentes contra el cambio\",\"isPartOf\":{\"@id\":\"https:\/\/experienciadevida.com.ar\/portalurbano\/#website\"},\"datePublished\":\"2022-03-19T11:52:33+00:00\",\"dateModified\":\"2022-03-19T11:54:13+00:00\",\"description\":\"Olavarr\u00eda en la IV Asamblea Nacional de Intendentes contra el Cambio Clim\u00e1tico, ser\u00e1 hasta este s\u00e1bado en la ciudad de Mar del Plata\",\"breadcrumb\":{\"@id\":\"https:\/\/experienciadevida.com.ar\/portalurbano\/olavarria-en-la-iv-asamblea-nacional-de-intendentes-contra-el-cambio-climatico\/#breadcrumb\"},\"inLanguage\":\"es\",\"potentialAction\":[{\"@type\":\"ReadAction\",\"target\":[\"https:\/\/experienciadevida.com.ar\/portalurbano\/olavarria-en-la-iv-asamblea-nacional-de-intendentes-contra-el-cambio-climatico\/\"]}]},{\"@type\":\"BreadcrumbList\",\"@id\":\"https:\/\/experienciadevida.com.ar\/portalurbano\/olavarria-en-la-iv-asamblea-nacional-de-intendentes-contra-el-cambio-climatico\/#breadcrumb\",\"itemListElement\":[{\"@type\":\"ListItem\",\"position\":1,\"name\":\"Portada\",\"item\":\"https:\/\/experienciadevida.com.ar\/portalurbano\/\"},{\"@type\":\"ListItem\",\"position\":2,\"name\":\"Olavarr\u00eda en la IV Asamblea Nacional de Intendentes contra el Cambio Clim\u00e1tico\"}]},{\"@type\":\"WebSite\",\"@id\":\"https:\/\/experienciadevida.com.ar\/portalurbano\/#website\",\"url\":\"https:\/\/experienciadevida.com.ar\/portalurbano\/\",\"name\":\"\",\"description\":\"\",\"publisher\":{\"@id\":\"https:\/\/experienciadevida.com.ar\/portalurbano\/#organization\"},\"potentialAction\":[{\"@type\":\"SearchAction\",\"target\":{\"@type\":\"EntryPoint\",\"urlTemplate\":\"https:\/\/experienciadevida.com.ar\/portalurbano\/?s={search_term_string}\"},\"query-input\":\"required name=search_term_string\"}],\"inLanguage\":\"es\"},{\"@type\":\"Organization\",\"@id\":\"https:\/\/experienciadevida.com.ar\/portalurbano\/#organization\",\"name\":\"Portal Urbano\",\"url\":\"https:\/\/experienciadevida.com.ar\/portalurbano\/\",\"logo\":{\"@type\":\"ImageObject\",\"inLanguage\":\"es\",\"@id\":\"https:\/\/experienciadevida.com.ar\/portalurbano\/#\/schema\/logo\/image\/\",\"url\":\"https:\/\/experienciadevida.com.ar\/portalurbano\/wp-content\/uploads\/2019\/09\/Logo-Original.png\",\"contentUrl\":\"https:\/\/experienciadevida.com.ar\/portalurbano\/wp-content\/uploads\/2019\/09\/Logo-Original.png\",\"width\":2236,\"height\":1216,\"caption\":\"Portal Urbano\"},\"image\":{\"@id\":\"https:\/\/experienciadevida.com.ar\/portalurbano\/#\/schema\/logo\/image\/\"},\"sameAs\":[\"https:\/\/www.facebook.com\/Portal-Urbano-171542830093757\/\",\"https:\/\/twitter.com\/portalurbanook\",\"https:\/\/www.instagram.com\/_portalurbano\/\",\"https:\/\/www.youtube.com\/channel\/UCXhagIfszH8KxFiOok79zbA?view_as=subscriber\"]},{\"@type\":\"Person\",\"@id\":\"https:\/\/experienciadevida.com.ar\/portalurbano\/#\/schema\/person\/02dd326b1c4b056e9cc972486934a3a7\",\"name\":\"admpu17wp\",\"image\":{\"@type\":\"ImageObject\",\"inLanguage\":\"es\",\"@id\":\"https:\/\/experienciadevida.com.ar\/portalurbano\/#\/schema\/person\/image\/\",\"url\":\"https:\/\/secure.gravatar.com\/avatar\/830d4c57adaae6630765e449a6908047?s=96&d=mm&r=g\",\"contentUrl\":\"https:\/\/secure.gravatar.com\/avatar\/830d4c57adaae6630765e449a6908047?s=96&d=mm&r=g\",\"caption\":\"admpu17wp\"}}]}<\/script>\n<!-- \/ Yoast SEO plugin. -->","yoast_head_json":{"title":"Olavarr\u00eda en la IV Asamblea Nacional de Intendentes contra el cambio","description":"Olavarr\u00eda en la IV Asamblea Nacional de Intendentes contra el Cambio Clim\u00e1tico, ser\u00e1 hasta este s\u00e1bado en la ciudad de Mar del Plata","robots":{"index":"index","follow":"follow","max-snippet":"max-snippet:-1","max-image-preview":"max-image-preview:large","max-video-preview":"max-video-preview:-1"},"canonical":"https:\/\/experienciadevida.com.ar\/portalurbano\/olavarria-en-la-iv-asamblea-nacional-de-intendentes-contra-el-cambio-climatico\/","og_locale":"es_ES","og_type":"article","og_title":"Olavarr\u00eda en la IV Asamblea Nacional de Intendentes contra el cambio","og_description":"Olavarr\u00eda en la IV Asamblea Nacional de Intendentes contra el Cambio Clim\u00e1tico, ser\u00e1 hasta este s\u00e1bado en la ciudad de Mar del Plata","og_url":"https:\/\/experienciadevida.com.ar\/portalurbano\/olavarria-en-la-iv-asamblea-nacional-de-intendentes-contra-el-cambio-climatico\/","article_publisher":"https:\/\/www.facebook.com\/Portal-Urbano-171542830093757\/","article_published_time":"2022-03-19T11:52:33+00:00","article_modified_time":"2022-03-19T11:54:13+00:00","og_image":[{"width":1024,"height":682,"url":"https:\/\/experienciadevida.com.ar\/portalurbano\/wp-content\/uploads\/2022\/03\/Olavarria-en-la.jpg","type":"image\/jpeg"}],"author":"admpu17wp","twitter_card":"summary_large_image","twitter_creator":"@portalurbanook","twitter_site":"@portalurbanook","twitter_misc":{"Escrito por":"admpu17wp","Tiempo de lectura":"2 minutos"},"schema":{"@context":"https:\/\/schema.org","@graph":[{"@type":"Article","@id":"https:\/\/experienciadevida.com.ar\/portalurbano\/olavarria-en-la-iv-asamblea-nacional-de-intendentes-contra-el-cambio-climatico\/#article","isPartOf":{"@id":"https:\/\/experienciadevida.com.ar\/portalurbano\/olavarria-en-la-iv-asamblea-nacional-de-intendentes-contra-el-cambio-climatico\/"},"author":{"name":"admpu17wp","@id":"https:\/\/experienciadevida.com.ar\/portalurbano\/#\/schema\/person\/02dd326b1c4b056e9cc972486934a3a7"},"headline":"Olavarr\u00eda en la IV Asamblea Nacional de Intendentes contra el Cambio Clim\u00e1tico","datePublished":"2022-03-19T11:52:33+00:00","dateModified":"2022-03-19T11:54:13+00:00","mainEntityOfPage":{"@id":"https:\/\/experienciadevida.com.ar\/portalurbano\/olavarria-en-la-iv-asamblea-nacional-de-intendentes-contra-el-cambio-climatico\/"},"wordCount":367,"publisher":{"@id":"https:\/\/experienciadevida.com.ar\/portalurbano\/#organization"},"articleSection":["Ciudad"],"inLanguage":"es"},{"@type":"WebPage","@id":"https:\/\/experienciadevida.com.ar\/portalurbano\/olavarria-en-la-iv-asamblea-nacional-de-intendentes-contra-el-cambio-climatico\/","url":"https:\/\/experienciadevida.com.ar\/portalurbano\/olavarria-en-la-iv-asamblea-nacional-de-intendentes-contra-el-cambio-climatico\/","name":"Olavarr\u00eda en la IV Asamblea Nacional de Intendentes contra el cambio","isPartOf":{"@id":"https:\/\/experienciadevida.com.ar\/portalurbano\/#website"},"datePublished":"2022-03-19T11:52:33+00:00","dateModified":"2022-03-19T11:54:13+00:00","description":"Olavarr\u00eda en la IV Asamblea Nacional de Intendentes contra el Cambio Clim\u00e1tico, ser\u00e1 hasta este s\u00e1bado en la ciudad de Mar del Plata","breadcrumb":{"@id":"https:\/\/experienciadevida.com.ar\/portalurbano\/olavarria-en-la-iv-asamblea-nacional-de-intendentes-contra-el-cambio-climatico\/#breadcrumb"},"inLanguage":"es","potentialAction":[{"@type":"ReadAction","target":["https:\/\/experienciadevida.com.ar\/portalurbano\/olavarria-en-la-iv-asamblea-nacional-de-intendentes-contra-el-cambio-climatico\/"]}]},{"@type":"BreadcrumbList","@id":"https:\/\/experienciadevida.com.ar\/portalurbano\/olavarria-en-la-iv-asamblea-nacional-de-intendentes-contra-el-cambio-climatico\/#breadcrumb","itemListElement":[{"@type":"ListItem","position":1,"name":"Portada","item":"https:\/\/experienciadevida.com.ar\/portalurbano\/"},{"@type":"ListItem","position":2,"name":"Olavarr\u00eda en la IV Asamblea Nacional de Intendentes contra el Cambio Clim\u00e1tico"}]},{"@type":"WebSite","@id":"https:\/\/experienciadevida.com.ar\/portalurbano\/#website","url":"https:\/\/experienciadevida.com.ar\/portalurbano\/","name":"","description":"","publisher":{"@id":"https:\/\/experienciadevida.com.ar\/portalurbano\/#organization"},"potentialAction":[{"@type":"SearchAction","target":{"@type":"EntryPoint","urlTemplate":"https:\/\/experienciadevida.com.ar\/portalurbano\/?s={search_term_string}"},"query-input":"required name=search_term_string"}],"inLanguage":"es"},{"@type":"Organization","@id":"https:\/\/experienciadevida.com.ar\/portalurbano\/#organization","name":"Portal Urbano","url":"https:\/\/experienciadevida.com.ar\/portalurbano\/","logo":{"@type":"ImageObject","inLanguage":"es","@id":"https:\/\/experienciadevida.com.ar\/portalurbano\/#\/schema\/logo\/image\/","url":"https:\/\/experienciadevida.com.ar\/portalurbano\/wp-content\/uploads\/2019\/09\/Logo-Original.png","contentUrl":"https:\/\/experienciadevida.com.ar\/portalurbano\/wp-content\/uploads\/2019\/09\/Logo-Original.png","width":2236,"height":1216,"caption":"Portal Urbano"},"image":{"@id":"https:\/\/experienciadevida.com.ar\/portalurbano\/#\/schema\/logo\/image\/"},"sameAs":["https:\/\/www.facebook.com\/Portal-Urbano-171542830093757\/","https:\/\/twitter.com\/portalurbanook","https:\/\/www.instagram.com\/_portalurbano\/","https:\/\/www.youtube.com\/channel\/UCXhagIfszH8KxFiOok79zbA?view_as=subscriber"]},{"@type":"Person","@id":"https:\/\/experienciadevida.com.ar\/portalurbano\/#\/schema\/person\/02dd326b1c4b056e9cc972486934a3a7","name":"admpu17wp","image":{"@type":"ImageObject","inLanguage":"es","@id":"https:\/\/experienciadevida.com.ar\/portalurbano\/#\/schema\/person\/image\/","url":"https:\/\/secure.gravatar.com\/avatar\/830d4c57adaae6630765e449a6908047?s=96&d=mm&r=g","contentUrl":"https:\/\/secure.gravatar.com\/avatar\/830d4c57adaae6630765e449a6908047?s=96&d=mm&r=g","caption":"admpu17wp"}}]}},"featured_image_urls":{"full":["https:\/\/experienciadevida.com.ar\/portalurbano\/wp-content\/uploads\/2022\/03\/Olavarria-en-la.jpg",1024,682,false],"thumbnail":["https:\/\/experienciadevida.com.ar\/portalurbano\/wp-content\/uploads\/2022\/03\/Olavarria-en-la-150x150.jpg",150,150,true],"medium":["https:\/\/experienciadevida.com.ar\/portalurbano\/wp-content\/uploads\/2022\/03\/Olavarria-en-la-300x200.jpg",300,200,true],"medium_large":["https:\/\/experienciadevida.com.ar\/portalurbano\/wp-content\/uploads\/2022\/03\/Olavarria-en-la-768x512.jpg",640,427,true],"large":["https:\/\/experienciadevida.com.ar\/portalurbano\/wp-content\/uploads\/2022\/03\/Olavarria-en-la.jpg",640,426,false],"ug_big":["https:\/\/experienciadevida.com.ar\/portalurbano\/wp-content\/uploads\/2022\/03\/Olavarria-en-la-768x512.jpg",768,512,true],"1536x1536":["https:\/\/experienciadevida.com.ar\/portalurbano\/wp-content\/uploads\/2022\/03\/Olavarria-en-la.jpg",1024,682,false],"2048x2048":["https:\/\/experienciadevida.com.ar\/portalurbano\/wp-content\/uploads\/2022\/03\/Olavarria-en-la.jpg",1024,682,false],"newsever-slider-full":["https:\/\/experienciadevida.com.ar\/portalurbano\/wp-content\/uploads\/2022\/03\/Olavarria-en-la.jpg",1024,682,false],"newsever-featured":["https:\/\/experienciadevida.com.ar\/portalurbano\/wp-content\/uploads\/2022\/03\/Olavarria-en-la.jpg",1024,682,false],"newsever-medium":["https:\/\/experienciadevida.com.ar\/portalurbano\/wp-content\/uploads\/2022\/03\/Olavarria-en-la.jpg",713,475,false],"web-stories-poster-portrait":["https:\/\/experienciadevida.com.ar\/portalurbano\/wp-content\/uploads\/2022\/03\/Olavarria-en-la.jpg",640,426,false],"web-stories-publisher-logo":["https:\/\/experienciadevida.com.ar\/portalurbano\/wp-content\/uploads\/2022\/03\/Olavarria-en-la.jpg",96,64,false],"web-stories-thumbnail":["https:\/\/experienciadevida.com.ar\/portalurbano\/wp-content\/uploads\/2022\/03\/Olavarria-en-la.jpg",150,100,false]},"author_info":{"display_name":"admpu17wp","author_link":"https:\/\/experienciadevida.com.ar\/portalurbano\/author\/admpu17wp\/"},"category_info":"<a href=\"https:\/\/experienciadevida.com.ar\/portalurbano\/category\/ciudad\/\" rel=\"category tag\">Ciudad<\/a>","tag_info":"Ciudad","comment_count":"0","amp_enabled":true,"_links":{"self":[{"href":"https:\/\/experienciadevida.com.ar\/portalurbano\/wp-json\/wp\/v2\/posts\/163738"}],"collection":[{"href":"https:\/\/experienciadevida.com.ar\/portalurbano\/wp-json\/wp\/v2\/posts"}],"about":[{"href":"https:\/\/experienciadevida.com.ar\/portalurbano\/wp-json\/wp\/v2\/types\/post"}],"author":[{"embeddable":true,"href":"https:\/\/experienciadevida.com.ar\/portalurbano\/wp-json\/wp\/v2\/users\/1"}],"replies":[{"embeddable":true,"href":"https:\/\/experienciadevida.com.ar\/portalurbano\/wp-json\/wp\/v2\/comments?post=163738"}],"version-history":[{"count":3,"href":"https:\/\/experienciadevida.com.ar\/portalurbano\/wp-json\/wp\/v2\/posts\/163738\/revisions"}],"predecessor-version":[{"id":163742,"href":"https:\/\/experienciadevida.com.ar\/portalurbano\/wp-json\/wp\/v2\/posts\/163738\/revisions\/163742"}],"wp:featuredmedia":[{"embeddable":true,"href":"https:\/\/experienciadevida.com.ar\/portalurbano\/wp-json\/wp\/v2\/media\/163739"}],"wp:attachment":[{"href":"https:\/\/experienciadevida.com.ar\/portalurbano\/wp-json\/wp\/v2\/media?parent=163738"}],"wp:term":[{"taxonomy":"category","embeddable":true,"href":"https:\/\/experienciadevida.com.ar\/portalurbano\/wp-json\/wp\/v2\/categories?post=163738"},{"taxonomy":"post_tag","embeddable":true,"href":"https:\/\/experienciadevida.com.ar\/portalurbano\/wp-json\/wp\/v2\/tags?post=163738"}],"curies":[{"name":"wp","href":"https:\/\/api.w.org\/{rel}","templated":true}]}}