{"id":163710,"date":"2022-03-19T08:28:43","date_gmt":"2022-03-19T11:28:43","guid":{"rendered":"https:\/\/experienciadevida.com.ar\/portalurbano\/?p=163710"},"modified":"2022-03-19T08:33:11","modified_gmt":"2022-03-19T11:33:11","slug":"venta-irregular-de-terrenos-peralta-no-fue-a-la-comision-del-hcd","status":"publish","type":"post","link":"https:\/\/experienciadevida.com.ar\/portalurbano\/venta-irregular-de-terrenos-peralta-no-fue-a-la-comision-del-hcd\/","title":{"rendered":"Venta irregular de terrenos: Peralta no fue a la comisi\u00f3n del HCD"},"content":{"rendered":"<p>Venta irregular de terrenos: Peralta no fue a la comisi\u00f3n del HCD, se brind\u00f3 el\u00a0 Sexto informe de la Comisi\u00f3n Especial que investiga la presunta venta irregular de terrenos en el Partido de Olavarr\u00eda, la comisi\u00f3n especial que investiga la presunta venta irregular de terrenos en el Partido de Olavarr\u00eda, y dando cumplimento al Art. 7 Inc. d del Decreto 002\/22 comunica las acciones llevadas adelante tal lo establecido en el Art.6 de dicho Decreto.<\/p>\n<p>Tal como se anticip\u00f3 en el quinto informe la Comisi\u00f3n contin\u00faa abocada a la redacci\u00f3n del dictamen final, aunque tomando en cuenta los \u00faltimos hechos conocidos respecto al tema se determinaron nuevas citaciones para la pr\u00f3xima semana.<\/p>\n<p>Est\u00e1 \u00faltima semana hab\u00eda sido citado el Sr. Claudio Ariel Peralta quien, sin justificaci\u00f3n alguna, no concurri\u00f3 a la Comisi\u00f3n. Es importante mencionar que es la segunda vez que Peralta no concurre a la convocatoria.<\/p>\n<p>Por otro lado y, tras reunirse en la ma\u00f1ana de este viernes 18 de marzo, se resolvi\u00f3 citar para la semana pr\u00f3xima al Lic. Hilario <a href=\"https:\/\/www.instagram.com\/gallihilario\/?hl=es-la\">Galli<\/a> y al Sr. Gast\u00f3n Acosta. En lo que respecta al Secretario de Gobierno Municipal se indic\u00f3 que ser\u00e1 convocado para el mi\u00e9rcoles 23 de marzo a las 10 horas. En cuanto al Sr. Gast\u00f3n Acosta su convocatoria es para el viernes 25 marzo tambi\u00e9n a las 10 horas.<\/p>\n<p>Al mismo tiempo la Comisi\u00f3n Especial determin\u00f3 responder a los dichos del Escribano Alfredo Catanzaro que fueron publicados en distintos medios de la ciudad. Primero se recuerda que el Notario fue convocado para ser escuchado por los concejales y concejalas de la Comisi\u00f3n y \u00e9ste desech\u00f3 la convocatoria sin ning\u00fan tupo de argumento. Se recuerda a la comunidad que la Comisi\u00f3n fue creada bajo el Decreto 002\/22, proyecto aprobado por todos los bloques que conforman el Cuerpo y que su constituci\u00f3n adem\u00e1s cuenta con la representaci\u00f3n de todos los espacios pol\u00edticos. Se remarca que desde su primera reuni\u00f3n, la Comisi\u00f3n se encuentra trabajando de manera imparcial y con el \u00fanico objetivo de colaborar en la investigaci\u00f3n judicial.<\/p>\n<p>Se recuerda que tal como lo establece el Decreto 002\/22 cada uno de los testimonios quedan registrados mediante versi\u00f3n taquigr\u00e1fica que permitir\u00e1 a la Comisi\u00f3n Especial elaborar el informe final de la tarea desarrollada.<\/p>\n<p>La Comisi\u00f3n Especial est\u00e1 integrada por: Mercedes Land\u00edvar (Presidenta) Sebasti\u00e1n Matrella (Vicepresidente), Celeste Arouxet (Secretar\u00eda), Gast\u00f3n Sarachu y Maite Salerno. Se hace saber que aquellos vecinos que pudiesen ser damnificados tiene la posibilidad de acercarse a la Mesa de entrada del Concejo Deliberante de lunes a viernes de 9 a 12 horas o comunicarse al tel\u00e9fono 442816 opci\u00f3n 3 y\/o interno 3020.<\/p>\n","protected":false},"excerpt":{"rendered":"<p>Venta irregular de terrenos: Peralta no fue a la comisi\u00f3n del HCD, se brind\u00f3 el\u00a0&#8230;<\/p>\n","protected":false},"author":1,"featured_media":163711,"comment_status":"closed","ping_status":"closed","sticky":false,"template":"","format":"standard","meta":{"content-type":""},"categories":[27,51],"tags":[],"nelio_content":{"isAutoShareEnabled":false,"autoShareEndMode":"default","automationSources":{"useContentSentences":true,"useSocialTemplates":true,"useCustomSentences":false,"customSentences":[]},"followers":[1],"suggestedReferences":[],"includedReferences":["https:\/\/www.instagram.com\/gallihilario\/?hl=es-la"],"efiUrl":"","efiAlt":"","highlights":[]},"yoast_head":"<!-- This site is optimized with the Yoast SEO plugin v20.7 - https:\/\/yoast.com\/wordpress\/plugins\/seo\/ -->\n<title>Venta irregular de terrenos: Peralta no fue a la comisi\u00f3n del HCD<\/title>\n<meta name=\"description\" content=\"Venta irregular de terrenos: Peralta no fue a la comisi\u00f3n del HCD, se brind\u00f3 el\u00a0 Sexto informe de la Comisi\u00f3n Especial que investiga\" \/>\n<meta name=\"robots\" content=\"index, follow, max-snippet:-1, max-image-preview:large, max-video-preview:-1\" \/>\n<link rel=\"canonical\" href=\"https:\/\/experienciadevida.com.ar\/portalurbano\/venta-irregular-de-terrenos-peralta-no-fue-a-la-comision-del-hcd\/\" \/>\n<meta property=\"og:locale\" content=\"es_ES\" \/>\n<meta property=\"og:type\" content=\"article\" \/>\n<meta property=\"og:title\" content=\"Venta irregular de terrenos: Peralta no fue a la comisi\u00f3n del HCD\" \/>\n<meta property=\"og:description\" content=\"Venta irregular de terrenos: Peralta no fue a la comisi\u00f3n del HCD, se brind\u00f3 el\u00a0 Sexto informe de la Comisi\u00f3n Especial que investiga\" \/>\n<meta property=\"og:url\" content=\"https:\/\/experienciadevida.com.ar\/portalurbano\/venta-irregular-de-terrenos-peralta-no-fue-a-la-comision-del-hcd\/\" \/>\n<meta property=\"article:publisher\" content=\"https:\/\/www.facebook.com\/Portal-Urbano-171542830093757\/\" \/>\n<meta property=\"article:published_time\" content=\"2022-03-19T11:28:43+00:00\" \/>\n<meta property=\"article:modified_time\" content=\"2022-03-19T11:33:11+00:00\" \/>\n<meta property=\"og:image\" content=\"https:\/\/experienciadevida.com.ar\/portalurbano\/wp-content\/uploads\/2022\/03\/Venta-irregular-de-terrenos.jpg\" \/>\n\t<meta property=\"og:image:width\" content=\"874\" \/>\n\t<meta property=\"og:image:height\" content=\"514\" \/>\n\t<meta property=\"og:image:type\" content=\"image\/jpeg\" \/>\n<meta name=\"author\" content=\"admpu17wp\" \/>\n<meta name=\"twitter:card\" content=\"summary_large_image\" \/>\n<meta name=\"twitter:creator\" content=\"@portalurbanook\" \/>\n<meta name=\"twitter:site\" content=\"@portalurbanook\" \/>\n<meta name=\"twitter:label1\" content=\"Escrito por\" \/>\n\t<meta name=\"twitter:data1\" content=\"admpu17wp\" \/>\n\t<meta name=\"twitter:label2\" content=\"Tiempo de lectura\" \/>\n\t<meta name=\"twitter:data2\" content=\"2 minutos\" \/>\n<script type=\"application\/ld+json\" class=\"yoast-schema-graph\">{\"@context\":\"https:\/\/schema.org\",\"@graph\":[{\"@type\":\"Article\",\"@id\":\"https:\/\/experienciadevida.com.ar\/portalurbano\/venta-irregular-de-terrenos-peralta-no-fue-a-la-comision-del-hcd\/#article\",\"isPartOf\":{\"@id\":\"https:\/\/experienciadevida.com.ar\/portalurbano\/venta-irregular-de-terrenos-peralta-no-fue-a-la-comision-del-hcd\/\"},\"author\":{\"name\":\"admpu17wp\",\"@id\":\"https:\/\/experienciadevida.com.ar\/portalurbano\/#\/schema\/person\/02dd326b1c4b056e9cc972486934a3a7\"},\"headline\":\"Venta irregular de terrenos: Peralta no fue a la comisi\u00f3n del HCD\",\"datePublished\":\"2022-03-19T11:28:43+00:00\",\"dateModified\":\"2022-03-19T11:33:11+00:00\",\"mainEntityOfPage\":{\"@id\":\"https:\/\/experienciadevida.com.ar\/portalurbano\/venta-irregular-de-terrenos-peralta-no-fue-a-la-comision-del-hcd\/\"},\"wordCount\":473,\"publisher\":{\"@id\":\"https:\/\/experienciadevida.com.ar\/portalurbano\/#organization\"},\"articleSection\":[\"Ciudad\",\"Destacadas\"],\"inLanguage\":\"es\"},{\"@type\":\"WebPage\",\"@id\":\"https:\/\/experienciadevida.com.ar\/portalurbano\/venta-irregular-de-terrenos-peralta-no-fue-a-la-comision-del-hcd\/\",\"url\":\"https:\/\/experienciadevida.com.ar\/portalurbano\/venta-irregular-de-terrenos-peralta-no-fue-a-la-comision-del-hcd\/\",\"name\":\"Venta irregular de terrenos: Peralta no fue a la comisi\u00f3n del HCD\",\"isPartOf\":{\"@id\":\"https:\/\/experienciadevida.com.ar\/portalurbano\/#website\"},\"datePublished\":\"2022-03-19T11:28:43+00:00\",\"dateModified\":\"2022-03-19T11:33:11+00:00\",\"description\":\"Venta irregular de terrenos: Peralta no fue a la comisi\u00f3n del HCD, se brind\u00f3 el\u00a0 Sexto informe de la Comisi\u00f3n Especial que investiga\",\"breadcrumb\":{\"@id\":\"https:\/\/experienciadevida.com.ar\/portalurbano\/venta-irregular-de-terrenos-peralta-no-fue-a-la-comision-del-hcd\/#breadcrumb\"},\"inLanguage\":\"es\",\"potentialAction\":[{\"@type\":\"ReadAction\",\"target\":[\"https:\/\/experienciadevida.com.ar\/portalurbano\/venta-irregular-de-terrenos-peralta-no-fue-a-la-comision-del-hcd\/\"]}]},{\"@type\":\"BreadcrumbList\",\"@id\":\"https:\/\/experienciadevida.com.ar\/portalurbano\/venta-irregular-de-terrenos-peralta-no-fue-a-la-comision-del-hcd\/#breadcrumb\",\"itemListElement\":[{\"@type\":\"ListItem\",\"position\":1,\"name\":\"Portada\",\"item\":\"https:\/\/experienciadevida.com.ar\/portalurbano\/\"},{\"@type\":\"ListItem\",\"position\":2,\"name\":\"Venta irregular de terrenos: Peralta no fue a la comisi\u00f3n del HCD\"}]},{\"@type\":\"WebSite\",\"@id\":\"https:\/\/experienciadevida.com.ar\/portalurbano\/#website\",\"url\":\"https:\/\/experienciadevida.com.ar\/portalurbano\/\",\"name\":\"\",\"description\":\"\",\"publisher\":{\"@id\":\"https:\/\/experienciadevida.com.ar\/portalurbano\/#organization\"},\"potentialAction\":[{\"@type\":\"SearchAction\",\"target\":{\"@type\":\"EntryPoint\",\"urlTemplate\":\"https:\/\/experienciadevida.com.ar\/portalurbano\/?s={search_term_string}\"},\"query-input\":\"required name=search_term_string\"}],\"inLanguage\":\"es\"},{\"@type\":\"Organization\",\"@id\":\"https:\/\/experienciadevida.com.ar\/portalurbano\/#organization\",\"name\":\"Portal Urbano\",\"url\":\"https:\/\/experienciadevida.com.ar\/portalurbano\/\",\"logo\":{\"@type\":\"ImageObject\",\"inLanguage\":\"es\",\"@id\":\"https:\/\/experienciadevida.com.ar\/portalurbano\/#\/schema\/logo\/image\/\",\"url\":\"https:\/\/experienciadevida.com.ar\/portalurbano\/wp-content\/uploads\/2019\/09\/Logo-Original.png\",\"contentUrl\":\"https:\/\/experienciadevida.com.ar\/portalurbano\/wp-content\/uploads\/2019\/09\/Logo-Original.png\",\"width\":2236,\"height\":1216,\"caption\":\"Portal Urbano\"},\"image\":{\"@id\":\"https:\/\/experienciadevida.com.ar\/portalurbano\/#\/schema\/logo\/image\/\"},\"sameAs\":[\"https:\/\/www.facebook.com\/Portal-Urbano-171542830093757\/\",\"https:\/\/twitter.com\/portalurbanook\",\"https:\/\/www.instagram.com\/_portalurbano\/\",\"https:\/\/www.youtube.com\/channel\/UCXhagIfszH8KxFiOok79zbA?view_as=subscriber\"]},{\"@type\":\"Person\",\"@id\":\"https:\/\/experienciadevida.com.ar\/portalurbano\/#\/schema\/person\/02dd326b1c4b056e9cc972486934a3a7\",\"name\":\"admpu17wp\",\"image\":{\"@type\":\"ImageObject\",\"inLanguage\":\"es\",\"@id\":\"https:\/\/experienciadevida.com.ar\/portalurbano\/#\/schema\/person\/image\/\",\"url\":\"https:\/\/secure.gravatar.com\/avatar\/830d4c57adaae6630765e449a6908047?s=96&d=mm&r=g\",\"contentUrl\":\"https:\/\/secure.gravatar.com\/avatar\/830d4c57adaae6630765e449a6908047?s=96&d=mm&r=g\",\"caption\":\"admpu17wp\"}}]}<\/script>\n<!-- \/ Yoast SEO plugin. -->","yoast_head_json":{"title":"Venta irregular de terrenos: Peralta no fue a la comisi\u00f3n del HCD","description":"Venta irregular de terrenos: Peralta no fue a la comisi\u00f3n del HCD, se brind\u00f3 el\u00a0 Sexto informe de la Comisi\u00f3n Especial que investiga","robots":{"index":"index","follow":"follow","max-snippet":"max-snippet:-1","max-image-preview":"max-image-preview:large","max-video-preview":"max-video-preview:-1"},"canonical":"https:\/\/experienciadevida.com.ar\/portalurbano\/venta-irregular-de-terrenos-peralta-no-fue-a-la-comision-del-hcd\/","og_locale":"es_ES","og_type":"article","og_title":"Venta irregular de terrenos: Peralta no fue a la comisi\u00f3n del HCD","og_description":"Venta irregular de terrenos: Peralta no fue a la comisi\u00f3n del HCD, se brind\u00f3 el\u00a0 Sexto informe de la Comisi\u00f3n Especial que investiga","og_url":"https:\/\/experienciadevida.com.ar\/portalurbano\/venta-irregular-de-terrenos-peralta-no-fue-a-la-comision-del-hcd\/","article_publisher":"https:\/\/www.facebook.com\/Portal-Urbano-171542830093757\/","article_published_time":"2022-03-19T11:28:43+00:00","article_modified_time":"2022-03-19T11:33:11+00:00","og_image":[{"width":874,"height":514,"url":"https:\/\/experienciadevida.com.ar\/portalurbano\/wp-content\/uploads\/2022\/03\/Venta-irregular-de-terrenos.jpg","type":"image\/jpeg"}],"author":"admpu17wp","twitter_card":"summary_large_image","twitter_creator":"@portalurbanook","twitter_site":"@portalurbanook","twitter_misc":{"Escrito por":"admpu17wp","Tiempo de lectura":"2 minutos"},"schema":{"@context":"https:\/\/schema.org","@graph":[{"@type":"Article","@id":"https:\/\/experienciadevida.com.ar\/portalurbano\/venta-irregular-de-terrenos-peralta-no-fue-a-la-comision-del-hcd\/#article","isPartOf":{"@id":"https:\/\/experienciadevida.com.ar\/portalurbano\/venta-irregular-de-terrenos-peralta-no-fue-a-la-comision-del-hcd\/"},"author":{"name":"admpu17wp","@id":"https:\/\/experienciadevida.com.ar\/portalurbano\/#\/schema\/person\/02dd326b1c4b056e9cc972486934a3a7"},"headline":"Venta irregular de terrenos: Peralta no fue a la comisi\u00f3n del HCD","datePublished":"2022-03-19T11:28:43+00:00","dateModified":"2022-03-19T11:33:11+00:00","mainEntityOfPage":{"@id":"https:\/\/experienciadevida.com.ar\/portalurbano\/venta-irregular-de-terrenos-peralta-no-fue-a-la-comision-del-hcd\/"},"wordCount":473,"publisher":{"@id":"https:\/\/experienciadevida.com.ar\/portalurbano\/#organization"},"articleSection":["Ciudad","Destacadas"],"inLanguage":"es"},{"@type":"WebPage","@id":"https:\/\/experienciadevida.com.ar\/portalurbano\/venta-irregular-de-terrenos-peralta-no-fue-a-la-comision-del-hcd\/","url":"https:\/\/experienciadevida.com.ar\/portalurbano\/venta-irregular-de-terrenos-peralta-no-fue-a-la-comision-del-hcd\/","name":"Venta irregular de terrenos: Peralta no fue a la comisi\u00f3n del HCD","isPartOf":{"@id":"https:\/\/experienciadevida.com.ar\/portalurbano\/#website"},"datePublished":"2022-03-19T11:28:43+00:00","dateModified":"2022-03-19T11:33:11+00:00","description":"Venta irregular de terrenos: Peralta no fue a la comisi\u00f3n del HCD, se brind\u00f3 el\u00a0 Sexto informe de la Comisi\u00f3n Especial que investiga","breadcrumb":{"@id":"https:\/\/experienciadevida.com.ar\/portalurbano\/venta-irregular-de-terrenos-peralta-no-fue-a-la-comision-del-hcd\/#breadcrumb"},"inLanguage":"es","potentialAction":[{"@type":"ReadAction","target":["https:\/\/experienciadevida.com.ar\/portalurbano\/venta-irregular-de-terrenos-peralta-no-fue-a-la-comision-del-hcd\/"]}]},{"@type":"BreadcrumbList","@id":"https:\/\/experienciadevida.com.ar\/portalurbano\/venta-irregular-de-terrenos-peralta-no-fue-a-la-comision-del-hcd\/#breadcrumb","itemListElement":[{"@type":"ListItem","position":1,"name":"Portada","item":"https:\/\/experienciadevida.com.ar\/portalurbano\/"},{"@type":"ListItem","position":2,"name":"Venta irregular de terrenos: Peralta no fue a la comisi\u00f3n del HCD"}]},{"@type":"WebSite","@id":"https:\/\/experienciadevida.com.ar\/portalurbano\/#website","url":"https:\/\/experienciadevida.com.ar\/portalurbano\/","name":"","description":"","publisher":{"@id":"https:\/\/experienciadevida.com.ar\/portalurbano\/#organization"},"potentialAction":[{"@type":"SearchAction","target":{"@type":"EntryPoint","urlTemplate":"https:\/\/experienciadevida.com.ar\/portalurbano\/?s={search_term_string}"},"query-input":"required name=search_term_string"}],"inLanguage":"es"},{"@type":"Organization","@id":"https:\/\/experienciadevida.com.ar\/portalurbano\/#organization","name":"Portal Urbano","url":"https:\/\/experienciadevida.com.ar\/portalurbano\/","logo":{"@type":"ImageObject","inLanguage":"es","@id":"https:\/\/experienciadevida.com.ar\/portalurbano\/#\/schema\/logo\/image\/","url":"https:\/\/experienciadevida.com.ar\/portalurbano\/wp-content\/uploads\/2019\/09\/Logo-Original.png","contentUrl":"https:\/\/experienciadevida.com.ar\/portalurbano\/wp-content\/uploads\/2019\/09\/Logo-Original.png","width":2236,"height":1216,"caption":"Portal Urbano"},"image":{"@id":"https:\/\/experienciadevida.com.ar\/portalurbano\/#\/schema\/logo\/image\/"},"sameAs":["https:\/\/www.facebook.com\/Portal-Urbano-171542830093757\/","https:\/\/twitter.com\/portalurbanook","https:\/\/www.instagram.com\/_portalurbano\/","https:\/\/www.youtube.com\/channel\/UCXhagIfszH8KxFiOok79zbA?view_as=subscriber"]},{"@type":"Person","@id":"https:\/\/experienciadevida.com.ar\/portalurbano\/#\/schema\/person\/02dd326b1c4b056e9cc972486934a3a7","name":"admpu17wp","image":{"@type":"ImageObject","inLanguage":"es","@id":"https:\/\/experienciadevida.com.ar\/portalurbano\/#\/schema\/person\/image\/","url":"https:\/\/secure.gravatar.com\/avatar\/830d4c57adaae6630765e449a6908047?s=96&d=mm&r=g","contentUrl":"https:\/\/secure.gravatar.com\/avatar\/830d4c57adaae6630765e449a6908047?s=96&d=mm&r=g","caption":"admpu17wp"}}]}},"featured_image_urls":{"full":["https:\/\/experienciadevida.com.ar\/portalurbano\/wp-content\/uploads\/2022\/03\/Venta-irregular-de-terrenos.jpg",874,514,false],"thumbnail":["https:\/\/experienciadevida.com.ar\/portalurbano\/wp-content\/uploads\/2022\/03\/Venta-irregular-de-terrenos-150x150.jpg",150,150,true],"medium":["https:\/\/experienciadevida.com.ar\/portalurbano\/wp-content\/uploads\/2022\/03\/Venta-irregular-de-terrenos-300x176.jpg",300,176,true],"medium_large":["https:\/\/experienciadevida.com.ar\/portalurbano\/wp-content\/uploads\/2022\/03\/Venta-irregular-de-terrenos-768x452.jpg",640,377,true],"large":["https:\/\/experienciadevida.com.ar\/portalurbano\/wp-content\/uploads\/2022\/03\/Venta-irregular-de-terrenos.jpg",640,376,false],"ug_big":["https:\/\/experienciadevida.com.ar\/portalurbano\/wp-content\/uploads\/2022\/03\/Venta-irregular-de-terrenos-768x452.jpg",768,452,true],"1536x1536":["https:\/\/experienciadevida.com.ar\/portalurbano\/wp-content\/uploads\/2022\/03\/Venta-irregular-de-terrenos.jpg",874,514,false],"2048x2048":["https:\/\/experienciadevida.com.ar\/portalurbano\/wp-content\/uploads\/2022\/03\/Venta-irregular-de-terrenos.jpg",874,514,false],"newsever-slider-full":["https:\/\/experienciadevida.com.ar\/portalurbano\/wp-content\/uploads\/2022\/03\/Venta-irregular-de-terrenos.jpg",874,514,false],"newsever-featured":["https:\/\/experienciadevida.com.ar\/portalurbano\/wp-content\/uploads\/2022\/03\/Venta-irregular-de-terrenos.jpg",874,514,false],"newsever-medium":["https:\/\/experienciadevida.com.ar\/portalurbano\/wp-content\/uploads\/2022\/03\/Venta-irregular-de-terrenos.jpg",720,423,false],"web-stories-poster-portrait":["https:\/\/experienciadevida.com.ar\/portalurbano\/wp-content\/uploads\/2022\/03\/Venta-irregular-de-terrenos.jpg",640,376,false],"web-stories-publisher-logo":["https:\/\/experienciadevida.com.ar\/portalurbano\/wp-content\/uploads\/2022\/03\/Venta-irregular-de-terrenos.jpg",96,56,false],"web-stories-thumbnail":["https:\/\/experienciadevida.com.ar\/portalurbano\/wp-content\/uploads\/2022\/03\/Venta-irregular-de-terrenos.jpg",150,88,false]},"author_info":{"display_name":"admpu17wp","author_link":"https:\/\/experienciadevida.com.ar\/portalurbano\/author\/admpu17wp\/"},"category_info":"<a href=\"https:\/\/experienciadevida.com.ar\/portalurbano\/category\/ciudad\/\" rel=\"category tag\">Ciudad<\/a> <a href=\"https:\/\/experienciadevida.com.ar\/portalurbano\/category\/destacadas\/\" rel=\"category tag\">Destacadas<\/a>","tag_info":"Destacadas","comment_count":"0","amp_enabled":true,"_links":{"self":[{"href":"https:\/\/experienciadevida.com.ar\/portalurbano\/wp-json\/wp\/v2\/posts\/163710"}],"collection":[{"href":"https:\/\/experienciadevida.com.ar\/portalurbano\/wp-json\/wp\/v2\/posts"}],"about":[{"href":"https:\/\/experienciadevida.com.ar\/portalurbano\/wp-json\/wp\/v2\/types\/post"}],"author":[{"embeddable":true,"href":"https:\/\/experienciadevida.com.ar\/portalurbano\/wp-json\/wp\/v2\/users\/1"}],"replies":[{"embeddable":true,"href":"https:\/\/experienciadevida.com.ar\/portalurbano\/wp-json\/wp\/v2\/comments?post=163710"}],"version-history":[{"count":4,"href":"https:\/\/experienciadevida.com.ar\/portalurbano\/wp-json\/wp\/v2\/posts\/163710\/revisions"}],"predecessor-version":[{"id":163715,"href":"https:\/\/experienciadevida.com.ar\/portalurbano\/wp-json\/wp\/v2\/posts\/163710\/revisions\/163715"}],"wp:featuredmedia":[{"embeddable":true,"href":"https:\/\/experienciadevida.com.ar\/portalurbano\/wp-json\/wp\/v2\/media\/163711"}],"wp:attachment":[{"href":"https:\/\/experienciadevida.com.ar\/portalurbano\/wp-json\/wp\/v2\/media?parent=163710"}],"wp:term":[{"taxonomy":"category","embeddable":true,"href":"https:\/\/experienciadevida.com.ar\/portalurbano\/wp-json\/wp\/v2\/categories?post=163710"},{"taxonomy":"post_tag","embeddable":true,"href":"https:\/\/experienciadevida.com.ar\/portalurbano\/wp-json\/wp\/v2\/tags?post=163710"}],"curies":[{"name":"wp","href":"https:\/\/api.w.org\/{rel}","templated":true}]}}