{"id":163706,"date":"2022-03-19T08:22:53","date_gmt":"2022-03-19T11:22:53","guid":{"rendered":"https:\/\/experienciadevida.com.ar\/portalurbano\/?p=163706"},"modified":"2022-03-19T08:25:13","modified_gmt":"2022-03-19T11:25:13","slug":"foro-olavarria-fr-reedita-monte-pelloni-y-memoria-road-movie-para-conmemorar-el-24m","status":"publish","type":"post","link":"https:\/\/experienciadevida.com.ar\/portalurbano\/foro-olavarria-fr-reedita-monte-pelloni-y-memoria-road-movie-para-conmemorar-el-24m\/","title":{"rendered":"Foro Olavarr\u00eda &#8211; FR reedita \u201cMonte Pelloni y memoria: Road Movie\u201d para conmemorar el 24M"},"content":{"rendered":"<p><a href=\"https:\/\/www.facebook.com\/Foroolavarria\">Foro Olavarr\u00eda<\/a> &#8211; FR reedita \u201cMonte Pelloni y memoria: Road Movie\u201d para conmemorar el 24M, la producci\u00f3n cuenta con la participaci\u00f3n de Carlos Genson, quien relata sus recuerdos como ex detenido por la \u00faltima dictadura c\u00edvico-militar. El material se encuentra disponible en el canal de YouTube del Foro Olavarr\u00eda.<\/p>\n<p>Foro Olavarr\u00eda &#8211; Frente Renovador, espacio que conduce Eduardo Rodr\u00edguez junto a la concejala In\u00e9s Creimer y el concejal Gast\u00f3n Sarachu, comienza a conmemorar el D\u00eda de la Memoria por la Verdad y la Justicia reeditando<br \/>\n\u201cMonte Pelloni y memoria: Road Movie\u201d. La producci\u00f3n fue lanzada el a\u00f1o pasado, recordando la misma fecha, y se encuentra disponible en el canal de YouTube del Foro Olavarr\u00eda.<\/p>\n<p>\u201cMonte Pelloni y memoria: Road Movie\u201d puede verse a trav\u00e9s del siguiente enlace: https:\/\/www.youtube.com\/watch?v=cSLrjdJVxTw<\/p>\n<p>\u201cMonte Pelloni y memoria: Road Movie\u201d consiste en una experiencia cinematogr\u00e1fica, protagonizada por Carlos Genson, en la que se cuentan sus experiencias mientras estuvo detenido ilegalmente y desaparecido en el Centro de Detenci\u00f3n Clandestina \u201cMonte Pelloni\u201d. A trav\u00e9s de un recorrido por los distintos puntos que gu\u00edan hacia el predio, ubicado a cercan\u00edas de la localidad de Sierras Bayas, la producci\u00f3n ofrece a los espectadores una experiencia \u00edntima sobre lo que signific\u00f3 el lugar en tiempos de la dictadura c\u00edvico-militar, adem\u00e1s de las reflexiones que el protagonista<br \/>\nhace a\u00f1os despu\u00e9s de su liberaci\u00f3n. Entre los puntos m\u00e1s fuertes se encuentran las memorias del ex detenido, sus sensaciones al visitar Monte Pelloni, el valor que tiene la participaci\u00f3n pol\u00edtica, entre otros.<\/p>\n<p>La musicalizaci\u00f3n de \u201cMonte Pelloni y memoria: Road Movie\u201d estuvo a cargo de dos artistas olavarrienses, Tom\u00e1s Correa y Gonzalo Cabri, mediante dos reversiones de la canci\u00f3n \u201cNo es lo mismo un balc\u00f3n que un bombardeo\u201d de la<br \/>\nbanda marplatense Cient\u00edficos del Palo.<\/p>\n<p>El trabajo estuvo conducido por Luis Donatelli, quien tom\u00f3 el papel de entrevistador logrando una conversaci\u00f3n amena y enriquecedora con Genson que permiti\u00f3 documentar una visi\u00f3n particular de lo que signific\u00f3 la \u00faltima<br \/>\ndictadura c\u00edvico-militar. La producci\u00f3n estuvo a cargo del equipo de Foro Olavarr\u00eda &#8211; Frente Renovador bajo la coordinaci\u00f3n de Agust\u00edn Alfonso.<\/p>\n<p>Foro Olavarr\u00eda &#8211; FR reedita \u201cMonte Pelloni y memoria: Road Movie\u201d para conmemorar el 24M, para m\u00e1s informaci\u00f3n de las actividades que se realizan en la Casa Eduardo \u201cChino\u201d Correa acercarse al edificio ubicado en la calle Belgrano al 3222, de lunes a viernes de 9 a 13 horas. O contactarse mediante los siguientes canales de comunicaci\u00f3n:<\/p>\n<p>P\u00e1gina web: https:\/\/www.foroolavarria.org<\/p>\n<p>Mail: foroolavarria@gmail.com<\/p>\n<p>Tel\u00e9fono: 2284-554873<\/p>\n","protected":false},"excerpt":{"rendered":"<p>Foro Olavarr\u00eda &#8211; FR reedita \u201cMonte Pelloni y memoria: Road Movie\u201d para conmemorar el 24M,&#8230;<\/p>\n","protected":false},"author":1,"featured_media":163707,"comment_status":"closed","ping_status":"closed","sticky":false,"template":"","format":"standard","meta":{"content-type":""},"categories":[27,64],"tags":[],"nelio_content":{"isAutoShareEnabled":false,"autoShareEndMode":"default","automationSources":{"useContentSentences":true,"useSocialTemplates":true,"useCustomSentences":false,"customSentences":[]},"followers":[1],"suggestedReferences":[],"includedReferences":[],"efiUrl":"","efiAlt":"","highlights":[]},"yoast_head":"<!-- This site is optimized with the Yoast SEO plugin v20.7 - https:\/\/yoast.com\/wordpress\/plugins\/seo\/ -->\n<title>Foro Olavar\u00eda- FR reedita &quot;Monte Pelloni y memoria: Road Movie&quot;<\/title>\n<meta name=\"description\" content=\"Foro Olavarr\u00eda - FR reedita \u201cMonte Pelloni y memoria: Road Movie\u201d para conmemorar el 24M, cuenta con la participaci\u00f3n de Carlos Genson\" \/>\n<meta name=\"robots\" content=\"index, follow, max-snippet:-1, max-image-preview:large, max-video-preview:-1\" \/>\n<link rel=\"canonical\" href=\"https:\/\/experienciadevida.com.ar\/portalurbano\/foro-olavarria-fr-reedita-monte-pelloni-y-memoria-road-movie-para-conmemorar-el-24m\/\" \/>\n<meta property=\"og:locale\" content=\"es_ES\" \/>\n<meta property=\"og:type\" content=\"article\" \/>\n<meta property=\"og:title\" content=\"Foro Olavar\u00eda- FR reedita &quot;Monte Pelloni y memoria: Road Movie&quot;\" \/>\n<meta property=\"og:description\" content=\"Foro Olavarr\u00eda - FR reedita \u201cMonte Pelloni y memoria: Road Movie\u201d para conmemorar el 24M, cuenta con la participaci\u00f3n de Carlos Genson\" \/>\n<meta property=\"og:url\" content=\"https:\/\/experienciadevida.com.ar\/portalurbano\/foro-olavarria-fr-reedita-monte-pelloni-y-memoria-road-movie-para-conmemorar-el-24m\/\" \/>\n<meta property=\"article:publisher\" content=\"https:\/\/www.facebook.com\/Portal-Urbano-171542830093757\/\" \/>\n<meta property=\"article:published_time\" content=\"2022-03-19T11:22:53+00:00\" \/>\n<meta property=\"article:modified_time\" content=\"2022-03-19T11:25:13+00:00\" \/>\n<meta property=\"og:image\" content=\"https:\/\/experienciadevida.com.ar\/portalurbano\/wp-content\/uploads\/2022\/03\/Foro-Olavarria.jpg\" \/>\n\t<meta property=\"og:image:width\" content=\"600\" \/>\n\t<meta property=\"og:image:height\" content=\"450\" \/>\n\t<meta property=\"og:image:type\" content=\"image\/jpeg\" \/>\n<meta name=\"author\" content=\"admpu17wp\" \/>\n<meta name=\"twitter:card\" content=\"summary_large_image\" \/>\n<meta name=\"twitter:creator\" content=\"@portalurbanook\" \/>\n<meta name=\"twitter:site\" content=\"@portalurbanook\" \/>\n<meta name=\"twitter:label1\" content=\"Escrito por\" \/>\n\t<meta name=\"twitter:data1\" content=\"admpu17wp\" \/>\n\t<meta name=\"twitter:label2\" content=\"Tiempo de lectura\" \/>\n\t<meta name=\"twitter:data2\" content=\"2 minutos\" \/>\n<script type=\"application\/ld+json\" class=\"yoast-schema-graph\">{\"@context\":\"https:\/\/schema.org\",\"@graph\":[{\"@type\":\"Article\",\"@id\":\"https:\/\/experienciadevida.com.ar\/portalurbano\/foro-olavarria-fr-reedita-monte-pelloni-y-memoria-road-movie-para-conmemorar-el-24m\/#article\",\"isPartOf\":{\"@id\":\"https:\/\/experienciadevida.com.ar\/portalurbano\/foro-olavarria-fr-reedita-monte-pelloni-y-memoria-road-movie-para-conmemorar-el-24m\/\"},\"author\":{\"name\":\"admpu17wp\",\"@id\":\"https:\/\/experienciadevida.com.ar\/portalurbano\/#\/schema\/person\/02dd326b1c4b056e9cc972486934a3a7\"},\"headline\":\"Foro Olavarr\u00eda &#8211; FR reedita \u201cMonte Pelloni y memoria: Road Movie\u201d para conmemorar el 24M\",\"datePublished\":\"2022-03-19T11:22:53+00:00\",\"dateModified\":\"2022-03-19T11:25:13+00:00\",\"mainEntityOfPage\":{\"@id\":\"https:\/\/experienciadevida.com.ar\/portalurbano\/foro-olavarria-fr-reedita-monte-pelloni-y-memoria-road-movie-para-conmemorar-el-24m\/\"},\"wordCount\":479,\"publisher\":{\"@id\":\"https:\/\/experienciadevida.com.ar\/portalurbano\/#organization\"},\"articleSection\":[\"Ciudad\",\"Destacadas 2\"],\"inLanguage\":\"es\"},{\"@type\":\"WebPage\",\"@id\":\"https:\/\/experienciadevida.com.ar\/portalurbano\/foro-olavarria-fr-reedita-monte-pelloni-y-memoria-road-movie-para-conmemorar-el-24m\/\",\"url\":\"https:\/\/experienciadevida.com.ar\/portalurbano\/foro-olavarria-fr-reedita-monte-pelloni-y-memoria-road-movie-para-conmemorar-el-24m\/\",\"name\":\"Foro Olavar\u00eda- FR reedita \\\"Monte Pelloni y memoria: Road Movie\\\"\",\"isPartOf\":{\"@id\":\"https:\/\/experienciadevida.com.ar\/portalurbano\/#website\"},\"datePublished\":\"2022-03-19T11:22:53+00:00\",\"dateModified\":\"2022-03-19T11:25:13+00:00\",\"description\":\"Foro Olavarr\u00eda - FR reedita \u201cMonte Pelloni y memoria: Road Movie\u201d para conmemorar el 24M, cuenta con la participaci\u00f3n de Carlos Genson\",\"breadcrumb\":{\"@id\":\"https:\/\/experienciadevida.com.ar\/portalurbano\/foro-olavarria-fr-reedita-monte-pelloni-y-memoria-road-movie-para-conmemorar-el-24m\/#breadcrumb\"},\"inLanguage\":\"es\",\"potentialAction\":[{\"@type\":\"ReadAction\",\"target\":[\"https:\/\/experienciadevida.com.ar\/portalurbano\/foro-olavarria-fr-reedita-monte-pelloni-y-memoria-road-movie-para-conmemorar-el-24m\/\"]}]},{\"@type\":\"BreadcrumbList\",\"@id\":\"https:\/\/experienciadevida.com.ar\/portalurbano\/foro-olavarria-fr-reedita-monte-pelloni-y-memoria-road-movie-para-conmemorar-el-24m\/#breadcrumb\",\"itemListElement\":[{\"@type\":\"ListItem\",\"position\":1,\"name\":\"Portada\",\"item\":\"https:\/\/experienciadevida.com.ar\/portalurbano\/\"},{\"@type\":\"ListItem\",\"position\":2,\"name\":\"Foro Olavarr\u00eda &#8211; FR reedita \u201cMonte Pelloni y memoria: Road Movie\u201d para conmemorar el 24M\"}]},{\"@type\":\"WebSite\",\"@id\":\"https:\/\/experienciadevida.com.ar\/portalurbano\/#website\",\"url\":\"https:\/\/experienciadevida.com.ar\/portalurbano\/\",\"name\":\"\",\"description\":\"\",\"publisher\":{\"@id\":\"https:\/\/experienciadevida.com.ar\/portalurbano\/#organization\"},\"potentialAction\":[{\"@type\":\"SearchAction\",\"target\":{\"@type\":\"EntryPoint\",\"urlTemplate\":\"https:\/\/experienciadevida.com.ar\/portalurbano\/?s={search_term_string}\"},\"query-input\":\"required name=search_term_string\"}],\"inLanguage\":\"es\"},{\"@type\":\"Organization\",\"@id\":\"https:\/\/experienciadevida.com.ar\/portalurbano\/#organization\",\"name\":\"Portal Urbano\",\"url\":\"https:\/\/experienciadevida.com.ar\/portalurbano\/\",\"logo\":{\"@type\":\"ImageObject\",\"inLanguage\":\"es\",\"@id\":\"https:\/\/experienciadevida.com.ar\/portalurbano\/#\/schema\/logo\/image\/\",\"url\":\"https:\/\/experienciadevida.com.ar\/portalurbano\/wp-content\/uploads\/2019\/09\/Logo-Original.png\",\"contentUrl\":\"https:\/\/experienciadevida.com.ar\/portalurbano\/wp-content\/uploads\/2019\/09\/Logo-Original.png\",\"width\":2236,\"height\":1216,\"caption\":\"Portal Urbano\"},\"image\":{\"@id\":\"https:\/\/experienciadevida.com.ar\/portalurbano\/#\/schema\/logo\/image\/\"},\"sameAs\":[\"https:\/\/www.facebook.com\/Portal-Urbano-171542830093757\/\",\"https:\/\/twitter.com\/portalurbanook\",\"https:\/\/www.instagram.com\/_portalurbano\/\",\"https:\/\/www.youtube.com\/channel\/UCXhagIfszH8KxFiOok79zbA?view_as=subscriber\"]},{\"@type\":\"Person\",\"@id\":\"https:\/\/experienciadevida.com.ar\/portalurbano\/#\/schema\/person\/02dd326b1c4b056e9cc972486934a3a7\",\"name\":\"admpu17wp\",\"image\":{\"@type\":\"ImageObject\",\"inLanguage\":\"es\",\"@id\":\"https:\/\/experienciadevida.com.ar\/portalurbano\/#\/schema\/person\/image\/\",\"url\":\"https:\/\/secure.gravatar.com\/avatar\/830d4c57adaae6630765e449a6908047?s=96&d=mm&r=g\",\"contentUrl\":\"https:\/\/secure.gravatar.com\/avatar\/830d4c57adaae6630765e449a6908047?s=96&d=mm&r=g\",\"caption\":\"admpu17wp\"}}]}<\/script>\n<!-- \/ Yoast SEO plugin. -->","yoast_head_json":{"title":"Foro Olavar\u00eda- FR reedita \"Monte Pelloni y memoria: Road Movie\"","description":"Foro Olavarr\u00eda - FR reedita \u201cMonte Pelloni y memoria: Road Movie\u201d para conmemorar el 24M, cuenta con la participaci\u00f3n de Carlos Genson","robots":{"index":"index","follow":"follow","max-snippet":"max-snippet:-1","max-image-preview":"max-image-preview:large","max-video-preview":"max-video-preview:-1"},"canonical":"https:\/\/experienciadevida.com.ar\/portalurbano\/foro-olavarria-fr-reedita-monte-pelloni-y-memoria-road-movie-para-conmemorar-el-24m\/","og_locale":"es_ES","og_type":"article","og_title":"Foro Olavar\u00eda- FR reedita \"Monte Pelloni y memoria: Road Movie\"","og_description":"Foro Olavarr\u00eda - FR reedita \u201cMonte Pelloni y memoria: Road Movie\u201d para conmemorar el 24M, cuenta con la participaci\u00f3n de Carlos Genson","og_url":"https:\/\/experienciadevida.com.ar\/portalurbano\/foro-olavarria-fr-reedita-monte-pelloni-y-memoria-road-movie-para-conmemorar-el-24m\/","article_publisher":"https:\/\/www.facebook.com\/Portal-Urbano-171542830093757\/","article_published_time":"2022-03-19T11:22:53+00:00","article_modified_time":"2022-03-19T11:25:13+00:00","og_image":[{"width":600,"height":450,"url":"https:\/\/experienciadevida.com.ar\/portalurbano\/wp-content\/uploads\/2022\/03\/Foro-Olavarria.jpg","type":"image\/jpeg"}],"author":"admpu17wp","twitter_card":"summary_large_image","twitter_creator":"@portalurbanook","twitter_site":"@portalurbanook","twitter_misc":{"Escrito por":"admpu17wp","Tiempo de lectura":"2 minutos"},"schema":{"@context":"https:\/\/schema.org","@graph":[{"@type":"Article","@id":"https:\/\/experienciadevida.com.ar\/portalurbano\/foro-olavarria-fr-reedita-monte-pelloni-y-memoria-road-movie-para-conmemorar-el-24m\/#article","isPartOf":{"@id":"https:\/\/experienciadevida.com.ar\/portalurbano\/foro-olavarria-fr-reedita-monte-pelloni-y-memoria-road-movie-para-conmemorar-el-24m\/"},"author":{"name":"admpu17wp","@id":"https:\/\/experienciadevida.com.ar\/portalurbano\/#\/schema\/person\/02dd326b1c4b056e9cc972486934a3a7"},"headline":"Foro Olavarr\u00eda &#8211; FR reedita \u201cMonte Pelloni y memoria: Road Movie\u201d para conmemorar el 24M","datePublished":"2022-03-19T11:22:53+00:00","dateModified":"2022-03-19T11:25:13+00:00","mainEntityOfPage":{"@id":"https:\/\/experienciadevida.com.ar\/portalurbano\/foro-olavarria-fr-reedita-monte-pelloni-y-memoria-road-movie-para-conmemorar-el-24m\/"},"wordCount":479,"publisher":{"@id":"https:\/\/experienciadevida.com.ar\/portalurbano\/#organization"},"articleSection":["Ciudad","Destacadas 2"],"inLanguage":"es"},{"@type":"WebPage","@id":"https:\/\/experienciadevida.com.ar\/portalurbano\/foro-olavarria-fr-reedita-monte-pelloni-y-memoria-road-movie-para-conmemorar-el-24m\/","url":"https:\/\/experienciadevida.com.ar\/portalurbano\/foro-olavarria-fr-reedita-monte-pelloni-y-memoria-road-movie-para-conmemorar-el-24m\/","name":"Foro Olavar\u00eda- FR reedita \"Monte Pelloni y memoria: Road Movie\"","isPartOf":{"@id":"https:\/\/experienciadevida.com.ar\/portalurbano\/#website"},"datePublished":"2022-03-19T11:22:53+00:00","dateModified":"2022-03-19T11:25:13+00:00","description":"Foro Olavarr\u00eda - FR reedita \u201cMonte Pelloni y memoria: Road Movie\u201d para conmemorar el 24M, cuenta con la participaci\u00f3n de Carlos Genson","breadcrumb":{"@id":"https:\/\/experienciadevida.com.ar\/portalurbano\/foro-olavarria-fr-reedita-monte-pelloni-y-memoria-road-movie-para-conmemorar-el-24m\/#breadcrumb"},"inLanguage":"es","potentialAction":[{"@type":"ReadAction","target":["https:\/\/experienciadevida.com.ar\/portalurbano\/foro-olavarria-fr-reedita-monte-pelloni-y-memoria-road-movie-para-conmemorar-el-24m\/"]}]},{"@type":"BreadcrumbList","@id":"https:\/\/experienciadevida.com.ar\/portalurbano\/foro-olavarria-fr-reedita-monte-pelloni-y-memoria-road-movie-para-conmemorar-el-24m\/#breadcrumb","itemListElement":[{"@type":"ListItem","position":1,"name":"Portada","item":"https:\/\/experienciadevida.com.ar\/portalurbano\/"},{"@type":"ListItem","position":2,"name":"Foro Olavarr\u00eda &#8211; FR reedita \u201cMonte Pelloni y memoria: Road Movie\u201d para conmemorar el 24M"}]},{"@type":"WebSite","@id":"https:\/\/experienciadevida.com.ar\/portalurbano\/#website","url":"https:\/\/experienciadevida.com.ar\/portalurbano\/","name":"","description":"","publisher":{"@id":"https:\/\/experienciadevida.com.ar\/portalurbano\/#organization"},"potentialAction":[{"@type":"SearchAction","target":{"@type":"EntryPoint","urlTemplate":"https:\/\/experienciadevida.com.ar\/portalurbano\/?s={search_term_string}"},"query-input":"required name=search_term_string"}],"inLanguage":"es"},{"@type":"Organization","@id":"https:\/\/experienciadevida.com.ar\/portalurbano\/#organization","name":"Portal Urbano","url":"https:\/\/experienciadevida.com.ar\/portalurbano\/","logo":{"@type":"ImageObject","inLanguage":"es","@id":"https:\/\/experienciadevida.com.ar\/portalurbano\/#\/schema\/logo\/image\/","url":"https:\/\/experienciadevida.com.ar\/portalurbano\/wp-content\/uploads\/2019\/09\/Logo-Original.png","contentUrl":"https:\/\/experienciadevida.com.ar\/portalurbano\/wp-content\/uploads\/2019\/09\/Logo-Original.png","width":2236,"height":1216,"caption":"Portal Urbano"},"image":{"@id":"https:\/\/experienciadevida.com.ar\/portalurbano\/#\/schema\/logo\/image\/"},"sameAs":["https:\/\/www.facebook.com\/Portal-Urbano-171542830093757\/","https:\/\/twitter.com\/portalurbanook","https:\/\/www.instagram.com\/_portalurbano\/","https:\/\/www.youtube.com\/channel\/UCXhagIfszH8KxFiOok79zbA?view_as=subscriber"]},{"@type":"Person","@id":"https:\/\/experienciadevida.com.ar\/portalurbano\/#\/schema\/person\/02dd326b1c4b056e9cc972486934a3a7","name":"admpu17wp","image":{"@type":"ImageObject","inLanguage":"es","@id":"https:\/\/experienciadevida.com.ar\/portalurbano\/#\/schema\/person\/image\/","url":"https:\/\/secure.gravatar.com\/avatar\/830d4c57adaae6630765e449a6908047?s=96&d=mm&r=g","contentUrl":"https:\/\/secure.gravatar.com\/avatar\/830d4c57adaae6630765e449a6908047?s=96&d=mm&r=g","caption":"admpu17wp"}}]}},"featured_image_urls":{"full":["https:\/\/experienciadevida.com.ar\/portalurbano\/wp-content\/uploads\/2022\/03\/Foro-Olavarria.jpg",600,450,false],"thumbnail":["https:\/\/experienciadevida.com.ar\/portalurbano\/wp-content\/uploads\/2022\/03\/Foro-Olavarria-150x150.jpg",150,150,true],"medium":["https:\/\/experienciadevida.com.ar\/portalurbano\/wp-content\/uploads\/2022\/03\/Foro-Olavarria-300x225.jpg",300,225,true],"medium_large":["https:\/\/experienciadevida.com.ar\/portalurbano\/wp-content\/uploads\/2022\/03\/Foro-Olavarria.jpg",600,450,false],"large":["https:\/\/experienciadevida.com.ar\/portalurbano\/wp-content\/uploads\/2022\/03\/Foro-Olavarria.jpg",600,450,false],"ug_big":["https:\/\/experienciadevida.com.ar\/portalurbano\/wp-content\/uploads\/2022\/03\/Foro-Olavarria.jpg",600,450,false],"1536x1536":["https:\/\/experienciadevida.com.ar\/portalurbano\/wp-content\/uploads\/2022\/03\/Foro-Olavarria.jpg",600,450,false],"2048x2048":["https:\/\/experienciadevida.com.ar\/portalurbano\/wp-content\/uploads\/2022\/03\/Foro-Olavarria.jpg",600,450,false],"newsever-slider-full":["https:\/\/experienciadevida.com.ar\/portalurbano\/wp-content\/uploads\/2022\/03\/Foro-Olavarria.jpg",600,450,false],"newsever-featured":["https:\/\/experienciadevida.com.ar\/portalurbano\/wp-content\/uploads\/2022\/03\/Foro-Olavarria.jpg",600,450,false],"newsever-medium":["https:\/\/experienciadevida.com.ar\/portalurbano\/wp-content\/uploads\/2022\/03\/Foro-Olavarria.jpg",600,450,false],"web-stories-poster-portrait":["https:\/\/experienciadevida.com.ar\/portalurbano\/wp-content\/uploads\/2022\/03\/Foro-Olavarria.jpg",600,450,false],"web-stories-publisher-logo":["https:\/\/experienciadevida.com.ar\/portalurbano\/wp-content\/uploads\/2022\/03\/Foro-Olavarria.jpg",96,72,false],"web-stories-thumbnail":["https:\/\/experienciadevida.com.ar\/portalurbano\/wp-content\/uploads\/2022\/03\/Foro-Olavarria.jpg",150,113,false]},"author_info":{"display_name":"admpu17wp","author_link":"https:\/\/experienciadevida.com.ar\/portalurbano\/author\/admpu17wp\/"},"category_info":"<a href=\"https:\/\/experienciadevida.com.ar\/portalurbano\/category\/ciudad\/\" rel=\"category tag\">Ciudad<\/a> <a href=\"https:\/\/experienciadevida.com.ar\/portalurbano\/category\/destacadas-2\/\" rel=\"category tag\">Destacadas 2<\/a>","tag_info":"Destacadas 2","comment_count":"0","amp_enabled":true,"_links":{"self":[{"href":"https:\/\/experienciadevida.com.ar\/portalurbano\/wp-json\/wp\/v2\/posts\/163706"}],"collection":[{"href":"https:\/\/experienciadevida.com.ar\/portalurbano\/wp-json\/wp\/v2\/posts"}],"about":[{"href":"https:\/\/experienciadevida.com.ar\/portalurbano\/wp-json\/wp\/v2\/types\/post"}],"author":[{"embeddable":true,"href":"https:\/\/experienciadevida.com.ar\/portalurbano\/wp-json\/wp\/v2\/users\/1"}],"replies":[{"embeddable":true,"href":"https:\/\/experienciadevida.com.ar\/portalurbano\/wp-json\/wp\/v2\/comments?post=163706"}],"version-history":[{"count":2,"href":"https:\/\/experienciadevida.com.ar\/portalurbano\/wp-json\/wp\/v2\/posts\/163706\/revisions"}],"predecessor-version":[{"id":163709,"href":"https:\/\/experienciadevida.com.ar\/portalurbano\/wp-json\/wp\/v2\/posts\/163706\/revisions\/163709"}],"wp:featuredmedia":[{"embeddable":true,"href":"https:\/\/experienciadevida.com.ar\/portalurbano\/wp-json\/wp\/v2\/media\/163707"}],"wp:attachment":[{"href":"https:\/\/experienciadevida.com.ar\/portalurbano\/wp-json\/wp\/v2\/media?parent=163706"}],"wp:term":[{"taxonomy":"category","embeddable":true,"href":"https:\/\/experienciadevida.com.ar\/portalurbano\/wp-json\/wp\/v2\/categories?post=163706"},{"taxonomy":"post_tag","embeddable":true,"href":"https:\/\/experienciadevida.com.ar\/portalurbano\/wp-json\/wp\/v2\/tags?post=163706"}],"curies":[{"name":"wp","href":"https:\/\/api.w.org\/{rel}","templated":true}]}}