{"id":163692,"date":"2022-03-18T16:14:43","date_gmt":"2022-03-18T19:14:43","guid":{"rendered":"https:\/\/experienciadevida.com.ar\/portalurbano\/?p=163692"},"modified":"2022-03-18T16:16:32","modified_gmt":"2022-03-18T19:16:32","slug":"el-bloque-ucr-en-un-proyecto-busca-nombrar-a-omar-rossini-merito-ciudadano","status":"publish","type":"post","link":"https:\/\/experienciadevida.com.ar\/portalurbano\/el-bloque-ucr-en-un-proyecto-busca-nombrar-a-omar-rossini-merito-ciudadano\/","title":{"rendered":"El bloque UCR en un proyecto busca nombrar a Omar Rossini &#8220;m\u00e9rito ciudadano&#8221;"},"content":{"rendered":"<p>El bloque UCR en un proyecto busca nombrar a Omar Rossini &#8220;m\u00e9rito ciudadano&#8221;, as\u00ed lo informaron en un comunicado este viernes.<\/p>\n<p>El honor se debe a la destacada y extensa trayectoria en el \u00e1mbito de la cultura, el patrimonio, el deporte y el compromiso con la comunidad de Olavarr\u00eda del Sr. Cesar Omar Rossini. Mencionan que corresponde al hcd destacar a los vecinos de nuestra ciudad que sobresalen en su actividad y dedicaci\u00f3n en la labor por la comunidad.<\/p>\n<p>Omar Rossini lleva m\u00e1s de 13 a\u00f1os al cuidado y mantenimiento de la galera de los Hermanos Emiliozzi, llev\u00e1ndola a distintas actividades a lo largo de nuestro pa\u00eds, exhibi\u00e9ndola y representando a nuestra ciudad. Que los creadores de la &#8220;Galera&#8221; -una Ford coupe modelo 37- mantuvieron la m\u00e1quina hasta hace m\u00e1s de una d\u00e9cada, cuando debieron venderla a un particular por cuestiones econ\u00f3micas y que posteriormente, gracias a la labor de Omar la Galera pas\u00f3 a ser propiedad del Municipio, que la adquiri\u00f3 para que sea patrimonio de los olavarrienses;<\/p>\n<p>Que desde el momento de su recuperaci\u00f3n, Omar trabajo en su taller \u201cTaller Splendid\u201d, ubicado en Av. Pringles 4014. Para lograr una restauraci\u00f3n total y devolverles a los olvarrienses una parte de su historia.<\/p>\n<p>Que en los relatos de los allegados a Omar podemos encontrar an\u00e9cdotas e historias de las miles de personas que se acercaban a el para poder conocer la galera, y sin importar quienes eran, este ciudadano se las mostraba, explicaba y relatabas las haza\u00f1as de los Hermanos Emiliozzi.<\/p>\n<p>Que durante el a\u00f1o de pandemia, Omar sigui\u00f3 trabajando para que el museo siga con sus puertas abiertas brindando charlas y visitas virtuales.<\/p>\n<p>Que esta distinci\u00f3n honor\u00edfica al Sr. Omar Rossini es un merecido reconocimiento para quien, a lo largo de su vida, ha realizado un invalorable aporte a la cultura, el patrimonio y el turismo de nuestra ciudad, que perdurar\u00e1 en el tiempo.<\/p>\n<p>Que todo ello pone en evidencia las razones suficientes y necesarias que estable la Ordenanza 4033\/16 para el otorgamiento del galard\u00f3n \u201cHonor al M\u00e9rito Ciudadano\u201d toda vez que re\u00fane un logro particular y singular.<\/p>\n<p>Foto: ilustrativa<\/p>\n","protected":false},"excerpt":{"rendered":"<p>El bloque UCR en un proyecto busca nombrar a Omar Rossini &#8220;m\u00e9rito ciudadano&#8221;, as\u00ed lo&#8230;<\/p>\n","protected":false},"author":1,"featured_media":163693,"comment_status":"closed","ping_status":"closed","sticky":false,"template":"","format":"standard","meta":{"content-type":""},"categories":[27,51],"tags":[],"nelio_content":{"isAutoShareEnabled":false,"autoShareEndMode":"default","automationSources":{"useContentSentences":true,"useSocialTemplates":true,"useCustomSentences":false,"customSentences":[]},"followers":[1],"suggestedReferences":[],"includedReferences":[],"efiUrl":"","efiAlt":"","highlights":[]},"yoast_head":"<!-- This site is optimized with the Yoast SEO plugin v20.7 - https:\/\/yoast.com\/wordpress\/plugins\/seo\/ -->\n<title>El bloque UCR en un proyecto busca nombrar a Rossini m\u00e9rito ciudadano<\/title>\n<meta name=\"description\" content=\"El bloque UCR en un proyecto busca nombrar a Omar Rossini &quot;m\u00e9rito ciudadano&quot;, as\u00ed lo informaron en un comunicado este viernes\" \/>\n<meta name=\"robots\" content=\"index, follow, max-snippet:-1, max-image-preview:large, max-video-preview:-1\" \/>\n<link rel=\"canonical\" href=\"https:\/\/experienciadevida.com.ar\/portalurbano\/el-bloque-ucr-en-un-proyecto-busca-nombrar-a-omar-rossini-merito-ciudadano\/\" \/>\n<meta property=\"og:locale\" content=\"es_ES\" \/>\n<meta property=\"og:type\" content=\"article\" \/>\n<meta property=\"og:title\" content=\"El bloque UCR en un proyecto busca nombrar a Rossini m\u00e9rito ciudadano\" \/>\n<meta property=\"og:description\" content=\"El bloque UCR en un proyecto busca nombrar a Omar Rossini &quot;m\u00e9rito ciudadano&quot;, as\u00ed lo informaron en un comunicado este viernes\" \/>\n<meta property=\"og:url\" content=\"https:\/\/experienciadevida.com.ar\/portalurbano\/el-bloque-ucr-en-un-proyecto-busca-nombrar-a-omar-rossini-merito-ciudadano\/\" \/>\n<meta property=\"article:publisher\" content=\"https:\/\/www.facebook.com\/Portal-Urbano-171542830093757\/\" \/>\n<meta property=\"article:published_time\" content=\"2022-03-18T19:14:43+00:00\" \/>\n<meta property=\"article:modified_time\" content=\"2022-03-18T19:16:32+00:00\" \/>\n<meta property=\"og:image\" content=\"https:\/\/experienciadevida.com.ar\/portalurbano\/wp-content\/uploads\/2022\/03\/BLOQUEUCR.png\" \/>\n\t<meta property=\"og:image:width\" content=\"569\" \/>\n\t<meta property=\"og:image:height\" content=\"469\" \/>\n\t<meta property=\"og:image:type\" content=\"image\/png\" \/>\n<meta name=\"author\" content=\"admpu17wp\" \/>\n<meta name=\"twitter:card\" content=\"summary_large_image\" \/>\n<meta name=\"twitter:creator\" content=\"@portalurbanook\" \/>\n<meta name=\"twitter:site\" content=\"@portalurbanook\" \/>\n<meta name=\"twitter:label1\" content=\"Escrito por\" \/>\n\t<meta name=\"twitter:data1\" content=\"admpu17wp\" \/>\n\t<meta name=\"twitter:label2\" content=\"Tiempo de lectura\" \/>\n\t<meta name=\"twitter:data2\" content=\"2 minutos\" \/>\n<script type=\"application\/ld+json\" class=\"yoast-schema-graph\">{\"@context\":\"https:\/\/schema.org\",\"@graph\":[{\"@type\":\"Article\",\"@id\":\"https:\/\/experienciadevida.com.ar\/portalurbano\/el-bloque-ucr-en-un-proyecto-busca-nombrar-a-omar-rossini-merito-ciudadano\/#article\",\"isPartOf\":{\"@id\":\"https:\/\/experienciadevida.com.ar\/portalurbano\/el-bloque-ucr-en-un-proyecto-busca-nombrar-a-omar-rossini-merito-ciudadano\/\"},\"author\":{\"name\":\"admpu17wp\",\"@id\":\"https:\/\/experienciadevida.com.ar\/portalurbano\/#\/schema\/person\/02dd326b1c4b056e9cc972486934a3a7\"},\"headline\":\"El bloque UCR en un proyecto busca nombrar a Omar Rossini &#8220;m\u00e9rito ciudadano&#8221;\",\"datePublished\":\"2022-03-18T19:14:43+00:00\",\"dateModified\":\"2022-03-18T19:16:32+00:00\",\"mainEntityOfPage\":{\"@id\":\"https:\/\/experienciadevida.com.ar\/portalurbano\/el-bloque-ucr-en-un-proyecto-busca-nombrar-a-omar-rossini-merito-ciudadano\/\"},\"wordCount\":384,\"publisher\":{\"@id\":\"https:\/\/experienciadevida.com.ar\/portalurbano\/#organization\"},\"articleSection\":[\"Ciudad\",\"Destacadas\"],\"inLanguage\":\"es\"},{\"@type\":\"WebPage\",\"@id\":\"https:\/\/experienciadevida.com.ar\/portalurbano\/el-bloque-ucr-en-un-proyecto-busca-nombrar-a-omar-rossini-merito-ciudadano\/\",\"url\":\"https:\/\/experienciadevida.com.ar\/portalurbano\/el-bloque-ucr-en-un-proyecto-busca-nombrar-a-omar-rossini-merito-ciudadano\/\",\"name\":\"El bloque UCR en un proyecto busca nombrar a Rossini m\u00e9rito ciudadano\",\"isPartOf\":{\"@id\":\"https:\/\/experienciadevida.com.ar\/portalurbano\/#website\"},\"datePublished\":\"2022-03-18T19:14:43+00:00\",\"dateModified\":\"2022-03-18T19:16:32+00:00\",\"description\":\"El bloque UCR en un proyecto busca nombrar a Omar Rossini \\\"m\u00e9rito ciudadano\\\", as\u00ed lo informaron en un comunicado este viernes\",\"breadcrumb\":{\"@id\":\"https:\/\/experienciadevida.com.ar\/portalurbano\/el-bloque-ucr-en-un-proyecto-busca-nombrar-a-omar-rossini-merito-ciudadano\/#breadcrumb\"},\"inLanguage\":\"es\",\"potentialAction\":[{\"@type\":\"ReadAction\",\"target\":[\"https:\/\/experienciadevida.com.ar\/portalurbano\/el-bloque-ucr-en-un-proyecto-busca-nombrar-a-omar-rossini-merito-ciudadano\/\"]}]},{\"@type\":\"BreadcrumbList\",\"@id\":\"https:\/\/experienciadevida.com.ar\/portalurbano\/el-bloque-ucr-en-un-proyecto-busca-nombrar-a-omar-rossini-merito-ciudadano\/#breadcrumb\",\"itemListElement\":[{\"@type\":\"ListItem\",\"position\":1,\"name\":\"Portada\",\"item\":\"https:\/\/experienciadevida.com.ar\/portalurbano\/\"},{\"@type\":\"ListItem\",\"position\":2,\"name\":\"El bloque UCR en un proyecto busca nombrar a Omar Rossini \u00abm\u00e9rito ciudadano\u00bb\"}]},{\"@type\":\"WebSite\",\"@id\":\"https:\/\/experienciadevida.com.ar\/portalurbano\/#website\",\"url\":\"https:\/\/experienciadevida.com.ar\/portalurbano\/\",\"name\":\"\",\"description\":\"\",\"publisher\":{\"@id\":\"https:\/\/experienciadevida.com.ar\/portalurbano\/#organization\"},\"potentialAction\":[{\"@type\":\"SearchAction\",\"target\":{\"@type\":\"EntryPoint\",\"urlTemplate\":\"https:\/\/experienciadevida.com.ar\/portalurbano\/?s={search_term_string}\"},\"query-input\":\"required name=search_term_string\"}],\"inLanguage\":\"es\"},{\"@type\":\"Organization\",\"@id\":\"https:\/\/experienciadevida.com.ar\/portalurbano\/#organization\",\"name\":\"Portal Urbano\",\"url\":\"https:\/\/experienciadevida.com.ar\/portalurbano\/\",\"logo\":{\"@type\":\"ImageObject\",\"inLanguage\":\"es\",\"@id\":\"https:\/\/experienciadevida.com.ar\/portalurbano\/#\/schema\/logo\/image\/\",\"url\":\"https:\/\/experienciadevida.com.ar\/portalurbano\/wp-content\/uploads\/2019\/09\/Logo-Original.png\",\"contentUrl\":\"https:\/\/experienciadevida.com.ar\/portalurbano\/wp-content\/uploads\/2019\/09\/Logo-Original.png\",\"width\":2236,\"height\":1216,\"caption\":\"Portal Urbano\"},\"image\":{\"@id\":\"https:\/\/experienciadevida.com.ar\/portalurbano\/#\/schema\/logo\/image\/\"},\"sameAs\":[\"https:\/\/www.facebook.com\/Portal-Urbano-171542830093757\/\",\"https:\/\/twitter.com\/portalurbanook\",\"https:\/\/www.instagram.com\/_portalurbano\/\",\"https:\/\/www.youtube.com\/channel\/UCXhagIfszH8KxFiOok79zbA?view_as=subscriber\"]},{\"@type\":\"Person\",\"@id\":\"https:\/\/experienciadevida.com.ar\/portalurbano\/#\/schema\/person\/02dd326b1c4b056e9cc972486934a3a7\",\"name\":\"admpu17wp\",\"image\":{\"@type\":\"ImageObject\",\"inLanguage\":\"es\",\"@id\":\"https:\/\/experienciadevida.com.ar\/portalurbano\/#\/schema\/person\/image\/\",\"url\":\"https:\/\/secure.gravatar.com\/avatar\/830d4c57adaae6630765e449a6908047?s=96&d=mm&r=g\",\"contentUrl\":\"https:\/\/secure.gravatar.com\/avatar\/830d4c57adaae6630765e449a6908047?s=96&d=mm&r=g\",\"caption\":\"admpu17wp\"}}]}<\/script>\n<!-- \/ Yoast SEO plugin. -->","yoast_head_json":{"title":"El bloque UCR en un proyecto busca nombrar a Rossini m\u00e9rito ciudadano","description":"El bloque UCR en un proyecto busca nombrar a Omar Rossini \"m\u00e9rito ciudadano\", as\u00ed lo informaron en un comunicado este viernes","robots":{"index":"index","follow":"follow","max-snippet":"max-snippet:-1","max-image-preview":"max-image-preview:large","max-video-preview":"max-video-preview:-1"},"canonical":"https:\/\/experienciadevida.com.ar\/portalurbano\/el-bloque-ucr-en-un-proyecto-busca-nombrar-a-omar-rossini-merito-ciudadano\/","og_locale":"es_ES","og_type":"article","og_title":"El bloque UCR en un proyecto busca nombrar a Rossini m\u00e9rito ciudadano","og_description":"El bloque UCR en un proyecto busca nombrar a Omar Rossini \"m\u00e9rito ciudadano\", as\u00ed lo informaron en un comunicado este viernes","og_url":"https:\/\/experienciadevida.com.ar\/portalurbano\/el-bloque-ucr-en-un-proyecto-busca-nombrar-a-omar-rossini-merito-ciudadano\/","article_publisher":"https:\/\/www.facebook.com\/Portal-Urbano-171542830093757\/","article_published_time":"2022-03-18T19:14:43+00:00","article_modified_time":"2022-03-18T19:16:32+00:00","og_image":[{"width":569,"height":469,"url":"https:\/\/experienciadevida.com.ar\/portalurbano\/wp-content\/uploads\/2022\/03\/BLOQUEUCR.png","type":"image\/png"}],"author":"admpu17wp","twitter_card":"summary_large_image","twitter_creator":"@portalurbanook","twitter_site":"@portalurbanook","twitter_misc":{"Escrito por":"admpu17wp","Tiempo de lectura":"2 minutos"},"schema":{"@context":"https:\/\/schema.org","@graph":[{"@type":"Article","@id":"https:\/\/experienciadevida.com.ar\/portalurbano\/el-bloque-ucr-en-un-proyecto-busca-nombrar-a-omar-rossini-merito-ciudadano\/#article","isPartOf":{"@id":"https:\/\/experienciadevida.com.ar\/portalurbano\/el-bloque-ucr-en-un-proyecto-busca-nombrar-a-omar-rossini-merito-ciudadano\/"},"author":{"name":"admpu17wp","@id":"https:\/\/experienciadevida.com.ar\/portalurbano\/#\/schema\/person\/02dd326b1c4b056e9cc972486934a3a7"},"headline":"El bloque UCR en un proyecto busca nombrar a Omar Rossini &#8220;m\u00e9rito ciudadano&#8221;","datePublished":"2022-03-18T19:14:43+00:00","dateModified":"2022-03-18T19:16:32+00:00","mainEntityOfPage":{"@id":"https:\/\/experienciadevida.com.ar\/portalurbano\/el-bloque-ucr-en-un-proyecto-busca-nombrar-a-omar-rossini-merito-ciudadano\/"},"wordCount":384,"publisher":{"@id":"https:\/\/experienciadevida.com.ar\/portalurbano\/#organization"},"articleSection":["Ciudad","Destacadas"],"inLanguage":"es"},{"@type":"WebPage","@id":"https:\/\/experienciadevida.com.ar\/portalurbano\/el-bloque-ucr-en-un-proyecto-busca-nombrar-a-omar-rossini-merito-ciudadano\/","url":"https:\/\/experienciadevida.com.ar\/portalurbano\/el-bloque-ucr-en-un-proyecto-busca-nombrar-a-omar-rossini-merito-ciudadano\/","name":"El bloque UCR en un proyecto busca nombrar a Rossini m\u00e9rito ciudadano","isPartOf":{"@id":"https:\/\/experienciadevida.com.ar\/portalurbano\/#website"},"datePublished":"2022-03-18T19:14:43+00:00","dateModified":"2022-03-18T19:16:32+00:00","description":"El bloque UCR en un proyecto busca nombrar a Omar Rossini \"m\u00e9rito ciudadano\", as\u00ed lo informaron en un comunicado este viernes","breadcrumb":{"@id":"https:\/\/experienciadevida.com.ar\/portalurbano\/el-bloque-ucr-en-un-proyecto-busca-nombrar-a-omar-rossini-merito-ciudadano\/#breadcrumb"},"inLanguage":"es","potentialAction":[{"@type":"ReadAction","target":["https:\/\/experienciadevida.com.ar\/portalurbano\/el-bloque-ucr-en-un-proyecto-busca-nombrar-a-omar-rossini-merito-ciudadano\/"]}]},{"@type":"BreadcrumbList","@id":"https:\/\/experienciadevida.com.ar\/portalurbano\/el-bloque-ucr-en-un-proyecto-busca-nombrar-a-omar-rossini-merito-ciudadano\/#breadcrumb","itemListElement":[{"@type":"ListItem","position":1,"name":"Portada","item":"https:\/\/experienciadevida.com.ar\/portalurbano\/"},{"@type":"ListItem","position":2,"name":"El bloque UCR en un proyecto busca nombrar a Omar Rossini \u00abm\u00e9rito ciudadano\u00bb"}]},{"@type":"WebSite","@id":"https:\/\/experienciadevida.com.ar\/portalurbano\/#website","url":"https:\/\/experienciadevida.com.ar\/portalurbano\/","name":"","description":"","publisher":{"@id":"https:\/\/experienciadevida.com.ar\/portalurbano\/#organization"},"potentialAction":[{"@type":"SearchAction","target":{"@type":"EntryPoint","urlTemplate":"https:\/\/experienciadevida.com.ar\/portalurbano\/?s={search_term_string}"},"query-input":"required name=search_term_string"}],"inLanguage":"es"},{"@type":"Organization","@id":"https:\/\/experienciadevida.com.ar\/portalurbano\/#organization","name":"Portal Urbano","url":"https:\/\/experienciadevida.com.ar\/portalurbano\/","logo":{"@type":"ImageObject","inLanguage":"es","@id":"https:\/\/experienciadevida.com.ar\/portalurbano\/#\/schema\/logo\/image\/","url":"https:\/\/experienciadevida.com.ar\/portalurbano\/wp-content\/uploads\/2019\/09\/Logo-Original.png","contentUrl":"https:\/\/experienciadevida.com.ar\/portalurbano\/wp-content\/uploads\/2019\/09\/Logo-Original.png","width":2236,"height":1216,"caption":"Portal Urbano"},"image":{"@id":"https:\/\/experienciadevida.com.ar\/portalurbano\/#\/schema\/logo\/image\/"},"sameAs":["https:\/\/www.facebook.com\/Portal-Urbano-171542830093757\/","https:\/\/twitter.com\/portalurbanook","https:\/\/www.instagram.com\/_portalurbano\/","https:\/\/www.youtube.com\/channel\/UCXhagIfszH8KxFiOok79zbA?view_as=subscriber"]},{"@type":"Person","@id":"https:\/\/experienciadevida.com.ar\/portalurbano\/#\/schema\/person\/02dd326b1c4b056e9cc972486934a3a7","name":"admpu17wp","image":{"@type":"ImageObject","inLanguage":"es","@id":"https:\/\/experienciadevida.com.ar\/portalurbano\/#\/schema\/person\/image\/","url":"https:\/\/secure.gravatar.com\/avatar\/830d4c57adaae6630765e449a6908047?s=96&d=mm&r=g","contentUrl":"https:\/\/secure.gravatar.com\/avatar\/830d4c57adaae6630765e449a6908047?s=96&d=mm&r=g","caption":"admpu17wp"}}]}},"featured_image_urls":{"full":["https:\/\/experienciadevida.com.ar\/portalurbano\/wp-content\/uploads\/2022\/03\/BLOQUEUCR.png",569,469,false],"thumbnail":["https:\/\/experienciadevida.com.ar\/portalurbano\/wp-content\/uploads\/2022\/03\/BLOQUEUCR-150x150.png",150,150,true],"medium":["https:\/\/experienciadevida.com.ar\/portalurbano\/wp-content\/uploads\/2022\/03\/BLOQUEUCR-300x247.png",300,247,true],"medium_large":["https:\/\/experienciadevida.com.ar\/portalurbano\/wp-content\/uploads\/2022\/03\/BLOQUEUCR.png",569,469,false],"large":["https:\/\/experienciadevida.com.ar\/portalurbano\/wp-content\/uploads\/2022\/03\/BLOQUEUCR.png",569,469,false],"ug_big":["https:\/\/experienciadevida.com.ar\/portalurbano\/wp-content\/uploads\/2022\/03\/BLOQUEUCR.png",569,469,false],"1536x1536":["https:\/\/experienciadevida.com.ar\/portalurbano\/wp-content\/uploads\/2022\/03\/BLOQUEUCR.png",569,469,false],"2048x2048":["https:\/\/experienciadevida.com.ar\/portalurbano\/wp-content\/uploads\/2022\/03\/BLOQUEUCR.png",569,469,false],"newsever-slider-full":["https:\/\/experienciadevida.com.ar\/portalurbano\/wp-content\/uploads\/2022\/03\/BLOQUEUCR.png",569,469,false],"newsever-featured":["https:\/\/experienciadevida.com.ar\/portalurbano\/wp-content\/uploads\/2022\/03\/BLOQUEUCR.png",569,469,false],"newsever-medium":["https:\/\/experienciadevida.com.ar\/portalurbano\/wp-content\/uploads\/2022\/03\/BLOQUEUCR.png",569,469,false],"web-stories-poster-portrait":["https:\/\/experienciadevida.com.ar\/portalurbano\/wp-content\/uploads\/2022\/03\/BLOQUEUCR.png",569,469,false],"web-stories-publisher-logo":["https:\/\/experienciadevida.com.ar\/portalurbano\/wp-content\/uploads\/2022\/03\/BLOQUEUCR.png",96,79,false],"web-stories-thumbnail":["https:\/\/experienciadevida.com.ar\/portalurbano\/wp-content\/uploads\/2022\/03\/BLOQUEUCR.png",150,124,false]},"author_info":{"display_name":"admpu17wp","author_link":"https:\/\/experienciadevida.com.ar\/portalurbano\/author\/admpu17wp\/"},"category_info":"<a href=\"https:\/\/experienciadevida.com.ar\/portalurbano\/category\/ciudad\/\" rel=\"category tag\">Ciudad<\/a> <a href=\"https:\/\/experienciadevida.com.ar\/portalurbano\/category\/destacadas\/\" rel=\"category tag\">Destacadas<\/a>","tag_info":"Destacadas","comment_count":"0","amp_enabled":true,"_links":{"self":[{"href":"https:\/\/experienciadevida.com.ar\/portalurbano\/wp-json\/wp\/v2\/posts\/163692"}],"collection":[{"href":"https:\/\/experienciadevida.com.ar\/portalurbano\/wp-json\/wp\/v2\/posts"}],"about":[{"href":"https:\/\/experienciadevida.com.ar\/portalurbano\/wp-json\/wp\/v2\/types\/post"}],"author":[{"embeddable":true,"href":"https:\/\/experienciadevida.com.ar\/portalurbano\/wp-json\/wp\/v2\/users\/1"}],"replies":[{"embeddable":true,"href":"https:\/\/experienciadevida.com.ar\/portalurbano\/wp-json\/wp\/v2\/comments?post=163692"}],"version-history":[{"count":1,"href":"https:\/\/experienciadevida.com.ar\/portalurbano\/wp-json\/wp\/v2\/posts\/163692\/revisions"}],"predecessor-version":[{"id":163694,"href":"https:\/\/experienciadevida.com.ar\/portalurbano\/wp-json\/wp\/v2\/posts\/163692\/revisions\/163694"}],"wp:featuredmedia":[{"embeddable":true,"href":"https:\/\/experienciadevida.com.ar\/portalurbano\/wp-json\/wp\/v2\/media\/163693"}],"wp:attachment":[{"href":"https:\/\/experienciadevida.com.ar\/portalurbano\/wp-json\/wp\/v2\/media?parent=163692"}],"wp:term":[{"taxonomy":"category","embeddable":true,"href":"https:\/\/experienciadevida.com.ar\/portalurbano\/wp-json\/wp\/v2\/categories?post=163692"},{"taxonomy":"post_tag","embeddable":true,"href":"https:\/\/experienciadevida.com.ar\/portalurbano\/wp-json\/wp\/v2\/tags?post=163692"}],"curies":[{"name":"wp","href":"https:\/\/api.w.org\/{rel}","templated":true}]}}