{"id":163683,"date":"2022-03-18T15:58:24","date_gmt":"2022-03-18T18:58:24","guid":{"rendered":"https:\/\/experienciadevida.com.ar\/portalurbano\/?p=163683"},"modified":"2022-03-18T16:01:16","modified_gmt":"2022-03-18T19:01:16","slug":"tras-el-reclamo-el-municipio-hace-bacheo-en-colonia-san-miguel","status":"publish","type":"post","link":"https:\/\/experienciadevida.com.ar\/portalurbano\/tras-el-reclamo-el-municipio-hace-bacheo-en-colonia-san-miguel\/","title":{"rendered":"Tras el reclamo, el Municipio hace bacheo en Colonia San Miguel"},"content":{"rendered":"<p>Tras el reclamo, el Municipio hace bacheo en Colonia San Miguel, este viernes y tras la visita a Colonia San Miguel del <a href=\"https:\/\/www.instagram.com\/gastonsarachu\/?hl=es-la\">Concejal<\/a> del Foro Olavarr\u00eda &#8211; FR Gast\u00f3n Sarachu, el Municipio realiza trabajos de bacheo en<br \/>\nla localidad.<\/p>\n<p>Luego de los reclamos por parte de los vecinos de la localidad de Colonia San Miguel, canalizadas al Concejo Deliberante por el concejal Gast\u00f3n Sarachu, en la ma\u00f1ana de hoy concurri\u00f3 a la localidad una camioneta con un<br \/>\ncarro y personal para hacer bacheo con material asf\u00e1ltico. El martes pasado, Sarachu visit\u00f3 la localidad y constat\u00f3 que \u201cno se han hecho trabajos de arreglo de las calles, ni bacheo asf\u00e1ltico ni nuevo pavimento\u201d.<\/p>\n<p>El Concejal fundament\u00f3 en la primera sesi\u00f3n ordinaria del Concejo un proyecto presentado por el Interbloque Frente de Todos pidiendo obras para Colonia San Miguel y, posteriormente, se reuni\u00f3 con vecinos que denunciaron<br \/>\nel abandono de la localidad por parte de la gesti\u00f3n Galli.<\/p>\n<p>Adem\u00e1s, el Concejal Sarachu pidi\u00f3 que el Gobierno Municipal atienda todos los reclamos de Colonia San Miguel, incluyendo la atenci\u00f3n m\u00e9dica y de enfermer\u00eda en la sala, la puesta en valor del balneario municipal y otras<br \/>\nobras que vienen siendo reclamadas por los vecinos de la localidad.<\/p>\n","protected":false},"excerpt":{"rendered":"<p>Tras el reclamo, el Municipio hace bacheo en Colonia San Miguel, este viernes y tras&#8230;<\/p>\n","protected":false},"author":1,"featured_media":163684,"comment_status":"closed","ping_status":"closed","sticky":false,"template":"","format":"standard","meta":{"content-type":""},"categories":[27,64],"tags":[],"nelio_content":{"isAutoShareEnabled":false,"autoShareEndMode":"default","automationSources":{"useContentSentences":true,"useSocialTemplates":true,"useCustomSentences":false,"customSentences":[]},"followers":[1],"suggestedReferences":[],"includedReferences":["https:\/\/www.instagram.com\/gastonsarachu\/?hl=es-la"],"efiUrl":"","efiAlt":"","highlights":[]},"yoast_head":"<!-- This site is optimized with the Yoast SEO plugin v20.7 - https:\/\/yoast.com\/wordpress\/plugins\/seo\/ -->\n<title>Tras el reclamo, el Municipio hace bacheo en Colonia San Miguel<\/title>\n<meta name=\"description\" content=\"Tras el reclamo, el Municipio hace bacheo en Colonia San Miguel, este viernes y tras la visita del concejal Gast\u00f3n Sarachu del Foro Olavarria\" \/>\n<meta name=\"robots\" content=\"index, follow, max-snippet:-1, max-image-preview:large, max-video-preview:-1\" \/>\n<link rel=\"canonical\" href=\"https:\/\/experienciadevida.com.ar\/portalurbano\/tras-el-reclamo-el-municipio-hace-bacheo-en-colonia-san-miguel\/\" \/>\n<meta property=\"og:locale\" content=\"es_ES\" \/>\n<meta property=\"og:type\" content=\"article\" \/>\n<meta property=\"og:title\" content=\"Tras el reclamo, el Municipio hace bacheo en Colonia San Miguel\" \/>\n<meta property=\"og:description\" content=\"Tras el reclamo, el Municipio hace bacheo en Colonia San Miguel, este viernes y tras la visita del concejal Gast\u00f3n Sarachu del Foro Olavarria\" \/>\n<meta property=\"og:url\" content=\"https:\/\/experienciadevida.com.ar\/portalurbano\/tras-el-reclamo-el-municipio-hace-bacheo-en-colonia-san-miguel\/\" \/>\n<meta property=\"article:publisher\" content=\"https:\/\/www.facebook.com\/Portal-Urbano-171542830093757\/\" \/>\n<meta property=\"article:published_time\" content=\"2022-03-18T18:58:24+00:00\" \/>\n<meta property=\"article:modified_time\" content=\"2022-03-18T19:01:16+00:00\" \/>\n<meta property=\"og:image\" content=\"https:\/\/experienciadevida.com.ar\/portalurbano\/wp-content\/uploads\/2022\/03\/Tras-el-reclamo-del.jpeg\" \/>\n\t<meta property=\"og:image:width\" content=\"765\" \/>\n\t<meta property=\"og:image:height\" content=\"510\" \/>\n\t<meta property=\"og:image:type\" content=\"image\/jpeg\" \/>\n<meta name=\"author\" content=\"admpu17wp\" \/>\n<meta name=\"twitter:card\" content=\"summary_large_image\" \/>\n<meta name=\"twitter:creator\" content=\"@portalurbanook\" \/>\n<meta name=\"twitter:site\" content=\"@portalurbanook\" \/>\n<meta name=\"twitter:label1\" content=\"Escrito por\" \/>\n\t<meta name=\"twitter:data1\" content=\"admpu17wp\" \/>\n\t<meta name=\"twitter:label2\" content=\"Tiempo de lectura\" \/>\n\t<meta name=\"twitter:data2\" content=\"1 minuto\" \/>\n<script type=\"application\/ld+json\" class=\"yoast-schema-graph\">{\"@context\":\"https:\/\/schema.org\",\"@graph\":[{\"@type\":\"Article\",\"@id\":\"https:\/\/experienciadevida.com.ar\/portalurbano\/tras-el-reclamo-el-municipio-hace-bacheo-en-colonia-san-miguel\/#article\",\"isPartOf\":{\"@id\":\"https:\/\/experienciadevida.com.ar\/portalurbano\/tras-el-reclamo-el-municipio-hace-bacheo-en-colonia-san-miguel\/\"},\"author\":{\"name\":\"admpu17wp\",\"@id\":\"https:\/\/experienciadevida.com.ar\/portalurbano\/#\/schema\/person\/02dd326b1c4b056e9cc972486934a3a7\"},\"headline\":\"Tras el reclamo, el Municipio hace bacheo en Colonia San Miguel\",\"datePublished\":\"2022-03-18T18:58:24+00:00\",\"dateModified\":\"2022-03-18T19:01:16+00:00\",\"mainEntityOfPage\":{\"@id\":\"https:\/\/experienciadevida.com.ar\/portalurbano\/tras-el-reclamo-el-municipio-hace-bacheo-en-colonia-san-miguel\/\"},\"wordCount\":226,\"publisher\":{\"@id\":\"https:\/\/experienciadevida.com.ar\/portalurbano\/#organization\"},\"articleSection\":[\"Ciudad\",\"Destacadas 2\"],\"inLanguage\":\"es\"},{\"@type\":\"WebPage\",\"@id\":\"https:\/\/experienciadevida.com.ar\/portalurbano\/tras-el-reclamo-el-municipio-hace-bacheo-en-colonia-san-miguel\/\",\"url\":\"https:\/\/experienciadevida.com.ar\/portalurbano\/tras-el-reclamo-el-municipio-hace-bacheo-en-colonia-san-miguel\/\",\"name\":\"Tras el reclamo, el Municipio hace bacheo en Colonia San Miguel\",\"isPartOf\":{\"@id\":\"https:\/\/experienciadevida.com.ar\/portalurbano\/#website\"},\"datePublished\":\"2022-03-18T18:58:24+00:00\",\"dateModified\":\"2022-03-18T19:01:16+00:00\",\"description\":\"Tras el reclamo, el Municipio hace bacheo en Colonia San Miguel, este viernes y tras la visita del concejal Gast\u00f3n Sarachu del Foro Olavarria\",\"breadcrumb\":{\"@id\":\"https:\/\/experienciadevida.com.ar\/portalurbano\/tras-el-reclamo-el-municipio-hace-bacheo-en-colonia-san-miguel\/#breadcrumb\"},\"inLanguage\":\"es\",\"potentialAction\":[{\"@type\":\"ReadAction\",\"target\":[\"https:\/\/experienciadevida.com.ar\/portalurbano\/tras-el-reclamo-el-municipio-hace-bacheo-en-colonia-san-miguel\/\"]}]},{\"@type\":\"BreadcrumbList\",\"@id\":\"https:\/\/experienciadevida.com.ar\/portalurbano\/tras-el-reclamo-el-municipio-hace-bacheo-en-colonia-san-miguel\/#breadcrumb\",\"itemListElement\":[{\"@type\":\"ListItem\",\"position\":1,\"name\":\"Portada\",\"item\":\"https:\/\/experienciadevida.com.ar\/portalurbano\/\"},{\"@type\":\"ListItem\",\"position\":2,\"name\":\"Tras el reclamo, el Municipio hace bacheo en Colonia San Miguel\"}]},{\"@type\":\"WebSite\",\"@id\":\"https:\/\/experienciadevida.com.ar\/portalurbano\/#website\",\"url\":\"https:\/\/experienciadevida.com.ar\/portalurbano\/\",\"name\":\"\",\"description\":\"\",\"publisher\":{\"@id\":\"https:\/\/experienciadevida.com.ar\/portalurbano\/#organization\"},\"potentialAction\":[{\"@type\":\"SearchAction\",\"target\":{\"@type\":\"EntryPoint\",\"urlTemplate\":\"https:\/\/experienciadevida.com.ar\/portalurbano\/?s={search_term_string}\"},\"query-input\":\"required name=search_term_string\"}],\"inLanguage\":\"es\"},{\"@type\":\"Organization\",\"@id\":\"https:\/\/experienciadevida.com.ar\/portalurbano\/#organization\",\"name\":\"Portal Urbano\",\"url\":\"https:\/\/experienciadevida.com.ar\/portalurbano\/\",\"logo\":{\"@type\":\"ImageObject\",\"inLanguage\":\"es\",\"@id\":\"https:\/\/experienciadevida.com.ar\/portalurbano\/#\/schema\/logo\/image\/\",\"url\":\"https:\/\/experienciadevida.com.ar\/portalurbano\/wp-content\/uploads\/2019\/09\/Logo-Original.png\",\"contentUrl\":\"https:\/\/experienciadevida.com.ar\/portalurbano\/wp-content\/uploads\/2019\/09\/Logo-Original.png\",\"width\":2236,\"height\":1216,\"caption\":\"Portal Urbano\"},\"image\":{\"@id\":\"https:\/\/experienciadevida.com.ar\/portalurbano\/#\/schema\/logo\/image\/\"},\"sameAs\":[\"https:\/\/www.facebook.com\/Portal-Urbano-171542830093757\/\",\"https:\/\/twitter.com\/portalurbanook\",\"https:\/\/www.instagram.com\/_portalurbano\/\",\"https:\/\/www.youtube.com\/channel\/UCXhagIfszH8KxFiOok79zbA?view_as=subscriber\"]},{\"@type\":\"Person\",\"@id\":\"https:\/\/experienciadevida.com.ar\/portalurbano\/#\/schema\/person\/02dd326b1c4b056e9cc972486934a3a7\",\"name\":\"admpu17wp\",\"image\":{\"@type\":\"ImageObject\",\"inLanguage\":\"es\",\"@id\":\"https:\/\/experienciadevida.com.ar\/portalurbano\/#\/schema\/person\/image\/\",\"url\":\"https:\/\/secure.gravatar.com\/avatar\/830d4c57adaae6630765e449a6908047?s=96&d=mm&r=g\",\"contentUrl\":\"https:\/\/secure.gravatar.com\/avatar\/830d4c57adaae6630765e449a6908047?s=96&d=mm&r=g\",\"caption\":\"admpu17wp\"}}]}<\/script>\n<!-- \/ Yoast SEO plugin. -->","yoast_head_json":{"title":"Tras el reclamo, el Municipio hace bacheo en Colonia San Miguel","description":"Tras el reclamo, el Municipio hace bacheo en Colonia San Miguel, este viernes y tras la visita del concejal Gast\u00f3n Sarachu del Foro Olavarria","robots":{"index":"index","follow":"follow","max-snippet":"max-snippet:-1","max-image-preview":"max-image-preview:large","max-video-preview":"max-video-preview:-1"},"canonical":"https:\/\/experienciadevida.com.ar\/portalurbano\/tras-el-reclamo-el-municipio-hace-bacheo-en-colonia-san-miguel\/","og_locale":"es_ES","og_type":"article","og_title":"Tras el reclamo, el Municipio hace bacheo en Colonia San Miguel","og_description":"Tras el reclamo, el Municipio hace bacheo en Colonia San Miguel, este viernes y tras la visita del concejal Gast\u00f3n Sarachu del Foro Olavarria","og_url":"https:\/\/experienciadevida.com.ar\/portalurbano\/tras-el-reclamo-el-municipio-hace-bacheo-en-colonia-san-miguel\/","article_publisher":"https:\/\/www.facebook.com\/Portal-Urbano-171542830093757\/","article_published_time":"2022-03-18T18:58:24+00:00","article_modified_time":"2022-03-18T19:01:16+00:00","og_image":[{"width":765,"height":510,"url":"https:\/\/experienciadevida.com.ar\/portalurbano\/wp-content\/uploads\/2022\/03\/Tras-el-reclamo-del.jpeg","type":"image\/jpeg"}],"author":"admpu17wp","twitter_card":"summary_large_image","twitter_creator":"@portalurbanook","twitter_site":"@portalurbanook","twitter_misc":{"Escrito por":"admpu17wp","Tiempo de lectura":"1 minuto"},"schema":{"@context":"https:\/\/schema.org","@graph":[{"@type":"Article","@id":"https:\/\/experienciadevida.com.ar\/portalurbano\/tras-el-reclamo-el-municipio-hace-bacheo-en-colonia-san-miguel\/#article","isPartOf":{"@id":"https:\/\/experienciadevida.com.ar\/portalurbano\/tras-el-reclamo-el-municipio-hace-bacheo-en-colonia-san-miguel\/"},"author":{"name":"admpu17wp","@id":"https:\/\/experienciadevida.com.ar\/portalurbano\/#\/schema\/person\/02dd326b1c4b056e9cc972486934a3a7"},"headline":"Tras el reclamo, el Municipio hace bacheo en Colonia San Miguel","datePublished":"2022-03-18T18:58:24+00:00","dateModified":"2022-03-18T19:01:16+00:00","mainEntityOfPage":{"@id":"https:\/\/experienciadevida.com.ar\/portalurbano\/tras-el-reclamo-el-municipio-hace-bacheo-en-colonia-san-miguel\/"},"wordCount":226,"publisher":{"@id":"https:\/\/experienciadevida.com.ar\/portalurbano\/#organization"},"articleSection":["Ciudad","Destacadas 2"],"inLanguage":"es"},{"@type":"WebPage","@id":"https:\/\/experienciadevida.com.ar\/portalurbano\/tras-el-reclamo-el-municipio-hace-bacheo-en-colonia-san-miguel\/","url":"https:\/\/experienciadevida.com.ar\/portalurbano\/tras-el-reclamo-el-municipio-hace-bacheo-en-colonia-san-miguel\/","name":"Tras el reclamo, el Municipio hace bacheo en Colonia San Miguel","isPartOf":{"@id":"https:\/\/experienciadevida.com.ar\/portalurbano\/#website"},"datePublished":"2022-03-18T18:58:24+00:00","dateModified":"2022-03-18T19:01:16+00:00","description":"Tras el reclamo, el Municipio hace bacheo en Colonia San Miguel, este viernes y tras la visita del concejal Gast\u00f3n Sarachu del Foro Olavarria","breadcrumb":{"@id":"https:\/\/experienciadevida.com.ar\/portalurbano\/tras-el-reclamo-el-municipio-hace-bacheo-en-colonia-san-miguel\/#breadcrumb"},"inLanguage":"es","potentialAction":[{"@type":"ReadAction","target":["https:\/\/experienciadevida.com.ar\/portalurbano\/tras-el-reclamo-el-municipio-hace-bacheo-en-colonia-san-miguel\/"]}]},{"@type":"BreadcrumbList","@id":"https:\/\/experienciadevida.com.ar\/portalurbano\/tras-el-reclamo-el-municipio-hace-bacheo-en-colonia-san-miguel\/#breadcrumb","itemListElement":[{"@type":"ListItem","position":1,"name":"Portada","item":"https:\/\/experienciadevida.com.ar\/portalurbano\/"},{"@type":"ListItem","position":2,"name":"Tras el reclamo, el Municipio hace bacheo en Colonia San Miguel"}]},{"@type":"WebSite","@id":"https:\/\/experienciadevida.com.ar\/portalurbano\/#website","url":"https:\/\/experienciadevida.com.ar\/portalurbano\/","name":"","description":"","publisher":{"@id":"https:\/\/experienciadevida.com.ar\/portalurbano\/#organization"},"potentialAction":[{"@type":"SearchAction","target":{"@type":"EntryPoint","urlTemplate":"https:\/\/experienciadevida.com.ar\/portalurbano\/?s={search_term_string}"},"query-input":"required name=search_term_string"}],"inLanguage":"es"},{"@type":"Organization","@id":"https:\/\/experienciadevida.com.ar\/portalurbano\/#organization","name":"Portal Urbano","url":"https:\/\/experienciadevida.com.ar\/portalurbano\/","logo":{"@type":"ImageObject","inLanguage":"es","@id":"https:\/\/experienciadevida.com.ar\/portalurbano\/#\/schema\/logo\/image\/","url":"https:\/\/experienciadevida.com.ar\/portalurbano\/wp-content\/uploads\/2019\/09\/Logo-Original.png","contentUrl":"https:\/\/experienciadevida.com.ar\/portalurbano\/wp-content\/uploads\/2019\/09\/Logo-Original.png","width":2236,"height":1216,"caption":"Portal Urbano"},"image":{"@id":"https:\/\/experienciadevida.com.ar\/portalurbano\/#\/schema\/logo\/image\/"},"sameAs":["https:\/\/www.facebook.com\/Portal-Urbano-171542830093757\/","https:\/\/twitter.com\/portalurbanook","https:\/\/www.instagram.com\/_portalurbano\/","https:\/\/www.youtube.com\/channel\/UCXhagIfszH8KxFiOok79zbA?view_as=subscriber"]},{"@type":"Person","@id":"https:\/\/experienciadevida.com.ar\/portalurbano\/#\/schema\/person\/02dd326b1c4b056e9cc972486934a3a7","name":"admpu17wp","image":{"@type":"ImageObject","inLanguage":"es","@id":"https:\/\/experienciadevida.com.ar\/portalurbano\/#\/schema\/person\/image\/","url":"https:\/\/secure.gravatar.com\/avatar\/830d4c57adaae6630765e449a6908047?s=96&d=mm&r=g","contentUrl":"https:\/\/secure.gravatar.com\/avatar\/830d4c57adaae6630765e449a6908047?s=96&d=mm&r=g","caption":"admpu17wp"}}]}},"featured_image_urls":{"full":["https:\/\/experienciadevida.com.ar\/portalurbano\/wp-content\/uploads\/2022\/03\/Tras-el-reclamo-del.jpeg",765,510,false],"thumbnail":["https:\/\/experienciadevida.com.ar\/portalurbano\/wp-content\/uploads\/2022\/03\/Tras-el-reclamo-del-150x150.jpeg",150,150,true],"medium":["https:\/\/experienciadevida.com.ar\/portalurbano\/wp-content\/uploads\/2022\/03\/Tras-el-reclamo-del-300x200.jpeg",300,200,true],"medium_large":["https:\/\/experienciadevida.com.ar\/portalurbano\/wp-content\/uploads\/2022\/03\/Tras-el-reclamo-del.jpeg",640,427,false],"large":["https:\/\/experienciadevida.com.ar\/portalurbano\/wp-content\/uploads\/2022\/03\/Tras-el-reclamo-del.jpeg",640,427,false],"ug_big":["https:\/\/experienciadevida.com.ar\/portalurbano\/wp-content\/uploads\/2022\/03\/Tras-el-reclamo-del.jpeg",765,510,false],"1536x1536":["https:\/\/experienciadevida.com.ar\/portalurbano\/wp-content\/uploads\/2022\/03\/Tras-el-reclamo-del.jpeg",765,510,false],"2048x2048":["https:\/\/experienciadevida.com.ar\/portalurbano\/wp-content\/uploads\/2022\/03\/Tras-el-reclamo-del.jpeg",765,510,false],"newsever-slider-full":["https:\/\/experienciadevida.com.ar\/portalurbano\/wp-content\/uploads\/2022\/03\/Tras-el-reclamo-del.jpeg",765,510,false],"newsever-featured":["https:\/\/experienciadevida.com.ar\/portalurbano\/wp-content\/uploads\/2022\/03\/Tras-el-reclamo-del.jpeg",765,510,false],"newsever-medium":["https:\/\/experienciadevida.com.ar\/portalurbano\/wp-content\/uploads\/2022\/03\/Tras-el-reclamo-del.jpeg",713,475,false],"web-stories-poster-portrait":["https:\/\/experienciadevida.com.ar\/portalurbano\/wp-content\/uploads\/2022\/03\/Tras-el-reclamo-del.jpeg",640,427,false],"web-stories-publisher-logo":["https:\/\/experienciadevida.com.ar\/portalurbano\/wp-content\/uploads\/2022\/03\/Tras-el-reclamo-del.jpeg",96,64,false],"web-stories-thumbnail":["https:\/\/experienciadevida.com.ar\/portalurbano\/wp-content\/uploads\/2022\/03\/Tras-el-reclamo-del.jpeg",150,100,false]},"author_info":{"display_name":"admpu17wp","author_link":"https:\/\/experienciadevida.com.ar\/portalurbano\/author\/admpu17wp\/"},"category_info":"<a href=\"https:\/\/experienciadevida.com.ar\/portalurbano\/category\/ciudad\/\" rel=\"category tag\">Ciudad<\/a> <a href=\"https:\/\/experienciadevida.com.ar\/portalurbano\/category\/destacadas-2\/\" rel=\"category tag\">Destacadas 2<\/a>","tag_info":"Destacadas 2","comment_count":"0","amp_enabled":true,"_links":{"self":[{"href":"https:\/\/experienciadevida.com.ar\/portalurbano\/wp-json\/wp\/v2\/posts\/163683"}],"collection":[{"href":"https:\/\/experienciadevida.com.ar\/portalurbano\/wp-json\/wp\/v2\/posts"}],"about":[{"href":"https:\/\/experienciadevida.com.ar\/portalurbano\/wp-json\/wp\/v2\/types\/post"}],"author":[{"embeddable":true,"href":"https:\/\/experienciadevida.com.ar\/portalurbano\/wp-json\/wp\/v2\/users\/1"}],"replies":[{"embeddable":true,"href":"https:\/\/experienciadevida.com.ar\/portalurbano\/wp-json\/wp\/v2\/comments?post=163683"}],"version-history":[{"count":5,"href":"https:\/\/experienciadevida.com.ar\/portalurbano\/wp-json\/wp\/v2\/posts\/163683\/revisions"}],"predecessor-version":[{"id":163689,"href":"https:\/\/experienciadevida.com.ar\/portalurbano\/wp-json\/wp\/v2\/posts\/163683\/revisions\/163689"}],"wp:featuredmedia":[{"embeddable":true,"href":"https:\/\/experienciadevida.com.ar\/portalurbano\/wp-json\/wp\/v2\/media\/163684"}],"wp:attachment":[{"href":"https:\/\/experienciadevida.com.ar\/portalurbano\/wp-json\/wp\/v2\/media?parent=163683"}],"wp:term":[{"taxonomy":"category","embeddable":true,"href":"https:\/\/experienciadevida.com.ar\/portalurbano\/wp-json\/wp\/v2\/categories?post=163683"},{"taxonomy":"post_tag","embeddable":true,"href":"https:\/\/experienciadevida.com.ar\/portalurbano\/wp-json\/wp\/v2\/tags?post=163683"}],"curies":[{"name":"wp","href":"https:\/\/api.w.org\/{rel}","templated":true}]}}