{"id":163677,"date":"2022-03-18T13:27:55","date_gmt":"2022-03-18T16:27:55","guid":{"rendered":"https:\/\/experienciadevida.com.ar\/portalurbano\/?p=163677"},"modified":"2022-03-18T13:29:50","modified_gmt":"2022-03-18T16:29:50","slug":"eleccion-de-delegados-el-lunes-comienza-la-campana-electoral","status":"publish","type":"post","link":"https:\/\/experienciadevida.com.ar\/portalurbano\/eleccion-de-delegados-el-lunes-comienza-la-campana-electoral\/","title":{"rendered":"Elecci\u00f3n de Delegados: el lunes comienza la campa\u00f1a electoral"},"content":{"rendered":"<p>Elecci\u00f3n de Delegados: el lunes comienza la campa\u00f1a electoral, la Subsecretar\u00eda de Gobierno Municipal inform\u00f3 que, tras la reuni\u00f3n de la Junta Electoral, se determin\u00f3 que de los 18 aspirantes anotados que presentaron la documentaci\u00f3n requerida para ser candidatos a delegado municipal de las distintas localidades, once alcanzaron los requisitos particulares y generales que determina el Decreto N\u00ba 67\/22.<\/p>\n<p>En este sentido, el Subsecretario de Gobierno Municipal Emilio Vitale explic\u00f3: \u00abpor el momento son once los candidatos que a partir del lunes pueden iniciar su campa\u00f1a electoral tal cual lo determina el marco normativo. Asimismo, las candidaturas rechazadas tienen la posibilidad, a trav\u00e9s del art\u00edculo 5, de revisar los motivos de su rechazo\u00bb.<\/p>\n<p>Adem\u00e1s, Vitale dijo que \u00aba partir del d\u00eda lunes iniciamos la log\u00edstica correspondiente para llevar a cabo con normalidad la elecci\u00f3n de delegados del pr\u00f3ximo domingo 10 de abril en simult\u00e1neo en las siete localidades con nueve centros de votaci\u00f3n\u00bb.<\/p>\n<p>Asimsimo, el funcionario municipal record\u00f3 que \u00abla campa\u00f1a que se inicia este lunes 21 de marzo puede desarrollarse hasta el 7 de abril inclusive\u00bb.<\/p>\n<p>Por otra parte, se recuerda que la Junta Electoral est\u00e1 integrada por: el Subsecretario de Gobierno Emilio Vitale, la presidente del HCD Cecilia Krivochen, el presidente del Consejo Escolar Bruno Di Carlo, Norma Sanz del Colegio de Escribanos, el presidente de la Asociaci\u00f3n de Abogados Fabi\u00e1n Barone, el Director de Delegaciones C\u00e9sar Bournot y la Directora de Asuntos Legales Alejandra Malamud.<\/p>\n","protected":false},"excerpt":{"rendered":"<p>Elecci\u00f3n de Delegados: el lunes comienza la campa\u00f1a electoral, la Subsecretar\u00eda de Gobierno Municipal inform\u00f3&#8230;<\/p>\n","protected":false},"author":1,"featured_media":163678,"comment_status":"closed","ping_status":"closed","sticky":false,"template":"","format":"standard","meta":{"content-type":""},"categories":[27,64],"tags":[],"nelio_content":{"isAutoShareEnabled":false,"autoShareEndMode":"default","automationSources":{"useContentSentences":true,"useSocialTemplates":true,"useCustomSentences":false,"customSentences":[]},"followers":[1],"suggestedReferences":[],"includedReferences":[],"efiUrl":"","efiAlt":"","highlights":[]},"yoast_head":"<!-- This site is optimized with the Yoast SEO plugin v20.7 - https:\/\/yoast.com\/wordpress\/plugins\/seo\/ -->\n<title>Elecci\u00f3n de delegados: El lunes comienza la campa\u00f1a electoral<\/title>\n<meta name=\"description\" content=\"Elecci\u00f3n de Delegados: el lunes comienza la campa\u00f1a electoral se determin\u00f3 que de los 18 aspirantes anotados que presentaron la documentaci\u00f3n\" \/>\n<meta name=\"robots\" content=\"index, follow, max-snippet:-1, max-image-preview:large, max-video-preview:-1\" \/>\n<link rel=\"canonical\" href=\"https:\/\/experienciadevida.com.ar\/portalurbano\/eleccion-de-delegados-el-lunes-comienza-la-campana-electoral\/\" \/>\n<meta property=\"og:locale\" content=\"es_ES\" \/>\n<meta property=\"og:type\" content=\"article\" \/>\n<meta property=\"og:title\" content=\"Elecci\u00f3n de delegados: El lunes comienza la campa\u00f1a electoral\" \/>\n<meta property=\"og:description\" content=\"Elecci\u00f3n de Delegados: el lunes comienza la campa\u00f1a electoral se determin\u00f3 que de los 18 aspirantes anotados que presentaron la documentaci\u00f3n\" \/>\n<meta property=\"og:url\" content=\"https:\/\/experienciadevida.com.ar\/portalurbano\/eleccion-de-delegados-el-lunes-comienza-la-campana-electoral\/\" \/>\n<meta property=\"article:publisher\" content=\"https:\/\/www.facebook.com\/Portal-Urbano-171542830093757\/\" \/>\n<meta property=\"article:published_time\" content=\"2022-03-18T16:27:55+00:00\" \/>\n<meta property=\"article:modified_time\" content=\"2022-03-18T16:29:50+00:00\" \/>\n<meta property=\"og:image\" content=\"https:\/\/experienciadevida.com.ar\/portalurbano\/wp-content\/uploads\/2022\/03\/Eleccion-de-Delegados.jpg\" \/>\n\t<meta property=\"og:image:width\" content=\"2560\" \/>\n\t<meta property=\"og:image:height\" content=\"1711\" \/>\n\t<meta property=\"og:image:type\" content=\"image\/jpeg\" \/>\n<meta name=\"author\" content=\"admpu17wp\" \/>\n<meta name=\"twitter:card\" content=\"summary_large_image\" \/>\n<meta name=\"twitter:creator\" content=\"@portalurbanook\" \/>\n<meta name=\"twitter:site\" content=\"@portalurbanook\" \/>\n<meta name=\"twitter:label1\" content=\"Escrito por\" \/>\n\t<meta name=\"twitter:data1\" content=\"admpu17wp\" \/>\n\t<meta name=\"twitter:label2\" content=\"Tiempo de lectura\" \/>\n\t<meta name=\"twitter:data2\" content=\"2 minutos\" \/>\n<script type=\"application\/ld+json\" class=\"yoast-schema-graph\">{\"@context\":\"https:\/\/schema.org\",\"@graph\":[{\"@type\":\"Article\",\"@id\":\"https:\/\/experienciadevida.com.ar\/portalurbano\/eleccion-de-delegados-el-lunes-comienza-la-campana-electoral\/#article\",\"isPartOf\":{\"@id\":\"https:\/\/experienciadevida.com.ar\/portalurbano\/eleccion-de-delegados-el-lunes-comienza-la-campana-electoral\/\"},\"author\":{\"name\":\"admpu17wp\",\"@id\":\"https:\/\/experienciadevida.com.ar\/portalurbano\/#\/schema\/person\/02dd326b1c4b056e9cc972486934a3a7\"},\"headline\":\"Elecci\u00f3n de Delegados: el lunes comienza la campa\u00f1a electoral\",\"datePublished\":\"2022-03-18T16:27:55+00:00\",\"dateModified\":\"2022-03-18T16:29:50+00:00\",\"mainEntityOfPage\":{\"@id\":\"https:\/\/experienciadevida.com.ar\/portalurbano\/eleccion-de-delegados-el-lunes-comienza-la-campana-electoral\/\"},\"wordCount\":262,\"publisher\":{\"@id\":\"https:\/\/experienciadevida.com.ar\/portalurbano\/#organization\"},\"articleSection\":[\"Ciudad\",\"Destacadas 2\"],\"inLanguage\":\"es\"},{\"@type\":\"WebPage\",\"@id\":\"https:\/\/experienciadevida.com.ar\/portalurbano\/eleccion-de-delegados-el-lunes-comienza-la-campana-electoral\/\",\"url\":\"https:\/\/experienciadevida.com.ar\/portalurbano\/eleccion-de-delegados-el-lunes-comienza-la-campana-electoral\/\",\"name\":\"Elecci\u00f3n de delegados: El lunes comienza la campa\u00f1a electoral\",\"isPartOf\":{\"@id\":\"https:\/\/experienciadevida.com.ar\/portalurbano\/#website\"},\"datePublished\":\"2022-03-18T16:27:55+00:00\",\"dateModified\":\"2022-03-18T16:29:50+00:00\",\"description\":\"Elecci\u00f3n de Delegados: el lunes comienza la campa\u00f1a electoral se determin\u00f3 que de los 18 aspirantes anotados que presentaron la documentaci\u00f3n\",\"breadcrumb\":{\"@id\":\"https:\/\/experienciadevida.com.ar\/portalurbano\/eleccion-de-delegados-el-lunes-comienza-la-campana-electoral\/#breadcrumb\"},\"inLanguage\":\"es\",\"potentialAction\":[{\"@type\":\"ReadAction\",\"target\":[\"https:\/\/experienciadevida.com.ar\/portalurbano\/eleccion-de-delegados-el-lunes-comienza-la-campana-electoral\/\"]}]},{\"@type\":\"BreadcrumbList\",\"@id\":\"https:\/\/experienciadevida.com.ar\/portalurbano\/eleccion-de-delegados-el-lunes-comienza-la-campana-electoral\/#breadcrumb\",\"itemListElement\":[{\"@type\":\"ListItem\",\"position\":1,\"name\":\"Portada\",\"item\":\"https:\/\/experienciadevida.com.ar\/portalurbano\/\"},{\"@type\":\"ListItem\",\"position\":2,\"name\":\"Elecci\u00f3n de Delegados: el lunes comienza la campa\u00f1a electoral\"}]},{\"@type\":\"WebSite\",\"@id\":\"https:\/\/experienciadevida.com.ar\/portalurbano\/#website\",\"url\":\"https:\/\/experienciadevida.com.ar\/portalurbano\/\",\"name\":\"\",\"description\":\"\",\"publisher\":{\"@id\":\"https:\/\/experienciadevida.com.ar\/portalurbano\/#organization\"},\"potentialAction\":[{\"@type\":\"SearchAction\",\"target\":{\"@type\":\"EntryPoint\",\"urlTemplate\":\"https:\/\/experienciadevida.com.ar\/portalurbano\/?s={search_term_string}\"},\"query-input\":\"required name=search_term_string\"}],\"inLanguage\":\"es\"},{\"@type\":\"Organization\",\"@id\":\"https:\/\/experienciadevida.com.ar\/portalurbano\/#organization\",\"name\":\"Portal Urbano\",\"url\":\"https:\/\/experienciadevida.com.ar\/portalurbano\/\",\"logo\":{\"@type\":\"ImageObject\",\"inLanguage\":\"es\",\"@id\":\"https:\/\/experienciadevida.com.ar\/portalurbano\/#\/schema\/logo\/image\/\",\"url\":\"https:\/\/experienciadevida.com.ar\/portalurbano\/wp-content\/uploads\/2019\/09\/Logo-Original.png\",\"contentUrl\":\"https:\/\/experienciadevida.com.ar\/portalurbano\/wp-content\/uploads\/2019\/09\/Logo-Original.png\",\"width\":2236,\"height\":1216,\"caption\":\"Portal Urbano\"},\"image\":{\"@id\":\"https:\/\/experienciadevida.com.ar\/portalurbano\/#\/schema\/logo\/image\/\"},\"sameAs\":[\"https:\/\/www.facebook.com\/Portal-Urbano-171542830093757\/\",\"https:\/\/twitter.com\/portalurbanook\",\"https:\/\/www.instagram.com\/_portalurbano\/\",\"https:\/\/www.youtube.com\/channel\/UCXhagIfszH8KxFiOok79zbA?view_as=subscriber\"]},{\"@type\":\"Person\",\"@id\":\"https:\/\/experienciadevida.com.ar\/portalurbano\/#\/schema\/person\/02dd326b1c4b056e9cc972486934a3a7\",\"name\":\"admpu17wp\",\"image\":{\"@type\":\"ImageObject\",\"inLanguage\":\"es\",\"@id\":\"https:\/\/experienciadevida.com.ar\/portalurbano\/#\/schema\/person\/image\/\",\"url\":\"https:\/\/secure.gravatar.com\/avatar\/830d4c57adaae6630765e449a6908047?s=96&d=mm&r=g\",\"contentUrl\":\"https:\/\/secure.gravatar.com\/avatar\/830d4c57adaae6630765e449a6908047?s=96&d=mm&r=g\",\"caption\":\"admpu17wp\"}}]}<\/script>\n<!-- \/ Yoast SEO plugin. -->","yoast_head_json":{"title":"Elecci\u00f3n de delegados: El lunes comienza la campa\u00f1a electoral","description":"Elecci\u00f3n de Delegados: el lunes comienza la campa\u00f1a electoral se determin\u00f3 que de los 18 aspirantes anotados que presentaron la documentaci\u00f3n","robots":{"index":"index","follow":"follow","max-snippet":"max-snippet:-1","max-image-preview":"max-image-preview:large","max-video-preview":"max-video-preview:-1"},"canonical":"https:\/\/experienciadevida.com.ar\/portalurbano\/eleccion-de-delegados-el-lunes-comienza-la-campana-electoral\/","og_locale":"es_ES","og_type":"article","og_title":"Elecci\u00f3n de delegados: El lunes comienza la campa\u00f1a electoral","og_description":"Elecci\u00f3n de Delegados: el lunes comienza la campa\u00f1a electoral se determin\u00f3 que de los 18 aspirantes anotados que presentaron la documentaci\u00f3n","og_url":"https:\/\/experienciadevida.com.ar\/portalurbano\/eleccion-de-delegados-el-lunes-comienza-la-campana-electoral\/","article_publisher":"https:\/\/www.facebook.com\/Portal-Urbano-171542830093757\/","article_published_time":"2022-03-18T16:27:55+00:00","article_modified_time":"2022-03-18T16:29:50+00:00","og_image":[{"width":2560,"height":1711,"url":"https:\/\/experienciadevida.com.ar\/portalurbano\/wp-content\/uploads\/2022\/03\/Eleccion-de-Delegados.jpg","type":"image\/jpeg"}],"author":"admpu17wp","twitter_card":"summary_large_image","twitter_creator":"@portalurbanook","twitter_site":"@portalurbanook","twitter_misc":{"Escrito por":"admpu17wp","Tiempo de lectura":"2 minutos"},"schema":{"@context":"https:\/\/schema.org","@graph":[{"@type":"Article","@id":"https:\/\/experienciadevida.com.ar\/portalurbano\/eleccion-de-delegados-el-lunes-comienza-la-campana-electoral\/#article","isPartOf":{"@id":"https:\/\/experienciadevida.com.ar\/portalurbano\/eleccion-de-delegados-el-lunes-comienza-la-campana-electoral\/"},"author":{"name":"admpu17wp","@id":"https:\/\/experienciadevida.com.ar\/portalurbano\/#\/schema\/person\/02dd326b1c4b056e9cc972486934a3a7"},"headline":"Elecci\u00f3n de Delegados: el lunes comienza la campa\u00f1a electoral","datePublished":"2022-03-18T16:27:55+00:00","dateModified":"2022-03-18T16:29:50+00:00","mainEntityOfPage":{"@id":"https:\/\/experienciadevida.com.ar\/portalurbano\/eleccion-de-delegados-el-lunes-comienza-la-campana-electoral\/"},"wordCount":262,"publisher":{"@id":"https:\/\/experienciadevida.com.ar\/portalurbano\/#organization"},"articleSection":["Ciudad","Destacadas 2"],"inLanguage":"es"},{"@type":"WebPage","@id":"https:\/\/experienciadevida.com.ar\/portalurbano\/eleccion-de-delegados-el-lunes-comienza-la-campana-electoral\/","url":"https:\/\/experienciadevida.com.ar\/portalurbano\/eleccion-de-delegados-el-lunes-comienza-la-campana-electoral\/","name":"Elecci\u00f3n de delegados: El lunes comienza la campa\u00f1a electoral","isPartOf":{"@id":"https:\/\/experienciadevida.com.ar\/portalurbano\/#website"},"datePublished":"2022-03-18T16:27:55+00:00","dateModified":"2022-03-18T16:29:50+00:00","description":"Elecci\u00f3n de Delegados: el lunes comienza la campa\u00f1a electoral se determin\u00f3 que de los 18 aspirantes anotados que presentaron la documentaci\u00f3n","breadcrumb":{"@id":"https:\/\/experienciadevida.com.ar\/portalurbano\/eleccion-de-delegados-el-lunes-comienza-la-campana-electoral\/#breadcrumb"},"inLanguage":"es","potentialAction":[{"@type":"ReadAction","target":["https:\/\/experienciadevida.com.ar\/portalurbano\/eleccion-de-delegados-el-lunes-comienza-la-campana-electoral\/"]}]},{"@type":"BreadcrumbList","@id":"https:\/\/experienciadevida.com.ar\/portalurbano\/eleccion-de-delegados-el-lunes-comienza-la-campana-electoral\/#breadcrumb","itemListElement":[{"@type":"ListItem","position":1,"name":"Portada","item":"https:\/\/experienciadevida.com.ar\/portalurbano\/"},{"@type":"ListItem","position":2,"name":"Elecci\u00f3n de Delegados: el lunes comienza la campa\u00f1a electoral"}]},{"@type":"WebSite","@id":"https:\/\/experienciadevida.com.ar\/portalurbano\/#website","url":"https:\/\/experienciadevida.com.ar\/portalurbano\/","name":"","description":"","publisher":{"@id":"https:\/\/experienciadevida.com.ar\/portalurbano\/#organization"},"potentialAction":[{"@type":"SearchAction","target":{"@type":"EntryPoint","urlTemplate":"https:\/\/experienciadevida.com.ar\/portalurbano\/?s={search_term_string}"},"query-input":"required name=search_term_string"}],"inLanguage":"es"},{"@type":"Organization","@id":"https:\/\/experienciadevida.com.ar\/portalurbano\/#organization","name":"Portal Urbano","url":"https:\/\/experienciadevida.com.ar\/portalurbano\/","logo":{"@type":"ImageObject","inLanguage":"es","@id":"https:\/\/experienciadevida.com.ar\/portalurbano\/#\/schema\/logo\/image\/","url":"https:\/\/experienciadevida.com.ar\/portalurbano\/wp-content\/uploads\/2019\/09\/Logo-Original.png","contentUrl":"https:\/\/experienciadevida.com.ar\/portalurbano\/wp-content\/uploads\/2019\/09\/Logo-Original.png","width":2236,"height":1216,"caption":"Portal Urbano"},"image":{"@id":"https:\/\/experienciadevida.com.ar\/portalurbano\/#\/schema\/logo\/image\/"},"sameAs":["https:\/\/www.facebook.com\/Portal-Urbano-171542830093757\/","https:\/\/twitter.com\/portalurbanook","https:\/\/www.instagram.com\/_portalurbano\/","https:\/\/www.youtube.com\/channel\/UCXhagIfszH8KxFiOok79zbA?view_as=subscriber"]},{"@type":"Person","@id":"https:\/\/experienciadevida.com.ar\/portalurbano\/#\/schema\/person\/02dd326b1c4b056e9cc972486934a3a7","name":"admpu17wp","image":{"@type":"ImageObject","inLanguage":"es","@id":"https:\/\/experienciadevida.com.ar\/portalurbano\/#\/schema\/person\/image\/","url":"https:\/\/secure.gravatar.com\/avatar\/830d4c57adaae6630765e449a6908047?s=96&d=mm&r=g","contentUrl":"https:\/\/secure.gravatar.com\/avatar\/830d4c57adaae6630765e449a6908047?s=96&d=mm&r=g","caption":"admpu17wp"}}]}},"featured_image_urls":{"full":["https:\/\/experienciadevida.com.ar\/portalurbano\/wp-content\/uploads\/2022\/03\/Eleccion-de-Delegados.jpg",2560,1711,false],"thumbnail":["https:\/\/experienciadevida.com.ar\/portalurbano\/wp-content\/uploads\/2022\/03\/Eleccion-de-Delegados-150x150.jpg",150,150,true],"medium":["https:\/\/experienciadevida.com.ar\/portalurbano\/wp-content\/uploads\/2022\/03\/Eleccion-de-Delegados-300x201.jpg",300,201,true],"medium_large":["https:\/\/experienciadevida.com.ar\/portalurbano\/wp-content\/uploads\/2022\/03\/Eleccion-de-Delegados-768x513.jpg",640,428,true],"large":["https:\/\/experienciadevida.com.ar\/portalurbano\/wp-content\/uploads\/2022\/03\/Eleccion-de-Delegados-1024x684.jpg",640,428,true],"ug_big":["https:\/\/experienciadevida.com.ar\/portalurbano\/wp-content\/uploads\/2022\/03\/Eleccion-de-Delegados-768x513.jpg",768,513,true],"1536x1536":["https:\/\/experienciadevida.com.ar\/portalurbano\/wp-content\/uploads\/2022\/03\/Eleccion-de-Delegados-1536x1027.jpg",1536,1027,true],"2048x2048":["https:\/\/experienciadevida.com.ar\/portalurbano\/wp-content\/uploads\/2022\/03\/Eleccion-de-Delegados-2048x1369.jpg",2048,1369,true],"newsever-slider-full":["https:\/\/experienciadevida.com.ar\/portalurbano\/wp-content\/uploads\/2022\/03\/Eleccion-de-Delegados.jpg",1264,845,false],"newsever-featured":["https:\/\/experienciadevida.com.ar\/portalurbano\/wp-content\/uploads\/2022\/03\/Eleccion-de-Delegados.jpg",1024,684,false],"newsever-medium":["https:\/\/experienciadevida.com.ar\/portalurbano\/wp-content\/uploads\/2022\/03\/Eleccion-de-Delegados.jpg",711,475,false],"web-stories-poster-portrait":["https:\/\/experienciadevida.com.ar\/portalurbano\/wp-content\/uploads\/2022\/03\/Eleccion-de-Delegados.jpg",640,428,false],"web-stories-publisher-logo":["https:\/\/experienciadevida.com.ar\/portalurbano\/wp-content\/uploads\/2022\/03\/Eleccion-de-Delegados.jpg",96,64,false],"web-stories-thumbnail":["https:\/\/experienciadevida.com.ar\/portalurbano\/wp-content\/uploads\/2022\/03\/Eleccion-de-Delegados.jpg",150,100,false]},"author_info":{"display_name":"admpu17wp","author_link":"https:\/\/experienciadevida.com.ar\/portalurbano\/author\/admpu17wp\/"},"category_info":"<a href=\"https:\/\/experienciadevida.com.ar\/portalurbano\/category\/ciudad\/\" rel=\"category tag\">Ciudad<\/a> <a href=\"https:\/\/experienciadevida.com.ar\/portalurbano\/category\/destacadas-2\/\" rel=\"category tag\">Destacadas 2<\/a>","tag_info":"Destacadas 2","comment_count":"0","amp_enabled":true,"_links":{"self":[{"href":"https:\/\/experienciadevida.com.ar\/portalurbano\/wp-json\/wp\/v2\/posts\/163677"}],"collection":[{"href":"https:\/\/experienciadevida.com.ar\/portalurbano\/wp-json\/wp\/v2\/posts"}],"about":[{"href":"https:\/\/experienciadevida.com.ar\/portalurbano\/wp-json\/wp\/v2\/types\/post"}],"author":[{"embeddable":true,"href":"https:\/\/experienciadevida.com.ar\/portalurbano\/wp-json\/wp\/v2\/users\/1"}],"replies":[{"embeddable":true,"href":"https:\/\/experienciadevida.com.ar\/portalurbano\/wp-json\/wp\/v2\/comments?post=163677"}],"version-history":[{"count":1,"href":"https:\/\/experienciadevida.com.ar\/portalurbano\/wp-json\/wp\/v2\/posts\/163677\/revisions"}],"predecessor-version":[{"id":163679,"href":"https:\/\/experienciadevida.com.ar\/portalurbano\/wp-json\/wp\/v2\/posts\/163677\/revisions\/163679"}],"wp:featuredmedia":[{"embeddable":true,"href":"https:\/\/experienciadevida.com.ar\/portalurbano\/wp-json\/wp\/v2\/media\/163678"}],"wp:attachment":[{"href":"https:\/\/experienciadevida.com.ar\/portalurbano\/wp-json\/wp\/v2\/media?parent=163677"}],"wp:term":[{"taxonomy":"category","embeddable":true,"href":"https:\/\/experienciadevida.com.ar\/portalurbano\/wp-json\/wp\/v2\/categories?post=163677"},{"taxonomy":"post_tag","embeddable":true,"href":"https:\/\/experienciadevida.com.ar\/portalurbano\/wp-json\/wp\/v2\/tags?post=163677"}],"curies":[{"name":"wp","href":"https:\/\/api.w.org\/{rel}","templated":true}]}}