{"id":163645,"date":"2022-03-17T19:30:40","date_gmt":"2022-03-17T22:30:40","guid":{"rendered":"https:\/\/experienciadevida.com.ar\/portalurbano\/?p=163645"},"modified":"2022-03-17T19:32:40","modified_gmt":"2022-03-17T22:32:40","slug":"la-provincia-ya-deposito-el-anticipo-para-el-nuevo-edifico-de-artes-visuales","status":"publish","type":"post","link":"https:\/\/experienciadevida.com.ar\/portalurbano\/la-provincia-ya-deposito-el-anticipo-para-el-nuevo-edifico-de-artes-visuales\/","title":{"rendered":"La provincia ya deposit\u00f3 el anticipo para el nuevo edifico de Artes Visuales"},"content":{"rendered":"<p>La provincia ya deposit\u00f3 el anticipo para el nuevo edifico de Artes Visuales, se trata del primer pago por m\u00e1s de cuatro millones de pesos.<\/p>\n<p><a href=\"https:\/\/experienciadevida.com.ar\/portalurbano\/la-provincia-ya-deposito-el-anticipo-para-el-nuevo-edifico-de-artes-visuales\/la-provincia-2\/\" rel=\"attachment wp-att-163649\"><img decoding=\"async\" class=\"alignnone size-full wp-image-163649\" src=\"https:\/\/experienciadevida.com.ar\/portalurbano\/wp-content\/uploads\/2022\/03\/La-provincia.jpg\" alt=\"La provincia \" width=\"960\" height=\"593\" srcset=\"https:\/\/experienciadevida.com.ar\/portalurbano\/wp-content\/uploads\/2022\/03\/La-provincia.jpg 960w, https:\/\/experienciadevida.com.ar\/portalurbano\/wp-content\/uploads\/2022\/03\/La-provincia-300x185.jpg 300w, https:\/\/experienciadevida.com.ar\/portalurbano\/wp-content\/uploads\/2022\/03\/La-provincia-768x474.jpg 768w\" sizes=\"(max-width: 960px) 100vw, 960px\" \/><\/a><\/p>\n<p>Este jueves Consejeros Escolares del Frente de Todos confirmaron que ya est\u00e1 disponible el anticipo por un monto de $4.479.720,00.<\/p>\n<p>El total de la inversi\u00f3n asciende a m\u00e1s de 29 millones que se destinar\u00e1n al nuevo edificio de la Escuela de Artes Visuales \u201cMiguel \u00c1ngel Galgano\u201d que estar\u00e1 ubicado en el mismo predio que funciona actualmente la Escuela de Educaci\u00f3n Agraria N 1.<\/p>\n<p><a href=\"https:\/\/experienciadevida.com.ar\/portalurbano\/la-provincia-ya-deposito-el-anticipo-para-el-nuevo-edifico-de-artes-visuales\/ya-deposito\/\" rel=\"attachment wp-att-163650\"><img decoding=\"async\" class=\"alignnone size-full wp-image-163650\" src=\"https:\/\/experienciadevida.com.ar\/portalurbano\/wp-content\/uploads\/2022\/03\/ya-deposito.jpg\" alt=\"ya deposit\u00f3\" width=\"959\" height=\"540\" srcset=\"https:\/\/experienciadevida.com.ar\/portalurbano\/wp-content\/uploads\/2022\/03\/ya-deposito.jpg 959w, https:\/\/experienciadevida.com.ar\/portalurbano\/wp-content\/uploads\/2022\/03\/ya-deposito-300x169.jpg 300w, https:\/\/experienciadevida.com.ar\/portalurbano\/wp-content\/uploads\/2022\/03\/ya-deposito-768x432.jpg 768w\" sizes=\"(max-width: 959px) 100vw, 959px\" \/><\/a><\/p>\n","protected":false},"excerpt":{"rendered":"<p>La provincia ya deposit\u00f3 el anticipo para el nuevo edifico de Artes Visuales, se trata&#8230;<\/p>\n","protected":false},"author":1,"featured_media":163646,"comment_status":"closed","ping_status":"closed","sticky":false,"template":"","format":"standard","meta":{"content-type":""},"categories":[27,64],"tags":[],"nelio_content":{"isAutoShareEnabled":false,"autoShareEndMode":"default","automationSources":{"useContentSentences":true,"useSocialTemplates":true,"useCustomSentences":false,"customSentences":[]},"followers":[1],"suggestedReferences":[],"includedReferences":[],"efiUrl":"","efiAlt":"","highlights":[]},"yoast_head":"<!-- This site is optimized with the Yoast SEO plugin v20.7 - https:\/\/yoast.com\/wordpress\/plugins\/seo\/ -->\n<title>La provincia ya deposit\u00f3 el anticipo para el nuevo edifico de Artes Visuales -<\/title>\n<meta name=\"robots\" content=\"index, follow, max-snippet:-1, max-image-preview:large, max-video-preview:-1\" \/>\n<link rel=\"canonical\" href=\"https:\/\/experienciadevida.com.ar\/portalurbano\/la-provincia-ya-deposito-el-anticipo-para-el-nuevo-edifico-de-artes-visuales\/\" \/>\n<meta property=\"og:locale\" content=\"es_ES\" \/>\n<meta property=\"og:type\" content=\"article\" \/>\n<meta property=\"og:title\" content=\"La provincia ya deposit\u00f3 el anticipo para el nuevo edifico de Artes Visuales -\" \/>\n<meta property=\"og:description\" content=\"La provincia ya deposit\u00f3 el anticipo para el nuevo edifico de Artes Visuales, se trata...\" \/>\n<meta property=\"og:url\" content=\"https:\/\/experienciadevida.com.ar\/portalurbano\/la-provincia-ya-deposito-el-anticipo-para-el-nuevo-edifico-de-artes-visuales\/\" \/>\n<meta property=\"article:publisher\" content=\"https:\/\/www.facebook.com\/Portal-Urbano-171542830093757\/\" \/>\n<meta property=\"article:published_time\" content=\"2022-03-17T22:30:40+00:00\" \/>\n<meta property=\"article:modified_time\" content=\"2022-03-17T22:32:40+00:00\" \/>\n<meta property=\"og:image\" content=\"https:\/\/experienciadevida.com.ar\/portalurbano\/wp-content\/uploads\/2022\/03\/La-provincia-ya-deposito.jpg\" \/>\n\t<meta property=\"og:image:width\" content=\"960\" \/>\n\t<meta property=\"og:image:height\" content=\"526\" \/>\n\t<meta property=\"og:image:type\" content=\"image\/jpeg\" \/>\n<meta name=\"author\" content=\"admpu17wp\" \/>\n<meta name=\"twitter:card\" content=\"summary_large_image\" \/>\n<meta name=\"twitter:creator\" content=\"@portalurbanook\" \/>\n<meta name=\"twitter:site\" content=\"@portalurbanook\" \/>\n<meta name=\"twitter:label1\" content=\"Escrito por\" \/>\n\t<meta name=\"twitter:data1\" content=\"admpu17wp\" \/>\n<script type=\"application\/ld+json\" class=\"yoast-schema-graph\">{\"@context\":\"https:\/\/schema.org\",\"@graph\":[{\"@type\":\"Article\",\"@id\":\"https:\/\/experienciadevida.com.ar\/portalurbano\/la-provincia-ya-deposito-el-anticipo-para-el-nuevo-edifico-de-artes-visuales\/#article\",\"isPartOf\":{\"@id\":\"https:\/\/experienciadevida.com.ar\/portalurbano\/la-provincia-ya-deposito-el-anticipo-para-el-nuevo-edifico-de-artes-visuales\/\"},\"author\":{\"name\":\"admpu17wp\",\"@id\":\"https:\/\/experienciadevida.com.ar\/portalurbano\/#\/schema\/person\/02dd326b1c4b056e9cc972486934a3a7\"},\"headline\":\"La provincia ya deposit\u00f3 el anticipo para el nuevo edifico de Artes Visuales\",\"datePublished\":\"2022-03-17T22:30:40+00:00\",\"dateModified\":\"2022-03-17T22:32:40+00:00\",\"mainEntityOfPage\":{\"@id\":\"https:\/\/experienciadevida.com.ar\/portalurbano\/la-provincia-ya-deposito-el-anticipo-para-el-nuevo-edifico-de-artes-visuales\/\"},\"wordCount\":103,\"publisher\":{\"@id\":\"https:\/\/experienciadevida.com.ar\/portalurbano\/#organization\"},\"articleSection\":[\"Ciudad\",\"Destacadas 2\"],\"inLanguage\":\"es\"},{\"@type\":\"WebPage\",\"@id\":\"https:\/\/experienciadevida.com.ar\/portalurbano\/la-provincia-ya-deposito-el-anticipo-para-el-nuevo-edifico-de-artes-visuales\/\",\"url\":\"https:\/\/experienciadevida.com.ar\/portalurbano\/la-provincia-ya-deposito-el-anticipo-para-el-nuevo-edifico-de-artes-visuales\/\",\"name\":\"La provincia ya deposit\u00f3 el anticipo para el nuevo edifico de Artes Visuales -\",\"isPartOf\":{\"@id\":\"https:\/\/experienciadevida.com.ar\/portalurbano\/#website\"},\"datePublished\":\"2022-03-17T22:30:40+00:00\",\"dateModified\":\"2022-03-17T22:32:40+00:00\",\"breadcrumb\":{\"@id\":\"https:\/\/experienciadevida.com.ar\/portalurbano\/la-provincia-ya-deposito-el-anticipo-para-el-nuevo-edifico-de-artes-visuales\/#breadcrumb\"},\"inLanguage\":\"es\",\"potentialAction\":[{\"@type\":\"ReadAction\",\"target\":[\"https:\/\/experienciadevida.com.ar\/portalurbano\/la-provincia-ya-deposito-el-anticipo-para-el-nuevo-edifico-de-artes-visuales\/\"]}]},{\"@type\":\"BreadcrumbList\",\"@id\":\"https:\/\/experienciadevida.com.ar\/portalurbano\/la-provincia-ya-deposito-el-anticipo-para-el-nuevo-edifico-de-artes-visuales\/#breadcrumb\",\"itemListElement\":[{\"@type\":\"ListItem\",\"position\":1,\"name\":\"Portada\",\"item\":\"https:\/\/experienciadevida.com.ar\/portalurbano\/\"},{\"@type\":\"ListItem\",\"position\":2,\"name\":\"La provincia ya deposit\u00f3 el anticipo para el nuevo edifico de Artes Visuales\"}]},{\"@type\":\"WebSite\",\"@id\":\"https:\/\/experienciadevida.com.ar\/portalurbano\/#website\",\"url\":\"https:\/\/experienciadevida.com.ar\/portalurbano\/\",\"name\":\"\",\"description\":\"\",\"publisher\":{\"@id\":\"https:\/\/experienciadevida.com.ar\/portalurbano\/#organization\"},\"potentialAction\":[{\"@type\":\"SearchAction\",\"target\":{\"@type\":\"EntryPoint\",\"urlTemplate\":\"https:\/\/experienciadevida.com.ar\/portalurbano\/?s={search_term_string}\"},\"query-input\":\"required name=search_term_string\"}],\"inLanguage\":\"es\"},{\"@type\":\"Organization\",\"@id\":\"https:\/\/experienciadevida.com.ar\/portalurbano\/#organization\",\"name\":\"Portal Urbano\",\"url\":\"https:\/\/experienciadevida.com.ar\/portalurbano\/\",\"logo\":{\"@type\":\"ImageObject\",\"inLanguage\":\"es\",\"@id\":\"https:\/\/experienciadevida.com.ar\/portalurbano\/#\/schema\/logo\/image\/\",\"url\":\"https:\/\/experienciadevida.com.ar\/portalurbano\/wp-content\/uploads\/2019\/09\/Logo-Original.png\",\"contentUrl\":\"https:\/\/experienciadevida.com.ar\/portalurbano\/wp-content\/uploads\/2019\/09\/Logo-Original.png\",\"width\":2236,\"height\":1216,\"caption\":\"Portal Urbano\"},\"image\":{\"@id\":\"https:\/\/experienciadevida.com.ar\/portalurbano\/#\/schema\/logo\/image\/\"},\"sameAs\":[\"https:\/\/www.facebook.com\/Portal-Urbano-171542830093757\/\",\"https:\/\/twitter.com\/portalurbanook\",\"https:\/\/www.instagram.com\/_portalurbano\/\",\"https:\/\/www.youtube.com\/channel\/UCXhagIfszH8KxFiOok79zbA?view_as=subscriber\"]},{\"@type\":\"Person\",\"@id\":\"https:\/\/experienciadevida.com.ar\/portalurbano\/#\/schema\/person\/02dd326b1c4b056e9cc972486934a3a7\",\"name\":\"admpu17wp\",\"image\":{\"@type\":\"ImageObject\",\"inLanguage\":\"es\",\"@id\":\"https:\/\/experienciadevida.com.ar\/portalurbano\/#\/schema\/person\/image\/\",\"url\":\"https:\/\/secure.gravatar.com\/avatar\/830d4c57adaae6630765e449a6908047?s=96&d=mm&r=g\",\"contentUrl\":\"https:\/\/secure.gravatar.com\/avatar\/830d4c57adaae6630765e449a6908047?s=96&d=mm&r=g\",\"caption\":\"admpu17wp\"}}]}<\/script>\n<!-- \/ Yoast SEO plugin. -->","yoast_head_json":{"title":"La provincia ya deposit\u00f3 el anticipo para el nuevo edifico de Artes Visuales -","robots":{"index":"index","follow":"follow","max-snippet":"max-snippet:-1","max-image-preview":"max-image-preview:large","max-video-preview":"max-video-preview:-1"},"canonical":"https:\/\/experienciadevida.com.ar\/portalurbano\/la-provincia-ya-deposito-el-anticipo-para-el-nuevo-edifico-de-artes-visuales\/","og_locale":"es_ES","og_type":"article","og_title":"La provincia ya deposit\u00f3 el anticipo para el nuevo edifico de Artes Visuales -","og_description":"La provincia ya deposit\u00f3 el anticipo para el nuevo edifico de Artes Visuales, se trata...","og_url":"https:\/\/experienciadevida.com.ar\/portalurbano\/la-provincia-ya-deposito-el-anticipo-para-el-nuevo-edifico-de-artes-visuales\/","article_publisher":"https:\/\/www.facebook.com\/Portal-Urbano-171542830093757\/","article_published_time":"2022-03-17T22:30:40+00:00","article_modified_time":"2022-03-17T22:32:40+00:00","og_image":[{"width":960,"height":526,"url":"https:\/\/experienciadevida.com.ar\/portalurbano\/wp-content\/uploads\/2022\/03\/La-provincia-ya-deposito.jpg","type":"image\/jpeg"}],"author":"admpu17wp","twitter_card":"summary_large_image","twitter_creator":"@portalurbanook","twitter_site":"@portalurbanook","twitter_misc":{"Escrito por":"admpu17wp"},"schema":{"@context":"https:\/\/schema.org","@graph":[{"@type":"Article","@id":"https:\/\/experienciadevida.com.ar\/portalurbano\/la-provincia-ya-deposito-el-anticipo-para-el-nuevo-edifico-de-artes-visuales\/#article","isPartOf":{"@id":"https:\/\/experienciadevida.com.ar\/portalurbano\/la-provincia-ya-deposito-el-anticipo-para-el-nuevo-edifico-de-artes-visuales\/"},"author":{"name":"admpu17wp","@id":"https:\/\/experienciadevida.com.ar\/portalurbano\/#\/schema\/person\/02dd326b1c4b056e9cc972486934a3a7"},"headline":"La provincia ya deposit\u00f3 el anticipo para el nuevo edifico de Artes Visuales","datePublished":"2022-03-17T22:30:40+00:00","dateModified":"2022-03-17T22:32:40+00:00","mainEntityOfPage":{"@id":"https:\/\/experienciadevida.com.ar\/portalurbano\/la-provincia-ya-deposito-el-anticipo-para-el-nuevo-edifico-de-artes-visuales\/"},"wordCount":103,"publisher":{"@id":"https:\/\/experienciadevida.com.ar\/portalurbano\/#organization"},"articleSection":["Ciudad","Destacadas 2"],"inLanguage":"es"},{"@type":"WebPage","@id":"https:\/\/experienciadevida.com.ar\/portalurbano\/la-provincia-ya-deposito-el-anticipo-para-el-nuevo-edifico-de-artes-visuales\/","url":"https:\/\/experienciadevida.com.ar\/portalurbano\/la-provincia-ya-deposito-el-anticipo-para-el-nuevo-edifico-de-artes-visuales\/","name":"La provincia ya deposit\u00f3 el anticipo para el nuevo edifico de Artes Visuales -","isPartOf":{"@id":"https:\/\/experienciadevida.com.ar\/portalurbano\/#website"},"datePublished":"2022-03-17T22:30:40+00:00","dateModified":"2022-03-17T22:32:40+00:00","breadcrumb":{"@id":"https:\/\/experienciadevida.com.ar\/portalurbano\/la-provincia-ya-deposito-el-anticipo-para-el-nuevo-edifico-de-artes-visuales\/#breadcrumb"},"inLanguage":"es","potentialAction":[{"@type":"ReadAction","target":["https:\/\/experienciadevida.com.ar\/portalurbano\/la-provincia-ya-deposito-el-anticipo-para-el-nuevo-edifico-de-artes-visuales\/"]}]},{"@type":"BreadcrumbList","@id":"https:\/\/experienciadevida.com.ar\/portalurbano\/la-provincia-ya-deposito-el-anticipo-para-el-nuevo-edifico-de-artes-visuales\/#breadcrumb","itemListElement":[{"@type":"ListItem","position":1,"name":"Portada","item":"https:\/\/experienciadevida.com.ar\/portalurbano\/"},{"@type":"ListItem","position":2,"name":"La provincia ya deposit\u00f3 el anticipo para el nuevo edifico de Artes Visuales"}]},{"@type":"WebSite","@id":"https:\/\/experienciadevida.com.ar\/portalurbano\/#website","url":"https:\/\/experienciadevida.com.ar\/portalurbano\/","name":"","description":"","publisher":{"@id":"https:\/\/experienciadevida.com.ar\/portalurbano\/#organization"},"potentialAction":[{"@type":"SearchAction","target":{"@type":"EntryPoint","urlTemplate":"https:\/\/experienciadevida.com.ar\/portalurbano\/?s={search_term_string}"},"query-input":"required name=search_term_string"}],"inLanguage":"es"},{"@type":"Organization","@id":"https:\/\/experienciadevida.com.ar\/portalurbano\/#organization","name":"Portal Urbano","url":"https:\/\/experienciadevida.com.ar\/portalurbano\/","logo":{"@type":"ImageObject","inLanguage":"es","@id":"https:\/\/experienciadevida.com.ar\/portalurbano\/#\/schema\/logo\/image\/","url":"https:\/\/experienciadevida.com.ar\/portalurbano\/wp-content\/uploads\/2019\/09\/Logo-Original.png","contentUrl":"https:\/\/experienciadevida.com.ar\/portalurbano\/wp-content\/uploads\/2019\/09\/Logo-Original.png","width":2236,"height":1216,"caption":"Portal Urbano"},"image":{"@id":"https:\/\/experienciadevida.com.ar\/portalurbano\/#\/schema\/logo\/image\/"},"sameAs":["https:\/\/www.facebook.com\/Portal-Urbano-171542830093757\/","https:\/\/twitter.com\/portalurbanook","https:\/\/www.instagram.com\/_portalurbano\/","https:\/\/www.youtube.com\/channel\/UCXhagIfszH8KxFiOok79zbA?view_as=subscriber"]},{"@type":"Person","@id":"https:\/\/experienciadevida.com.ar\/portalurbano\/#\/schema\/person\/02dd326b1c4b056e9cc972486934a3a7","name":"admpu17wp","image":{"@type":"ImageObject","inLanguage":"es","@id":"https:\/\/experienciadevida.com.ar\/portalurbano\/#\/schema\/person\/image\/","url":"https:\/\/secure.gravatar.com\/avatar\/830d4c57adaae6630765e449a6908047?s=96&d=mm&r=g","contentUrl":"https:\/\/secure.gravatar.com\/avatar\/830d4c57adaae6630765e449a6908047?s=96&d=mm&r=g","caption":"admpu17wp"}}]}},"featured_image_urls":{"full":["https:\/\/experienciadevida.com.ar\/portalurbano\/wp-content\/uploads\/2022\/03\/La-provincia-ya-deposito.jpg",960,526,false],"thumbnail":["https:\/\/experienciadevida.com.ar\/portalurbano\/wp-content\/uploads\/2022\/03\/La-provincia-ya-deposito-150x150.jpg",150,150,true],"medium":["https:\/\/experienciadevida.com.ar\/portalurbano\/wp-content\/uploads\/2022\/03\/La-provincia-ya-deposito-300x164.jpg",300,164,true],"medium_large":["https:\/\/experienciadevida.com.ar\/portalurbano\/wp-content\/uploads\/2022\/03\/La-provincia-ya-deposito-768x421.jpg",640,351,true],"large":["https:\/\/experienciadevida.com.ar\/portalurbano\/wp-content\/uploads\/2022\/03\/La-provincia-ya-deposito.jpg",640,351,false],"ug_big":["https:\/\/experienciadevida.com.ar\/portalurbano\/wp-content\/uploads\/2022\/03\/La-provincia-ya-deposito-768x421.jpg",768,421,true],"1536x1536":["https:\/\/experienciadevida.com.ar\/portalurbano\/wp-content\/uploads\/2022\/03\/La-provincia-ya-deposito.jpg",960,526,false],"2048x2048":["https:\/\/experienciadevida.com.ar\/portalurbano\/wp-content\/uploads\/2022\/03\/La-provincia-ya-deposito.jpg",960,526,false],"newsever-slider-full":["https:\/\/experienciadevida.com.ar\/portalurbano\/wp-content\/uploads\/2022\/03\/La-provincia-ya-deposito.jpg",960,526,false],"newsever-featured":["https:\/\/experienciadevida.com.ar\/portalurbano\/wp-content\/uploads\/2022\/03\/La-provincia-ya-deposito.jpg",960,526,false],"newsever-medium":["https:\/\/experienciadevida.com.ar\/portalurbano\/wp-content\/uploads\/2022\/03\/La-provincia-ya-deposito.jpg",720,395,false],"web-stories-poster-portrait":["https:\/\/experienciadevida.com.ar\/portalurbano\/wp-content\/uploads\/2022\/03\/La-provincia-ya-deposito.jpg",640,351,false],"web-stories-publisher-logo":["https:\/\/experienciadevida.com.ar\/portalurbano\/wp-content\/uploads\/2022\/03\/La-provincia-ya-deposito.jpg",96,53,false],"web-stories-thumbnail":["https:\/\/experienciadevida.com.ar\/portalurbano\/wp-content\/uploads\/2022\/03\/La-provincia-ya-deposito.jpg",150,82,false]},"author_info":{"display_name":"admpu17wp","author_link":"https:\/\/experienciadevida.com.ar\/portalurbano\/author\/admpu17wp\/"},"category_info":"<a href=\"https:\/\/experienciadevida.com.ar\/portalurbano\/category\/ciudad\/\" rel=\"category tag\">Ciudad<\/a> <a href=\"https:\/\/experienciadevida.com.ar\/portalurbano\/category\/destacadas-2\/\" rel=\"category tag\">Destacadas 2<\/a>","tag_info":"Destacadas 2","comment_count":"0","amp_enabled":true,"_links":{"self":[{"href":"https:\/\/experienciadevida.com.ar\/portalurbano\/wp-json\/wp\/v2\/posts\/163645"}],"collection":[{"href":"https:\/\/experienciadevida.com.ar\/portalurbano\/wp-json\/wp\/v2\/posts"}],"about":[{"href":"https:\/\/experienciadevida.com.ar\/portalurbano\/wp-json\/wp\/v2\/types\/post"}],"author":[{"embeddable":true,"href":"https:\/\/experienciadevida.com.ar\/portalurbano\/wp-json\/wp\/v2\/users\/1"}],"replies":[{"embeddable":true,"href":"https:\/\/experienciadevida.com.ar\/portalurbano\/wp-json\/wp\/v2\/comments?post=163645"}],"version-history":[{"count":3,"href":"https:\/\/experienciadevida.com.ar\/portalurbano\/wp-json\/wp\/v2\/posts\/163645\/revisions"}],"predecessor-version":[{"id":163651,"href":"https:\/\/experienciadevida.com.ar\/portalurbano\/wp-json\/wp\/v2\/posts\/163645\/revisions\/163651"}],"wp:featuredmedia":[{"embeddable":true,"href":"https:\/\/experienciadevida.com.ar\/portalurbano\/wp-json\/wp\/v2\/media\/163646"}],"wp:attachment":[{"href":"https:\/\/experienciadevida.com.ar\/portalurbano\/wp-json\/wp\/v2\/media?parent=163645"}],"wp:term":[{"taxonomy":"category","embeddable":true,"href":"https:\/\/experienciadevida.com.ar\/portalurbano\/wp-json\/wp\/v2\/categories?post=163645"},{"taxonomy":"post_tag","embeddable":true,"href":"https:\/\/experienciadevida.com.ar\/portalurbano\/wp-json\/wp\/v2\/tags?post=163645"}],"curies":[{"name":"wp","href":"https:\/\/api.w.org\/{rel}","templated":true}]}}