{"id":163640,"date":"2022-03-17T19:25:49","date_gmt":"2022-03-17T22:25:49","guid":{"rendered":"https:\/\/experienciadevida.com.ar\/portalurbano\/?p=163640"},"modified":"2022-03-17T19:27:46","modified_gmt":"2022-03-17T22:27:46","slug":"se-llevo-a-cabo-la-entrega-de-premios-del-buen-contribuyente-electronico","status":"publish","type":"post","link":"https:\/\/experienciadevida.com.ar\/portalurbano\/se-llevo-a-cabo-la-entrega-de-premios-del-buen-contribuyente-electronico\/","title":{"rendered":"Se llev\u00f3 a cabo la entrega de premios del buen contribuyente Electr\u00f3nico"},"content":{"rendered":"<p>Se llev\u00f3 a cabo la entrega de premios del buen contribuyente Electr\u00f3nico, en la ma\u00f1ana de este jueves se realiz\u00f3 la entrega de una moto 0 Km y un TV de 50\u201d, a los ganadores del tercer sorteo mensual del Premio al Buen Contribuyente Electr\u00f3nico, que impulsa el Municipio de Olavarr\u00eda.<\/p>\n<p><a href=\"https:\/\/experienciadevida.com.ar\/portalurbano\/se-llevo-a-cabo-la-entrega-de-premios-del-buen-contribuyente-electronico\/entrega-del-premio\/\" rel=\"attachment wp-att-163642\"><img decoding=\"async\" class=\"alignnone size-large wp-image-163642\" src=\"https:\/\/experienciadevida.com.ar\/portalurbano\/wp-content\/uploads\/2022\/03\/Entrega-del-premio-1024x684.jpg\" alt=\"Entrega del premio\" width=\"900\" height=\"601\" srcset=\"https:\/\/experienciadevida.com.ar\/portalurbano\/wp-content\/uploads\/2022\/03\/Entrega-del-premio-1024x684.jpg 1024w, https:\/\/experienciadevida.com.ar\/portalurbano\/wp-content\/uploads\/2022\/03\/Entrega-del-premio-300x201.jpg 300w, https:\/\/experienciadevida.com.ar\/portalurbano\/wp-content\/uploads\/2022\/03\/Entrega-del-premio-768x513.jpg 768w, https:\/\/experienciadevida.com.ar\/portalurbano\/wp-content\/uploads\/2022\/03\/Entrega-del-premio-1536x1027.jpg 1536w, https:\/\/experienciadevida.com.ar\/portalurbano\/wp-content\/uploads\/2022\/03\/Entrega-del-premio-2048x1369.jpg 2048w\" sizes=\"(max-width: 900px) 100vw, 900px\" \/><\/a><\/p>\n<p>En la oportunidad -en el hall del Palacio Municipal San Mart\u00edn- la secretaria de Econom\u00eda y Hacienda Eugenia Bezzoni, fue la encargada de la entrega de premios.<\/p>\n<p>Cabe recordar, que resultaron favorecidas del sorteo correspondiente al mes de enero: Ana Mar\u00eda Larreche de la moto 0 Km 150 CC y Mariana Ducuing del televisor de 50\u201d.<\/p>\n<p>El Premio al Buen Contribuyente es una forma de incentivar el cumplimiento y reconocer el m\u00e9rito y la conducta fiscal de los contribuyentes electr\u00f3nicos, que cumplan en tiempo y forma con el pago de sus obligaciones tributarias.<\/p>\n<p>La adhesi\u00f3n a la boleta electr\u00f3nica implica adem\u00e1s un notable cambio en relaci\u00f3n a la sustentabilidad y el cuidado del ambiente. A trav\u00e9s de su implementaci\u00f3n, el Municipio busca mejorar la eficiencia y modernizar el Estado, adem\u00e1s de brindar facilidades a los contribuyentes ya que es c\u00f3modo, \u00e1gil y accesible desde cualquier lugar y\/o dispositivo electr\u00f3nico.<\/p>\n<p>Cada contribuyente tiene un \u00fanico n\u00famero de sorteo, independientemente de la cantidad de cuentas que tenga por los tributos y\/o tasas municipales existentes. Todo contribuyente que se encuentre adherido, adem\u00e1s de la boleta electr\u00f3nica, al d\u00e9bito autom\u00e1tico, tendr\u00e1 un n\u00famero extra para el sorteo que incluye una moto y un televisor 50\u201d cada mes.<\/p>\n<p>Cabe aclarar, como condici\u00f3n indispensable, que quien se adhiera a la boleta electr\u00f3nica, no debe registrar deuda en ning\u00fan tributo y\/o tasa municipal, al cierre de dos meses inmediatos anteriores a la fecha del sorteo.<\/p>\n<p><strong>\u00bfC\u00f3mo adherirse a la Boleta Electr\u00f3nica?<\/strong><\/p>\n<p>La adhesi\u00f3n a la Boleta Electr\u00f3nica, se puede gestionar a trav\u00e9s del siguiente formulario. All\u00ed, entre algunos datos b\u00e1sicos de los titulares de las tasas o tributos, se solicitar\u00e1 el n\u00famero de CUIL o CUIT, un correo electr\u00f3nico en el que se desee recibir las boletas, un tel\u00e9fono de contacto y alguna informaci\u00f3n adicional que se considere pertinente agregar.<\/p>\n<p>Consultas y\/o reclamos<\/p>\n<p>Aquellos contribuyentes que quieran efectuar observaciones o reclamos al respecto, podr\u00e1n comunicarse a rentas@olavarria.gov.ar o telef\u00f3nicamente al 440442 interno 1804.<\/p>\n<p>&nbsp;<\/p>\n","protected":false},"excerpt":{"rendered":"<p>Se llev\u00f3 a cabo la entrega de premios del buen contribuyente Electr\u00f3nico, en la ma\u00f1ana&#8230;<\/p>\n","protected":false},"author":1,"featured_media":163641,"comment_status":"closed","ping_status":"closed","sticky":false,"template":"","format":"standard","meta":{"content-type":""},"categories":[27],"tags":[],"nelio_content":{"isAutoShareEnabled":false,"autoShareEndMode":"default","automationSources":{"useContentSentences":true,"useSocialTemplates":true,"useCustomSentences":false,"customSentences":[]},"followers":[1],"suggestedReferences":[],"includedReferences":[],"efiUrl":"","efiAlt":"","highlights":[]},"yoast_head":"<!-- This site is optimized with the Yoast SEO plugin v20.7 - https:\/\/yoast.com\/wordpress\/plugins\/seo\/ -->\n<title>Se llev\u00f3 a cabo la entrega de premios del buen contribuyente<\/title>\n<meta name=\"description\" content=\"Se llev\u00f3 a cabo la entrega de premios del buen contribuyente Electr\u00f3nico, en la ma\u00f1ana de este jueves se realiz\u00f3 la entrega de una moto\" \/>\n<meta name=\"robots\" content=\"index, follow, max-snippet:-1, max-image-preview:large, max-video-preview:-1\" \/>\n<link rel=\"canonical\" href=\"https:\/\/experienciadevida.com.ar\/portalurbano\/se-llevo-a-cabo-la-entrega-de-premios-del-buen-contribuyente-electronico\/\" \/>\n<meta property=\"og:locale\" content=\"es_ES\" \/>\n<meta property=\"og:type\" content=\"article\" \/>\n<meta property=\"og:title\" content=\"Se llev\u00f3 a cabo la entrega de premios del buen contribuyente\" \/>\n<meta property=\"og:description\" content=\"Se llev\u00f3 a cabo la entrega de premios del buen contribuyente Electr\u00f3nico, en la ma\u00f1ana de este jueves se realiz\u00f3 la entrega de una moto\" \/>\n<meta property=\"og:url\" content=\"https:\/\/experienciadevida.com.ar\/portalurbano\/se-llevo-a-cabo-la-entrega-de-premios-del-buen-contribuyente-electronico\/\" \/>\n<meta property=\"article:publisher\" content=\"https:\/\/www.facebook.com\/Portal-Urbano-171542830093757\/\" \/>\n<meta property=\"article:published_time\" content=\"2022-03-17T22:25:49+00:00\" \/>\n<meta property=\"article:modified_time\" content=\"2022-03-17T22:27:46+00:00\" \/>\n<meta property=\"og:image\" content=\"https:\/\/experienciadevida.com.ar\/portalurbano\/wp-content\/uploads\/2022\/03\/Se-llevo-a-cabo-e1647537407878.jpg\" \/>\n\t<meta property=\"og:image:width\" content=\"765\" \/>\n\t<meta property=\"og:image:height\" content=\"511\" \/>\n\t<meta property=\"og:image:type\" content=\"image\/jpeg\" \/>\n<meta name=\"author\" content=\"admpu17wp\" \/>\n<meta name=\"twitter:card\" content=\"summary_large_image\" \/>\n<meta name=\"twitter:creator\" content=\"@portalurbanook\" \/>\n<meta name=\"twitter:site\" content=\"@portalurbanook\" \/>\n<meta name=\"twitter:label1\" content=\"Escrito por\" \/>\n\t<meta name=\"twitter:data1\" content=\"admpu17wp\" \/>\n\t<meta name=\"twitter:label2\" content=\"Tiempo de lectura\" \/>\n\t<meta name=\"twitter:data2\" content=\"2 minutos\" \/>\n<script type=\"application\/ld+json\" class=\"yoast-schema-graph\">{\"@context\":\"https:\/\/schema.org\",\"@graph\":[{\"@type\":\"Article\",\"@id\":\"https:\/\/experienciadevida.com.ar\/portalurbano\/se-llevo-a-cabo-la-entrega-de-premios-del-buen-contribuyente-electronico\/#article\",\"isPartOf\":{\"@id\":\"https:\/\/experienciadevida.com.ar\/portalurbano\/se-llevo-a-cabo-la-entrega-de-premios-del-buen-contribuyente-electronico\/\"},\"author\":{\"name\":\"admpu17wp\",\"@id\":\"https:\/\/experienciadevida.com.ar\/portalurbano\/#\/schema\/person\/02dd326b1c4b056e9cc972486934a3a7\"},\"headline\":\"Se llev\u00f3 a cabo la entrega de premios del buen contribuyente Electr\u00f3nico\",\"datePublished\":\"2022-03-17T22:25:49+00:00\",\"dateModified\":\"2022-03-17T22:27:46+00:00\",\"mainEntityOfPage\":{\"@id\":\"https:\/\/experienciadevida.com.ar\/portalurbano\/se-llevo-a-cabo-la-entrega-de-premios-del-buen-contribuyente-electronico\/\"},\"wordCount\":429,\"publisher\":{\"@id\":\"https:\/\/experienciadevida.com.ar\/portalurbano\/#organization\"},\"articleSection\":[\"Ciudad\"],\"inLanguage\":\"es\"},{\"@type\":\"WebPage\",\"@id\":\"https:\/\/experienciadevida.com.ar\/portalurbano\/se-llevo-a-cabo-la-entrega-de-premios-del-buen-contribuyente-electronico\/\",\"url\":\"https:\/\/experienciadevida.com.ar\/portalurbano\/se-llevo-a-cabo-la-entrega-de-premios-del-buen-contribuyente-electronico\/\",\"name\":\"Se llev\u00f3 a cabo la entrega de premios del buen contribuyente\",\"isPartOf\":{\"@id\":\"https:\/\/experienciadevida.com.ar\/portalurbano\/#website\"},\"datePublished\":\"2022-03-17T22:25:49+00:00\",\"dateModified\":\"2022-03-17T22:27:46+00:00\",\"description\":\"Se llev\u00f3 a cabo la entrega de premios del buen contribuyente Electr\u00f3nico, en la ma\u00f1ana de este jueves se realiz\u00f3 la entrega de una moto\",\"breadcrumb\":{\"@id\":\"https:\/\/experienciadevida.com.ar\/portalurbano\/se-llevo-a-cabo-la-entrega-de-premios-del-buen-contribuyente-electronico\/#breadcrumb\"},\"inLanguage\":\"es\",\"potentialAction\":[{\"@type\":\"ReadAction\",\"target\":[\"https:\/\/experienciadevida.com.ar\/portalurbano\/se-llevo-a-cabo-la-entrega-de-premios-del-buen-contribuyente-electronico\/\"]}]},{\"@type\":\"BreadcrumbList\",\"@id\":\"https:\/\/experienciadevida.com.ar\/portalurbano\/se-llevo-a-cabo-la-entrega-de-premios-del-buen-contribuyente-electronico\/#breadcrumb\",\"itemListElement\":[{\"@type\":\"ListItem\",\"position\":1,\"name\":\"Portada\",\"item\":\"https:\/\/experienciadevida.com.ar\/portalurbano\/\"},{\"@type\":\"ListItem\",\"position\":2,\"name\":\"Se llev\u00f3 a cabo la entrega de premios del buen contribuyente Electr\u00f3nico\"}]},{\"@type\":\"WebSite\",\"@id\":\"https:\/\/experienciadevida.com.ar\/portalurbano\/#website\",\"url\":\"https:\/\/experienciadevida.com.ar\/portalurbano\/\",\"name\":\"\",\"description\":\"\",\"publisher\":{\"@id\":\"https:\/\/experienciadevida.com.ar\/portalurbano\/#organization\"},\"potentialAction\":[{\"@type\":\"SearchAction\",\"target\":{\"@type\":\"EntryPoint\",\"urlTemplate\":\"https:\/\/experienciadevida.com.ar\/portalurbano\/?s={search_term_string}\"},\"query-input\":\"required name=search_term_string\"}],\"inLanguage\":\"es\"},{\"@type\":\"Organization\",\"@id\":\"https:\/\/experienciadevida.com.ar\/portalurbano\/#organization\",\"name\":\"Portal Urbano\",\"url\":\"https:\/\/experienciadevida.com.ar\/portalurbano\/\",\"logo\":{\"@type\":\"ImageObject\",\"inLanguage\":\"es\",\"@id\":\"https:\/\/experienciadevida.com.ar\/portalurbano\/#\/schema\/logo\/image\/\",\"url\":\"https:\/\/experienciadevida.com.ar\/portalurbano\/wp-content\/uploads\/2019\/09\/Logo-Original.png\",\"contentUrl\":\"https:\/\/experienciadevida.com.ar\/portalurbano\/wp-content\/uploads\/2019\/09\/Logo-Original.png\",\"width\":2236,\"height\":1216,\"caption\":\"Portal Urbano\"},\"image\":{\"@id\":\"https:\/\/experienciadevida.com.ar\/portalurbano\/#\/schema\/logo\/image\/\"},\"sameAs\":[\"https:\/\/www.facebook.com\/Portal-Urbano-171542830093757\/\",\"https:\/\/twitter.com\/portalurbanook\",\"https:\/\/www.instagram.com\/_portalurbano\/\",\"https:\/\/www.youtube.com\/channel\/UCXhagIfszH8KxFiOok79zbA?view_as=subscriber\"]},{\"@type\":\"Person\",\"@id\":\"https:\/\/experienciadevida.com.ar\/portalurbano\/#\/schema\/person\/02dd326b1c4b056e9cc972486934a3a7\",\"name\":\"admpu17wp\",\"image\":{\"@type\":\"ImageObject\",\"inLanguage\":\"es\",\"@id\":\"https:\/\/experienciadevida.com.ar\/portalurbano\/#\/schema\/person\/image\/\",\"url\":\"https:\/\/secure.gravatar.com\/avatar\/830d4c57adaae6630765e449a6908047?s=96&d=mm&r=g\",\"contentUrl\":\"https:\/\/secure.gravatar.com\/avatar\/830d4c57adaae6630765e449a6908047?s=96&d=mm&r=g\",\"caption\":\"admpu17wp\"}}]}<\/script>\n<!-- \/ Yoast SEO plugin. -->","yoast_head_json":{"title":"Se llev\u00f3 a cabo la entrega de premios del buen contribuyente","description":"Se llev\u00f3 a cabo la entrega de premios del buen contribuyente Electr\u00f3nico, en la ma\u00f1ana de este jueves se realiz\u00f3 la entrega de una moto","robots":{"index":"index","follow":"follow","max-snippet":"max-snippet:-1","max-image-preview":"max-image-preview:large","max-video-preview":"max-video-preview:-1"},"canonical":"https:\/\/experienciadevida.com.ar\/portalurbano\/se-llevo-a-cabo-la-entrega-de-premios-del-buen-contribuyente-electronico\/","og_locale":"es_ES","og_type":"article","og_title":"Se llev\u00f3 a cabo la entrega de premios del buen contribuyente","og_description":"Se llev\u00f3 a cabo la entrega de premios del buen contribuyente Electr\u00f3nico, en la ma\u00f1ana de este jueves se realiz\u00f3 la entrega de una moto","og_url":"https:\/\/experienciadevida.com.ar\/portalurbano\/se-llevo-a-cabo-la-entrega-de-premios-del-buen-contribuyente-electronico\/","article_publisher":"https:\/\/www.facebook.com\/Portal-Urbano-171542830093757\/","article_published_time":"2022-03-17T22:25:49+00:00","article_modified_time":"2022-03-17T22:27:46+00:00","og_image":[{"width":765,"height":511,"url":"https:\/\/experienciadevida.com.ar\/portalurbano\/wp-content\/uploads\/2022\/03\/Se-llevo-a-cabo-e1647537407878.jpg","type":"image\/jpeg"}],"author":"admpu17wp","twitter_card":"summary_large_image","twitter_creator":"@portalurbanook","twitter_site":"@portalurbanook","twitter_misc":{"Escrito por":"admpu17wp","Tiempo de lectura":"2 minutos"},"schema":{"@context":"https:\/\/schema.org","@graph":[{"@type":"Article","@id":"https:\/\/experienciadevida.com.ar\/portalurbano\/se-llevo-a-cabo-la-entrega-de-premios-del-buen-contribuyente-electronico\/#article","isPartOf":{"@id":"https:\/\/experienciadevida.com.ar\/portalurbano\/se-llevo-a-cabo-la-entrega-de-premios-del-buen-contribuyente-electronico\/"},"author":{"name":"admpu17wp","@id":"https:\/\/experienciadevida.com.ar\/portalurbano\/#\/schema\/person\/02dd326b1c4b056e9cc972486934a3a7"},"headline":"Se llev\u00f3 a cabo la entrega de premios del buen contribuyente Electr\u00f3nico","datePublished":"2022-03-17T22:25:49+00:00","dateModified":"2022-03-17T22:27:46+00:00","mainEntityOfPage":{"@id":"https:\/\/experienciadevida.com.ar\/portalurbano\/se-llevo-a-cabo-la-entrega-de-premios-del-buen-contribuyente-electronico\/"},"wordCount":429,"publisher":{"@id":"https:\/\/experienciadevida.com.ar\/portalurbano\/#organization"},"articleSection":["Ciudad"],"inLanguage":"es"},{"@type":"WebPage","@id":"https:\/\/experienciadevida.com.ar\/portalurbano\/se-llevo-a-cabo-la-entrega-de-premios-del-buen-contribuyente-electronico\/","url":"https:\/\/experienciadevida.com.ar\/portalurbano\/se-llevo-a-cabo-la-entrega-de-premios-del-buen-contribuyente-electronico\/","name":"Se llev\u00f3 a cabo la entrega de premios del buen contribuyente","isPartOf":{"@id":"https:\/\/experienciadevida.com.ar\/portalurbano\/#website"},"datePublished":"2022-03-17T22:25:49+00:00","dateModified":"2022-03-17T22:27:46+00:00","description":"Se llev\u00f3 a cabo la entrega de premios del buen contribuyente Electr\u00f3nico, en la ma\u00f1ana de este jueves se realiz\u00f3 la entrega de una moto","breadcrumb":{"@id":"https:\/\/experienciadevida.com.ar\/portalurbano\/se-llevo-a-cabo-la-entrega-de-premios-del-buen-contribuyente-electronico\/#breadcrumb"},"inLanguage":"es","potentialAction":[{"@type":"ReadAction","target":["https:\/\/experienciadevida.com.ar\/portalurbano\/se-llevo-a-cabo-la-entrega-de-premios-del-buen-contribuyente-electronico\/"]}]},{"@type":"BreadcrumbList","@id":"https:\/\/experienciadevida.com.ar\/portalurbano\/se-llevo-a-cabo-la-entrega-de-premios-del-buen-contribuyente-electronico\/#breadcrumb","itemListElement":[{"@type":"ListItem","position":1,"name":"Portada","item":"https:\/\/experienciadevida.com.ar\/portalurbano\/"},{"@type":"ListItem","position":2,"name":"Se llev\u00f3 a cabo la entrega de premios del buen contribuyente Electr\u00f3nico"}]},{"@type":"WebSite","@id":"https:\/\/experienciadevida.com.ar\/portalurbano\/#website","url":"https:\/\/experienciadevida.com.ar\/portalurbano\/","name":"","description":"","publisher":{"@id":"https:\/\/experienciadevida.com.ar\/portalurbano\/#organization"},"potentialAction":[{"@type":"SearchAction","target":{"@type":"EntryPoint","urlTemplate":"https:\/\/experienciadevida.com.ar\/portalurbano\/?s={search_term_string}"},"query-input":"required name=search_term_string"}],"inLanguage":"es"},{"@type":"Organization","@id":"https:\/\/experienciadevida.com.ar\/portalurbano\/#organization","name":"Portal Urbano","url":"https:\/\/experienciadevida.com.ar\/portalurbano\/","logo":{"@type":"ImageObject","inLanguage":"es","@id":"https:\/\/experienciadevida.com.ar\/portalurbano\/#\/schema\/logo\/image\/","url":"https:\/\/experienciadevida.com.ar\/portalurbano\/wp-content\/uploads\/2019\/09\/Logo-Original.png","contentUrl":"https:\/\/experienciadevida.com.ar\/portalurbano\/wp-content\/uploads\/2019\/09\/Logo-Original.png","width":2236,"height":1216,"caption":"Portal Urbano"},"image":{"@id":"https:\/\/experienciadevida.com.ar\/portalurbano\/#\/schema\/logo\/image\/"},"sameAs":["https:\/\/www.facebook.com\/Portal-Urbano-171542830093757\/","https:\/\/twitter.com\/portalurbanook","https:\/\/www.instagram.com\/_portalurbano\/","https:\/\/www.youtube.com\/channel\/UCXhagIfszH8KxFiOok79zbA?view_as=subscriber"]},{"@type":"Person","@id":"https:\/\/experienciadevida.com.ar\/portalurbano\/#\/schema\/person\/02dd326b1c4b056e9cc972486934a3a7","name":"admpu17wp","image":{"@type":"ImageObject","inLanguage":"es","@id":"https:\/\/experienciadevida.com.ar\/portalurbano\/#\/schema\/person\/image\/","url":"https:\/\/secure.gravatar.com\/avatar\/830d4c57adaae6630765e449a6908047?s=96&d=mm&r=g","contentUrl":"https:\/\/secure.gravatar.com\/avatar\/830d4c57adaae6630765e449a6908047?s=96&d=mm&r=g","caption":"admpu17wp"}}]}},"featured_image_urls":{"full":["https:\/\/experienciadevida.com.ar\/portalurbano\/wp-content\/uploads\/2022\/03\/Se-llevo-a-cabo-e1647537407878.jpg",765,511,false],"thumbnail":["https:\/\/experienciadevida.com.ar\/portalurbano\/wp-content\/uploads\/2022\/03\/Se-llevo-a-cabo-150x150.jpg",150,150,true],"medium":["https:\/\/experienciadevida.com.ar\/portalurbano\/wp-content\/uploads\/2022\/03\/Se-llevo-a-cabo-300x201.jpg",300,201,true],"medium_large":["https:\/\/experienciadevida.com.ar\/portalurbano\/wp-content\/uploads\/2022\/03\/Se-llevo-a-cabo-768x513.jpg",640,428,true],"large":["https:\/\/experienciadevida.com.ar\/portalurbano\/wp-content\/uploads\/2022\/03\/Se-llevo-a-cabo-1024x684.jpg",640,428,true],"ug_big":["https:\/\/experienciadevida.com.ar\/portalurbano\/wp-content\/uploads\/2022\/03\/Se-llevo-a-cabo-768x513.jpg",768,513,true],"1536x1536":["https:\/\/experienciadevida.com.ar\/portalurbano\/wp-content\/uploads\/2022\/03\/Se-llevo-a-cabo-1536x1027.jpg",1536,1027,true],"2048x2048":["https:\/\/experienciadevida.com.ar\/portalurbano\/wp-content\/uploads\/2022\/03\/Se-llevo-a-cabo-2048x1369.jpg",2048,1369,true],"newsever-slider-full":["https:\/\/experienciadevida.com.ar\/portalurbano\/wp-content\/uploads\/2022\/03\/Se-llevo-a-cabo-e1647537407878.jpg",765,511,false],"newsever-featured":["https:\/\/experienciadevida.com.ar\/portalurbano\/wp-content\/uploads\/2022\/03\/Se-llevo-a-cabo-e1647537407878.jpg",765,511,false],"newsever-medium":["https:\/\/experienciadevida.com.ar\/portalurbano\/wp-content\/uploads\/2022\/03\/Se-llevo-a-cabo-e1647537407878.jpg",711,475,false],"web-stories-poster-portrait":["https:\/\/experienciadevida.com.ar\/portalurbano\/wp-content\/uploads\/2022\/03\/Se-llevo-a-cabo-e1647537407878.jpg",640,428,false],"web-stories-publisher-logo":["https:\/\/experienciadevida.com.ar\/portalurbano\/wp-content\/uploads\/2022\/03\/Se-llevo-a-cabo-e1647537407878.jpg",96,64,false],"web-stories-thumbnail":["https:\/\/experienciadevida.com.ar\/portalurbano\/wp-content\/uploads\/2022\/03\/Se-llevo-a-cabo-e1647537407878.jpg",150,100,false]},"author_info":{"display_name":"admpu17wp","author_link":"https:\/\/experienciadevida.com.ar\/portalurbano\/author\/admpu17wp\/"},"category_info":"<a href=\"https:\/\/experienciadevida.com.ar\/portalurbano\/category\/ciudad\/\" rel=\"category tag\">Ciudad<\/a>","tag_info":"Ciudad","comment_count":"0","amp_enabled":true,"_links":{"self":[{"href":"https:\/\/experienciadevida.com.ar\/portalurbano\/wp-json\/wp\/v2\/posts\/163640"}],"collection":[{"href":"https:\/\/experienciadevida.com.ar\/portalurbano\/wp-json\/wp\/v2\/posts"}],"about":[{"href":"https:\/\/experienciadevida.com.ar\/portalurbano\/wp-json\/wp\/v2\/types\/post"}],"author":[{"embeddable":true,"href":"https:\/\/experienciadevida.com.ar\/portalurbano\/wp-json\/wp\/v2\/users\/1"}],"replies":[{"embeddable":true,"href":"https:\/\/experienciadevida.com.ar\/portalurbano\/wp-json\/wp\/v2\/comments?post=163640"}],"version-history":[{"count":2,"href":"https:\/\/experienciadevida.com.ar\/portalurbano\/wp-json\/wp\/v2\/posts\/163640\/revisions"}],"predecessor-version":[{"id":163644,"href":"https:\/\/experienciadevida.com.ar\/portalurbano\/wp-json\/wp\/v2\/posts\/163640\/revisions\/163644"}],"wp:featuredmedia":[{"embeddable":true,"href":"https:\/\/experienciadevida.com.ar\/portalurbano\/wp-json\/wp\/v2\/media\/163641"}],"wp:attachment":[{"href":"https:\/\/experienciadevida.com.ar\/portalurbano\/wp-json\/wp\/v2\/media?parent=163640"}],"wp:term":[{"taxonomy":"category","embeddable":true,"href":"https:\/\/experienciadevida.com.ar\/portalurbano\/wp-json\/wp\/v2\/categories?post=163640"},{"taxonomy":"post_tag","embeddable":true,"href":"https:\/\/experienciadevida.com.ar\/portalurbano\/wp-json\/wp\/v2\/tags?post=163640"}],"curies":[{"name":"wp","href":"https:\/\/api.w.org\/{rel}","templated":true}]}}