{"id":163629,"date":"2022-03-17T14:07:24","date_gmt":"2022-03-17T17:07:24","guid":{"rendered":"https:\/\/experienciadevida.com.ar\/portalurbano\/?p=163629"},"modified":"2022-03-17T14:10:13","modified_gmt":"2022-03-17T17:10:13","slug":"cerveceros-locales-en-solidaridad-con-joaquin-draghi-y-ola-rosa","status":"publish","type":"post","link":"https:\/\/experienciadevida.com.ar\/portalurbano\/cerveceros-locales-en-solidaridad-con-joaquin-draghi-y-ola-rosa\/","title":{"rendered":"Cerveceros locales en solidaridad con Joaqu\u00edn Draghi y Ola Rosa"},"content":{"rendered":"<p>Cerveceros locales en solidaridad con Joaqu\u00edn Draghi y Ola Rosa, el Municipio acompa\u00f1ar\u00e1 una iniciativa solidaria a cargo de fabricantes cerveceros locales, a total beneficio de Joaqu\u00edn Draghi y Ola Rosa.<\/p>\n<p><a href=\"https:\/\/experienciadevida.com.ar\/portalurbano\/cerveceros-locales-en-solidaridad-con-joaquin-draghi-y-ola-rosa\/cerveceros\/\" rel=\"attachment wp-att-163632\"><img decoding=\"async\" class=\"alignnone size-large wp-image-163632\" src=\"https:\/\/experienciadevida.com.ar\/portalurbano\/wp-content\/uploads\/2022\/03\/Cerveceros-1024x684.jpg\" alt=\"Cerveceros \" width=\"900\" height=\"601\" srcset=\"https:\/\/experienciadevida.com.ar\/portalurbano\/wp-content\/uploads\/2022\/03\/Cerveceros-1024x684.jpg 1024w, https:\/\/experienciadevida.com.ar\/portalurbano\/wp-content\/uploads\/2022\/03\/Cerveceros-300x201.jpg 300w, https:\/\/experienciadevida.com.ar\/portalurbano\/wp-content\/uploads\/2022\/03\/Cerveceros-768x513.jpg 768w, https:\/\/experienciadevida.com.ar\/portalurbano\/wp-content\/uploads\/2022\/03\/Cerveceros-1536x1027.jpg 1536w, https:\/\/experienciadevida.com.ar\/portalurbano\/wp-content\/uploads\/2022\/03\/Cerveceros-2048x1369.jpg 2048w\" sizes=\"(max-width: 900px) 100vw, 900px\" \/><\/a><\/p>\n<p>En este marco, se reunieron en las instalaciones de la f\u00e1brica Monos Sabios para realizar rueda de medios, a los fines de brindar detalles de dicha iniciativa.<\/p>\n<p>All\u00ed se reunieron el Intendente Ezequiel <a href=\"https:\/\/www.facebook.com\/galliezequiel\">Galli<\/a> y los secretarios de Gobierno Hilario Galli, de Salud Germ\u00e1n Caputo y de Desarrollo Econ\u00f3mico Julio Valetutto; junto a empresarios del sector cervecero, referentes del Club Estudiantes en representaci\u00f3n de Joaqu\u00edn Draghi, familiares y amigos del rugbier y referentes de la agrupaci\u00f3n Ola Rosa.<\/p>\n<p>Al respecto, el Galli consider\u00f3: \u201cAcompa\u00f1amos esta iniciativa, de un sector que est\u00e1 creciendo d\u00eda a d\u00eda. Hay una movida con la cerveza artesanal en todo el pa\u00eds que se replica en Olavarr\u00eda, una plaza importante a nivel cocci\u00f3n y calidad de cervezas. Desde el Municipio colaboramos con los costos del etiquetado, ellos ponen el costo mayor. Monos Sabios pone a disposici\u00f3n la f\u00e1brica para que se haga la cocci\u00f3n, tambi\u00e9n es algo para agradecer y valorar\u201d.<\/p>\n<p>\u201cLa idea es poder ayudar a Joaqu\u00edn (Draghi) y las chicas de Ola Rosa\u201d subray\u00f3 el Intendente.<\/p>\n<p>Asimismo, Galli explic\u00f3 que: \u201clo que hicimos fue juntar las partes: se junto Hilario (Galli) con Patxi (Erguy), empezaron a darle forma al proyecto, apareci\u00f3 la posibilidad de hacerlo ac\u00e1. De ac\u00e1 se van a Mar del Plata, Bah\u00eda Blanca, La Pampa, Bariloche, todos lugares con una identidad fuerte con la cerveza\u201d.<\/p>\n<p>\u201cQue Olavarr\u00eda est\u00e9 en esa ruta nos parece muy importante, despu\u00e9s que se aprob\u00f3 la ordenanza de Taproom que es algo bastante novedoso y pudimos hacerlo en Olavarria, queremos apoyar esta movida que genera no s\u00f3lo trabajo genuino sino que genera movidas culturales en todo el pa\u00eds\u201d, concluy\u00f3 Galli.<\/p>\n<p>Por su parte, Patxi Erguy (fabricante), destac\u00f3 que se trata de una campa\u00f1a a beneficio de Joaqu\u00edn y las chicas de Ola Rosa. En este sentido, Erguy brind\u00f3 detalles de la iniciativa; la cual consiste en la elaboraci\u00f3n de un lote especial de 3000 latas de cerveza. El 100% de lo recaudado por la venta de este lote ser\u00e1 a total beneficio de Draghi y Ola Rosa, en partes iguales.<\/p>\n<p>La propuesta, expres\u00f3 el fabricante, surge de Juan Pablo Rodr\u00edguez, comerciante y distribuidor de insumos primarios para la fabricaci\u00f3n de cerveza. Responde a una iniciativa que se lleva a cabo a nivel nacional.<\/p>\n<p>Respecto a la decisi\u00f3n de colaborar con Draghi y Ola Rosa, surge a partir de encuentros cerveceros anteriores.<\/p>\n<p>El lote especial solidario saldr\u00e1 a la venta en el marco de un evento a realizarse en d\u00eda y hora a confirmar.<\/p>\n<p><a href=\"https:\/\/experienciadevida.com.ar\/portalurbano\/cerveceros-locales-en-solidaridad-con-joaquin-draghi-y-ola-rosa\/locales-2\/\" rel=\"attachment wp-att-163634\"><img decoding=\"async\" class=\"alignnone size-large wp-image-163634\" src=\"https:\/\/experienciadevida.com.ar\/portalurbano\/wp-content\/uploads\/2022\/03\/locales-1024x684.jpg\" alt=\"locales \" width=\"900\" height=\"601\" srcset=\"https:\/\/experienciadevida.com.ar\/portalurbano\/wp-content\/uploads\/2022\/03\/locales-1024x684.jpg 1024w, https:\/\/experienciadevida.com.ar\/portalurbano\/wp-content\/uploads\/2022\/03\/locales-300x201.jpg 300w, https:\/\/experienciadevida.com.ar\/portalurbano\/wp-content\/uploads\/2022\/03\/locales-768x513.jpg 768w, https:\/\/experienciadevida.com.ar\/portalurbano\/wp-content\/uploads\/2022\/03\/locales-1536x1027.jpg 1536w, https:\/\/experienciadevida.com.ar\/portalurbano\/wp-content\/uploads\/2022\/03\/locales-2048x1369.jpg 2048w\" sizes=\"(max-width: 900px) 100vw, 900px\" \/><\/a><\/p>\n","protected":false},"excerpt":{"rendered":"<p>Cerveceros locales en solidaridad con Joaqu\u00edn Draghi y Ola Rosa, el Municipio acompa\u00f1ar\u00e1 una iniciativa&#8230;<\/p>\n","protected":false},"author":1,"featured_media":163630,"comment_status":"closed","ping_status":"closed","sticky":false,"template":"","format":"standard","meta":{"content-type":""},"categories":[27,51],"tags":[],"nelio_content":{"isAutoShareEnabled":false,"autoShareEndMode":"default","automationSources":{"useContentSentences":true,"useSocialTemplates":true,"useCustomSentences":false,"customSentences":[]},"followers":[1],"suggestedReferences":[],"includedReferences":[],"efiUrl":"","efiAlt":"","highlights":[]},"yoast_head":"<!-- This site is optimized with the Yoast SEO plugin v20.7 - https:\/\/yoast.com\/wordpress\/plugins\/seo\/ -->\n<title>Cerveceros locales en solidaridad con Joaqu\u00edn Draghi y Ola Rosa<\/title>\n<meta name=\"description\" content=\"Cerveceros locales en solidaridad con Joaqu\u00edn Draghi y Ola Rosa, el Municipio acompa\u00f1ar\u00e1 una iniciativa solidaria\" \/>\n<meta name=\"robots\" content=\"index, follow, max-snippet:-1, max-image-preview:large, max-video-preview:-1\" \/>\n<link rel=\"canonical\" href=\"https:\/\/experienciadevida.com.ar\/portalurbano\/cerveceros-locales-en-solidaridad-con-joaquin-draghi-y-ola-rosa\/\" \/>\n<meta property=\"og:locale\" content=\"es_ES\" \/>\n<meta property=\"og:type\" content=\"article\" \/>\n<meta property=\"og:title\" content=\"Cerveceros locales en solidaridad con Joaqu\u00edn Draghi y Ola Rosa\" \/>\n<meta property=\"og:description\" content=\"Cerveceros locales en solidaridad con Joaqu\u00edn Draghi y Ola Rosa, el Municipio acompa\u00f1ar\u00e1 una iniciativa solidaria\" \/>\n<meta property=\"og:url\" content=\"https:\/\/experienciadevida.com.ar\/portalurbano\/cerveceros-locales-en-solidaridad-con-joaquin-draghi-y-ola-rosa\/\" \/>\n<meta property=\"article:publisher\" content=\"https:\/\/www.facebook.com\/Portal-Urbano-171542830093757\/\" \/>\n<meta property=\"article:published_time\" content=\"2022-03-17T17:07:24+00:00\" \/>\n<meta property=\"article:modified_time\" content=\"2022-03-17T17:10:13+00:00\" \/>\n<meta property=\"og:image\" content=\"https:\/\/experienciadevida.com.ar\/portalurbano\/wp-content\/uploads\/2022\/03\/Cerveceros-locales-en-solidaridad.jpg\" \/>\n\t<meta property=\"og:image:width\" content=\"2560\" \/>\n\t<meta property=\"og:image:height\" content=\"1711\" \/>\n\t<meta property=\"og:image:type\" content=\"image\/jpeg\" \/>\n<meta name=\"author\" content=\"admpu17wp\" \/>\n<meta name=\"twitter:card\" content=\"summary_large_image\" \/>\n<meta name=\"twitter:creator\" content=\"@portalurbanook\" \/>\n<meta name=\"twitter:site\" content=\"@portalurbanook\" \/>\n<meta name=\"twitter:label1\" content=\"Escrito por\" \/>\n\t<meta name=\"twitter:data1\" content=\"admpu17wp\" \/>\n\t<meta name=\"twitter:label2\" content=\"Tiempo de lectura\" \/>\n\t<meta name=\"twitter:data2\" content=\"3 minutos\" \/>\n<script type=\"application\/ld+json\" class=\"yoast-schema-graph\">{\"@context\":\"https:\/\/schema.org\",\"@graph\":[{\"@type\":\"Article\",\"@id\":\"https:\/\/experienciadevida.com.ar\/portalurbano\/cerveceros-locales-en-solidaridad-con-joaquin-draghi-y-ola-rosa\/#article\",\"isPartOf\":{\"@id\":\"https:\/\/experienciadevida.com.ar\/portalurbano\/cerveceros-locales-en-solidaridad-con-joaquin-draghi-y-ola-rosa\/\"},\"author\":{\"name\":\"admpu17wp\",\"@id\":\"https:\/\/experienciadevida.com.ar\/portalurbano\/#\/schema\/person\/02dd326b1c4b056e9cc972486934a3a7\"},\"headline\":\"Cerveceros locales en solidaridad con Joaqu\u00edn Draghi y Ola Rosa\",\"datePublished\":\"2022-03-17T17:07:24+00:00\",\"dateModified\":\"2022-03-17T17:10:13+00:00\",\"mainEntityOfPage\":{\"@id\":\"https:\/\/experienciadevida.com.ar\/portalurbano\/cerveceros-locales-en-solidaridad-con-joaquin-draghi-y-ola-rosa\/\"},\"wordCount\":488,\"publisher\":{\"@id\":\"https:\/\/experienciadevida.com.ar\/portalurbano\/#organization\"},\"articleSection\":[\"Ciudad\",\"Destacadas\"],\"inLanguage\":\"es\"},{\"@type\":\"WebPage\",\"@id\":\"https:\/\/experienciadevida.com.ar\/portalurbano\/cerveceros-locales-en-solidaridad-con-joaquin-draghi-y-ola-rosa\/\",\"url\":\"https:\/\/experienciadevida.com.ar\/portalurbano\/cerveceros-locales-en-solidaridad-con-joaquin-draghi-y-ola-rosa\/\",\"name\":\"Cerveceros locales en solidaridad con Joaqu\u00edn Draghi y Ola Rosa\",\"isPartOf\":{\"@id\":\"https:\/\/experienciadevida.com.ar\/portalurbano\/#website\"},\"datePublished\":\"2022-03-17T17:07:24+00:00\",\"dateModified\":\"2022-03-17T17:10:13+00:00\",\"description\":\"Cerveceros locales en solidaridad con Joaqu\u00edn Draghi y Ola Rosa, el Municipio acompa\u00f1ar\u00e1 una iniciativa solidaria\",\"breadcrumb\":{\"@id\":\"https:\/\/experienciadevida.com.ar\/portalurbano\/cerveceros-locales-en-solidaridad-con-joaquin-draghi-y-ola-rosa\/#breadcrumb\"},\"inLanguage\":\"es\",\"potentialAction\":[{\"@type\":\"ReadAction\",\"target\":[\"https:\/\/experienciadevida.com.ar\/portalurbano\/cerveceros-locales-en-solidaridad-con-joaquin-draghi-y-ola-rosa\/\"]}]},{\"@type\":\"BreadcrumbList\",\"@id\":\"https:\/\/experienciadevida.com.ar\/portalurbano\/cerveceros-locales-en-solidaridad-con-joaquin-draghi-y-ola-rosa\/#breadcrumb\",\"itemListElement\":[{\"@type\":\"ListItem\",\"position\":1,\"name\":\"Portada\",\"item\":\"https:\/\/experienciadevida.com.ar\/portalurbano\/\"},{\"@type\":\"ListItem\",\"position\":2,\"name\":\"Cerveceros locales en solidaridad con Joaqu\u00edn Draghi y Ola Rosa\"}]},{\"@type\":\"WebSite\",\"@id\":\"https:\/\/experienciadevida.com.ar\/portalurbano\/#website\",\"url\":\"https:\/\/experienciadevida.com.ar\/portalurbano\/\",\"name\":\"\",\"description\":\"\",\"publisher\":{\"@id\":\"https:\/\/experienciadevida.com.ar\/portalurbano\/#organization\"},\"potentialAction\":[{\"@type\":\"SearchAction\",\"target\":{\"@type\":\"EntryPoint\",\"urlTemplate\":\"https:\/\/experienciadevida.com.ar\/portalurbano\/?s={search_term_string}\"},\"query-input\":\"required name=search_term_string\"}],\"inLanguage\":\"es\"},{\"@type\":\"Organization\",\"@id\":\"https:\/\/experienciadevida.com.ar\/portalurbano\/#organization\",\"name\":\"Portal Urbano\",\"url\":\"https:\/\/experienciadevida.com.ar\/portalurbano\/\",\"logo\":{\"@type\":\"ImageObject\",\"inLanguage\":\"es\",\"@id\":\"https:\/\/experienciadevida.com.ar\/portalurbano\/#\/schema\/logo\/image\/\",\"url\":\"https:\/\/experienciadevida.com.ar\/portalurbano\/wp-content\/uploads\/2019\/09\/Logo-Original.png\",\"contentUrl\":\"https:\/\/experienciadevida.com.ar\/portalurbano\/wp-content\/uploads\/2019\/09\/Logo-Original.png\",\"width\":2236,\"height\":1216,\"caption\":\"Portal Urbano\"},\"image\":{\"@id\":\"https:\/\/experienciadevida.com.ar\/portalurbano\/#\/schema\/logo\/image\/\"},\"sameAs\":[\"https:\/\/www.facebook.com\/Portal-Urbano-171542830093757\/\",\"https:\/\/twitter.com\/portalurbanook\",\"https:\/\/www.instagram.com\/_portalurbano\/\",\"https:\/\/www.youtube.com\/channel\/UCXhagIfszH8KxFiOok79zbA?view_as=subscriber\"]},{\"@type\":\"Person\",\"@id\":\"https:\/\/experienciadevida.com.ar\/portalurbano\/#\/schema\/person\/02dd326b1c4b056e9cc972486934a3a7\",\"name\":\"admpu17wp\",\"image\":{\"@type\":\"ImageObject\",\"inLanguage\":\"es\",\"@id\":\"https:\/\/experienciadevida.com.ar\/portalurbano\/#\/schema\/person\/image\/\",\"url\":\"https:\/\/secure.gravatar.com\/avatar\/830d4c57adaae6630765e449a6908047?s=96&d=mm&r=g\",\"contentUrl\":\"https:\/\/secure.gravatar.com\/avatar\/830d4c57adaae6630765e449a6908047?s=96&d=mm&r=g\",\"caption\":\"admpu17wp\"}}]}<\/script>\n<!-- \/ Yoast SEO plugin. -->","yoast_head_json":{"title":"Cerveceros locales en solidaridad con Joaqu\u00edn Draghi y Ola Rosa","description":"Cerveceros locales en solidaridad con Joaqu\u00edn Draghi y Ola Rosa, el Municipio acompa\u00f1ar\u00e1 una iniciativa solidaria","robots":{"index":"index","follow":"follow","max-snippet":"max-snippet:-1","max-image-preview":"max-image-preview:large","max-video-preview":"max-video-preview:-1"},"canonical":"https:\/\/experienciadevida.com.ar\/portalurbano\/cerveceros-locales-en-solidaridad-con-joaquin-draghi-y-ola-rosa\/","og_locale":"es_ES","og_type":"article","og_title":"Cerveceros locales en solidaridad con Joaqu\u00edn Draghi y Ola Rosa","og_description":"Cerveceros locales en solidaridad con Joaqu\u00edn Draghi y Ola Rosa, el Municipio acompa\u00f1ar\u00e1 una iniciativa solidaria","og_url":"https:\/\/experienciadevida.com.ar\/portalurbano\/cerveceros-locales-en-solidaridad-con-joaquin-draghi-y-ola-rosa\/","article_publisher":"https:\/\/www.facebook.com\/Portal-Urbano-171542830093757\/","article_published_time":"2022-03-17T17:07:24+00:00","article_modified_time":"2022-03-17T17:10:13+00:00","og_image":[{"width":2560,"height":1711,"url":"https:\/\/experienciadevida.com.ar\/portalurbano\/wp-content\/uploads\/2022\/03\/Cerveceros-locales-en-solidaridad.jpg","type":"image\/jpeg"}],"author":"admpu17wp","twitter_card":"summary_large_image","twitter_creator":"@portalurbanook","twitter_site":"@portalurbanook","twitter_misc":{"Escrito por":"admpu17wp","Tiempo de lectura":"3 minutos"},"schema":{"@context":"https:\/\/schema.org","@graph":[{"@type":"Article","@id":"https:\/\/experienciadevida.com.ar\/portalurbano\/cerveceros-locales-en-solidaridad-con-joaquin-draghi-y-ola-rosa\/#article","isPartOf":{"@id":"https:\/\/experienciadevida.com.ar\/portalurbano\/cerveceros-locales-en-solidaridad-con-joaquin-draghi-y-ola-rosa\/"},"author":{"name":"admpu17wp","@id":"https:\/\/experienciadevida.com.ar\/portalurbano\/#\/schema\/person\/02dd326b1c4b056e9cc972486934a3a7"},"headline":"Cerveceros locales en solidaridad con Joaqu\u00edn Draghi y Ola Rosa","datePublished":"2022-03-17T17:07:24+00:00","dateModified":"2022-03-17T17:10:13+00:00","mainEntityOfPage":{"@id":"https:\/\/experienciadevida.com.ar\/portalurbano\/cerveceros-locales-en-solidaridad-con-joaquin-draghi-y-ola-rosa\/"},"wordCount":488,"publisher":{"@id":"https:\/\/experienciadevida.com.ar\/portalurbano\/#organization"},"articleSection":["Ciudad","Destacadas"],"inLanguage":"es"},{"@type":"WebPage","@id":"https:\/\/experienciadevida.com.ar\/portalurbano\/cerveceros-locales-en-solidaridad-con-joaquin-draghi-y-ola-rosa\/","url":"https:\/\/experienciadevida.com.ar\/portalurbano\/cerveceros-locales-en-solidaridad-con-joaquin-draghi-y-ola-rosa\/","name":"Cerveceros locales en solidaridad con Joaqu\u00edn Draghi y Ola Rosa","isPartOf":{"@id":"https:\/\/experienciadevida.com.ar\/portalurbano\/#website"},"datePublished":"2022-03-17T17:07:24+00:00","dateModified":"2022-03-17T17:10:13+00:00","description":"Cerveceros locales en solidaridad con Joaqu\u00edn Draghi y Ola Rosa, el Municipio acompa\u00f1ar\u00e1 una iniciativa solidaria","breadcrumb":{"@id":"https:\/\/experienciadevida.com.ar\/portalurbano\/cerveceros-locales-en-solidaridad-con-joaquin-draghi-y-ola-rosa\/#breadcrumb"},"inLanguage":"es","potentialAction":[{"@type":"ReadAction","target":["https:\/\/experienciadevida.com.ar\/portalurbano\/cerveceros-locales-en-solidaridad-con-joaquin-draghi-y-ola-rosa\/"]}]},{"@type":"BreadcrumbList","@id":"https:\/\/experienciadevida.com.ar\/portalurbano\/cerveceros-locales-en-solidaridad-con-joaquin-draghi-y-ola-rosa\/#breadcrumb","itemListElement":[{"@type":"ListItem","position":1,"name":"Portada","item":"https:\/\/experienciadevida.com.ar\/portalurbano\/"},{"@type":"ListItem","position":2,"name":"Cerveceros locales en solidaridad con Joaqu\u00edn Draghi y Ola Rosa"}]},{"@type":"WebSite","@id":"https:\/\/experienciadevida.com.ar\/portalurbano\/#website","url":"https:\/\/experienciadevida.com.ar\/portalurbano\/","name":"","description":"","publisher":{"@id":"https:\/\/experienciadevida.com.ar\/portalurbano\/#organization"},"potentialAction":[{"@type":"SearchAction","target":{"@type":"EntryPoint","urlTemplate":"https:\/\/experienciadevida.com.ar\/portalurbano\/?s={search_term_string}"},"query-input":"required name=search_term_string"}],"inLanguage":"es"},{"@type":"Organization","@id":"https:\/\/experienciadevida.com.ar\/portalurbano\/#organization","name":"Portal Urbano","url":"https:\/\/experienciadevida.com.ar\/portalurbano\/","logo":{"@type":"ImageObject","inLanguage":"es","@id":"https:\/\/experienciadevida.com.ar\/portalurbano\/#\/schema\/logo\/image\/","url":"https:\/\/experienciadevida.com.ar\/portalurbano\/wp-content\/uploads\/2019\/09\/Logo-Original.png","contentUrl":"https:\/\/experienciadevida.com.ar\/portalurbano\/wp-content\/uploads\/2019\/09\/Logo-Original.png","width":2236,"height":1216,"caption":"Portal Urbano"},"image":{"@id":"https:\/\/experienciadevida.com.ar\/portalurbano\/#\/schema\/logo\/image\/"},"sameAs":["https:\/\/www.facebook.com\/Portal-Urbano-171542830093757\/","https:\/\/twitter.com\/portalurbanook","https:\/\/www.instagram.com\/_portalurbano\/","https:\/\/www.youtube.com\/channel\/UCXhagIfszH8KxFiOok79zbA?view_as=subscriber"]},{"@type":"Person","@id":"https:\/\/experienciadevida.com.ar\/portalurbano\/#\/schema\/person\/02dd326b1c4b056e9cc972486934a3a7","name":"admpu17wp","image":{"@type":"ImageObject","inLanguage":"es","@id":"https:\/\/experienciadevida.com.ar\/portalurbano\/#\/schema\/person\/image\/","url":"https:\/\/secure.gravatar.com\/avatar\/830d4c57adaae6630765e449a6908047?s=96&d=mm&r=g","contentUrl":"https:\/\/secure.gravatar.com\/avatar\/830d4c57adaae6630765e449a6908047?s=96&d=mm&r=g","caption":"admpu17wp"}}]}},"featured_image_urls":{"full":["https:\/\/experienciadevida.com.ar\/portalurbano\/wp-content\/uploads\/2022\/03\/Cerveceros-locales-en-solidaridad.jpg",2560,1711,false],"thumbnail":["https:\/\/experienciadevida.com.ar\/portalurbano\/wp-content\/uploads\/2022\/03\/Cerveceros-locales-en-solidaridad-150x150.jpg",150,150,true],"medium":["https:\/\/experienciadevida.com.ar\/portalurbano\/wp-content\/uploads\/2022\/03\/Cerveceros-locales-en-solidaridad-300x201.jpg",300,201,true],"medium_large":["https:\/\/experienciadevida.com.ar\/portalurbano\/wp-content\/uploads\/2022\/03\/Cerveceros-locales-en-solidaridad-768x513.jpg",640,428,true],"large":["https:\/\/experienciadevida.com.ar\/portalurbano\/wp-content\/uploads\/2022\/03\/Cerveceros-locales-en-solidaridad-1024x684.jpg",640,428,true],"ug_big":["https:\/\/experienciadevida.com.ar\/portalurbano\/wp-content\/uploads\/2022\/03\/Cerveceros-locales-en-solidaridad-768x513.jpg",768,513,true],"1536x1536":["https:\/\/experienciadevida.com.ar\/portalurbano\/wp-content\/uploads\/2022\/03\/Cerveceros-locales-en-solidaridad-1536x1027.jpg",1536,1027,true],"2048x2048":["https:\/\/experienciadevida.com.ar\/portalurbano\/wp-content\/uploads\/2022\/03\/Cerveceros-locales-en-solidaridad-2048x1369.jpg",2048,1369,true],"newsever-slider-full":["https:\/\/experienciadevida.com.ar\/portalurbano\/wp-content\/uploads\/2022\/03\/Cerveceros-locales-en-solidaridad.jpg",1264,845,false],"newsever-featured":["https:\/\/experienciadevida.com.ar\/portalurbano\/wp-content\/uploads\/2022\/03\/Cerveceros-locales-en-solidaridad.jpg",1024,684,false],"newsever-medium":["https:\/\/experienciadevida.com.ar\/portalurbano\/wp-content\/uploads\/2022\/03\/Cerveceros-locales-en-solidaridad.jpg",711,475,false],"web-stories-poster-portrait":["https:\/\/experienciadevida.com.ar\/portalurbano\/wp-content\/uploads\/2022\/03\/Cerveceros-locales-en-solidaridad.jpg",640,428,false],"web-stories-publisher-logo":["https:\/\/experienciadevida.com.ar\/portalurbano\/wp-content\/uploads\/2022\/03\/Cerveceros-locales-en-solidaridad.jpg",96,64,false],"web-stories-thumbnail":["https:\/\/experienciadevida.com.ar\/portalurbano\/wp-content\/uploads\/2022\/03\/Cerveceros-locales-en-solidaridad.jpg",150,100,false]},"author_info":{"display_name":"admpu17wp","author_link":"https:\/\/experienciadevida.com.ar\/portalurbano\/author\/admpu17wp\/"},"category_info":"<a href=\"https:\/\/experienciadevida.com.ar\/portalurbano\/category\/ciudad\/\" rel=\"category tag\">Ciudad<\/a> <a href=\"https:\/\/experienciadevida.com.ar\/portalurbano\/category\/destacadas\/\" rel=\"category tag\">Destacadas<\/a>","tag_info":"Destacadas","comment_count":"0","amp_enabled":true,"_links":{"self":[{"href":"https:\/\/experienciadevida.com.ar\/portalurbano\/wp-json\/wp\/v2\/posts\/163629"}],"collection":[{"href":"https:\/\/experienciadevida.com.ar\/portalurbano\/wp-json\/wp\/v2\/posts"}],"about":[{"href":"https:\/\/experienciadevida.com.ar\/portalurbano\/wp-json\/wp\/v2\/types\/post"}],"author":[{"embeddable":true,"href":"https:\/\/experienciadevida.com.ar\/portalurbano\/wp-json\/wp\/v2\/users\/1"}],"replies":[{"embeddable":true,"href":"https:\/\/experienciadevida.com.ar\/portalurbano\/wp-json\/wp\/v2\/comments?post=163629"}],"version-history":[{"count":3,"href":"https:\/\/experienciadevida.com.ar\/portalurbano\/wp-json\/wp\/v2\/posts\/163629\/revisions"}],"predecessor-version":[{"id":163635,"href":"https:\/\/experienciadevida.com.ar\/portalurbano\/wp-json\/wp\/v2\/posts\/163629\/revisions\/163635"}],"wp:featuredmedia":[{"embeddable":true,"href":"https:\/\/experienciadevida.com.ar\/portalurbano\/wp-json\/wp\/v2\/media\/163630"}],"wp:attachment":[{"href":"https:\/\/experienciadevida.com.ar\/portalurbano\/wp-json\/wp\/v2\/media?parent=163629"}],"wp:term":[{"taxonomy":"category","embeddable":true,"href":"https:\/\/experienciadevida.com.ar\/portalurbano\/wp-json\/wp\/v2\/categories?post=163629"},{"taxonomy":"post_tag","embeddable":true,"href":"https:\/\/experienciadevida.com.ar\/portalurbano\/wp-json\/wp\/v2\/tags?post=163629"}],"curies":[{"name":"wp","href":"https:\/\/api.w.org\/{rel}","templated":true}]}}