{"id":163615,"date":"2022-03-17T11:14:44","date_gmt":"2022-03-17T14:14:44","guid":{"rendered":"https:\/\/experienciadevida.com.ar\/portalurbano\/?p=163615"},"modified":"2022-03-17T11:25:11","modified_gmt":"2022-03-17T14:25:11","slug":"trabajo-conjunto-para-la-inclusion-de-personas-del-colectivo-lgbtttiq","status":"publish","type":"post","link":"https:\/\/experienciadevida.com.ar\/portalurbano\/trabajo-conjunto-para-la-inclusion-de-personas-del-colectivo-lgbtttiq\/","title":{"rendered":"Trabajo conjunto para la inclusi\u00f3n de personas del colectivo LGBTTTIQ+"},"content":{"rendered":"<p>Trabajo conjunto para la inclusi\u00f3n de personas del colectivo LGBTTTIQ+, d\u00edas pasados, integrantes del \u00e1rea de Desarrollo Social del Municipio mantuvieron un encuentro con autoridades del Sindicato de Trabajadores Municipales de Olavarr\u00eda y la Facultad de Ciencias <a href=\"https:\/\/www.facebook.com\/facultadcienciassociales.unicen\">Sociales<\/a> de UNICEN.<\/p>\n<p>El objetivo de esta reuni\u00f3n fue, por un lado, dialogar sobre los pr\u00f3ximos pasos a seguir en lo que respecta al proyecto de inserci\u00f3n educativa para personas del colectivo LGBTTTIQ+.<\/p>\n<p>En segundo lugar, se diagrama un calendario de actividades a desarrollar durante el transcurso del a\u00f1o (con inicio en el mes de abril), en el marco del proyecto \u201cEmpoderarte\u201d que se lleva a cabo en el CIC del barrio Facundo Quiroga 2. En este contexto, se prev\u00e9n talleres de Teatro, Danzas, Costura recreativa (arreglo e intervenci\u00f3n de prendas), etc.<\/p>\n<p>El encuentro se desarroll\u00f3 en instalaciones del CIC y cont\u00f3 con la participaci\u00f3n de Carla de Trocchi como coordinadora del CIC (dependiente de la Subsecretar\u00eda de Desarrollo Social), Victoria Altavista (Espacio de Diversidad Sexual y Disidencias \u2013 STMO), y Stella Pasquariello (G\u00e9nero, Dpto. de investigaci\u00f3n y Observatorio \u2013 FACSO, UNICEN).<\/p>\n","protected":false},"excerpt":{"rendered":"<p>Trabajo conjunto para la inclusi\u00f3n de personas del colectivo LGBTTTIQ+, d\u00edas pasados, integrantes del \u00e1rea&#8230;<\/p>\n","protected":false},"author":1,"featured_media":163616,"comment_status":"closed","ping_status":"closed","sticky":false,"template":"","format":"standard","meta":{"content-type":""},"categories":[27],"tags":[],"nelio_content":{"isAutoShareEnabled":false,"autoShareEndMode":"default","automationSources":{"useContentSentences":true,"useSocialTemplates":true,"useCustomSentences":false,"customSentences":[]},"followers":[1],"suggestedReferences":[],"includedReferences":[],"efiUrl":"","efiAlt":"","highlights":[]},"yoast_head":"<!-- This site is optimized with the Yoast SEO plugin v20.7 - https:\/\/yoast.com\/wordpress\/plugins\/seo\/ -->\n<title>Trabajo conjunto para la inclusi\u00f3n de personas del colectivo LGBTTIQ+<\/title>\n<meta name=\"description\" content=\"Trabajo conjunto para la inclusi\u00f3n de personas del colectivo LGBTTTIQ+, d\u00edas pasados, integrantes del \u00e1rea\" \/>\n<meta name=\"robots\" content=\"index, follow, max-snippet:-1, max-image-preview:large, max-video-preview:-1\" \/>\n<link rel=\"canonical\" href=\"https:\/\/experienciadevida.com.ar\/portalurbano\/trabajo-conjunto-para-la-inclusion-de-personas-del-colectivo-lgbtttiq\/\" \/>\n<meta property=\"og:locale\" content=\"es_ES\" \/>\n<meta property=\"og:type\" content=\"article\" \/>\n<meta property=\"og:title\" content=\"Trabajo conjunto para la inclusi\u00f3n de personas del colectivo LGBTTIQ+\" \/>\n<meta property=\"og:description\" content=\"Trabajo conjunto para la inclusi\u00f3n de personas del colectivo LGBTTTIQ+, d\u00edas pasados, integrantes del \u00e1rea\" \/>\n<meta property=\"og:url\" content=\"https:\/\/experienciadevida.com.ar\/portalurbano\/trabajo-conjunto-para-la-inclusion-de-personas-del-colectivo-lgbtttiq\/\" \/>\n<meta property=\"article:publisher\" content=\"https:\/\/www.facebook.com\/Portal-Urbano-171542830093757\/\" \/>\n<meta property=\"article:published_time\" content=\"2022-03-17T14:14:44+00:00\" \/>\n<meta property=\"article:modified_time\" content=\"2022-03-17T14:25:11+00:00\" \/>\n<meta property=\"og:image\" content=\"https:\/\/experienciadevida.com.ar\/portalurbano\/wp-content\/uploads\/2022\/03\/Trabajo-conjunto-para-la.jpg\" \/>\n\t<meta property=\"og:image:width\" content=\"1024\" \/>\n\t<meta property=\"og:image:height\" content=\"682\" \/>\n\t<meta property=\"og:image:type\" content=\"image\/jpeg\" \/>\n<meta name=\"author\" content=\"admpu17wp\" \/>\n<meta name=\"twitter:card\" content=\"summary_large_image\" \/>\n<meta name=\"twitter:creator\" content=\"@portalurbanook\" \/>\n<meta name=\"twitter:site\" content=\"@portalurbanook\" \/>\n<meta name=\"twitter:label1\" content=\"Escrito por\" \/>\n\t<meta name=\"twitter:data1\" content=\"admpu17wp\" \/>\n\t<meta name=\"twitter:label2\" content=\"Tiempo de lectura\" \/>\n\t<meta name=\"twitter:data2\" content=\"1 minuto\" \/>\n<script type=\"application\/ld+json\" class=\"yoast-schema-graph\">{\"@context\":\"https:\/\/schema.org\",\"@graph\":[{\"@type\":\"Article\",\"@id\":\"https:\/\/experienciadevida.com.ar\/portalurbano\/trabajo-conjunto-para-la-inclusion-de-personas-del-colectivo-lgbtttiq\/#article\",\"isPartOf\":{\"@id\":\"https:\/\/experienciadevida.com.ar\/portalurbano\/trabajo-conjunto-para-la-inclusion-de-personas-del-colectivo-lgbtttiq\/\"},\"author\":{\"name\":\"admpu17wp\",\"@id\":\"https:\/\/experienciadevida.com.ar\/portalurbano\/#\/schema\/person\/02dd326b1c4b056e9cc972486934a3a7\"},\"headline\":\"Trabajo conjunto para la inclusi\u00f3n de personas del colectivo LGBTTTIQ+\",\"datePublished\":\"2022-03-17T14:14:44+00:00\",\"dateModified\":\"2022-03-17T14:25:11+00:00\",\"mainEntityOfPage\":{\"@id\":\"https:\/\/experienciadevida.com.ar\/portalurbano\/trabajo-conjunto-para-la-inclusion-de-personas-del-colectivo-lgbtttiq\/\"},\"wordCount\":200,\"publisher\":{\"@id\":\"https:\/\/experienciadevida.com.ar\/portalurbano\/#organization\"},\"articleSection\":[\"Ciudad\"],\"inLanguage\":\"es\"},{\"@type\":\"WebPage\",\"@id\":\"https:\/\/experienciadevida.com.ar\/portalurbano\/trabajo-conjunto-para-la-inclusion-de-personas-del-colectivo-lgbtttiq\/\",\"url\":\"https:\/\/experienciadevida.com.ar\/portalurbano\/trabajo-conjunto-para-la-inclusion-de-personas-del-colectivo-lgbtttiq\/\",\"name\":\"Trabajo conjunto para la inclusi\u00f3n de personas del colectivo LGBTTIQ+\",\"isPartOf\":{\"@id\":\"https:\/\/experienciadevida.com.ar\/portalurbano\/#website\"},\"datePublished\":\"2022-03-17T14:14:44+00:00\",\"dateModified\":\"2022-03-17T14:25:11+00:00\",\"description\":\"Trabajo conjunto para la inclusi\u00f3n de personas del colectivo LGBTTTIQ+, d\u00edas pasados, integrantes del \u00e1rea\",\"breadcrumb\":{\"@id\":\"https:\/\/experienciadevida.com.ar\/portalurbano\/trabajo-conjunto-para-la-inclusion-de-personas-del-colectivo-lgbtttiq\/#breadcrumb\"},\"inLanguage\":\"es\",\"potentialAction\":[{\"@type\":\"ReadAction\",\"target\":[\"https:\/\/experienciadevida.com.ar\/portalurbano\/trabajo-conjunto-para-la-inclusion-de-personas-del-colectivo-lgbtttiq\/\"]}]},{\"@type\":\"BreadcrumbList\",\"@id\":\"https:\/\/experienciadevida.com.ar\/portalurbano\/trabajo-conjunto-para-la-inclusion-de-personas-del-colectivo-lgbtttiq\/#breadcrumb\",\"itemListElement\":[{\"@type\":\"ListItem\",\"position\":1,\"name\":\"Portada\",\"item\":\"https:\/\/experienciadevida.com.ar\/portalurbano\/\"},{\"@type\":\"ListItem\",\"position\":2,\"name\":\"Trabajo conjunto para la inclusi\u00f3n de personas del colectivo LGBTTTIQ+\"}]},{\"@type\":\"WebSite\",\"@id\":\"https:\/\/experienciadevida.com.ar\/portalurbano\/#website\",\"url\":\"https:\/\/experienciadevida.com.ar\/portalurbano\/\",\"name\":\"\",\"description\":\"\",\"publisher\":{\"@id\":\"https:\/\/experienciadevida.com.ar\/portalurbano\/#organization\"},\"potentialAction\":[{\"@type\":\"SearchAction\",\"target\":{\"@type\":\"EntryPoint\",\"urlTemplate\":\"https:\/\/experienciadevida.com.ar\/portalurbano\/?s={search_term_string}\"},\"query-input\":\"required name=search_term_string\"}],\"inLanguage\":\"es\"},{\"@type\":\"Organization\",\"@id\":\"https:\/\/experienciadevida.com.ar\/portalurbano\/#organization\",\"name\":\"Portal Urbano\",\"url\":\"https:\/\/experienciadevida.com.ar\/portalurbano\/\",\"logo\":{\"@type\":\"ImageObject\",\"inLanguage\":\"es\",\"@id\":\"https:\/\/experienciadevida.com.ar\/portalurbano\/#\/schema\/logo\/image\/\",\"url\":\"https:\/\/experienciadevida.com.ar\/portalurbano\/wp-content\/uploads\/2019\/09\/Logo-Original.png\",\"contentUrl\":\"https:\/\/experienciadevida.com.ar\/portalurbano\/wp-content\/uploads\/2019\/09\/Logo-Original.png\",\"width\":2236,\"height\":1216,\"caption\":\"Portal Urbano\"},\"image\":{\"@id\":\"https:\/\/experienciadevida.com.ar\/portalurbano\/#\/schema\/logo\/image\/\"},\"sameAs\":[\"https:\/\/www.facebook.com\/Portal-Urbano-171542830093757\/\",\"https:\/\/twitter.com\/portalurbanook\",\"https:\/\/www.instagram.com\/_portalurbano\/\",\"https:\/\/www.youtube.com\/channel\/UCXhagIfszH8KxFiOok79zbA?view_as=subscriber\"]},{\"@type\":\"Person\",\"@id\":\"https:\/\/experienciadevida.com.ar\/portalurbano\/#\/schema\/person\/02dd326b1c4b056e9cc972486934a3a7\",\"name\":\"admpu17wp\",\"image\":{\"@type\":\"ImageObject\",\"inLanguage\":\"es\",\"@id\":\"https:\/\/experienciadevida.com.ar\/portalurbano\/#\/schema\/person\/image\/\",\"url\":\"https:\/\/secure.gravatar.com\/avatar\/830d4c57adaae6630765e449a6908047?s=96&d=mm&r=g\",\"contentUrl\":\"https:\/\/secure.gravatar.com\/avatar\/830d4c57adaae6630765e449a6908047?s=96&d=mm&r=g\",\"caption\":\"admpu17wp\"}}]}<\/script>\n<!-- \/ Yoast SEO plugin. -->","yoast_head_json":{"title":"Trabajo conjunto para la inclusi\u00f3n de personas del colectivo LGBTTIQ+","description":"Trabajo conjunto para la inclusi\u00f3n de personas del colectivo LGBTTTIQ+, d\u00edas pasados, integrantes del \u00e1rea","robots":{"index":"index","follow":"follow","max-snippet":"max-snippet:-1","max-image-preview":"max-image-preview:large","max-video-preview":"max-video-preview:-1"},"canonical":"https:\/\/experienciadevida.com.ar\/portalurbano\/trabajo-conjunto-para-la-inclusion-de-personas-del-colectivo-lgbtttiq\/","og_locale":"es_ES","og_type":"article","og_title":"Trabajo conjunto para la inclusi\u00f3n de personas del colectivo LGBTTIQ+","og_description":"Trabajo conjunto para la inclusi\u00f3n de personas del colectivo LGBTTTIQ+, d\u00edas pasados, integrantes del \u00e1rea","og_url":"https:\/\/experienciadevida.com.ar\/portalurbano\/trabajo-conjunto-para-la-inclusion-de-personas-del-colectivo-lgbtttiq\/","article_publisher":"https:\/\/www.facebook.com\/Portal-Urbano-171542830093757\/","article_published_time":"2022-03-17T14:14:44+00:00","article_modified_time":"2022-03-17T14:25:11+00:00","og_image":[{"width":1024,"height":682,"url":"https:\/\/experienciadevida.com.ar\/portalurbano\/wp-content\/uploads\/2022\/03\/Trabajo-conjunto-para-la.jpg","type":"image\/jpeg"}],"author":"admpu17wp","twitter_card":"summary_large_image","twitter_creator":"@portalurbanook","twitter_site":"@portalurbanook","twitter_misc":{"Escrito por":"admpu17wp","Tiempo de lectura":"1 minuto"},"schema":{"@context":"https:\/\/schema.org","@graph":[{"@type":"Article","@id":"https:\/\/experienciadevida.com.ar\/portalurbano\/trabajo-conjunto-para-la-inclusion-de-personas-del-colectivo-lgbtttiq\/#article","isPartOf":{"@id":"https:\/\/experienciadevida.com.ar\/portalurbano\/trabajo-conjunto-para-la-inclusion-de-personas-del-colectivo-lgbtttiq\/"},"author":{"name":"admpu17wp","@id":"https:\/\/experienciadevida.com.ar\/portalurbano\/#\/schema\/person\/02dd326b1c4b056e9cc972486934a3a7"},"headline":"Trabajo conjunto para la inclusi\u00f3n de personas del colectivo LGBTTTIQ+","datePublished":"2022-03-17T14:14:44+00:00","dateModified":"2022-03-17T14:25:11+00:00","mainEntityOfPage":{"@id":"https:\/\/experienciadevida.com.ar\/portalurbano\/trabajo-conjunto-para-la-inclusion-de-personas-del-colectivo-lgbtttiq\/"},"wordCount":200,"publisher":{"@id":"https:\/\/experienciadevida.com.ar\/portalurbano\/#organization"},"articleSection":["Ciudad"],"inLanguage":"es"},{"@type":"WebPage","@id":"https:\/\/experienciadevida.com.ar\/portalurbano\/trabajo-conjunto-para-la-inclusion-de-personas-del-colectivo-lgbtttiq\/","url":"https:\/\/experienciadevida.com.ar\/portalurbano\/trabajo-conjunto-para-la-inclusion-de-personas-del-colectivo-lgbtttiq\/","name":"Trabajo conjunto para la inclusi\u00f3n de personas del colectivo LGBTTIQ+","isPartOf":{"@id":"https:\/\/experienciadevida.com.ar\/portalurbano\/#website"},"datePublished":"2022-03-17T14:14:44+00:00","dateModified":"2022-03-17T14:25:11+00:00","description":"Trabajo conjunto para la inclusi\u00f3n de personas del colectivo LGBTTTIQ+, d\u00edas pasados, integrantes del \u00e1rea","breadcrumb":{"@id":"https:\/\/experienciadevida.com.ar\/portalurbano\/trabajo-conjunto-para-la-inclusion-de-personas-del-colectivo-lgbtttiq\/#breadcrumb"},"inLanguage":"es","potentialAction":[{"@type":"ReadAction","target":["https:\/\/experienciadevida.com.ar\/portalurbano\/trabajo-conjunto-para-la-inclusion-de-personas-del-colectivo-lgbtttiq\/"]}]},{"@type":"BreadcrumbList","@id":"https:\/\/experienciadevida.com.ar\/portalurbano\/trabajo-conjunto-para-la-inclusion-de-personas-del-colectivo-lgbtttiq\/#breadcrumb","itemListElement":[{"@type":"ListItem","position":1,"name":"Portada","item":"https:\/\/experienciadevida.com.ar\/portalurbano\/"},{"@type":"ListItem","position":2,"name":"Trabajo conjunto para la inclusi\u00f3n de personas del colectivo LGBTTTIQ+"}]},{"@type":"WebSite","@id":"https:\/\/experienciadevida.com.ar\/portalurbano\/#website","url":"https:\/\/experienciadevida.com.ar\/portalurbano\/","name":"","description":"","publisher":{"@id":"https:\/\/experienciadevida.com.ar\/portalurbano\/#organization"},"potentialAction":[{"@type":"SearchAction","target":{"@type":"EntryPoint","urlTemplate":"https:\/\/experienciadevida.com.ar\/portalurbano\/?s={search_term_string}"},"query-input":"required name=search_term_string"}],"inLanguage":"es"},{"@type":"Organization","@id":"https:\/\/experienciadevida.com.ar\/portalurbano\/#organization","name":"Portal Urbano","url":"https:\/\/experienciadevida.com.ar\/portalurbano\/","logo":{"@type":"ImageObject","inLanguage":"es","@id":"https:\/\/experienciadevida.com.ar\/portalurbano\/#\/schema\/logo\/image\/","url":"https:\/\/experienciadevida.com.ar\/portalurbano\/wp-content\/uploads\/2019\/09\/Logo-Original.png","contentUrl":"https:\/\/experienciadevida.com.ar\/portalurbano\/wp-content\/uploads\/2019\/09\/Logo-Original.png","width":2236,"height":1216,"caption":"Portal Urbano"},"image":{"@id":"https:\/\/experienciadevida.com.ar\/portalurbano\/#\/schema\/logo\/image\/"},"sameAs":["https:\/\/www.facebook.com\/Portal-Urbano-171542830093757\/","https:\/\/twitter.com\/portalurbanook","https:\/\/www.instagram.com\/_portalurbano\/","https:\/\/www.youtube.com\/channel\/UCXhagIfszH8KxFiOok79zbA?view_as=subscriber"]},{"@type":"Person","@id":"https:\/\/experienciadevida.com.ar\/portalurbano\/#\/schema\/person\/02dd326b1c4b056e9cc972486934a3a7","name":"admpu17wp","image":{"@type":"ImageObject","inLanguage":"es","@id":"https:\/\/experienciadevida.com.ar\/portalurbano\/#\/schema\/person\/image\/","url":"https:\/\/secure.gravatar.com\/avatar\/830d4c57adaae6630765e449a6908047?s=96&d=mm&r=g","contentUrl":"https:\/\/secure.gravatar.com\/avatar\/830d4c57adaae6630765e449a6908047?s=96&d=mm&r=g","caption":"admpu17wp"}}]}},"featured_image_urls":{"full":["https:\/\/experienciadevida.com.ar\/portalurbano\/wp-content\/uploads\/2022\/03\/Trabajo-conjunto-para-la.jpg",1024,682,false],"thumbnail":["https:\/\/experienciadevida.com.ar\/portalurbano\/wp-content\/uploads\/2022\/03\/Trabajo-conjunto-para-la-150x150.jpg",150,150,true],"medium":["https:\/\/experienciadevida.com.ar\/portalurbano\/wp-content\/uploads\/2022\/03\/Trabajo-conjunto-para-la-300x200.jpg",300,200,true],"medium_large":["https:\/\/experienciadevida.com.ar\/portalurbano\/wp-content\/uploads\/2022\/03\/Trabajo-conjunto-para-la-768x512.jpg",640,427,true],"large":["https:\/\/experienciadevida.com.ar\/portalurbano\/wp-content\/uploads\/2022\/03\/Trabajo-conjunto-para-la.jpg",640,426,false],"ug_big":["https:\/\/experienciadevida.com.ar\/portalurbano\/wp-content\/uploads\/2022\/03\/Trabajo-conjunto-para-la-768x512.jpg",768,512,true],"1536x1536":["https:\/\/experienciadevida.com.ar\/portalurbano\/wp-content\/uploads\/2022\/03\/Trabajo-conjunto-para-la.jpg",1024,682,false],"2048x2048":["https:\/\/experienciadevida.com.ar\/portalurbano\/wp-content\/uploads\/2022\/03\/Trabajo-conjunto-para-la.jpg",1024,682,false],"newsever-slider-full":["https:\/\/experienciadevida.com.ar\/portalurbano\/wp-content\/uploads\/2022\/03\/Trabajo-conjunto-para-la.jpg",1024,682,false],"newsever-featured":["https:\/\/experienciadevida.com.ar\/portalurbano\/wp-content\/uploads\/2022\/03\/Trabajo-conjunto-para-la.jpg",1024,682,false],"newsever-medium":["https:\/\/experienciadevida.com.ar\/portalurbano\/wp-content\/uploads\/2022\/03\/Trabajo-conjunto-para-la.jpg",713,475,false],"web-stories-poster-portrait":["https:\/\/experienciadevida.com.ar\/portalurbano\/wp-content\/uploads\/2022\/03\/Trabajo-conjunto-para-la.jpg",640,426,false],"web-stories-publisher-logo":["https:\/\/experienciadevida.com.ar\/portalurbano\/wp-content\/uploads\/2022\/03\/Trabajo-conjunto-para-la.jpg",96,64,false],"web-stories-thumbnail":["https:\/\/experienciadevida.com.ar\/portalurbano\/wp-content\/uploads\/2022\/03\/Trabajo-conjunto-para-la.jpg",150,100,false]},"author_info":{"display_name":"admpu17wp","author_link":"https:\/\/experienciadevida.com.ar\/portalurbano\/author\/admpu17wp\/"},"category_info":"<a href=\"https:\/\/experienciadevida.com.ar\/portalurbano\/category\/ciudad\/\" rel=\"category tag\">Ciudad<\/a>","tag_info":"Ciudad","comment_count":"0","amp_enabled":true,"_links":{"self":[{"href":"https:\/\/experienciadevida.com.ar\/portalurbano\/wp-json\/wp\/v2\/posts\/163615"}],"collection":[{"href":"https:\/\/experienciadevida.com.ar\/portalurbano\/wp-json\/wp\/v2\/posts"}],"about":[{"href":"https:\/\/experienciadevida.com.ar\/portalurbano\/wp-json\/wp\/v2\/types\/post"}],"author":[{"embeddable":true,"href":"https:\/\/experienciadevida.com.ar\/portalurbano\/wp-json\/wp\/v2\/users\/1"}],"replies":[{"embeddable":true,"href":"https:\/\/experienciadevida.com.ar\/portalurbano\/wp-json\/wp\/v2\/comments?post=163615"}],"version-history":[{"count":2,"href":"https:\/\/experienciadevida.com.ar\/portalurbano\/wp-json\/wp\/v2\/posts\/163615\/revisions"}],"predecessor-version":[{"id":163619,"href":"https:\/\/experienciadevida.com.ar\/portalurbano\/wp-json\/wp\/v2\/posts\/163615\/revisions\/163619"}],"wp:featuredmedia":[{"embeddable":true,"href":"https:\/\/experienciadevida.com.ar\/portalurbano\/wp-json\/wp\/v2\/media\/163616"}],"wp:attachment":[{"href":"https:\/\/experienciadevida.com.ar\/portalurbano\/wp-json\/wp\/v2\/media?parent=163615"}],"wp:term":[{"taxonomy":"category","embeddable":true,"href":"https:\/\/experienciadevida.com.ar\/portalurbano\/wp-json\/wp\/v2\/categories?post=163615"},{"taxonomy":"post_tag","embeddable":true,"href":"https:\/\/experienciadevida.com.ar\/portalurbano\/wp-json\/wp\/v2\/tags?post=163615"}],"curies":[{"name":"wp","href":"https:\/\/api.w.org\/{rel}","templated":true}]}}