{"id":163606,"date":"2022-03-17T10:41:26","date_gmt":"2022-03-17T13:41:26","guid":{"rendered":"https:\/\/experienciadevida.com.ar\/portalurbano\/?p=163606"},"modified":"2022-03-17T10:41:55","modified_gmt":"2022-03-17T13:41:55","slug":"a-sala-llena-investigador-de-la-facso-brindo-una-charla-en-trenque-lauquen","status":"publish","type":"post","link":"https:\/\/experienciadevida.com.ar\/portalurbano\/a-sala-llena-investigador-de-la-facso-brindo-una-charla-en-trenque-lauquen\/","title":{"rendered":"A sala llena, investigador de la FACSO brind\u00f3 una charla en Trenque Lauquen"},"content":{"rendered":"<p>A sala llena, investigador de la <a href=\"https:\/\/www.facebook.com\/facultadcienciassociales.unicen\">FACSO<\/a> brind\u00f3 una charla en Trenque Lauquen, el Dr Marcelo Sarlingo, docente e investigador de la Facultad de Ciencias Sociales, particip\u00f3 de la tercera charla de divulgaci\u00f3n cient\u00edfica que se llev\u00f3 adelante en la tienda de caf\u00e9 Gladiolo de Trenque Lauquen. Cannabis medicinal y los roles de pacientes, m\u00e9dicos\/as y la familia, fueron algunos de los conceptos abordados.<\/p>\n<p>La actividad se llev\u00f3 adelante el pasado viernes 11 de marzo y fue organizada por la Facultad de Ciencias Sociales, la Municipalidad de Trenque Lauquen y el caf\u00e9 cultural Gladiolo de dicha localidad, en el marco de una serie de charlas de divulgaci\u00f3n cient\u00edfica que comenzaron el a\u00f1o pasado.<\/p>\n<p>En el encuentro denominado \u201cUsos medicinales del cannabis\u201d, del cual tambi\u00e9n participaron Ana Mar\u00eda Fazekas, presidenta de Cannabis Medicinal Tandil, y un cultivador de dicha ciudad, el Dr. Marcelo Sarlingo comparti\u00f3 sus investigaciones y dialog\u00f3 con los asistentes acerca de los aspectos socioculturales del uso del cannabis medicinal, principalmente los vinculados al cambio en las relaciones entre m\u00e9dico\/a y paciente a partir del mismo.<\/p>\n<p>\u201cDesde 2016 en adelante se han ido creando espacios institucionales y universitarios en donde los saberes que se han ido construyendo en torno al uso medicinal del cannabis ahora empiezan a conocerse. Desde mi posici\u00f3n de antrop\u00f3logo he ido recopilando diferentes articulaciones con respecto a estos usos medicinales que no s\u00f3lo tienen que ver exclusivamente con la cuesti\u00f3n de las enfermedades y los padecimientos puntuales, sino que influye la relaci\u00f3n m\u00e9dico-paciente\u201d, refiri\u00f3 el Dr. Sarlingo en una entrevista con Noticias12 de Trenque Lauquen.<\/p>\n<p>El docente de la FACSO agreg\u00f3 que \u201cel modelo biom\u00e9dico no escucha normalmente muchos aspectos de la calidad de vida de los pacientes sino que pone la mirada en el nivel biol\u00f3gico, entonces desde las Ciencias Sociales hay muchas maneras y m\u00e9todos para generar la apertura de lo biom\u00e9dico hacia otros niveles m\u00e1s sociales, hacia la consideraci\u00f3n de otra forma de sufrimiento, otro di\u00e1logo con los pacientes\u201d.<\/p>\n<p>En este marco expuso que disciplinas sociales como la Antropolog\u00eda \u201creparan mucho en cuestiones como entender que cuando hay un padecimiento nunca es individual, sino que las personas que est\u00e1n alrededor tambi\u00e9n sufren, y eso en la medicina biom\u00e9dica no tiene lugar\u201d. Agreg\u00f3 que a partir de las redes de cultivo de distribuci\u00f3n de cannabis en la Argentina se gener\u00f3 un fen\u00f3meno vinculado a espacios de contenci\u00f3n para pacientes y sus familias.<\/p>\n<p>Los primeros encuentros del ciclo se realizaron el a\u00f1o pasado, en los que participaron el Lic. Jos\u00e9 Luis Prado y el Dr. Nahuel Scheifler.<\/p>\n","protected":false},"excerpt":{"rendered":"<p>A sala llena, investigador de la FACSO brind\u00f3 una charla en Trenque Lauquen, el Dr&#8230;<\/p>\n","protected":false},"author":1,"featured_media":163607,"comment_status":"closed","ping_status":"closed","sticky":false,"template":"","format":"standard","meta":{"content-type":""},"categories":[31],"tags":[],"nelio_content":{"isAutoShareEnabled":false,"autoShareEndMode":"default","automationSources":{"useContentSentences":true,"useSocialTemplates":true,"useCustomSentences":false,"customSentences":[]},"followers":[1],"suggestedReferences":[],"includedReferences":[],"efiUrl":"","efiAlt":"","highlights":[]},"yoast_head":"<!-- This site is optimized with the Yoast SEO plugin v20.7 - https:\/\/yoast.com\/wordpress\/plugins\/seo\/ -->\n<title>A sala llena, investigador brind\u00f3 una charla en Trenque Lauquen<\/title>\n<meta name=\"description\" content=\"A sala llena, investigador de la FACSO brind\u00f3 una charla en Trenque Lauquen, el Dr Marcelo Sarlingo, docente e investigador de la FACSO\" \/>\n<meta name=\"robots\" content=\"index, follow, max-snippet:-1, max-image-preview:large, max-video-preview:-1\" \/>\n<link rel=\"canonical\" href=\"https:\/\/experienciadevida.com.ar\/portalurbano\/a-sala-llena-investigador-de-la-facso-brindo-una-charla-en-trenque-lauquen\/\" \/>\n<meta property=\"og:locale\" content=\"es_ES\" \/>\n<meta property=\"og:type\" content=\"article\" \/>\n<meta property=\"og:title\" content=\"A sala llena, investigador brind\u00f3 una charla en Trenque Lauquen\" \/>\n<meta property=\"og:description\" content=\"A sala llena, investigador de la FACSO brind\u00f3 una charla en Trenque Lauquen, el Dr Marcelo Sarlingo, docente e investigador de la FACSO\" \/>\n<meta property=\"og:url\" content=\"https:\/\/experienciadevida.com.ar\/portalurbano\/a-sala-llena-investigador-de-la-facso-brindo-una-charla-en-trenque-lauquen\/\" \/>\n<meta property=\"article:publisher\" content=\"https:\/\/www.facebook.com\/Portal-Urbano-171542830093757\/\" \/>\n<meta property=\"article:published_time\" content=\"2022-03-17T13:41:26+00:00\" \/>\n<meta property=\"article:modified_time\" content=\"2022-03-17T13:41:55+00:00\" \/>\n<meta property=\"og:image\" content=\"https:\/\/experienciadevida.com.ar\/portalurbano\/wp-content\/uploads\/2022\/03\/A-sala-llena.jpg\" \/>\n\t<meta property=\"og:image:width\" content=\"1200\" \/>\n\t<meta property=\"og:image:height\" content=\"743\" \/>\n\t<meta property=\"og:image:type\" content=\"image\/jpeg\" \/>\n<meta name=\"author\" content=\"admpu17wp\" \/>\n<meta name=\"twitter:card\" content=\"summary_large_image\" \/>\n<meta name=\"twitter:creator\" content=\"@portalurbanook\" \/>\n<meta name=\"twitter:site\" content=\"@portalurbanook\" \/>\n<meta name=\"twitter:label1\" content=\"Escrito por\" \/>\n\t<meta name=\"twitter:data1\" content=\"admpu17wp\" \/>\n\t<meta name=\"twitter:label2\" content=\"Tiempo de lectura\" \/>\n\t<meta name=\"twitter:data2\" content=\"2 minutos\" \/>\n<script type=\"application\/ld+json\" class=\"yoast-schema-graph\">{\"@context\":\"https:\/\/schema.org\",\"@graph\":[{\"@type\":\"Article\",\"@id\":\"https:\/\/experienciadevida.com.ar\/portalurbano\/a-sala-llena-investigador-de-la-facso-brindo-una-charla-en-trenque-lauquen\/#article\",\"isPartOf\":{\"@id\":\"https:\/\/experienciadevida.com.ar\/portalurbano\/a-sala-llena-investigador-de-la-facso-brindo-una-charla-en-trenque-lauquen\/\"},\"author\":{\"name\":\"admpu17wp\",\"@id\":\"https:\/\/experienciadevida.com.ar\/portalurbano\/#\/schema\/person\/02dd326b1c4b056e9cc972486934a3a7\"},\"headline\":\"A sala llena, investigador de la FACSO brind\u00f3 una charla en Trenque Lauquen\",\"datePublished\":\"2022-03-17T13:41:26+00:00\",\"dateModified\":\"2022-03-17T13:41:55+00:00\",\"mainEntityOfPage\":{\"@id\":\"https:\/\/experienciadevida.com.ar\/portalurbano\/a-sala-llena-investigador-de-la-facso-brindo-una-charla-en-trenque-lauquen\/\"},\"wordCount\":466,\"publisher\":{\"@id\":\"https:\/\/experienciadevida.com.ar\/portalurbano\/#organization\"},\"articleSection\":[\"Educaci\u00f3n\"],\"inLanguage\":\"es\"},{\"@type\":\"WebPage\",\"@id\":\"https:\/\/experienciadevida.com.ar\/portalurbano\/a-sala-llena-investigador-de-la-facso-brindo-una-charla-en-trenque-lauquen\/\",\"url\":\"https:\/\/experienciadevida.com.ar\/portalurbano\/a-sala-llena-investigador-de-la-facso-brindo-una-charla-en-trenque-lauquen\/\",\"name\":\"A sala llena, investigador brind\u00f3 una charla en Trenque Lauquen\",\"isPartOf\":{\"@id\":\"https:\/\/experienciadevida.com.ar\/portalurbano\/#website\"},\"datePublished\":\"2022-03-17T13:41:26+00:00\",\"dateModified\":\"2022-03-17T13:41:55+00:00\",\"description\":\"A sala llena, investigador de la FACSO brind\u00f3 una charla en Trenque Lauquen, el Dr Marcelo Sarlingo, docente e investigador de la FACSO\",\"breadcrumb\":{\"@id\":\"https:\/\/experienciadevida.com.ar\/portalurbano\/a-sala-llena-investigador-de-la-facso-brindo-una-charla-en-trenque-lauquen\/#breadcrumb\"},\"inLanguage\":\"es\",\"potentialAction\":[{\"@type\":\"ReadAction\",\"target\":[\"https:\/\/experienciadevida.com.ar\/portalurbano\/a-sala-llena-investigador-de-la-facso-brindo-una-charla-en-trenque-lauquen\/\"]}]},{\"@type\":\"BreadcrumbList\",\"@id\":\"https:\/\/experienciadevida.com.ar\/portalurbano\/a-sala-llena-investigador-de-la-facso-brindo-una-charla-en-trenque-lauquen\/#breadcrumb\",\"itemListElement\":[{\"@type\":\"ListItem\",\"position\":1,\"name\":\"Portada\",\"item\":\"https:\/\/experienciadevida.com.ar\/portalurbano\/\"},{\"@type\":\"ListItem\",\"position\":2,\"name\":\"A sala llena, investigador de la FACSO brind\u00f3 una charla en Trenque Lauquen\"}]},{\"@type\":\"WebSite\",\"@id\":\"https:\/\/experienciadevida.com.ar\/portalurbano\/#website\",\"url\":\"https:\/\/experienciadevida.com.ar\/portalurbano\/\",\"name\":\"\",\"description\":\"\",\"publisher\":{\"@id\":\"https:\/\/experienciadevida.com.ar\/portalurbano\/#organization\"},\"potentialAction\":[{\"@type\":\"SearchAction\",\"target\":{\"@type\":\"EntryPoint\",\"urlTemplate\":\"https:\/\/experienciadevida.com.ar\/portalurbano\/?s={search_term_string}\"},\"query-input\":\"required name=search_term_string\"}],\"inLanguage\":\"es\"},{\"@type\":\"Organization\",\"@id\":\"https:\/\/experienciadevida.com.ar\/portalurbano\/#organization\",\"name\":\"Portal Urbano\",\"url\":\"https:\/\/experienciadevida.com.ar\/portalurbano\/\",\"logo\":{\"@type\":\"ImageObject\",\"inLanguage\":\"es\",\"@id\":\"https:\/\/experienciadevida.com.ar\/portalurbano\/#\/schema\/logo\/image\/\",\"url\":\"https:\/\/experienciadevida.com.ar\/portalurbano\/wp-content\/uploads\/2019\/09\/Logo-Original.png\",\"contentUrl\":\"https:\/\/experienciadevida.com.ar\/portalurbano\/wp-content\/uploads\/2019\/09\/Logo-Original.png\",\"width\":2236,\"height\":1216,\"caption\":\"Portal Urbano\"},\"image\":{\"@id\":\"https:\/\/experienciadevida.com.ar\/portalurbano\/#\/schema\/logo\/image\/\"},\"sameAs\":[\"https:\/\/www.facebook.com\/Portal-Urbano-171542830093757\/\",\"https:\/\/twitter.com\/portalurbanook\",\"https:\/\/www.instagram.com\/_portalurbano\/\",\"https:\/\/www.youtube.com\/channel\/UCXhagIfszH8KxFiOok79zbA?view_as=subscriber\"]},{\"@type\":\"Person\",\"@id\":\"https:\/\/experienciadevida.com.ar\/portalurbano\/#\/schema\/person\/02dd326b1c4b056e9cc972486934a3a7\",\"name\":\"admpu17wp\",\"image\":{\"@type\":\"ImageObject\",\"inLanguage\":\"es\",\"@id\":\"https:\/\/experienciadevida.com.ar\/portalurbano\/#\/schema\/person\/image\/\",\"url\":\"https:\/\/secure.gravatar.com\/avatar\/830d4c57adaae6630765e449a6908047?s=96&d=mm&r=g\",\"contentUrl\":\"https:\/\/secure.gravatar.com\/avatar\/830d4c57adaae6630765e449a6908047?s=96&d=mm&r=g\",\"caption\":\"admpu17wp\"}}]}<\/script>\n<!-- \/ Yoast SEO plugin. -->","yoast_head_json":{"title":"A sala llena, investigador brind\u00f3 una charla en Trenque Lauquen","description":"A sala llena, investigador de la FACSO brind\u00f3 una charla en Trenque Lauquen, el Dr Marcelo Sarlingo, docente e investigador de la FACSO","robots":{"index":"index","follow":"follow","max-snippet":"max-snippet:-1","max-image-preview":"max-image-preview:large","max-video-preview":"max-video-preview:-1"},"canonical":"https:\/\/experienciadevida.com.ar\/portalurbano\/a-sala-llena-investigador-de-la-facso-brindo-una-charla-en-trenque-lauquen\/","og_locale":"es_ES","og_type":"article","og_title":"A sala llena, investigador brind\u00f3 una charla en Trenque Lauquen","og_description":"A sala llena, investigador de la FACSO brind\u00f3 una charla en Trenque Lauquen, el Dr Marcelo Sarlingo, docente e investigador de la FACSO","og_url":"https:\/\/experienciadevida.com.ar\/portalurbano\/a-sala-llena-investigador-de-la-facso-brindo-una-charla-en-trenque-lauquen\/","article_publisher":"https:\/\/www.facebook.com\/Portal-Urbano-171542830093757\/","article_published_time":"2022-03-17T13:41:26+00:00","article_modified_time":"2022-03-17T13:41:55+00:00","og_image":[{"width":1200,"height":743,"url":"https:\/\/experienciadevida.com.ar\/portalurbano\/wp-content\/uploads\/2022\/03\/A-sala-llena.jpg","type":"image\/jpeg"}],"author":"admpu17wp","twitter_card":"summary_large_image","twitter_creator":"@portalurbanook","twitter_site":"@portalurbanook","twitter_misc":{"Escrito por":"admpu17wp","Tiempo de lectura":"2 minutos"},"schema":{"@context":"https:\/\/schema.org","@graph":[{"@type":"Article","@id":"https:\/\/experienciadevida.com.ar\/portalurbano\/a-sala-llena-investigador-de-la-facso-brindo-una-charla-en-trenque-lauquen\/#article","isPartOf":{"@id":"https:\/\/experienciadevida.com.ar\/portalurbano\/a-sala-llena-investigador-de-la-facso-brindo-una-charla-en-trenque-lauquen\/"},"author":{"name":"admpu17wp","@id":"https:\/\/experienciadevida.com.ar\/portalurbano\/#\/schema\/person\/02dd326b1c4b056e9cc972486934a3a7"},"headline":"A sala llena, investigador de la FACSO brind\u00f3 una charla en Trenque Lauquen","datePublished":"2022-03-17T13:41:26+00:00","dateModified":"2022-03-17T13:41:55+00:00","mainEntityOfPage":{"@id":"https:\/\/experienciadevida.com.ar\/portalurbano\/a-sala-llena-investigador-de-la-facso-brindo-una-charla-en-trenque-lauquen\/"},"wordCount":466,"publisher":{"@id":"https:\/\/experienciadevida.com.ar\/portalurbano\/#organization"},"articleSection":["Educaci\u00f3n"],"inLanguage":"es"},{"@type":"WebPage","@id":"https:\/\/experienciadevida.com.ar\/portalurbano\/a-sala-llena-investigador-de-la-facso-brindo-una-charla-en-trenque-lauquen\/","url":"https:\/\/experienciadevida.com.ar\/portalurbano\/a-sala-llena-investigador-de-la-facso-brindo-una-charla-en-trenque-lauquen\/","name":"A sala llena, investigador brind\u00f3 una charla en Trenque Lauquen","isPartOf":{"@id":"https:\/\/experienciadevida.com.ar\/portalurbano\/#website"},"datePublished":"2022-03-17T13:41:26+00:00","dateModified":"2022-03-17T13:41:55+00:00","description":"A sala llena, investigador de la FACSO brind\u00f3 una charla en Trenque Lauquen, el Dr Marcelo Sarlingo, docente e investigador de la FACSO","breadcrumb":{"@id":"https:\/\/experienciadevida.com.ar\/portalurbano\/a-sala-llena-investigador-de-la-facso-brindo-una-charla-en-trenque-lauquen\/#breadcrumb"},"inLanguage":"es","potentialAction":[{"@type":"ReadAction","target":["https:\/\/experienciadevida.com.ar\/portalurbano\/a-sala-llena-investigador-de-la-facso-brindo-una-charla-en-trenque-lauquen\/"]}]},{"@type":"BreadcrumbList","@id":"https:\/\/experienciadevida.com.ar\/portalurbano\/a-sala-llena-investigador-de-la-facso-brindo-una-charla-en-trenque-lauquen\/#breadcrumb","itemListElement":[{"@type":"ListItem","position":1,"name":"Portada","item":"https:\/\/experienciadevida.com.ar\/portalurbano\/"},{"@type":"ListItem","position":2,"name":"A sala llena, investigador de la FACSO brind\u00f3 una charla en Trenque Lauquen"}]},{"@type":"WebSite","@id":"https:\/\/experienciadevida.com.ar\/portalurbano\/#website","url":"https:\/\/experienciadevida.com.ar\/portalurbano\/","name":"","description":"","publisher":{"@id":"https:\/\/experienciadevida.com.ar\/portalurbano\/#organization"},"potentialAction":[{"@type":"SearchAction","target":{"@type":"EntryPoint","urlTemplate":"https:\/\/experienciadevida.com.ar\/portalurbano\/?s={search_term_string}"},"query-input":"required name=search_term_string"}],"inLanguage":"es"},{"@type":"Organization","@id":"https:\/\/experienciadevida.com.ar\/portalurbano\/#organization","name":"Portal Urbano","url":"https:\/\/experienciadevida.com.ar\/portalurbano\/","logo":{"@type":"ImageObject","inLanguage":"es","@id":"https:\/\/experienciadevida.com.ar\/portalurbano\/#\/schema\/logo\/image\/","url":"https:\/\/experienciadevida.com.ar\/portalurbano\/wp-content\/uploads\/2019\/09\/Logo-Original.png","contentUrl":"https:\/\/experienciadevida.com.ar\/portalurbano\/wp-content\/uploads\/2019\/09\/Logo-Original.png","width":2236,"height":1216,"caption":"Portal Urbano"},"image":{"@id":"https:\/\/experienciadevida.com.ar\/portalurbano\/#\/schema\/logo\/image\/"},"sameAs":["https:\/\/www.facebook.com\/Portal-Urbano-171542830093757\/","https:\/\/twitter.com\/portalurbanook","https:\/\/www.instagram.com\/_portalurbano\/","https:\/\/www.youtube.com\/channel\/UCXhagIfszH8KxFiOok79zbA?view_as=subscriber"]},{"@type":"Person","@id":"https:\/\/experienciadevida.com.ar\/portalurbano\/#\/schema\/person\/02dd326b1c4b056e9cc972486934a3a7","name":"admpu17wp","image":{"@type":"ImageObject","inLanguage":"es","@id":"https:\/\/experienciadevida.com.ar\/portalurbano\/#\/schema\/person\/image\/","url":"https:\/\/secure.gravatar.com\/avatar\/830d4c57adaae6630765e449a6908047?s=96&d=mm&r=g","contentUrl":"https:\/\/secure.gravatar.com\/avatar\/830d4c57adaae6630765e449a6908047?s=96&d=mm&r=g","caption":"admpu17wp"}}]}},"featured_image_urls":{"full":["https:\/\/experienciadevida.com.ar\/portalurbano\/wp-content\/uploads\/2022\/03\/A-sala-llena.jpg",1200,743,false],"thumbnail":["https:\/\/experienciadevida.com.ar\/portalurbano\/wp-content\/uploads\/2022\/03\/A-sala-llena-150x150.jpg",150,150,true],"medium":["https:\/\/experienciadevida.com.ar\/portalurbano\/wp-content\/uploads\/2022\/03\/A-sala-llena-300x186.jpg",300,186,true],"medium_large":["https:\/\/experienciadevida.com.ar\/portalurbano\/wp-content\/uploads\/2022\/03\/A-sala-llena-768x476.jpg",640,397,true],"large":["https:\/\/experienciadevida.com.ar\/portalurbano\/wp-content\/uploads\/2022\/03\/A-sala-llena-1024x634.jpg",640,396,true],"ug_big":["https:\/\/experienciadevida.com.ar\/portalurbano\/wp-content\/uploads\/2022\/03\/A-sala-llena-768x476.jpg",768,476,true],"1536x1536":["https:\/\/experienciadevida.com.ar\/portalurbano\/wp-content\/uploads\/2022\/03\/A-sala-llena.jpg",1200,743,false],"2048x2048":["https:\/\/experienciadevida.com.ar\/portalurbano\/wp-content\/uploads\/2022\/03\/A-sala-llena.jpg",1200,743,false],"newsever-slider-full":["https:\/\/experienciadevida.com.ar\/portalurbano\/wp-content\/uploads\/2022\/03\/A-sala-llena.jpg",1200,743,false],"newsever-featured":["https:\/\/experienciadevida.com.ar\/portalurbano\/wp-content\/uploads\/2022\/03\/A-sala-llena.jpg",1024,634,false],"newsever-medium":["https:\/\/experienciadevida.com.ar\/portalurbano\/wp-content\/uploads\/2022\/03\/A-sala-llena.jpg",720,446,false],"web-stories-poster-portrait":["https:\/\/experienciadevida.com.ar\/portalurbano\/wp-content\/uploads\/2022\/03\/A-sala-llena.jpg",640,396,false],"web-stories-publisher-logo":["https:\/\/experienciadevida.com.ar\/portalurbano\/wp-content\/uploads\/2022\/03\/A-sala-llena.jpg",96,59,false],"web-stories-thumbnail":["https:\/\/experienciadevida.com.ar\/portalurbano\/wp-content\/uploads\/2022\/03\/A-sala-llena.jpg",150,93,false]},"author_info":{"display_name":"admpu17wp","author_link":"https:\/\/experienciadevida.com.ar\/portalurbano\/author\/admpu17wp\/"},"category_info":"<a href=\"https:\/\/experienciadevida.com.ar\/portalurbano\/category\/ciudad\/educacion\/\" rel=\"category tag\">Educaci\u00f3n<\/a>","tag_info":"Educaci\u00f3n","comment_count":"0","amp_enabled":true,"_links":{"self":[{"href":"https:\/\/experienciadevida.com.ar\/portalurbano\/wp-json\/wp\/v2\/posts\/163606"}],"collection":[{"href":"https:\/\/experienciadevida.com.ar\/portalurbano\/wp-json\/wp\/v2\/posts"}],"about":[{"href":"https:\/\/experienciadevida.com.ar\/portalurbano\/wp-json\/wp\/v2\/types\/post"}],"author":[{"embeddable":true,"href":"https:\/\/experienciadevida.com.ar\/portalurbano\/wp-json\/wp\/v2\/users\/1"}],"replies":[{"embeddable":true,"href":"https:\/\/experienciadevida.com.ar\/portalurbano\/wp-json\/wp\/v2\/comments?post=163606"}],"version-history":[{"count":1,"href":"https:\/\/experienciadevida.com.ar\/portalurbano\/wp-json\/wp\/v2\/posts\/163606\/revisions"}],"predecessor-version":[{"id":163608,"href":"https:\/\/experienciadevida.com.ar\/portalurbano\/wp-json\/wp\/v2\/posts\/163606\/revisions\/163608"}],"wp:featuredmedia":[{"embeddable":true,"href":"https:\/\/experienciadevida.com.ar\/portalurbano\/wp-json\/wp\/v2\/media\/163607"}],"wp:attachment":[{"href":"https:\/\/experienciadevida.com.ar\/portalurbano\/wp-json\/wp\/v2\/media?parent=163606"}],"wp:term":[{"taxonomy":"category","embeddable":true,"href":"https:\/\/experienciadevida.com.ar\/portalurbano\/wp-json\/wp\/v2\/categories?post=163606"},{"taxonomy":"post_tag","embeddable":true,"href":"https:\/\/experienciadevida.com.ar\/portalurbano\/wp-json\/wp\/v2\/tags?post=163606"}],"curies":[{"name":"wp","href":"https:\/\/api.w.org\/{rel}","templated":true}]}}