{"id":163559,"date":"2022-03-17T09:03:09","date_gmt":"2022-03-17T12:03:09","guid":{"rendered":"https:\/\/experienciadevida.com.ar\/portalurbano\/?p=163559"},"modified":"2022-03-17T09:13:03","modified_gmt":"2022-03-17T12:13:03","slug":"el-intendente-galli-anuncio-la-1-etapa-de-pavimentacion-en-barrio-aoma","status":"publish","type":"post","link":"https:\/\/experienciadevida.com.ar\/portalurbano\/el-intendente-galli-anuncio-la-1-etapa-de-pavimentacion-en-barrio-aoma\/","title":{"rendered":"El Intendente Galli anunci\u00f3 la 1\u00b0 etapa de pavimentaci\u00f3n en Barrio AOMA"},"content":{"rendered":"<p>El Intendente <a href=\"https:\/\/www.facebook.com\/galliezequiel\">Galli<\/a> anunci\u00f3 la 1\u00b0 etapa de pavimentaci\u00f3n en Barrio AOMA, encabez\u00f3 un encuentro en la Sociedad de Fomento \u201cCarlos Von Bernard\u201d con vecinos de AOMA y anunci\u00f3 la primera etapa de pavimento en el Barrio.<\/p>\n<p><a href=\"https:\/\/experienciadevida.com.ar\/portalurbano\/el-intendente-galli-anuncio-la-1-etapa-de-pavimentacion-en-barrio-aoma\/el-intendente-24\/\" rel=\"attachment wp-att-163566\"><img decoding=\"async\" class=\"alignnone size-large wp-image-163566\" src=\"https:\/\/experienciadevida.com.ar\/portalurbano\/wp-content\/uploads\/2022\/03\/El-Intendente-1-1024x684.jpg\" alt=\"El Intendente \" width=\"900\" height=\"601\" srcset=\"https:\/\/experienciadevida.com.ar\/portalurbano\/wp-content\/uploads\/2022\/03\/El-Intendente-1-1024x684.jpg 1024w, https:\/\/experienciadevida.com.ar\/portalurbano\/wp-content\/uploads\/2022\/03\/El-Intendente-1-300x201.jpg 300w, https:\/\/experienciadevida.com.ar\/portalurbano\/wp-content\/uploads\/2022\/03\/El-Intendente-1-768x513.jpg 768w, https:\/\/experienciadevida.com.ar\/portalurbano\/wp-content\/uploads\/2022\/03\/El-Intendente-1-1536x1027.jpg 1536w, https:\/\/experienciadevida.com.ar\/portalurbano\/wp-content\/uploads\/2022\/03\/El-Intendente-1-2048x1369.jpg 2048w\" sizes=\"(max-width: 900px) 100vw, 900px\" \/><\/a><\/p>\n<div class=\"article-core\">\n<div class=\"article-content\">\n<div class=\"article-content-inner\">\n<div class=\"vc_row wpb_row vc_row-fluid\">\n<div class=\"wpb_column vc_column_container vc_col-sm-12\">\n<div class=\"vc_column-inner\">\n<div class=\"wpb_wrapper\">\n<div class=\"wpb_text_column wpb_content_element \">\n<div class=\"wpb_wrapper\">\n<p>Estuvo acompa\u00f1ado por el secretario de Mantenimiento y Obras P\u00fablicas Julio Ferraro y el subsecretario del \u00e1rea Gonzalo Ortiz.<\/p>\n<p>Walter Vega agradeci\u00f3 \u201cla presencia del Intendente y del Secretario de Obras P\u00fablicas. Ya en el inicio de la semana tuvimos la buena noticia, de la finalizaci\u00f3n de la reforma de la rotonda. Era una obra que le pedimos desde la Sociedad de Fomento y estamos muy contentos con la gesti\u00f3n que llevo a cabo Ezequiel y s\u00e9 que est\u00e1 haciendo las gestiones para la iluminaci\u00f3n\u201d.<\/p>\n<p>Por su parte, el Intendente se dirigi\u00f3 a los vecinos y afirm\u00f3:\u00a0<em>\u201cvinimos a hacer un anuncio ac\u00e1 a la Sociedad de Fomento. Era una espina clavada. No nos gusta anunciar sin tener certezas. Mar\u00eda Eugenia Vidal estableci\u00f3 el Fondo de Infraestructura Municipal en 2016, que se reparte equitativamente entre los 135 municipios de la Provincia y a Olavarr\u00eda le corresponden m\u00e1s de 100 millones. 75 millones, gran parte de esos fondos, estar\u00e1n invertidos en el Barrio, van a estar destinados a la primera etapa del pavimento, para que tengan un buen acceso hacia la Escuela\u201d.<\/em><\/p>\n<p><em>\u201cNadie va a estar a m\u00e1s de dos cuadras del pavimento. Es una obra que va a mejorar, el acceso al barrio, la transitabilidad y vamos a modificar la ordenanza del transporte para que los colectivos cambien el recorrido\u201d,\u00a0<\/em>agreg\u00f3.<\/p>\n<p>Por otra parte consider\u00f3 que se est\u00e1 trabajando para\u00a0<em>\u201cinstalar el sistema de fotomultas en el sem\u00e1foro del acceso al barrio\u201d,<\/em>\u00a0en un ida y vuelta que se gener\u00f3 con los vecinos al respecto de las necesidades de Barrio AOMA.<\/p>\n<\/div>\n<\/div>\n<\/div>\n<\/div>\n<\/div>\n<\/div>\n<\/div>\n<\/div>\n<\/div>\n<div class=\"article-footer\">\n<div class=\"article-footer-inner\">\n<div class=\"article-date\"><\/div>\n<\/div>\n<\/div>\n","protected":false},"excerpt":{"rendered":"<p>El Intendente Galli anunci\u00f3 la 1\u00b0 etapa de pavimentaci\u00f3n en Barrio AOMA, encabez\u00f3 un encuentro&#8230;<\/p>\n","protected":false},"author":1,"featured_media":163560,"comment_status":"closed","ping_status":"closed","sticky":false,"template":"","format":"standard","meta":{"content-type":""},"categories":[27,51],"tags":[],"nelio_content":{"isAutoShareEnabled":false,"autoShareEndMode":"default","automationSources":{"useContentSentences":true,"useSocialTemplates":true,"useCustomSentences":false,"customSentences":[]},"followers":[1],"suggestedReferences":[],"includedReferences":[],"efiUrl":"","efiAlt":"","highlights":[]},"yoast_head":"<!-- This site is optimized with the Yoast SEO plugin v20.7 - https:\/\/yoast.com\/wordpress\/plugins\/seo\/ -->\n<title>El Intendente Galli anunci\u00f3 la 1\u00b0 etapa de pavimentaci\u00f3n en Barrio AOMA<\/title>\n<meta name=\"description\" content=\"El Intendente Galli anunci\u00f3 la 1\u00b0 etapa de pavimentaci\u00f3n en Barrio AOMA, encabez\u00f3 un encuentro en la Sociedad de Fomento\" \/>\n<meta name=\"robots\" content=\"index, follow, max-snippet:-1, max-image-preview:large, max-video-preview:-1\" \/>\n<link rel=\"canonical\" href=\"https:\/\/experienciadevida.com.ar\/portalurbano\/el-intendente-galli-anuncio-la-1-etapa-de-pavimentacion-en-barrio-aoma\/\" \/>\n<meta property=\"og:locale\" content=\"es_ES\" \/>\n<meta property=\"og:type\" content=\"article\" \/>\n<meta property=\"og:title\" content=\"El Intendente Galli anunci\u00f3 la 1\u00b0 etapa de pavimentaci\u00f3n en Barrio AOMA\" \/>\n<meta property=\"og:description\" content=\"El Intendente Galli anunci\u00f3 la 1\u00b0 etapa de pavimentaci\u00f3n en Barrio AOMA, encabez\u00f3 un encuentro en la Sociedad de Fomento\" \/>\n<meta property=\"og:url\" content=\"https:\/\/experienciadevida.com.ar\/portalurbano\/el-intendente-galli-anuncio-la-1-etapa-de-pavimentacion-en-barrio-aoma\/\" \/>\n<meta property=\"article:publisher\" content=\"https:\/\/www.facebook.com\/Portal-Urbano-171542830093757\/\" \/>\n<meta property=\"article:published_time\" content=\"2022-03-17T12:03:09+00:00\" \/>\n<meta property=\"article:modified_time\" content=\"2022-03-17T12:13:03+00:00\" \/>\n<meta property=\"og:image\" content=\"https:\/\/experienciadevida.com.ar\/portalurbano\/wp-content\/uploads\/2022\/03\/El-Intendente-Galli-anuncio-e1647518578889.jpg\" \/>\n\t<meta property=\"og:image:width\" content=\"765\" \/>\n\t<meta property=\"og:image:height\" content=\"511\" \/>\n\t<meta property=\"og:image:type\" content=\"image\/jpeg\" \/>\n<meta name=\"author\" content=\"admpu17wp\" \/>\n<meta name=\"twitter:card\" content=\"summary_large_image\" \/>\n<meta name=\"twitter:creator\" content=\"@portalurbanook\" \/>\n<meta name=\"twitter:site\" content=\"@portalurbanook\" \/>\n<meta name=\"twitter:label1\" content=\"Escrito por\" \/>\n\t<meta name=\"twitter:data1\" content=\"admpu17wp\" \/>\n\t<meta name=\"twitter:label2\" content=\"Tiempo de lectura\" \/>\n\t<meta name=\"twitter:data2\" content=\"2 minutos\" \/>\n<script type=\"application\/ld+json\" class=\"yoast-schema-graph\">{\"@context\":\"https:\/\/schema.org\",\"@graph\":[{\"@type\":\"Article\",\"@id\":\"https:\/\/experienciadevida.com.ar\/portalurbano\/el-intendente-galli-anuncio-la-1-etapa-de-pavimentacion-en-barrio-aoma\/#article\",\"isPartOf\":{\"@id\":\"https:\/\/experienciadevida.com.ar\/portalurbano\/el-intendente-galli-anuncio-la-1-etapa-de-pavimentacion-en-barrio-aoma\/\"},\"author\":{\"name\":\"admpu17wp\",\"@id\":\"https:\/\/experienciadevida.com.ar\/portalurbano\/#\/schema\/person\/02dd326b1c4b056e9cc972486934a3a7\"},\"headline\":\"El Intendente Galli anunci\u00f3 la 1\u00b0 etapa de pavimentaci\u00f3n en Barrio AOMA\",\"datePublished\":\"2022-03-17T12:03:09+00:00\",\"dateModified\":\"2022-03-17T12:13:03+00:00\",\"mainEntityOfPage\":{\"@id\":\"https:\/\/experienciadevida.com.ar\/portalurbano\/el-intendente-galli-anuncio-la-1-etapa-de-pavimentacion-en-barrio-aoma\/\"},\"wordCount\":318,\"publisher\":{\"@id\":\"https:\/\/experienciadevida.com.ar\/portalurbano\/#organization\"},\"articleSection\":[\"Ciudad\",\"Destacadas\"],\"inLanguage\":\"es\"},{\"@type\":\"WebPage\",\"@id\":\"https:\/\/experienciadevida.com.ar\/portalurbano\/el-intendente-galli-anuncio-la-1-etapa-de-pavimentacion-en-barrio-aoma\/\",\"url\":\"https:\/\/experienciadevida.com.ar\/portalurbano\/el-intendente-galli-anuncio-la-1-etapa-de-pavimentacion-en-barrio-aoma\/\",\"name\":\"El Intendente Galli anunci\u00f3 la 1\u00b0 etapa de pavimentaci\u00f3n en Barrio AOMA\",\"isPartOf\":{\"@id\":\"https:\/\/experienciadevida.com.ar\/portalurbano\/#website\"},\"datePublished\":\"2022-03-17T12:03:09+00:00\",\"dateModified\":\"2022-03-17T12:13:03+00:00\",\"description\":\"El Intendente Galli anunci\u00f3 la 1\u00b0 etapa de pavimentaci\u00f3n en Barrio AOMA, encabez\u00f3 un encuentro en la Sociedad de Fomento\",\"breadcrumb\":{\"@id\":\"https:\/\/experienciadevida.com.ar\/portalurbano\/el-intendente-galli-anuncio-la-1-etapa-de-pavimentacion-en-barrio-aoma\/#breadcrumb\"},\"inLanguage\":\"es\",\"potentialAction\":[{\"@type\":\"ReadAction\",\"target\":[\"https:\/\/experienciadevida.com.ar\/portalurbano\/el-intendente-galli-anuncio-la-1-etapa-de-pavimentacion-en-barrio-aoma\/\"]}]},{\"@type\":\"BreadcrumbList\",\"@id\":\"https:\/\/experienciadevida.com.ar\/portalurbano\/el-intendente-galli-anuncio-la-1-etapa-de-pavimentacion-en-barrio-aoma\/#breadcrumb\",\"itemListElement\":[{\"@type\":\"ListItem\",\"position\":1,\"name\":\"Portada\",\"item\":\"https:\/\/experienciadevida.com.ar\/portalurbano\/\"},{\"@type\":\"ListItem\",\"position\":2,\"name\":\"El Intendente Galli anunci\u00f3 la 1\u00b0 etapa de pavimentaci\u00f3n en Barrio AOMA\"}]},{\"@type\":\"WebSite\",\"@id\":\"https:\/\/experienciadevida.com.ar\/portalurbano\/#website\",\"url\":\"https:\/\/experienciadevida.com.ar\/portalurbano\/\",\"name\":\"\",\"description\":\"\",\"publisher\":{\"@id\":\"https:\/\/experienciadevida.com.ar\/portalurbano\/#organization\"},\"potentialAction\":[{\"@type\":\"SearchAction\",\"target\":{\"@type\":\"EntryPoint\",\"urlTemplate\":\"https:\/\/experienciadevida.com.ar\/portalurbano\/?s={search_term_string}\"},\"query-input\":\"required name=search_term_string\"}],\"inLanguage\":\"es\"},{\"@type\":\"Organization\",\"@id\":\"https:\/\/experienciadevida.com.ar\/portalurbano\/#organization\",\"name\":\"Portal Urbano\",\"url\":\"https:\/\/experienciadevida.com.ar\/portalurbano\/\",\"logo\":{\"@type\":\"ImageObject\",\"inLanguage\":\"es\",\"@id\":\"https:\/\/experienciadevida.com.ar\/portalurbano\/#\/schema\/logo\/image\/\",\"url\":\"https:\/\/experienciadevida.com.ar\/portalurbano\/wp-content\/uploads\/2019\/09\/Logo-Original.png\",\"contentUrl\":\"https:\/\/experienciadevida.com.ar\/portalurbano\/wp-content\/uploads\/2019\/09\/Logo-Original.png\",\"width\":2236,\"height\":1216,\"caption\":\"Portal Urbano\"},\"image\":{\"@id\":\"https:\/\/experienciadevida.com.ar\/portalurbano\/#\/schema\/logo\/image\/\"},\"sameAs\":[\"https:\/\/www.facebook.com\/Portal-Urbano-171542830093757\/\",\"https:\/\/twitter.com\/portalurbanook\",\"https:\/\/www.instagram.com\/_portalurbano\/\",\"https:\/\/www.youtube.com\/channel\/UCXhagIfszH8KxFiOok79zbA?view_as=subscriber\"]},{\"@type\":\"Person\",\"@id\":\"https:\/\/experienciadevida.com.ar\/portalurbano\/#\/schema\/person\/02dd326b1c4b056e9cc972486934a3a7\",\"name\":\"admpu17wp\",\"image\":{\"@type\":\"ImageObject\",\"inLanguage\":\"es\",\"@id\":\"https:\/\/experienciadevida.com.ar\/portalurbano\/#\/schema\/person\/image\/\",\"url\":\"https:\/\/secure.gravatar.com\/avatar\/830d4c57adaae6630765e449a6908047?s=96&d=mm&r=g\",\"contentUrl\":\"https:\/\/secure.gravatar.com\/avatar\/830d4c57adaae6630765e449a6908047?s=96&d=mm&r=g\",\"caption\":\"admpu17wp\"}}]}<\/script>\n<!-- \/ Yoast SEO plugin. -->","yoast_head_json":{"title":"El Intendente Galli anunci\u00f3 la 1\u00b0 etapa de pavimentaci\u00f3n en Barrio AOMA","description":"El Intendente Galli anunci\u00f3 la 1\u00b0 etapa de pavimentaci\u00f3n en Barrio AOMA, encabez\u00f3 un encuentro en la Sociedad de Fomento","robots":{"index":"index","follow":"follow","max-snippet":"max-snippet:-1","max-image-preview":"max-image-preview:large","max-video-preview":"max-video-preview:-1"},"canonical":"https:\/\/experienciadevida.com.ar\/portalurbano\/el-intendente-galli-anuncio-la-1-etapa-de-pavimentacion-en-barrio-aoma\/","og_locale":"es_ES","og_type":"article","og_title":"El Intendente Galli anunci\u00f3 la 1\u00b0 etapa de pavimentaci\u00f3n en Barrio AOMA","og_description":"El Intendente Galli anunci\u00f3 la 1\u00b0 etapa de pavimentaci\u00f3n en Barrio AOMA, encabez\u00f3 un encuentro en la Sociedad de Fomento","og_url":"https:\/\/experienciadevida.com.ar\/portalurbano\/el-intendente-galli-anuncio-la-1-etapa-de-pavimentacion-en-barrio-aoma\/","article_publisher":"https:\/\/www.facebook.com\/Portal-Urbano-171542830093757\/","article_published_time":"2022-03-17T12:03:09+00:00","article_modified_time":"2022-03-17T12:13:03+00:00","og_image":[{"width":765,"height":511,"url":"https:\/\/experienciadevida.com.ar\/portalurbano\/wp-content\/uploads\/2022\/03\/El-Intendente-Galli-anuncio-e1647518578889.jpg","type":"image\/jpeg"}],"author":"admpu17wp","twitter_card":"summary_large_image","twitter_creator":"@portalurbanook","twitter_site":"@portalurbanook","twitter_misc":{"Escrito por":"admpu17wp","Tiempo de lectura":"2 minutos"},"schema":{"@context":"https:\/\/schema.org","@graph":[{"@type":"Article","@id":"https:\/\/experienciadevida.com.ar\/portalurbano\/el-intendente-galli-anuncio-la-1-etapa-de-pavimentacion-en-barrio-aoma\/#article","isPartOf":{"@id":"https:\/\/experienciadevida.com.ar\/portalurbano\/el-intendente-galli-anuncio-la-1-etapa-de-pavimentacion-en-barrio-aoma\/"},"author":{"name":"admpu17wp","@id":"https:\/\/experienciadevida.com.ar\/portalurbano\/#\/schema\/person\/02dd326b1c4b056e9cc972486934a3a7"},"headline":"El Intendente Galli anunci\u00f3 la 1\u00b0 etapa de pavimentaci\u00f3n en Barrio AOMA","datePublished":"2022-03-17T12:03:09+00:00","dateModified":"2022-03-17T12:13:03+00:00","mainEntityOfPage":{"@id":"https:\/\/experienciadevida.com.ar\/portalurbano\/el-intendente-galli-anuncio-la-1-etapa-de-pavimentacion-en-barrio-aoma\/"},"wordCount":318,"publisher":{"@id":"https:\/\/experienciadevida.com.ar\/portalurbano\/#organization"},"articleSection":["Ciudad","Destacadas"],"inLanguage":"es"},{"@type":"WebPage","@id":"https:\/\/experienciadevida.com.ar\/portalurbano\/el-intendente-galli-anuncio-la-1-etapa-de-pavimentacion-en-barrio-aoma\/","url":"https:\/\/experienciadevida.com.ar\/portalurbano\/el-intendente-galli-anuncio-la-1-etapa-de-pavimentacion-en-barrio-aoma\/","name":"El Intendente Galli anunci\u00f3 la 1\u00b0 etapa de pavimentaci\u00f3n en Barrio AOMA","isPartOf":{"@id":"https:\/\/experienciadevida.com.ar\/portalurbano\/#website"},"datePublished":"2022-03-17T12:03:09+00:00","dateModified":"2022-03-17T12:13:03+00:00","description":"El Intendente Galli anunci\u00f3 la 1\u00b0 etapa de pavimentaci\u00f3n en Barrio AOMA, encabez\u00f3 un encuentro en la Sociedad de Fomento","breadcrumb":{"@id":"https:\/\/experienciadevida.com.ar\/portalurbano\/el-intendente-galli-anuncio-la-1-etapa-de-pavimentacion-en-barrio-aoma\/#breadcrumb"},"inLanguage":"es","potentialAction":[{"@type":"ReadAction","target":["https:\/\/experienciadevida.com.ar\/portalurbano\/el-intendente-galli-anuncio-la-1-etapa-de-pavimentacion-en-barrio-aoma\/"]}]},{"@type":"BreadcrumbList","@id":"https:\/\/experienciadevida.com.ar\/portalurbano\/el-intendente-galli-anuncio-la-1-etapa-de-pavimentacion-en-barrio-aoma\/#breadcrumb","itemListElement":[{"@type":"ListItem","position":1,"name":"Portada","item":"https:\/\/experienciadevida.com.ar\/portalurbano\/"},{"@type":"ListItem","position":2,"name":"El Intendente Galli anunci\u00f3 la 1\u00b0 etapa de pavimentaci\u00f3n en Barrio AOMA"}]},{"@type":"WebSite","@id":"https:\/\/experienciadevida.com.ar\/portalurbano\/#website","url":"https:\/\/experienciadevida.com.ar\/portalurbano\/","name":"","description":"","publisher":{"@id":"https:\/\/experienciadevida.com.ar\/portalurbano\/#organization"},"potentialAction":[{"@type":"SearchAction","target":{"@type":"EntryPoint","urlTemplate":"https:\/\/experienciadevida.com.ar\/portalurbano\/?s={search_term_string}"},"query-input":"required name=search_term_string"}],"inLanguage":"es"},{"@type":"Organization","@id":"https:\/\/experienciadevida.com.ar\/portalurbano\/#organization","name":"Portal Urbano","url":"https:\/\/experienciadevida.com.ar\/portalurbano\/","logo":{"@type":"ImageObject","inLanguage":"es","@id":"https:\/\/experienciadevida.com.ar\/portalurbano\/#\/schema\/logo\/image\/","url":"https:\/\/experienciadevida.com.ar\/portalurbano\/wp-content\/uploads\/2019\/09\/Logo-Original.png","contentUrl":"https:\/\/experienciadevida.com.ar\/portalurbano\/wp-content\/uploads\/2019\/09\/Logo-Original.png","width":2236,"height":1216,"caption":"Portal Urbano"},"image":{"@id":"https:\/\/experienciadevida.com.ar\/portalurbano\/#\/schema\/logo\/image\/"},"sameAs":["https:\/\/www.facebook.com\/Portal-Urbano-171542830093757\/","https:\/\/twitter.com\/portalurbanook","https:\/\/www.instagram.com\/_portalurbano\/","https:\/\/www.youtube.com\/channel\/UCXhagIfszH8KxFiOok79zbA?view_as=subscriber"]},{"@type":"Person","@id":"https:\/\/experienciadevida.com.ar\/portalurbano\/#\/schema\/person\/02dd326b1c4b056e9cc972486934a3a7","name":"admpu17wp","image":{"@type":"ImageObject","inLanguage":"es","@id":"https:\/\/experienciadevida.com.ar\/portalurbano\/#\/schema\/person\/image\/","url":"https:\/\/secure.gravatar.com\/avatar\/830d4c57adaae6630765e449a6908047?s=96&d=mm&r=g","contentUrl":"https:\/\/secure.gravatar.com\/avatar\/830d4c57adaae6630765e449a6908047?s=96&d=mm&r=g","caption":"admpu17wp"}}]}},"featured_image_urls":{"full":["https:\/\/experienciadevida.com.ar\/portalurbano\/wp-content\/uploads\/2022\/03\/El-Intendente-Galli-anuncio-e1647518578889.jpg",765,511,false],"thumbnail":["https:\/\/experienciadevida.com.ar\/portalurbano\/wp-content\/uploads\/2022\/03\/El-Intendente-Galli-anuncio-150x150.jpg",150,150,true],"medium":["https:\/\/experienciadevida.com.ar\/portalurbano\/wp-content\/uploads\/2022\/03\/El-Intendente-Galli-anuncio-300x201.jpg",300,201,true],"medium_large":["https:\/\/experienciadevida.com.ar\/portalurbano\/wp-content\/uploads\/2022\/03\/El-Intendente-Galli-anuncio-768x513.jpg",640,428,true],"large":["https:\/\/experienciadevida.com.ar\/portalurbano\/wp-content\/uploads\/2022\/03\/El-Intendente-Galli-anuncio-1024x684.jpg",640,428,true],"ug_big":["https:\/\/experienciadevida.com.ar\/portalurbano\/wp-content\/uploads\/2022\/03\/El-Intendente-Galli-anuncio-768x513.jpg",768,513,true],"1536x1536":["https:\/\/experienciadevida.com.ar\/portalurbano\/wp-content\/uploads\/2022\/03\/El-Intendente-Galli-anuncio-1536x1027.jpg",1536,1027,true],"2048x2048":["https:\/\/experienciadevida.com.ar\/portalurbano\/wp-content\/uploads\/2022\/03\/El-Intendente-Galli-anuncio-2048x1369.jpg",2048,1369,true],"newsever-slider-full":["https:\/\/experienciadevida.com.ar\/portalurbano\/wp-content\/uploads\/2022\/03\/El-Intendente-Galli-anuncio-e1647518578889.jpg",765,511,false],"newsever-featured":["https:\/\/experienciadevida.com.ar\/portalurbano\/wp-content\/uploads\/2022\/03\/El-Intendente-Galli-anuncio-e1647518578889.jpg",765,511,false],"newsever-medium":["https:\/\/experienciadevida.com.ar\/portalurbano\/wp-content\/uploads\/2022\/03\/El-Intendente-Galli-anuncio-e1647518578889.jpg",711,475,false],"web-stories-poster-portrait":["https:\/\/experienciadevida.com.ar\/portalurbano\/wp-content\/uploads\/2022\/03\/El-Intendente-Galli-anuncio-e1647518578889.jpg",640,428,false],"web-stories-publisher-logo":["https:\/\/experienciadevida.com.ar\/portalurbano\/wp-content\/uploads\/2022\/03\/El-Intendente-Galli-anuncio-e1647518578889.jpg",96,64,false],"web-stories-thumbnail":["https:\/\/experienciadevida.com.ar\/portalurbano\/wp-content\/uploads\/2022\/03\/El-Intendente-Galli-anuncio-e1647518578889.jpg",150,100,false]},"author_info":{"display_name":"admpu17wp","author_link":"https:\/\/experienciadevida.com.ar\/portalurbano\/author\/admpu17wp\/"},"category_info":"<a href=\"https:\/\/experienciadevida.com.ar\/portalurbano\/category\/ciudad\/\" rel=\"category tag\">Ciudad<\/a> <a href=\"https:\/\/experienciadevida.com.ar\/portalurbano\/category\/destacadas\/\" rel=\"category tag\">Destacadas<\/a>","tag_info":"Destacadas","comment_count":"0","amp_enabled":true,"_links":{"self":[{"href":"https:\/\/experienciadevida.com.ar\/portalurbano\/wp-json\/wp\/v2\/posts\/163559"}],"collection":[{"href":"https:\/\/experienciadevida.com.ar\/portalurbano\/wp-json\/wp\/v2\/posts"}],"about":[{"href":"https:\/\/experienciadevida.com.ar\/portalurbano\/wp-json\/wp\/v2\/types\/post"}],"author":[{"embeddable":true,"href":"https:\/\/experienciadevida.com.ar\/portalurbano\/wp-json\/wp\/v2\/users\/1"}],"replies":[{"embeddable":true,"href":"https:\/\/experienciadevida.com.ar\/portalurbano\/wp-json\/wp\/v2\/comments?post=163559"}],"version-history":[{"count":5,"href":"https:\/\/experienciadevida.com.ar\/portalurbano\/wp-json\/wp\/v2\/posts\/163559\/revisions"}],"predecessor-version":[{"id":163564,"href":"https:\/\/experienciadevida.com.ar\/portalurbano\/wp-json\/wp\/v2\/posts\/163559\/revisions\/163564"}],"wp:featuredmedia":[{"embeddable":true,"href":"https:\/\/experienciadevida.com.ar\/portalurbano\/wp-json\/wp\/v2\/media\/163560"}],"wp:attachment":[{"href":"https:\/\/experienciadevida.com.ar\/portalurbano\/wp-json\/wp\/v2\/media?parent=163559"}],"wp:term":[{"taxonomy":"category","embeddable":true,"href":"https:\/\/experienciadevida.com.ar\/portalurbano\/wp-json\/wp\/v2\/categories?post=163559"},{"taxonomy":"post_tag","embeddable":true,"href":"https:\/\/experienciadevida.com.ar\/portalurbano\/wp-json\/wp\/v2\/tags?post=163559"}],"curies":[{"name":"wp","href":"https:\/\/api.w.org\/{rel}","templated":true}]}}