{"id":163526,"date":"2022-03-16T15:56:24","date_gmt":"2022-03-16T18:56:24","guid":{"rendered":"https:\/\/experienciadevida.com.ar\/portalurbano\/?p=163526"},"modified":"2022-03-16T15:59:07","modified_gmt":"2022-03-16T18:59:07","slug":"nuevas-empresas-se-radican-en-el-sector-industrial-los-fresnos","status":"publish","type":"post","link":"https:\/\/experienciadevida.com.ar\/portalurbano\/nuevas-empresas-se-radican-en-el-sector-industrial-los-fresnos\/","title":{"rendered":"Nuevas empresas se radican en el sector industrial Los Fresnos"},"content":{"rendered":"<p>Nuevas empresas se radican en el sector industrial Los Fresnos, el Sector Industrial Planificado Los Fresnos presenta un crecimiento sostenido, que se refleja en la adquisici\u00f3n constante de lotes por parte de empresarios locales, quienes consideran que; a partir de su radicaci\u00f3n en este agrupamiento industrial; potenciar\u00e1n su desarrollo productivo e incrementar\u00e1n su competitividad.<\/p>\n<p>En este marco, en la ma\u00f1ana de este mi\u00e9rcoles, el intendente Ezequiel <a href=\"https:\/\/www.facebook.com\/galliezequiel\">Galli<\/a> encabez\u00f3 el acto de firma de nuevos boletos de compraventa de lotes.<\/p>\n<p><a href=\"https:\/\/experienciadevida.com.ar\/portalurbano\/nuevas-empresas-se-radican-en-el-sector-industrial-los-fresnos\/nuevas-2\/\" rel=\"attachment wp-att-163530\"><img decoding=\"async\" class=\"alignnone size-large wp-image-163530\" src=\"https:\/\/experienciadevida.com.ar\/portalurbano\/wp-content\/uploads\/2022\/03\/Nuevas-1024x684.jpg\" alt=\"Nuevas \" width=\"900\" height=\"601\" srcset=\"https:\/\/experienciadevida.com.ar\/portalurbano\/wp-content\/uploads\/2022\/03\/Nuevas-1024x684.jpg 1024w, https:\/\/experienciadevida.com.ar\/portalurbano\/wp-content\/uploads\/2022\/03\/Nuevas-300x201.jpg 300w, https:\/\/experienciadevida.com.ar\/portalurbano\/wp-content\/uploads\/2022\/03\/Nuevas-768x513.jpg 768w, https:\/\/experienciadevida.com.ar\/portalurbano\/wp-content\/uploads\/2022\/03\/Nuevas-1536x1027.jpg 1536w, https:\/\/experienciadevida.com.ar\/portalurbano\/wp-content\/uploads\/2022\/03\/Nuevas-2048x1369.jpg 2048w\" sizes=\"(max-width: 900px) 100vw, 900px\" \/><\/a><\/p>\n<p>Acompa\u00f1aron al Intendente el secretario de Desarrollo Econ\u00f3mico Julio Valetutto y la directora de Empresas e Inversiones Edith Schoos, as\u00ed como tambi\u00e9n referentes de las empresas que adquirieron lotes: Cristales Lastra SRL y Chronos Ingenier\u00eda SRL.<\/p>\n<p>\u2013 CRISTALES LASTRA S.R.L: Empresa familiar de la ciudad con una vasta trayectoria realizando la actividad de venta y colocaci\u00f3n de parabrisas. La firma, en pleno crecimiento, en el 2005 decide ampliar sus servicios incorporando la fabricaci\u00f3n de equipamientos para utilitarios y motorhome aumentando su cartera de clientes. En esta oportunidad compra dos lotes en el nuevo agrupamiento para llevar adelante el proyecto de fabricaci\u00f3n y colocaci\u00f3n de equipamiento para motorhome.<\/p>\n<p>CHRONOS INGENIERIA S.R.L.: Empresa radicada en la localidad de Loma Negra con la actividad de mantenimiento electromec\u00e1nico de equipos industriales y alquiler de equipos de elevaci\u00f3n realizando la actividad mayoritariamente en Cementos Avellaneda S.A y Loma Negra CIASA. La ubicaci\u00f3n estrat\u00e9gica del agrupamiento los llev\u00f3 a solicitar predio y adquieren en \u00e9sta oportunidad una parcela de 2520 m2 siendo favorable para eltraslado de maquinaria y el trabajo diario de su actividad.<\/p>\n<p>Tras la firma, el propio Ezequiel Galli dijo: \u201cseguimos apostando al crecimiento de la industria local porque estamos convencidos que de esta manera fomentamos la generaci\u00f3n de puestos de trabajo en el Partido de Olavarr\u00eda\u201d.<\/p>\n<p>En este sentido, expres\u00f3: \u201ccontinuamos avanzando en la infraestructura de Los Fresnos, as\u00ed como tambi\u00e9n en los restantes agrupamientos industriales, cada uno de ellos con necesidades espec\u00edficas. Pero en particular, Los Fresnos representa todo un desaf\u00edo, por eso siempre es una buena noticia que siga habiendo empresas que quieran invertir en este sector, y puedan desarrollarse en un parque industrial con todas las posibilidades que eso trae apareajado. El mejor de los \u00e9xitos para sus proyectos\u201d.<\/p>\n<p><a href=\"https:\/\/experienciadevida.com.ar\/portalurbano\/nuevas-empresas-se-radican-en-el-sector-industrial-los-fresnos\/empresas-2\/\" rel=\"attachment wp-att-163531\"><img decoding=\"async\" class=\"alignnone size-large wp-image-163531\" src=\"https:\/\/experienciadevida.com.ar\/portalurbano\/wp-content\/uploads\/2022\/03\/empresas-1024x684.jpg\" alt=\"empresas \" width=\"900\" height=\"601\" srcset=\"https:\/\/experienciadevida.com.ar\/portalurbano\/wp-content\/uploads\/2022\/03\/empresas-1024x684.jpg 1024w, https:\/\/experienciadevida.com.ar\/portalurbano\/wp-content\/uploads\/2022\/03\/empresas-300x201.jpg 300w, https:\/\/experienciadevida.com.ar\/portalurbano\/wp-content\/uploads\/2022\/03\/empresas-768x513.jpg 768w, https:\/\/experienciadevida.com.ar\/portalurbano\/wp-content\/uploads\/2022\/03\/empresas-1536x1027.jpg 1536w, https:\/\/experienciadevida.com.ar\/portalurbano\/wp-content\/uploads\/2022\/03\/empresas-2048x1369.jpg 2048w\" sizes=\"(max-width: 900px) 100vw, 900px\" \/><\/a><\/p>\n","protected":false},"excerpt":{"rendered":"<p>Nuevas empresas se radican en el sector industrial Los Fresnos, el Sector Industrial Planificado Los&#8230;<\/p>\n","protected":false},"author":1,"featured_media":163527,"comment_status":"closed","ping_status":"closed","sticky":false,"template":"","format":"standard","meta":{"content-type":""},"categories":[27,51],"tags":[],"nelio_content":{"isAutoShareEnabled":false,"autoShareEndMode":"default","automationSources":{"useContentSentences":true,"useSocialTemplates":true,"useCustomSentences":false,"customSentences":[]},"followers":[1],"suggestedReferences":[],"includedReferences":[],"efiUrl":"","efiAlt":"","highlights":[]},"yoast_head":"<!-- This site is optimized with the Yoast SEO plugin v20.7 - https:\/\/yoast.com\/wordpress\/plugins\/seo\/ -->\n<title>Nuevas empresas se radican en el sector industrial Los Fresnos<\/title>\n<meta name=\"description\" content=\"Nuevas empresas se radican en el sector industrial Los Fresnos, se refleja en la adquisici\u00f3n constante de lotes por parte de empresarios ,\" \/>\n<meta name=\"robots\" content=\"index, follow, max-snippet:-1, max-image-preview:large, max-video-preview:-1\" \/>\n<link rel=\"canonical\" href=\"https:\/\/experienciadevida.com.ar\/portalurbano\/nuevas-empresas-se-radican-en-el-sector-industrial-los-fresnos\/\" \/>\n<meta property=\"og:locale\" content=\"es_ES\" \/>\n<meta property=\"og:type\" content=\"article\" \/>\n<meta property=\"og:title\" content=\"Nuevas empresas se radican en el sector industrial Los Fresnos\" \/>\n<meta property=\"og:description\" content=\"Nuevas empresas se radican en el sector industrial Los Fresnos, se refleja en la adquisici\u00f3n constante de lotes por parte de empresarios ,\" \/>\n<meta property=\"og:url\" content=\"https:\/\/experienciadevida.com.ar\/portalurbano\/nuevas-empresas-se-radican-en-el-sector-industrial-los-fresnos\/\" \/>\n<meta property=\"article:publisher\" content=\"https:\/\/www.facebook.com\/Portal-Urbano-171542830093757\/\" \/>\n<meta property=\"article:published_time\" content=\"2022-03-16T18:56:24+00:00\" \/>\n<meta property=\"article:modified_time\" content=\"2022-03-16T18:59:07+00:00\" \/>\n<meta property=\"og:image\" content=\"https:\/\/experienciadevida.com.ar\/portalurbano\/wp-content\/uploads\/2022\/03\/Nuevas-empresas-se-radican.jpg\" \/>\n\t<meta property=\"og:image:width\" content=\"2560\" \/>\n\t<meta property=\"og:image:height\" content=\"1711\" \/>\n\t<meta property=\"og:image:type\" content=\"image\/jpeg\" \/>\n<meta name=\"author\" content=\"admpu17wp\" \/>\n<meta name=\"twitter:card\" content=\"summary_large_image\" \/>\n<meta name=\"twitter:creator\" content=\"@portalurbanook\" \/>\n<meta name=\"twitter:site\" content=\"@portalurbanook\" \/>\n<meta name=\"twitter:label1\" content=\"Escrito por\" \/>\n\t<meta name=\"twitter:data1\" content=\"admpu17wp\" \/>\n\t<meta name=\"twitter:label2\" content=\"Tiempo de lectura\" \/>\n\t<meta name=\"twitter:data2\" content=\"3 minutos\" \/>\n<script type=\"application\/ld+json\" class=\"yoast-schema-graph\">{\"@context\":\"https:\/\/schema.org\",\"@graph\":[{\"@type\":\"Article\",\"@id\":\"https:\/\/experienciadevida.com.ar\/portalurbano\/nuevas-empresas-se-radican-en-el-sector-industrial-los-fresnos\/#article\",\"isPartOf\":{\"@id\":\"https:\/\/experienciadevida.com.ar\/portalurbano\/nuevas-empresas-se-radican-en-el-sector-industrial-los-fresnos\/\"},\"author\":{\"name\":\"admpu17wp\",\"@id\":\"https:\/\/experienciadevida.com.ar\/portalurbano\/#\/schema\/person\/02dd326b1c4b056e9cc972486934a3a7\"},\"headline\":\"Nuevas empresas se radican en el sector industrial Los Fresnos\",\"datePublished\":\"2022-03-16T18:56:24+00:00\",\"dateModified\":\"2022-03-16T18:59:07+00:00\",\"mainEntityOfPage\":{\"@id\":\"https:\/\/experienciadevida.com.ar\/portalurbano\/nuevas-empresas-se-radican-en-el-sector-industrial-los-fresnos\/\"},\"wordCount\":403,\"publisher\":{\"@id\":\"https:\/\/experienciadevida.com.ar\/portalurbano\/#organization\"},\"articleSection\":[\"Ciudad\",\"Destacadas\"],\"inLanguage\":\"es\"},{\"@type\":\"WebPage\",\"@id\":\"https:\/\/experienciadevida.com.ar\/portalurbano\/nuevas-empresas-se-radican-en-el-sector-industrial-los-fresnos\/\",\"url\":\"https:\/\/experienciadevida.com.ar\/portalurbano\/nuevas-empresas-se-radican-en-el-sector-industrial-los-fresnos\/\",\"name\":\"Nuevas empresas se radican en el sector industrial Los Fresnos\",\"isPartOf\":{\"@id\":\"https:\/\/experienciadevida.com.ar\/portalurbano\/#website\"},\"datePublished\":\"2022-03-16T18:56:24+00:00\",\"dateModified\":\"2022-03-16T18:59:07+00:00\",\"description\":\"Nuevas empresas se radican en el sector industrial Los Fresnos, se refleja en la adquisici\u00f3n constante de lotes por parte de empresarios ,\",\"breadcrumb\":{\"@id\":\"https:\/\/experienciadevida.com.ar\/portalurbano\/nuevas-empresas-se-radican-en-el-sector-industrial-los-fresnos\/#breadcrumb\"},\"inLanguage\":\"es\",\"potentialAction\":[{\"@type\":\"ReadAction\",\"target\":[\"https:\/\/experienciadevida.com.ar\/portalurbano\/nuevas-empresas-se-radican-en-el-sector-industrial-los-fresnos\/\"]}]},{\"@type\":\"BreadcrumbList\",\"@id\":\"https:\/\/experienciadevida.com.ar\/portalurbano\/nuevas-empresas-se-radican-en-el-sector-industrial-los-fresnos\/#breadcrumb\",\"itemListElement\":[{\"@type\":\"ListItem\",\"position\":1,\"name\":\"Portada\",\"item\":\"https:\/\/experienciadevida.com.ar\/portalurbano\/\"},{\"@type\":\"ListItem\",\"position\":2,\"name\":\"Nuevas empresas se radican en el sector industrial Los Fresnos\"}]},{\"@type\":\"WebSite\",\"@id\":\"https:\/\/experienciadevida.com.ar\/portalurbano\/#website\",\"url\":\"https:\/\/experienciadevida.com.ar\/portalurbano\/\",\"name\":\"\",\"description\":\"\",\"publisher\":{\"@id\":\"https:\/\/experienciadevida.com.ar\/portalurbano\/#organization\"},\"potentialAction\":[{\"@type\":\"SearchAction\",\"target\":{\"@type\":\"EntryPoint\",\"urlTemplate\":\"https:\/\/experienciadevida.com.ar\/portalurbano\/?s={search_term_string}\"},\"query-input\":\"required name=search_term_string\"}],\"inLanguage\":\"es\"},{\"@type\":\"Organization\",\"@id\":\"https:\/\/experienciadevida.com.ar\/portalurbano\/#organization\",\"name\":\"Portal Urbano\",\"url\":\"https:\/\/experienciadevida.com.ar\/portalurbano\/\",\"logo\":{\"@type\":\"ImageObject\",\"inLanguage\":\"es\",\"@id\":\"https:\/\/experienciadevida.com.ar\/portalurbano\/#\/schema\/logo\/image\/\",\"url\":\"https:\/\/experienciadevida.com.ar\/portalurbano\/wp-content\/uploads\/2019\/09\/Logo-Original.png\",\"contentUrl\":\"https:\/\/experienciadevida.com.ar\/portalurbano\/wp-content\/uploads\/2019\/09\/Logo-Original.png\",\"width\":2236,\"height\":1216,\"caption\":\"Portal Urbano\"},\"image\":{\"@id\":\"https:\/\/experienciadevida.com.ar\/portalurbano\/#\/schema\/logo\/image\/\"},\"sameAs\":[\"https:\/\/www.facebook.com\/Portal-Urbano-171542830093757\/\",\"https:\/\/twitter.com\/portalurbanook\",\"https:\/\/www.instagram.com\/_portalurbano\/\",\"https:\/\/www.youtube.com\/channel\/UCXhagIfszH8KxFiOok79zbA?view_as=subscriber\"]},{\"@type\":\"Person\",\"@id\":\"https:\/\/experienciadevida.com.ar\/portalurbano\/#\/schema\/person\/02dd326b1c4b056e9cc972486934a3a7\",\"name\":\"admpu17wp\",\"image\":{\"@type\":\"ImageObject\",\"inLanguage\":\"es\",\"@id\":\"https:\/\/experienciadevida.com.ar\/portalurbano\/#\/schema\/person\/image\/\",\"url\":\"https:\/\/secure.gravatar.com\/avatar\/830d4c57adaae6630765e449a6908047?s=96&d=mm&r=g\",\"contentUrl\":\"https:\/\/secure.gravatar.com\/avatar\/830d4c57adaae6630765e449a6908047?s=96&d=mm&r=g\",\"caption\":\"admpu17wp\"}}]}<\/script>\n<!-- \/ Yoast SEO plugin. -->","yoast_head_json":{"title":"Nuevas empresas se radican en el sector industrial Los Fresnos","description":"Nuevas empresas se radican en el sector industrial Los Fresnos, se refleja en la adquisici\u00f3n constante de lotes por parte de empresarios ,","robots":{"index":"index","follow":"follow","max-snippet":"max-snippet:-1","max-image-preview":"max-image-preview:large","max-video-preview":"max-video-preview:-1"},"canonical":"https:\/\/experienciadevida.com.ar\/portalurbano\/nuevas-empresas-se-radican-en-el-sector-industrial-los-fresnos\/","og_locale":"es_ES","og_type":"article","og_title":"Nuevas empresas se radican en el sector industrial Los Fresnos","og_description":"Nuevas empresas se radican en el sector industrial Los Fresnos, se refleja en la adquisici\u00f3n constante de lotes por parte de empresarios ,","og_url":"https:\/\/experienciadevida.com.ar\/portalurbano\/nuevas-empresas-se-radican-en-el-sector-industrial-los-fresnos\/","article_publisher":"https:\/\/www.facebook.com\/Portal-Urbano-171542830093757\/","article_published_time":"2022-03-16T18:56:24+00:00","article_modified_time":"2022-03-16T18:59:07+00:00","og_image":[{"width":2560,"height":1711,"url":"https:\/\/experienciadevida.com.ar\/portalurbano\/wp-content\/uploads\/2022\/03\/Nuevas-empresas-se-radican.jpg","type":"image\/jpeg"}],"author":"admpu17wp","twitter_card":"summary_large_image","twitter_creator":"@portalurbanook","twitter_site":"@portalurbanook","twitter_misc":{"Escrito por":"admpu17wp","Tiempo de lectura":"3 minutos"},"schema":{"@context":"https:\/\/schema.org","@graph":[{"@type":"Article","@id":"https:\/\/experienciadevida.com.ar\/portalurbano\/nuevas-empresas-se-radican-en-el-sector-industrial-los-fresnos\/#article","isPartOf":{"@id":"https:\/\/experienciadevida.com.ar\/portalurbano\/nuevas-empresas-se-radican-en-el-sector-industrial-los-fresnos\/"},"author":{"name":"admpu17wp","@id":"https:\/\/experienciadevida.com.ar\/portalurbano\/#\/schema\/person\/02dd326b1c4b056e9cc972486934a3a7"},"headline":"Nuevas empresas se radican en el sector industrial Los Fresnos","datePublished":"2022-03-16T18:56:24+00:00","dateModified":"2022-03-16T18:59:07+00:00","mainEntityOfPage":{"@id":"https:\/\/experienciadevida.com.ar\/portalurbano\/nuevas-empresas-se-radican-en-el-sector-industrial-los-fresnos\/"},"wordCount":403,"publisher":{"@id":"https:\/\/experienciadevida.com.ar\/portalurbano\/#organization"},"articleSection":["Ciudad","Destacadas"],"inLanguage":"es"},{"@type":"WebPage","@id":"https:\/\/experienciadevida.com.ar\/portalurbano\/nuevas-empresas-se-radican-en-el-sector-industrial-los-fresnos\/","url":"https:\/\/experienciadevida.com.ar\/portalurbano\/nuevas-empresas-se-radican-en-el-sector-industrial-los-fresnos\/","name":"Nuevas empresas se radican en el sector industrial Los Fresnos","isPartOf":{"@id":"https:\/\/experienciadevida.com.ar\/portalurbano\/#website"},"datePublished":"2022-03-16T18:56:24+00:00","dateModified":"2022-03-16T18:59:07+00:00","description":"Nuevas empresas se radican en el sector industrial Los Fresnos, se refleja en la adquisici\u00f3n constante de lotes por parte de empresarios ,","breadcrumb":{"@id":"https:\/\/experienciadevida.com.ar\/portalurbano\/nuevas-empresas-se-radican-en-el-sector-industrial-los-fresnos\/#breadcrumb"},"inLanguage":"es","potentialAction":[{"@type":"ReadAction","target":["https:\/\/experienciadevida.com.ar\/portalurbano\/nuevas-empresas-se-radican-en-el-sector-industrial-los-fresnos\/"]}]},{"@type":"BreadcrumbList","@id":"https:\/\/experienciadevida.com.ar\/portalurbano\/nuevas-empresas-se-radican-en-el-sector-industrial-los-fresnos\/#breadcrumb","itemListElement":[{"@type":"ListItem","position":1,"name":"Portada","item":"https:\/\/experienciadevida.com.ar\/portalurbano\/"},{"@type":"ListItem","position":2,"name":"Nuevas empresas se radican en el sector industrial Los Fresnos"}]},{"@type":"WebSite","@id":"https:\/\/experienciadevida.com.ar\/portalurbano\/#website","url":"https:\/\/experienciadevida.com.ar\/portalurbano\/","name":"","description":"","publisher":{"@id":"https:\/\/experienciadevida.com.ar\/portalurbano\/#organization"},"potentialAction":[{"@type":"SearchAction","target":{"@type":"EntryPoint","urlTemplate":"https:\/\/experienciadevida.com.ar\/portalurbano\/?s={search_term_string}"},"query-input":"required name=search_term_string"}],"inLanguage":"es"},{"@type":"Organization","@id":"https:\/\/experienciadevida.com.ar\/portalurbano\/#organization","name":"Portal Urbano","url":"https:\/\/experienciadevida.com.ar\/portalurbano\/","logo":{"@type":"ImageObject","inLanguage":"es","@id":"https:\/\/experienciadevida.com.ar\/portalurbano\/#\/schema\/logo\/image\/","url":"https:\/\/experienciadevida.com.ar\/portalurbano\/wp-content\/uploads\/2019\/09\/Logo-Original.png","contentUrl":"https:\/\/experienciadevida.com.ar\/portalurbano\/wp-content\/uploads\/2019\/09\/Logo-Original.png","width":2236,"height":1216,"caption":"Portal Urbano"},"image":{"@id":"https:\/\/experienciadevida.com.ar\/portalurbano\/#\/schema\/logo\/image\/"},"sameAs":["https:\/\/www.facebook.com\/Portal-Urbano-171542830093757\/","https:\/\/twitter.com\/portalurbanook","https:\/\/www.instagram.com\/_portalurbano\/","https:\/\/www.youtube.com\/channel\/UCXhagIfszH8KxFiOok79zbA?view_as=subscriber"]},{"@type":"Person","@id":"https:\/\/experienciadevida.com.ar\/portalurbano\/#\/schema\/person\/02dd326b1c4b056e9cc972486934a3a7","name":"admpu17wp","image":{"@type":"ImageObject","inLanguage":"es","@id":"https:\/\/experienciadevida.com.ar\/portalurbano\/#\/schema\/person\/image\/","url":"https:\/\/secure.gravatar.com\/avatar\/830d4c57adaae6630765e449a6908047?s=96&d=mm&r=g","contentUrl":"https:\/\/secure.gravatar.com\/avatar\/830d4c57adaae6630765e449a6908047?s=96&d=mm&r=g","caption":"admpu17wp"}}]}},"featured_image_urls":{"full":["https:\/\/experienciadevida.com.ar\/portalurbano\/wp-content\/uploads\/2022\/03\/Nuevas-empresas-se-radican.jpg",2560,1711,false],"thumbnail":["https:\/\/experienciadevida.com.ar\/portalurbano\/wp-content\/uploads\/2022\/03\/Nuevas-empresas-se-radican-150x150.jpg",150,150,true],"medium":["https:\/\/experienciadevida.com.ar\/portalurbano\/wp-content\/uploads\/2022\/03\/Nuevas-empresas-se-radican-300x201.jpg",300,201,true],"medium_large":["https:\/\/experienciadevida.com.ar\/portalurbano\/wp-content\/uploads\/2022\/03\/Nuevas-empresas-se-radican-768x513.jpg",640,428,true],"large":["https:\/\/experienciadevida.com.ar\/portalurbano\/wp-content\/uploads\/2022\/03\/Nuevas-empresas-se-radican-1024x684.jpg",640,428,true],"ug_big":["https:\/\/experienciadevida.com.ar\/portalurbano\/wp-content\/uploads\/2022\/03\/Nuevas-empresas-se-radican-768x513.jpg",768,513,true],"1536x1536":["https:\/\/experienciadevida.com.ar\/portalurbano\/wp-content\/uploads\/2022\/03\/Nuevas-empresas-se-radican-1536x1027.jpg",1536,1027,true],"2048x2048":["https:\/\/experienciadevida.com.ar\/portalurbano\/wp-content\/uploads\/2022\/03\/Nuevas-empresas-se-radican-2048x1369.jpg",2048,1369,true],"newsever-slider-full":["https:\/\/experienciadevida.com.ar\/portalurbano\/wp-content\/uploads\/2022\/03\/Nuevas-empresas-se-radican.jpg",1264,845,false],"newsever-featured":["https:\/\/experienciadevida.com.ar\/portalurbano\/wp-content\/uploads\/2022\/03\/Nuevas-empresas-se-radican.jpg",1024,684,false],"newsever-medium":["https:\/\/experienciadevida.com.ar\/portalurbano\/wp-content\/uploads\/2022\/03\/Nuevas-empresas-se-radican.jpg",711,475,false],"web-stories-poster-portrait":["https:\/\/experienciadevida.com.ar\/portalurbano\/wp-content\/uploads\/2022\/03\/Nuevas-empresas-se-radican.jpg",640,428,false],"web-stories-publisher-logo":["https:\/\/experienciadevida.com.ar\/portalurbano\/wp-content\/uploads\/2022\/03\/Nuevas-empresas-se-radican.jpg",96,64,false],"web-stories-thumbnail":["https:\/\/experienciadevida.com.ar\/portalurbano\/wp-content\/uploads\/2022\/03\/Nuevas-empresas-se-radican.jpg",150,100,false]},"author_info":{"display_name":"admpu17wp","author_link":"https:\/\/experienciadevida.com.ar\/portalurbano\/author\/admpu17wp\/"},"category_info":"<a href=\"https:\/\/experienciadevida.com.ar\/portalurbano\/category\/ciudad\/\" rel=\"category tag\">Ciudad<\/a> <a href=\"https:\/\/experienciadevida.com.ar\/portalurbano\/category\/destacadas\/\" rel=\"category tag\">Destacadas<\/a>","tag_info":"Destacadas","comment_count":"0","amp_enabled":true,"_links":{"self":[{"href":"https:\/\/experienciadevida.com.ar\/portalurbano\/wp-json\/wp\/v2\/posts\/163526"}],"collection":[{"href":"https:\/\/experienciadevida.com.ar\/portalurbano\/wp-json\/wp\/v2\/posts"}],"about":[{"href":"https:\/\/experienciadevida.com.ar\/portalurbano\/wp-json\/wp\/v2\/types\/post"}],"author":[{"embeddable":true,"href":"https:\/\/experienciadevida.com.ar\/portalurbano\/wp-json\/wp\/v2\/users\/1"}],"replies":[{"embeddable":true,"href":"https:\/\/experienciadevida.com.ar\/portalurbano\/wp-json\/wp\/v2\/comments?post=163526"}],"version-history":[{"count":3,"href":"https:\/\/experienciadevida.com.ar\/portalurbano\/wp-json\/wp\/v2\/posts\/163526\/revisions"}],"predecessor-version":[{"id":163532,"href":"https:\/\/experienciadevida.com.ar\/portalurbano\/wp-json\/wp\/v2\/posts\/163526\/revisions\/163532"}],"wp:featuredmedia":[{"embeddable":true,"href":"https:\/\/experienciadevida.com.ar\/portalurbano\/wp-json\/wp\/v2\/media\/163527"}],"wp:attachment":[{"href":"https:\/\/experienciadevida.com.ar\/portalurbano\/wp-json\/wp\/v2\/media?parent=163526"}],"wp:term":[{"taxonomy":"category","embeddable":true,"href":"https:\/\/experienciadevida.com.ar\/portalurbano\/wp-json\/wp\/v2\/categories?post=163526"},{"taxonomy":"post_tag","embeddable":true,"href":"https:\/\/experienciadevida.com.ar\/portalurbano\/wp-json\/wp\/v2\/tags?post=163526"}],"curies":[{"name":"wp","href":"https:\/\/api.w.org\/{rel}","templated":true}]}}