{"id":163522,"date":"2022-03-16T14:00:53","date_gmt":"2022-03-16T17:00:53","guid":{"rendered":"https:\/\/experienciadevida.com.ar\/portalurbano\/?p=163522"},"modified":"2022-03-16T14:02:13","modified_gmt":"2022-03-16T17:02:13","slug":"guillermo-perez-sera-el-nuevo-referente-tecnico-territorial-de-la-direccion-de-educacion-de-jovenes-adultos-y-adultos-mayores-region-25","status":"publish","type":"post","link":"https:\/\/experienciadevida.com.ar\/portalurbano\/guillermo-perez-sera-el-nuevo-referente-tecnico-territorial-de-la-direccion-de-educacion-de-jovenes-adultos-y-adultos-mayores-region-25\/","title":{"rendered":"Guillermo P\u00e9rez ser\u00e1 el nuevo Referente T\u00e9cnico Territorial de la Direcci\u00f3n de Educaci\u00f3n de J\u00f3venes,  Adultos y Adultos Mayores Regi\u00f3n 25"},"content":{"rendered":"<p>Guillermo P\u00e9rez ser\u00e1 el nuevo Referente T\u00e9cnico Territorial de la Direcci\u00f3n de Educaci\u00f3n de J\u00f3venes, Adultos y Adultos Mayores Regi\u00f3n 25.<\/p>\n<p>Tras la designaci\u00f3n tendr\u00e1 a su cargo acompa\u00f1ar las pol\u00edticas p\u00fablicas en las m\u00e1s de las 30 instituciones educativas de la modalidad en la regi\u00f3n (Olavarr\u00eda, Azul, Bol\u00edvar y Tapalqu\u00e9).<\/p>\n<p>La funci\u00f3n del RTT es la articulaci\u00f3n directa, en territorio, entre la Direcci\u00f3n de Educaci\u00f3n de J\u00f3venes, Adultos y Adultos Mayores a cargo de Silvia Vilta, con los diferentes actores que integran la modalidad: inspectores, directivos, docentes, estudiantes y la comunidad en su conjunto.<\/p>\n<p>Actualmente Regi\u00f3n 25 cuenta con una amplia propuesta educativa para vecinos y vecinas, mayores de 18 a\u00f1os, que por diferentes motivos no han podido retomar o completar su trayectoria educativa.<\/p>\n<p>Con la designaci\u00f3n de P\u00e9rez el gobierno provincial busca continuar afirmando y afianzando el derecho a la educaci\u00f3n asegurando la igualdad, gratuidad, laicidad y el acceso a todos los niveles del sistema educativo para todos los vecinos y vecinas de la Regi\u00f3n.<\/p>\n<p>&#8220;El gobernador Axel Kicillof sostiene que nuestro objetivo es volver a convertir los Derechos Humanos en una verdadera pol\u00edtica de Estado y el acceso a la educaci\u00f3n es un derecho humano indispensable para el desarrollo completo de las personas y es una de las herramientas m\u00e1s poderosas para mejorar las condiciones sociales de los ni\u00f1os y adultos&#8221; sostuvo P\u00e9rez.<\/p>\n<p>Actualmente la modalidad cuenta con propuestas en educaci\u00f3n de primaria, denominados E.E.P.A. (Escuela de Educaci\u00f3n Primaria para Adultos) o C.E.A (Centro de Educaci\u00f3n de Adultos) distribuidos en lugares estrat\u00e9gicos en cada distrito. En la regi\u00f3n componen la modalidad 22 instituciones con una matr\u00edcula que supera los 160 estudiantes. En tanto que la modalidad secundaria para adultos es variada y muy extensiva, con una matr\u00edcula total de casi 2000 estudiantes.<\/p>\n<p>La propuesta est\u00e1 integrada por los Cens, con sus diferentes modalidades, presenciales y a distancia, y el FinEs trayecto y deudores de materias. La cursada consta de tres a\u00f1os, tres veces a la semana, seg\u00fan un an\u00e1lisis de la trayectoria educativa del estudiante, en horario de tarde o vespertino. De la modalidad completan sus estudios un promedio de 150 estudiantes por a\u00f1o.<\/p>\n<p>Para m\u00e1s consulta e informaci\u00f3n sobre la modalidad y las diferentes propuestas acad\u00e9micas se pueden comunicar, v\u00eda WhatsApp, con Guillermo Perez, al 2284-680238.<\/p>\n","protected":false},"excerpt":{"rendered":"<p>Guillermo P\u00e9rez ser\u00e1 el nuevo Referente T\u00e9cnico Territorial de la Direcci\u00f3n de Educaci\u00f3n de J\u00f3venes,&#8230;<\/p>\n","protected":false},"author":1,"featured_media":163523,"comment_status":"closed","ping_status":"closed","sticky":false,"template":"","format":"standard","meta":{"content-type":""},"categories":[27,64],"tags":[],"nelio_content":{"isAutoShareEnabled":false,"autoShareEndMode":"default","automationSources":{"useContentSentences":true,"useSocialTemplates":true,"useCustomSentences":false,"customSentences":[]},"followers":[1],"suggestedReferences":[],"includedReferences":[],"efiUrl":"","efiAlt":"","highlights":[]},"yoast_head":"<!-- This site is optimized with the Yoast SEO plugin v20.7 - https:\/\/yoast.com\/wordpress\/plugins\/seo\/ -->\n<title>Guillermo P\u00e9rez ser\u00e1 el nuevo referente t\u00e9cnico territorial<\/title>\n<meta name=\"description\" content=\"Guillermo P\u00e9rez ser\u00e1 el nuevo Referente T\u00e9cnico Territorial de la Direcci\u00f3n de Educaci\u00f3n de J\u00f3venes, Adultos y Adultos Mayores Regi\u00f3n 25.\" \/>\n<meta name=\"robots\" content=\"index, follow, max-snippet:-1, max-image-preview:large, max-video-preview:-1\" \/>\n<link rel=\"canonical\" href=\"https:\/\/experienciadevida.com.ar\/portalurbano\/guillermo-perez-sera-el-nuevo-referente-tecnico-territorial-de-la-direccion-de-educacion-de-jovenes-adultos-y-adultos-mayores-region-25\/\" \/>\n<meta property=\"og:locale\" content=\"es_ES\" \/>\n<meta property=\"og:type\" content=\"article\" \/>\n<meta property=\"og:title\" content=\"Guillermo P\u00e9rez ser\u00e1 el nuevo referente t\u00e9cnico territorial\" \/>\n<meta property=\"og:description\" content=\"Guillermo P\u00e9rez ser\u00e1 el nuevo Referente T\u00e9cnico Territorial de la Direcci\u00f3n de Educaci\u00f3n de J\u00f3venes, Adultos y Adultos Mayores Regi\u00f3n 25.\" \/>\n<meta property=\"og:url\" content=\"https:\/\/experienciadevida.com.ar\/portalurbano\/guillermo-perez-sera-el-nuevo-referente-tecnico-territorial-de-la-direccion-de-educacion-de-jovenes-adultos-y-adultos-mayores-region-25\/\" \/>\n<meta property=\"article:publisher\" content=\"https:\/\/www.facebook.com\/Portal-Urbano-171542830093757\/\" \/>\n<meta property=\"article:published_time\" content=\"2022-03-16T17:00:53+00:00\" \/>\n<meta property=\"article:modified_time\" content=\"2022-03-16T17:02:13+00:00\" \/>\n<meta property=\"og:image\" content=\"https:\/\/experienciadevida.com.ar\/portalurbano\/wp-content\/uploads\/2022\/03\/Guillermo-Perez-sera-el.jpg\" \/>\n\t<meta property=\"og:image:width\" content=\"1280\" \/>\n\t<meta property=\"og:image:height\" content=\"854\" \/>\n\t<meta property=\"og:image:type\" content=\"image\/jpeg\" \/>\n<meta name=\"author\" content=\"admpu17wp\" \/>\n<meta name=\"twitter:card\" content=\"summary_large_image\" \/>\n<meta name=\"twitter:creator\" content=\"@portalurbanook\" \/>\n<meta name=\"twitter:site\" content=\"@portalurbanook\" \/>\n<meta name=\"twitter:label1\" content=\"Escrito por\" \/>\n\t<meta name=\"twitter:data1\" content=\"admpu17wp\" \/>\n\t<meta name=\"twitter:label2\" content=\"Tiempo de lectura\" \/>\n\t<meta name=\"twitter:data2\" content=\"2 minutos\" \/>\n<script type=\"application\/ld+json\" class=\"yoast-schema-graph\">{\"@context\":\"https:\/\/schema.org\",\"@graph\":[{\"@type\":\"Article\",\"@id\":\"https:\/\/experienciadevida.com.ar\/portalurbano\/guillermo-perez-sera-el-nuevo-referente-tecnico-territorial-de-la-direccion-de-educacion-de-jovenes-adultos-y-adultos-mayores-region-25\/#article\",\"isPartOf\":{\"@id\":\"https:\/\/experienciadevida.com.ar\/portalurbano\/guillermo-perez-sera-el-nuevo-referente-tecnico-territorial-de-la-direccion-de-educacion-de-jovenes-adultos-y-adultos-mayores-region-25\/\"},\"author\":{\"name\":\"admpu17wp\",\"@id\":\"https:\/\/experienciadevida.com.ar\/portalurbano\/#\/schema\/person\/02dd326b1c4b056e9cc972486934a3a7\"},\"headline\":\"Guillermo P\u00e9rez ser\u00e1 el nuevo Referente T\u00e9cnico Territorial de la Direcci\u00f3n de Educaci\u00f3n de J\u00f3venes, Adultos y Adultos Mayores Regi\u00f3n 25\",\"datePublished\":\"2022-03-16T17:00:53+00:00\",\"dateModified\":\"2022-03-16T17:02:13+00:00\",\"mainEntityOfPage\":{\"@id\":\"https:\/\/experienciadevida.com.ar\/portalurbano\/guillermo-perez-sera-el-nuevo-referente-tecnico-territorial-de-la-direccion-de-educacion-de-jovenes-adultos-y-adultos-mayores-region-25\/\"},\"wordCount\":448,\"publisher\":{\"@id\":\"https:\/\/experienciadevida.com.ar\/portalurbano\/#organization\"},\"articleSection\":[\"Ciudad\",\"Destacadas 2\"],\"inLanguage\":\"es\"},{\"@type\":\"WebPage\",\"@id\":\"https:\/\/experienciadevida.com.ar\/portalurbano\/guillermo-perez-sera-el-nuevo-referente-tecnico-territorial-de-la-direccion-de-educacion-de-jovenes-adultos-y-adultos-mayores-region-25\/\",\"url\":\"https:\/\/experienciadevida.com.ar\/portalurbano\/guillermo-perez-sera-el-nuevo-referente-tecnico-territorial-de-la-direccion-de-educacion-de-jovenes-adultos-y-adultos-mayores-region-25\/\",\"name\":\"Guillermo P\u00e9rez ser\u00e1 el nuevo referente t\u00e9cnico territorial\",\"isPartOf\":{\"@id\":\"https:\/\/experienciadevida.com.ar\/portalurbano\/#website\"},\"datePublished\":\"2022-03-16T17:00:53+00:00\",\"dateModified\":\"2022-03-16T17:02:13+00:00\",\"description\":\"Guillermo P\u00e9rez ser\u00e1 el nuevo Referente T\u00e9cnico Territorial de la Direcci\u00f3n de Educaci\u00f3n de J\u00f3venes, Adultos y Adultos Mayores Regi\u00f3n 25.\",\"breadcrumb\":{\"@id\":\"https:\/\/experienciadevida.com.ar\/portalurbano\/guillermo-perez-sera-el-nuevo-referente-tecnico-territorial-de-la-direccion-de-educacion-de-jovenes-adultos-y-adultos-mayores-region-25\/#breadcrumb\"},\"inLanguage\":\"es\",\"potentialAction\":[{\"@type\":\"ReadAction\",\"target\":[\"https:\/\/experienciadevida.com.ar\/portalurbano\/guillermo-perez-sera-el-nuevo-referente-tecnico-territorial-de-la-direccion-de-educacion-de-jovenes-adultos-y-adultos-mayores-region-25\/\"]}]},{\"@type\":\"BreadcrumbList\",\"@id\":\"https:\/\/experienciadevida.com.ar\/portalurbano\/guillermo-perez-sera-el-nuevo-referente-tecnico-territorial-de-la-direccion-de-educacion-de-jovenes-adultos-y-adultos-mayores-region-25\/#breadcrumb\",\"itemListElement\":[{\"@type\":\"ListItem\",\"position\":1,\"name\":\"Portada\",\"item\":\"https:\/\/experienciadevida.com.ar\/portalurbano\/\"},{\"@type\":\"ListItem\",\"position\":2,\"name\":\"Guillermo P\u00e9rez ser\u00e1 el nuevo Referente T\u00e9cnico Territorial de la Direcci\u00f3n de Educaci\u00f3n de J\u00f3venes, Adultos y Adultos Mayores Regi\u00f3n 25\"}]},{\"@type\":\"WebSite\",\"@id\":\"https:\/\/experienciadevida.com.ar\/portalurbano\/#website\",\"url\":\"https:\/\/experienciadevida.com.ar\/portalurbano\/\",\"name\":\"\",\"description\":\"\",\"publisher\":{\"@id\":\"https:\/\/experienciadevida.com.ar\/portalurbano\/#organization\"},\"potentialAction\":[{\"@type\":\"SearchAction\",\"target\":{\"@type\":\"EntryPoint\",\"urlTemplate\":\"https:\/\/experienciadevida.com.ar\/portalurbano\/?s={search_term_string}\"},\"query-input\":\"required name=search_term_string\"}],\"inLanguage\":\"es\"},{\"@type\":\"Organization\",\"@id\":\"https:\/\/experienciadevida.com.ar\/portalurbano\/#organization\",\"name\":\"Portal Urbano\",\"url\":\"https:\/\/experienciadevida.com.ar\/portalurbano\/\",\"logo\":{\"@type\":\"ImageObject\",\"inLanguage\":\"es\",\"@id\":\"https:\/\/experienciadevida.com.ar\/portalurbano\/#\/schema\/logo\/image\/\",\"url\":\"https:\/\/experienciadevida.com.ar\/portalurbano\/wp-content\/uploads\/2019\/09\/Logo-Original.png\",\"contentUrl\":\"https:\/\/experienciadevida.com.ar\/portalurbano\/wp-content\/uploads\/2019\/09\/Logo-Original.png\",\"width\":2236,\"height\":1216,\"caption\":\"Portal Urbano\"},\"image\":{\"@id\":\"https:\/\/experienciadevida.com.ar\/portalurbano\/#\/schema\/logo\/image\/\"},\"sameAs\":[\"https:\/\/www.facebook.com\/Portal-Urbano-171542830093757\/\",\"https:\/\/twitter.com\/portalurbanook\",\"https:\/\/www.instagram.com\/_portalurbano\/\",\"https:\/\/www.youtube.com\/channel\/UCXhagIfszH8KxFiOok79zbA?view_as=subscriber\"]},{\"@type\":\"Person\",\"@id\":\"https:\/\/experienciadevida.com.ar\/portalurbano\/#\/schema\/person\/02dd326b1c4b056e9cc972486934a3a7\",\"name\":\"admpu17wp\",\"image\":{\"@type\":\"ImageObject\",\"inLanguage\":\"es\",\"@id\":\"https:\/\/experienciadevida.com.ar\/portalurbano\/#\/schema\/person\/image\/\",\"url\":\"https:\/\/secure.gravatar.com\/avatar\/830d4c57adaae6630765e449a6908047?s=96&d=mm&r=g\",\"contentUrl\":\"https:\/\/secure.gravatar.com\/avatar\/830d4c57adaae6630765e449a6908047?s=96&d=mm&r=g\",\"caption\":\"admpu17wp\"}}]}<\/script>\n<!-- \/ Yoast SEO plugin. -->","yoast_head_json":{"title":"Guillermo P\u00e9rez ser\u00e1 el nuevo referente t\u00e9cnico territorial","description":"Guillermo P\u00e9rez ser\u00e1 el nuevo Referente T\u00e9cnico Territorial de la Direcci\u00f3n de Educaci\u00f3n de J\u00f3venes, Adultos y Adultos Mayores Regi\u00f3n 25.","robots":{"index":"index","follow":"follow","max-snippet":"max-snippet:-1","max-image-preview":"max-image-preview:large","max-video-preview":"max-video-preview:-1"},"canonical":"https:\/\/experienciadevida.com.ar\/portalurbano\/guillermo-perez-sera-el-nuevo-referente-tecnico-territorial-de-la-direccion-de-educacion-de-jovenes-adultos-y-adultos-mayores-region-25\/","og_locale":"es_ES","og_type":"article","og_title":"Guillermo P\u00e9rez ser\u00e1 el nuevo referente t\u00e9cnico territorial","og_description":"Guillermo P\u00e9rez ser\u00e1 el nuevo Referente T\u00e9cnico Territorial de la Direcci\u00f3n de Educaci\u00f3n de J\u00f3venes, Adultos y Adultos Mayores Regi\u00f3n 25.","og_url":"https:\/\/experienciadevida.com.ar\/portalurbano\/guillermo-perez-sera-el-nuevo-referente-tecnico-territorial-de-la-direccion-de-educacion-de-jovenes-adultos-y-adultos-mayores-region-25\/","article_publisher":"https:\/\/www.facebook.com\/Portal-Urbano-171542830093757\/","article_published_time":"2022-03-16T17:00:53+00:00","article_modified_time":"2022-03-16T17:02:13+00:00","og_image":[{"width":1280,"height":854,"url":"https:\/\/experienciadevida.com.ar\/portalurbano\/wp-content\/uploads\/2022\/03\/Guillermo-Perez-sera-el.jpg","type":"image\/jpeg"}],"author":"admpu17wp","twitter_card":"summary_large_image","twitter_creator":"@portalurbanook","twitter_site":"@portalurbanook","twitter_misc":{"Escrito por":"admpu17wp","Tiempo de lectura":"2 minutos"},"schema":{"@context":"https:\/\/schema.org","@graph":[{"@type":"Article","@id":"https:\/\/experienciadevida.com.ar\/portalurbano\/guillermo-perez-sera-el-nuevo-referente-tecnico-territorial-de-la-direccion-de-educacion-de-jovenes-adultos-y-adultos-mayores-region-25\/#article","isPartOf":{"@id":"https:\/\/experienciadevida.com.ar\/portalurbano\/guillermo-perez-sera-el-nuevo-referente-tecnico-territorial-de-la-direccion-de-educacion-de-jovenes-adultos-y-adultos-mayores-region-25\/"},"author":{"name":"admpu17wp","@id":"https:\/\/experienciadevida.com.ar\/portalurbano\/#\/schema\/person\/02dd326b1c4b056e9cc972486934a3a7"},"headline":"Guillermo P\u00e9rez ser\u00e1 el nuevo Referente T\u00e9cnico Territorial de la Direcci\u00f3n de Educaci\u00f3n de J\u00f3venes, Adultos y Adultos Mayores Regi\u00f3n 25","datePublished":"2022-03-16T17:00:53+00:00","dateModified":"2022-03-16T17:02:13+00:00","mainEntityOfPage":{"@id":"https:\/\/experienciadevida.com.ar\/portalurbano\/guillermo-perez-sera-el-nuevo-referente-tecnico-territorial-de-la-direccion-de-educacion-de-jovenes-adultos-y-adultos-mayores-region-25\/"},"wordCount":448,"publisher":{"@id":"https:\/\/experienciadevida.com.ar\/portalurbano\/#organization"},"articleSection":["Ciudad","Destacadas 2"],"inLanguage":"es"},{"@type":"WebPage","@id":"https:\/\/experienciadevida.com.ar\/portalurbano\/guillermo-perez-sera-el-nuevo-referente-tecnico-territorial-de-la-direccion-de-educacion-de-jovenes-adultos-y-adultos-mayores-region-25\/","url":"https:\/\/experienciadevida.com.ar\/portalurbano\/guillermo-perez-sera-el-nuevo-referente-tecnico-territorial-de-la-direccion-de-educacion-de-jovenes-adultos-y-adultos-mayores-region-25\/","name":"Guillermo P\u00e9rez ser\u00e1 el nuevo referente t\u00e9cnico territorial","isPartOf":{"@id":"https:\/\/experienciadevida.com.ar\/portalurbano\/#website"},"datePublished":"2022-03-16T17:00:53+00:00","dateModified":"2022-03-16T17:02:13+00:00","description":"Guillermo P\u00e9rez ser\u00e1 el nuevo Referente T\u00e9cnico Territorial de la Direcci\u00f3n de Educaci\u00f3n de J\u00f3venes, Adultos y Adultos Mayores Regi\u00f3n 25.","breadcrumb":{"@id":"https:\/\/experienciadevida.com.ar\/portalurbano\/guillermo-perez-sera-el-nuevo-referente-tecnico-territorial-de-la-direccion-de-educacion-de-jovenes-adultos-y-adultos-mayores-region-25\/#breadcrumb"},"inLanguage":"es","potentialAction":[{"@type":"ReadAction","target":["https:\/\/experienciadevida.com.ar\/portalurbano\/guillermo-perez-sera-el-nuevo-referente-tecnico-territorial-de-la-direccion-de-educacion-de-jovenes-adultos-y-adultos-mayores-region-25\/"]}]},{"@type":"BreadcrumbList","@id":"https:\/\/experienciadevida.com.ar\/portalurbano\/guillermo-perez-sera-el-nuevo-referente-tecnico-territorial-de-la-direccion-de-educacion-de-jovenes-adultos-y-adultos-mayores-region-25\/#breadcrumb","itemListElement":[{"@type":"ListItem","position":1,"name":"Portada","item":"https:\/\/experienciadevida.com.ar\/portalurbano\/"},{"@type":"ListItem","position":2,"name":"Guillermo P\u00e9rez ser\u00e1 el nuevo Referente T\u00e9cnico Territorial de la Direcci\u00f3n de Educaci\u00f3n de J\u00f3venes, Adultos y Adultos Mayores Regi\u00f3n 25"}]},{"@type":"WebSite","@id":"https:\/\/experienciadevida.com.ar\/portalurbano\/#website","url":"https:\/\/experienciadevida.com.ar\/portalurbano\/","name":"","description":"","publisher":{"@id":"https:\/\/experienciadevida.com.ar\/portalurbano\/#organization"},"potentialAction":[{"@type":"SearchAction","target":{"@type":"EntryPoint","urlTemplate":"https:\/\/experienciadevida.com.ar\/portalurbano\/?s={search_term_string}"},"query-input":"required name=search_term_string"}],"inLanguage":"es"},{"@type":"Organization","@id":"https:\/\/experienciadevida.com.ar\/portalurbano\/#organization","name":"Portal Urbano","url":"https:\/\/experienciadevida.com.ar\/portalurbano\/","logo":{"@type":"ImageObject","inLanguage":"es","@id":"https:\/\/experienciadevida.com.ar\/portalurbano\/#\/schema\/logo\/image\/","url":"https:\/\/experienciadevida.com.ar\/portalurbano\/wp-content\/uploads\/2019\/09\/Logo-Original.png","contentUrl":"https:\/\/experienciadevida.com.ar\/portalurbano\/wp-content\/uploads\/2019\/09\/Logo-Original.png","width":2236,"height":1216,"caption":"Portal Urbano"},"image":{"@id":"https:\/\/experienciadevida.com.ar\/portalurbano\/#\/schema\/logo\/image\/"},"sameAs":["https:\/\/www.facebook.com\/Portal-Urbano-171542830093757\/","https:\/\/twitter.com\/portalurbanook","https:\/\/www.instagram.com\/_portalurbano\/","https:\/\/www.youtube.com\/channel\/UCXhagIfszH8KxFiOok79zbA?view_as=subscriber"]},{"@type":"Person","@id":"https:\/\/experienciadevida.com.ar\/portalurbano\/#\/schema\/person\/02dd326b1c4b056e9cc972486934a3a7","name":"admpu17wp","image":{"@type":"ImageObject","inLanguage":"es","@id":"https:\/\/experienciadevida.com.ar\/portalurbano\/#\/schema\/person\/image\/","url":"https:\/\/secure.gravatar.com\/avatar\/830d4c57adaae6630765e449a6908047?s=96&d=mm&r=g","contentUrl":"https:\/\/secure.gravatar.com\/avatar\/830d4c57adaae6630765e449a6908047?s=96&d=mm&r=g","caption":"admpu17wp"}}]}},"featured_image_urls":{"full":["https:\/\/experienciadevida.com.ar\/portalurbano\/wp-content\/uploads\/2022\/03\/Guillermo-Perez-sera-el.jpg",1280,854,false],"thumbnail":["https:\/\/experienciadevida.com.ar\/portalurbano\/wp-content\/uploads\/2022\/03\/Guillermo-Perez-sera-el-150x150.jpg",150,150,true],"medium":["https:\/\/experienciadevida.com.ar\/portalurbano\/wp-content\/uploads\/2022\/03\/Guillermo-Perez-sera-el-300x200.jpg",300,200,true],"medium_large":["https:\/\/experienciadevida.com.ar\/portalurbano\/wp-content\/uploads\/2022\/03\/Guillermo-Perez-sera-el-768x512.jpg",640,427,true],"large":["https:\/\/experienciadevida.com.ar\/portalurbano\/wp-content\/uploads\/2022\/03\/Guillermo-Perez-sera-el-1024x683.jpg",640,427,true],"ug_big":["https:\/\/experienciadevida.com.ar\/portalurbano\/wp-content\/uploads\/2022\/03\/Guillermo-Perez-sera-el-768x512.jpg",768,512,true],"1536x1536":["https:\/\/experienciadevida.com.ar\/portalurbano\/wp-content\/uploads\/2022\/03\/Guillermo-Perez-sera-el.jpg",1280,854,false],"2048x2048":["https:\/\/experienciadevida.com.ar\/portalurbano\/wp-content\/uploads\/2022\/03\/Guillermo-Perez-sera-el.jpg",1280,854,false],"newsever-slider-full":["https:\/\/experienciadevida.com.ar\/portalurbano\/wp-content\/uploads\/2022\/03\/Guillermo-Perez-sera-el.jpg",1267,845,false],"newsever-featured":["https:\/\/experienciadevida.com.ar\/portalurbano\/wp-content\/uploads\/2022\/03\/Guillermo-Perez-sera-el.jpg",1024,683,false],"newsever-medium":["https:\/\/experienciadevida.com.ar\/portalurbano\/wp-content\/uploads\/2022\/03\/Guillermo-Perez-sera-el.jpg",712,475,false],"web-stories-poster-portrait":["https:\/\/experienciadevida.com.ar\/portalurbano\/wp-content\/uploads\/2022\/03\/Guillermo-Perez-sera-el.jpg",640,427,false],"web-stories-publisher-logo":["https:\/\/experienciadevida.com.ar\/portalurbano\/wp-content\/uploads\/2022\/03\/Guillermo-Perez-sera-el.jpg",96,64,false],"web-stories-thumbnail":["https:\/\/experienciadevida.com.ar\/portalurbano\/wp-content\/uploads\/2022\/03\/Guillermo-Perez-sera-el.jpg",150,100,false]},"author_info":{"display_name":"admpu17wp","author_link":"https:\/\/experienciadevida.com.ar\/portalurbano\/author\/admpu17wp\/"},"category_info":"<a href=\"https:\/\/experienciadevida.com.ar\/portalurbano\/category\/ciudad\/\" rel=\"category tag\">Ciudad<\/a> <a href=\"https:\/\/experienciadevida.com.ar\/portalurbano\/category\/destacadas-2\/\" rel=\"category tag\">Destacadas 2<\/a>","tag_info":"Destacadas 2","comment_count":"0","amp_enabled":true,"_links":{"self":[{"href":"https:\/\/experienciadevida.com.ar\/portalurbano\/wp-json\/wp\/v2\/posts\/163522"}],"collection":[{"href":"https:\/\/experienciadevida.com.ar\/portalurbano\/wp-json\/wp\/v2\/posts"}],"about":[{"href":"https:\/\/experienciadevida.com.ar\/portalurbano\/wp-json\/wp\/v2\/types\/post"}],"author":[{"embeddable":true,"href":"https:\/\/experienciadevida.com.ar\/portalurbano\/wp-json\/wp\/v2\/users\/1"}],"replies":[{"embeddable":true,"href":"https:\/\/experienciadevida.com.ar\/portalurbano\/wp-json\/wp\/v2\/comments?post=163522"}],"version-history":[{"count":1,"href":"https:\/\/experienciadevida.com.ar\/portalurbano\/wp-json\/wp\/v2\/posts\/163522\/revisions"}],"predecessor-version":[{"id":163524,"href":"https:\/\/experienciadevida.com.ar\/portalurbano\/wp-json\/wp\/v2\/posts\/163522\/revisions\/163524"}],"wp:featuredmedia":[{"embeddable":true,"href":"https:\/\/experienciadevida.com.ar\/portalurbano\/wp-json\/wp\/v2\/media\/163523"}],"wp:attachment":[{"href":"https:\/\/experienciadevida.com.ar\/portalurbano\/wp-json\/wp\/v2\/media?parent=163522"}],"wp:term":[{"taxonomy":"category","embeddable":true,"href":"https:\/\/experienciadevida.com.ar\/portalurbano\/wp-json\/wp\/v2\/categories?post=163522"},{"taxonomy":"post_tag","embeddable":true,"href":"https:\/\/experienciadevida.com.ar\/portalurbano\/wp-json\/wp\/v2\/tags?post=163522"}],"curies":[{"name":"wp","href":"https:\/\/api.w.org\/{rel}","templated":true}]}}