{"id":163519,"date":"2022-03-16T10:38:57","date_gmt":"2022-03-16T13:38:57","guid":{"rendered":"https:\/\/experienciadevida.com.ar\/portalurbano\/?p=163519"},"modified":"2022-03-16T10:42:20","modified_gmt":"2022-03-16T13:42:20","slug":"los-vecinos-sienten-que-el-funcionario-les-miente-por-gacetilla","status":"publish","type":"post","link":"https:\/\/experienciadevida.com.ar\/portalurbano\/los-vecinos-sienten-que-el-funcionario-les-miente-por-gacetilla\/","title":{"rendered":"\u201cLos vecinos sienten que el Funcionario les miente por gacetilla&#8221;"},"content":{"rendered":"<p>\u201cLos vecinos sienten que el Funcionario les miente por gacetilla&#8221;, as\u00ed lo expres\u00f3 el Concejal del Bloque Foro Olavarr\u00eda &#8211; FR, Gast\u00f3n Sarachu, tras su visita a Colonia San Miguel y constatar la falta de trabajos de mantenimiento del Municipio en la localidad.<\/p>\n<p>El Concejal del Foro Olavarr\u00eda &#8211; Frente Renovador en el Frente de Todos,\u00a0 Gast\u00f3n Sarachu, recorri\u00f3 Colonia San Miguel en la tarde del martes y habl\u00f3 con vecinos de la localidad.<\/p>\n<p>El motivo de la visita de Sarachu fue constatar si efectivamente se realizaron los trabajos anunciados por la Subsecretar\u00eda de Gobierno\u00a0 a trav\u00e9s de la gacetilla de prensa Municipal y observ\u00f3 la continuidad de los problemas reclamados por los habitantes de la localidad.<\/p>\n<p>\u201cLos vecinos sienten que el funcionario Municipal les miente por gacetilla\u201d dijo el Concejal Sarachu tras el encuentro mantenido con vecinas y vecinos de Colonia San Miguel.<\/p>\n<p>\u201cNo se han hecho trabajos de arreglo de las calles, ni bacheo asf\u00e1ltico ni nuevo pavimento\u201d expres\u00f3 Sarachu.<\/p>\n<p>\u201cLos habitantes de la Colonia se sienten abandonados por el Municipio y no llegan las soluciones para la atenci\u00f3n m\u00e9dica y de enfermer\u00eda en la Sala\u201d, se\u00f1al\u00f3 el edil.<\/p>\n<p>El Concejal Sarachu se\u00f1al\u00f3 que los vecinos tambi\u00e9n le transmitieron la fuerte preocupaci\u00f3n por el cierre del Balneario Municipal, uno de los atractivos m\u00e1s importantes que tiene la localidad.<\/p>\n<p>Por \u00faltimo, el Concejal Sarachu record\u00f3 que el Concejo Deliberante hab\u00eda aprobado, en los \u00faltimos a\u00f1os, pedidos presentados por el ex Concejal Eduardo Rodr\u00edguez y la Concejala In\u00e9s Creimer y que los mismos no han tenido respuesta de la gesti\u00f3n Galli.<\/p>\n<p>Asimismo, en la \u00faltima sesi\u00f3n del HCD se aprob\u00f3 una Resoluci\u00f3n presentada por el Interbloque Frente de Todos solicitando al Intendente la realizaci\u00f3n de urgentes trabajos en Colonia San Miguel.<\/p>\n","protected":false},"excerpt":{"rendered":"<p>\u201cLos vecinos sienten que el Funcionario les miente por gacetilla&#8221;, as\u00ed lo expres\u00f3 el Concejal&#8230;<\/p>\n","protected":false},"author":1,"featured_media":163520,"comment_status":"closed","ping_status":"closed","sticky":false,"template":"","format":"standard","meta":{"content-type":""},"categories":[27,64],"tags":[],"nelio_content":{"isAutoShareEnabled":false,"autoShareEndMode":"default","automationSources":{"useContentSentences":true,"useSocialTemplates":true,"useCustomSentences":false,"customSentences":[]},"followers":[1],"suggestedReferences":[],"includedReferences":[],"efiUrl":"","efiAlt":"","highlights":[]},"yoast_head":"<!-- This site is optimized with the Yoast SEO plugin v20.7 - https:\/\/yoast.com\/wordpress\/plugins\/seo\/ -->\n<title>&quot;Los vecinos sienten que el funcionario les miente por gacetilla&quot;<\/title>\n<meta name=\"description\" content=\"\u201cLos vecinos sienten que el Funcionario les miente por gacetilla&quot;, as\u00ed lo expres\u00f3 el Concejal del Bloque Foro Olavarr\u00eda\" \/>\n<meta name=\"robots\" content=\"index, follow, max-snippet:-1, max-image-preview:large, max-video-preview:-1\" \/>\n<link rel=\"canonical\" href=\"https:\/\/experienciadevida.com.ar\/portalurbano\/los-vecinos-sienten-que-el-funcionario-les-miente-por-gacetilla\/\" \/>\n<meta property=\"og:locale\" content=\"es_ES\" \/>\n<meta property=\"og:type\" content=\"article\" \/>\n<meta property=\"og:title\" content=\"&quot;Los vecinos sienten que el funcionario les miente por gacetilla&quot;\" \/>\n<meta property=\"og:description\" content=\"\u201cLos vecinos sienten que el Funcionario les miente por gacetilla&quot;, as\u00ed lo expres\u00f3 el Concejal del Bloque Foro Olavarr\u00eda\" \/>\n<meta property=\"og:url\" content=\"https:\/\/experienciadevida.com.ar\/portalurbano\/los-vecinos-sienten-que-el-funcionario-les-miente-por-gacetilla\/\" \/>\n<meta property=\"article:publisher\" content=\"https:\/\/www.facebook.com\/Portal-Urbano-171542830093757\/\" \/>\n<meta property=\"article:published_time\" content=\"2022-03-16T13:38:57+00:00\" \/>\n<meta property=\"article:modified_time\" content=\"2022-03-16T13:42:20+00:00\" \/>\n<meta property=\"og:image\" content=\"https:\/\/experienciadevida.com.ar\/portalurbano\/wp-content\/uploads\/2022\/03\/Los-vecinos-sienten-que.jpeg\" \/>\n\t<meta property=\"og:image:width\" content=\"1280\" \/>\n\t<meta property=\"og:image:height\" content=\"960\" \/>\n\t<meta property=\"og:image:type\" content=\"image\/jpeg\" \/>\n<meta name=\"author\" content=\"admpu17wp\" \/>\n<meta name=\"twitter:card\" content=\"summary_large_image\" \/>\n<meta name=\"twitter:creator\" content=\"@portalurbanook\" \/>\n<meta name=\"twitter:site\" content=\"@portalurbanook\" \/>\n<meta name=\"twitter:label1\" content=\"Escrito por\" \/>\n\t<meta name=\"twitter:data1\" content=\"admpu17wp\" \/>\n\t<meta name=\"twitter:label2\" content=\"Tiempo de lectura\" \/>\n\t<meta name=\"twitter:data2\" content=\"2 minutos\" \/>\n<script type=\"application\/ld+json\" class=\"yoast-schema-graph\">{\"@context\":\"https:\/\/schema.org\",\"@graph\":[{\"@type\":\"Article\",\"@id\":\"https:\/\/experienciadevida.com.ar\/portalurbano\/los-vecinos-sienten-que-el-funcionario-les-miente-por-gacetilla\/#article\",\"isPartOf\":{\"@id\":\"https:\/\/experienciadevida.com.ar\/portalurbano\/los-vecinos-sienten-que-el-funcionario-les-miente-por-gacetilla\/\"},\"author\":{\"name\":\"admpu17wp\",\"@id\":\"https:\/\/experienciadevida.com.ar\/portalurbano\/#\/schema\/person\/02dd326b1c4b056e9cc972486934a3a7\"},\"headline\":\"\u201cLos vecinos sienten que el Funcionario les miente por gacetilla&#8221;\",\"datePublished\":\"2022-03-16T13:38:57+00:00\",\"dateModified\":\"2022-03-16T13:42:20+00:00\",\"mainEntityOfPage\":{\"@id\":\"https:\/\/experienciadevida.com.ar\/portalurbano\/los-vecinos-sienten-que-el-funcionario-les-miente-por-gacetilla\/\"},\"wordCount\":324,\"publisher\":{\"@id\":\"https:\/\/experienciadevida.com.ar\/portalurbano\/#organization\"},\"articleSection\":[\"Ciudad\",\"Destacadas 2\"],\"inLanguage\":\"es\"},{\"@type\":\"WebPage\",\"@id\":\"https:\/\/experienciadevida.com.ar\/portalurbano\/los-vecinos-sienten-que-el-funcionario-les-miente-por-gacetilla\/\",\"url\":\"https:\/\/experienciadevida.com.ar\/portalurbano\/los-vecinos-sienten-que-el-funcionario-les-miente-por-gacetilla\/\",\"name\":\"\\\"Los vecinos sienten que el funcionario les miente por gacetilla\\\"\",\"isPartOf\":{\"@id\":\"https:\/\/experienciadevida.com.ar\/portalurbano\/#website\"},\"datePublished\":\"2022-03-16T13:38:57+00:00\",\"dateModified\":\"2022-03-16T13:42:20+00:00\",\"description\":\"\u201cLos vecinos sienten que el Funcionario les miente por gacetilla\\\", as\u00ed lo expres\u00f3 el Concejal del Bloque Foro Olavarr\u00eda\",\"breadcrumb\":{\"@id\":\"https:\/\/experienciadevida.com.ar\/portalurbano\/los-vecinos-sienten-que-el-funcionario-les-miente-por-gacetilla\/#breadcrumb\"},\"inLanguage\":\"es\",\"potentialAction\":[{\"@type\":\"ReadAction\",\"target\":[\"https:\/\/experienciadevida.com.ar\/portalurbano\/los-vecinos-sienten-que-el-funcionario-les-miente-por-gacetilla\/\"]}]},{\"@type\":\"BreadcrumbList\",\"@id\":\"https:\/\/experienciadevida.com.ar\/portalurbano\/los-vecinos-sienten-que-el-funcionario-les-miente-por-gacetilla\/#breadcrumb\",\"itemListElement\":[{\"@type\":\"ListItem\",\"position\":1,\"name\":\"Portada\",\"item\":\"https:\/\/experienciadevida.com.ar\/portalurbano\/\"},{\"@type\":\"ListItem\",\"position\":2,\"name\":\"\u201cLos vecinos sienten que el Funcionario les miente por gacetilla\u00bb\"}]},{\"@type\":\"WebSite\",\"@id\":\"https:\/\/experienciadevida.com.ar\/portalurbano\/#website\",\"url\":\"https:\/\/experienciadevida.com.ar\/portalurbano\/\",\"name\":\"\",\"description\":\"\",\"publisher\":{\"@id\":\"https:\/\/experienciadevida.com.ar\/portalurbano\/#organization\"},\"potentialAction\":[{\"@type\":\"SearchAction\",\"target\":{\"@type\":\"EntryPoint\",\"urlTemplate\":\"https:\/\/experienciadevida.com.ar\/portalurbano\/?s={search_term_string}\"},\"query-input\":\"required name=search_term_string\"}],\"inLanguage\":\"es\"},{\"@type\":\"Organization\",\"@id\":\"https:\/\/experienciadevida.com.ar\/portalurbano\/#organization\",\"name\":\"Portal Urbano\",\"url\":\"https:\/\/experienciadevida.com.ar\/portalurbano\/\",\"logo\":{\"@type\":\"ImageObject\",\"inLanguage\":\"es\",\"@id\":\"https:\/\/experienciadevida.com.ar\/portalurbano\/#\/schema\/logo\/image\/\",\"url\":\"https:\/\/experienciadevida.com.ar\/portalurbano\/wp-content\/uploads\/2019\/09\/Logo-Original.png\",\"contentUrl\":\"https:\/\/experienciadevida.com.ar\/portalurbano\/wp-content\/uploads\/2019\/09\/Logo-Original.png\",\"width\":2236,\"height\":1216,\"caption\":\"Portal Urbano\"},\"image\":{\"@id\":\"https:\/\/experienciadevida.com.ar\/portalurbano\/#\/schema\/logo\/image\/\"},\"sameAs\":[\"https:\/\/www.facebook.com\/Portal-Urbano-171542830093757\/\",\"https:\/\/twitter.com\/portalurbanook\",\"https:\/\/www.instagram.com\/_portalurbano\/\",\"https:\/\/www.youtube.com\/channel\/UCXhagIfszH8KxFiOok79zbA?view_as=subscriber\"]},{\"@type\":\"Person\",\"@id\":\"https:\/\/experienciadevida.com.ar\/portalurbano\/#\/schema\/person\/02dd326b1c4b056e9cc972486934a3a7\",\"name\":\"admpu17wp\",\"image\":{\"@type\":\"ImageObject\",\"inLanguage\":\"es\",\"@id\":\"https:\/\/experienciadevida.com.ar\/portalurbano\/#\/schema\/person\/image\/\",\"url\":\"https:\/\/secure.gravatar.com\/avatar\/830d4c57adaae6630765e449a6908047?s=96&d=mm&r=g\",\"contentUrl\":\"https:\/\/secure.gravatar.com\/avatar\/830d4c57adaae6630765e449a6908047?s=96&d=mm&r=g\",\"caption\":\"admpu17wp\"}}]}<\/script>\n<!-- \/ Yoast SEO plugin. -->","yoast_head_json":{"title":"\"Los vecinos sienten que el funcionario les miente por gacetilla\"","description":"\u201cLos vecinos sienten que el Funcionario les miente por gacetilla\", as\u00ed lo expres\u00f3 el Concejal del Bloque Foro Olavarr\u00eda","robots":{"index":"index","follow":"follow","max-snippet":"max-snippet:-1","max-image-preview":"max-image-preview:large","max-video-preview":"max-video-preview:-1"},"canonical":"https:\/\/experienciadevida.com.ar\/portalurbano\/los-vecinos-sienten-que-el-funcionario-les-miente-por-gacetilla\/","og_locale":"es_ES","og_type":"article","og_title":"\"Los vecinos sienten que el funcionario les miente por gacetilla\"","og_description":"\u201cLos vecinos sienten que el Funcionario les miente por gacetilla\", as\u00ed lo expres\u00f3 el Concejal del Bloque Foro Olavarr\u00eda","og_url":"https:\/\/experienciadevida.com.ar\/portalurbano\/los-vecinos-sienten-que-el-funcionario-les-miente-por-gacetilla\/","article_publisher":"https:\/\/www.facebook.com\/Portal-Urbano-171542830093757\/","article_published_time":"2022-03-16T13:38:57+00:00","article_modified_time":"2022-03-16T13:42:20+00:00","og_image":[{"width":1280,"height":960,"url":"https:\/\/experienciadevida.com.ar\/portalurbano\/wp-content\/uploads\/2022\/03\/Los-vecinos-sienten-que.jpeg","type":"image\/jpeg"}],"author":"admpu17wp","twitter_card":"summary_large_image","twitter_creator":"@portalurbanook","twitter_site":"@portalurbanook","twitter_misc":{"Escrito por":"admpu17wp","Tiempo de lectura":"2 minutos"},"schema":{"@context":"https:\/\/schema.org","@graph":[{"@type":"Article","@id":"https:\/\/experienciadevida.com.ar\/portalurbano\/los-vecinos-sienten-que-el-funcionario-les-miente-por-gacetilla\/#article","isPartOf":{"@id":"https:\/\/experienciadevida.com.ar\/portalurbano\/los-vecinos-sienten-que-el-funcionario-les-miente-por-gacetilla\/"},"author":{"name":"admpu17wp","@id":"https:\/\/experienciadevida.com.ar\/portalurbano\/#\/schema\/person\/02dd326b1c4b056e9cc972486934a3a7"},"headline":"\u201cLos vecinos sienten que el Funcionario les miente por gacetilla&#8221;","datePublished":"2022-03-16T13:38:57+00:00","dateModified":"2022-03-16T13:42:20+00:00","mainEntityOfPage":{"@id":"https:\/\/experienciadevida.com.ar\/portalurbano\/los-vecinos-sienten-que-el-funcionario-les-miente-por-gacetilla\/"},"wordCount":324,"publisher":{"@id":"https:\/\/experienciadevida.com.ar\/portalurbano\/#organization"},"articleSection":["Ciudad","Destacadas 2"],"inLanguage":"es"},{"@type":"WebPage","@id":"https:\/\/experienciadevida.com.ar\/portalurbano\/los-vecinos-sienten-que-el-funcionario-les-miente-por-gacetilla\/","url":"https:\/\/experienciadevida.com.ar\/portalurbano\/los-vecinos-sienten-que-el-funcionario-les-miente-por-gacetilla\/","name":"\"Los vecinos sienten que el funcionario les miente por gacetilla\"","isPartOf":{"@id":"https:\/\/experienciadevida.com.ar\/portalurbano\/#website"},"datePublished":"2022-03-16T13:38:57+00:00","dateModified":"2022-03-16T13:42:20+00:00","description":"\u201cLos vecinos sienten que el Funcionario les miente por gacetilla\", as\u00ed lo expres\u00f3 el Concejal del Bloque Foro Olavarr\u00eda","breadcrumb":{"@id":"https:\/\/experienciadevida.com.ar\/portalurbano\/los-vecinos-sienten-que-el-funcionario-les-miente-por-gacetilla\/#breadcrumb"},"inLanguage":"es","potentialAction":[{"@type":"ReadAction","target":["https:\/\/experienciadevida.com.ar\/portalurbano\/los-vecinos-sienten-que-el-funcionario-les-miente-por-gacetilla\/"]}]},{"@type":"BreadcrumbList","@id":"https:\/\/experienciadevida.com.ar\/portalurbano\/los-vecinos-sienten-que-el-funcionario-les-miente-por-gacetilla\/#breadcrumb","itemListElement":[{"@type":"ListItem","position":1,"name":"Portada","item":"https:\/\/experienciadevida.com.ar\/portalurbano\/"},{"@type":"ListItem","position":2,"name":"\u201cLos vecinos sienten que el Funcionario les miente por gacetilla\u00bb"}]},{"@type":"WebSite","@id":"https:\/\/experienciadevida.com.ar\/portalurbano\/#website","url":"https:\/\/experienciadevida.com.ar\/portalurbano\/","name":"","description":"","publisher":{"@id":"https:\/\/experienciadevida.com.ar\/portalurbano\/#organization"},"potentialAction":[{"@type":"SearchAction","target":{"@type":"EntryPoint","urlTemplate":"https:\/\/experienciadevida.com.ar\/portalurbano\/?s={search_term_string}"},"query-input":"required name=search_term_string"}],"inLanguage":"es"},{"@type":"Organization","@id":"https:\/\/experienciadevida.com.ar\/portalurbano\/#organization","name":"Portal Urbano","url":"https:\/\/experienciadevida.com.ar\/portalurbano\/","logo":{"@type":"ImageObject","inLanguage":"es","@id":"https:\/\/experienciadevida.com.ar\/portalurbano\/#\/schema\/logo\/image\/","url":"https:\/\/experienciadevida.com.ar\/portalurbano\/wp-content\/uploads\/2019\/09\/Logo-Original.png","contentUrl":"https:\/\/experienciadevida.com.ar\/portalurbano\/wp-content\/uploads\/2019\/09\/Logo-Original.png","width":2236,"height":1216,"caption":"Portal Urbano"},"image":{"@id":"https:\/\/experienciadevida.com.ar\/portalurbano\/#\/schema\/logo\/image\/"},"sameAs":["https:\/\/www.facebook.com\/Portal-Urbano-171542830093757\/","https:\/\/twitter.com\/portalurbanook","https:\/\/www.instagram.com\/_portalurbano\/","https:\/\/www.youtube.com\/channel\/UCXhagIfszH8KxFiOok79zbA?view_as=subscriber"]},{"@type":"Person","@id":"https:\/\/experienciadevida.com.ar\/portalurbano\/#\/schema\/person\/02dd326b1c4b056e9cc972486934a3a7","name":"admpu17wp","image":{"@type":"ImageObject","inLanguage":"es","@id":"https:\/\/experienciadevida.com.ar\/portalurbano\/#\/schema\/person\/image\/","url":"https:\/\/secure.gravatar.com\/avatar\/830d4c57adaae6630765e449a6908047?s=96&d=mm&r=g","contentUrl":"https:\/\/secure.gravatar.com\/avatar\/830d4c57adaae6630765e449a6908047?s=96&d=mm&r=g","caption":"admpu17wp"}}]}},"featured_image_urls":{"full":["https:\/\/experienciadevida.com.ar\/portalurbano\/wp-content\/uploads\/2022\/03\/Los-vecinos-sienten-que.jpeg",1280,960,false],"thumbnail":["https:\/\/experienciadevida.com.ar\/portalurbano\/wp-content\/uploads\/2022\/03\/Los-vecinos-sienten-que-150x150.jpeg",150,150,true],"medium":["https:\/\/experienciadevida.com.ar\/portalurbano\/wp-content\/uploads\/2022\/03\/Los-vecinos-sienten-que-300x225.jpeg",300,225,true],"medium_large":["https:\/\/experienciadevida.com.ar\/portalurbano\/wp-content\/uploads\/2022\/03\/Los-vecinos-sienten-que-768x576.jpeg",640,480,true],"large":["https:\/\/experienciadevida.com.ar\/portalurbano\/wp-content\/uploads\/2022\/03\/Los-vecinos-sienten-que-1024x768.jpeg",640,480,true],"ug_big":["https:\/\/experienciadevida.com.ar\/portalurbano\/wp-content\/uploads\/2022\/03\/Los-vecinos-sienten-que-768x576.jpeg",768,576,true],"1536x1536":["https:\/\/experienciadevida.com.ar\/portalurbano\/wp-content\/uploads\/2022\/03\/Los-vecinos-sienten-que.jpeg",1280,960,false],"2048x2048":["https:\/\/experienciadevida.com.ar\/portalurbano\/wp-content\/uploads\/2022\/03\/Los-vecinos-sienten-que.jpeg",1280,960,false],"newsever-slider-full":["https:\/\/experienciadevida.com.ar\/portalurbano\/wp-content\/uploads\/2022\/03\/Los-vecinos-sienten-que.jpeg",1127,845,false],"newsever-featured":["https:\/\/experienciadevida.com.ar\/portalurbano\/wp-content\/uploads\/2022\/03\/Los-vecinos-sienten-que.jpeg",1024,768,false],"newsever-medium":["https:\/\/experienciadevida.com.ar\/portalurbano\/wp-content\/uploads\/2022\/03\/Los-vecinos-sienten-que.jpeg",633,475,false],"web-stories-poster-portrait":["https:\/\/experienciadevida.com.ar\/portalurbano\/wp-content\/uploads\/2022\/03\/Los-vecinos-sienten-que.jpeg",640,480,false],"web-stories-publisher-logo":["https:\/\/experienciadevida.com.ar\/portalurbano\/wp-content\/uploads\/2022\/03\/Los-vecinos-sienten-que.jpeg",96,72,false],"web-stories-thumbnail":["https:\/\/experienciadevida.com.ar\/portalurbano\/wp-content\/uploads\/2022\/03\/Los-vecinos-sienten-que.jpeg",150,113,false]},"author_info":{"display_name":"admpu17wp","author_link":"https:\/\/experienciadevida.com.ar\/portalurbano\/author\/admpu17wp\/"},"category_info":"<a href=\"https:\/\/experienciadevida.com.ar\/portalurbano\/category\/ciudad\/\" rel=\"category tag\">Ciudad<\/a> <a href=\"https:\/\/experienciadevida.com.ar\/portalurbano\/category\/destacadas-2\/\" rel=\"category tag\">Destacadas 2<\/a>","tag_info":"Destacadas 2","comment_count":"0","amp_enabled":true,"_links":{"self":[{"href":"https:\/\/experienciadevida.com.ar\/portalurbano\/wp-json\/wp\/v2\/posts\/163519"}],"collection":[{"href":"https:\/\/experienciadevida.com.ar\/portalurbano\/wp-json\/wp\/v2\/posts"}],"about":[{"href":"https:\/\/experienciadevida.com.ar\/portalurbano\/wp-json\/wp\/v2\/types\/post"}],"author":[{"embeddable":true,"href":"https:\/\/experienciadevida.com.ar\/portalurbano\/wp-json\/wp\/v2\/users\/1"}],"replies":[{"embeddable":true,"href":"https:\/\/experienciadevida.com.ar\/portalurbano\/wp-json\/wp\/v2\/comments?post=163519"}],"version-history":[{"count":1,"href":"https:\/\/experienciadevida.com.ar\/portalurbano\/wp-json\/wp\/v2\/posts\/163519\/revisions"}],"predecessor-version":[{"id":163521,"href":"https:\/\/experienciadevida.com.ar\/portalurbano\/wp-json\/wp\/v2\/posts\/163519\/revisions\/163521"}],"wp:featuredmedia":[{"embeddable":true,"href":"https:\/\/experienciadevida.com.ar\/portalurbano\/wp-json\/wp\/v2\/media\/163520"}],"wp:attachment":[{"href":"https:\/\/experienciadevida.com.ar\/portalurbano\/wp-json\/wp\/v2\/media?parent=163519"}],"wp:term":[{"taxonomy":"category","embeddable":true,"href":"https:\/\/experienciadevida.com.ar\/portalurbano\/wp-json\/wp\/v2\/categories?post=163519"},{"taxonomy":"post_tag","embeddable":true,"href":"https:\/\/experienciadevida.com.ar\/portalurbano\/wp-json\/wp\/v2\/tags?post=163519"}],"curies":[{"name":"wp","href":"https:\/\/api.w.org\/{rel}","templated":true}]}}