{"id":163514,"date":"2022-03-16T10:03:10","date_gmt":"2022-03-16T13:03:10","guid":{"rendered":"https:\/\/experienciadevida.com.ar\/portalurbano\/?p=163514"},"modified":"2022-03-16T10:03:41","modified_gmt":"2022-03-16T13:03:41","slug":"segunda-jura-de-matriculados-las-instituciones-se-consolidan-y-fortalecen-escuchando-a-quienes-las-integran","status":"publish","type":"post","link":"https:\/\/experienciadevida.com.ar\/portalurbano\/segunda-jura-de-matriculados-las-instituciones-se-consolidan-y-fortalecen-escuchando-a-quienes-las-integran\/","title":{"rendered":"Segunda jura de matriculados: \u201cLas instituciones se consolidan y fortalecen escuchando a quienes las integran\u201d"},"content":{"rendered":"<p>Segunda jura de matriculados: \u201cLas instituciones se consolidan y fortalecen escuchando a quienes las integran\u201d, el Colegio de Abogados del Departamento Judicial de Azul sum\u00f3, este mediod\u00eda, 20 nuevos profesionales que juraron como nuevos matriculados, matriculadas y procuradoras de la instituci\u00f3n. El acto, que tuvo lugar bajo la modalidad virtual, fue presidido por su presidente, Dr. Gast\u00f3n <a href=\"https:\/\/www.instagram.com\/gastonargeri\/?hl=es-la\">Argeri<\/a>, quien estuvo acompa\u00f1ado por el secretario del Consejo Directivo, Dr. Mauro Grandicelli.<\/p>\n<p>\u201c\u00c9sta es la segunda jura del a\u00f1o y ya somos casi medio centenar m\u00e1s de matriculados y matriculadas: siempre es una alegr\u00eda para quienes trabajamos por una instituci\u00f3n, por un Colegio de puertas abiertas que se sumen nuevos profesionales de la abogac\u00eda; con todo lo que eso conlleva, una enorme responsabilidad. Ante ustedes, primero, porque las instituciones se consolidan y fortalecen si son capaces de mirar, entender y atender las necesidades de quienes las integran. Pero tambi\u00e9n, y fundamentalmente, ante la sociedad de la que somos parte: all\u00ed es donde tenemos que dar las batallas cotidianas, defendiendo una abogac\u00eda que trabaje por una justicia m\u00e1s cerca de la gente.<\/p>\n<p>Los Colegios de Abogados y Abogadas debemos ser espacios donde nos pensamos como profesionales y qu\u00e9 trayectos nos trazamos para garantizar la \u00e9tica y transparencia de nuestro ejercicio diario. Desde que asumi\u00f3 la actual gesti\u00f3n, nuestros matriculados y matriculadas han sido parte primordial de las prioridades trazadas. Las capacitaciones y actualizaciones en jurisprudencia de distintos fueros, las charlas sobre temas de agenda son herramientas claves que hemos puesto al servicio de quienes integramos este Colegio. Se ampli\u00f3 en gran escala el servicio gratuito de bolsines \u2013 un correo interno y exclusivo &#8211; que permite el env\u00edo de documentaci\u00f3n y material bibliogr\u00e1fico a todos los rincones de este extenso territorio departamental, y el tr\u00e1mite de la firma digital: en un a\u00f1o, m\u00e1s de 1000 profesionales accedieron en los puntos fijos y m\u00f3viles que establecimos para que pudieran alcanzar f\u00e1cilmente ese beneficio.<\/p>\n<p>Nos toca entre todos y todas, trabajar todos los d\u00edas por convertirnos en leg\u00edtimos portavoces de una comunidad que exige de los poderes p\u00fablicos medidas y leyes protectorias e inclusivas. Aprender a escuchar y a acompa\u00f1ar a quien acude a nosotros en busca de una soluci\u00f3n a un derecho vulnerado no solo nos convierte en mejores abogados y abogadas, sino tambi\u00e9n en mejores ciudadanos que, en definitiva, es el m\u00e9rito individual que podemos sumar en la construcci\u00f3n de una mejor respuesta colectiva a los problemas de esta sociedad.<\/p>\n<p>No hay defensa del estado social y democr\u00e1tico de derecho sin una f\u00e9rrea defensa de los derechos humanos: en esa construcci\u00f3n inclusiva, participativa y democratizadora que intentamos hacer desde este Colegio estamos tendiendo puentes hacia la comunidad de la que somos parte. Y para eso los necesitamos a ustedes. Bienvenidos y bienvenidas.\u201d<\/p>\n<p><strong>Nuevos matriculados, matriculadas y procuradoras<\/strong><\/p>\n<p>Dra. Ana Laura Izarriaga (Olavarr\u00eda)<br \/>\nDra. Francina Pessotano (General Alvear)<br \/>\nDra. P\u00eda Di Giano (Las Flores)<br \/>\nDra.Agustina P\u00e9rez Mauhourat (Tandil)<br \/>\nDra. Agustina Soledad Aimino (Tandil)<br \/>\nDRa. Isabel del Valle Bellido (Olavarr\u00eda)<br \/>\nDra. Luc\u00eda Waimann (Olavarr\u00eda)<br \/>\nDra. Luz Mar\u00eda Genitti (Azul)<br \/>\nDra, Mar\u00eda Victoria Diger\u00f3nimo (Olavarr\u00eda)<br \/>\nDra. Mar\u00eda Andrea Ponce (Olavarr\u00eda)<br \/>\nDra. Roc\u00edo Soledad Est\u00e9vez (Tandil)<br \/>\nDr. Agust\u00edn Gaspar Fava (Tandil)<br \/>\nDr. Kevin Recofsky (Las Flores)<br \/>\nDra. Giuliana Testa (Tandil)<br \/>\nDr. Leonardo Andr\u00e9s Tassaroli (Tandil)<br \/>\nDr. Facundo Florimonte Moccero (Azul)<br \/>\nDr. Gast\u00f3n Oscar Cabreros (Bol\u00edvar)<br \/>\nDr. Mart\u00edn Labarrieta (Olavarr\u00eda)<br \/>\nProc. Macarena Julia Cruz (Tandil)<br \/>\nProc. Ruth Josefina Telechea (Bol\u00edvar)<\/p>\n<p>&nbsp;<\/p>\n","protected":false},"excerpt":{"rendered":"<p>Segunda jura de matriculados: \u201cLas instituciones se consolidan y fortalecen escuchando a quienes las integran\u201d,&#8230;<\/p>\n","protected":false},"author":1,"featured_media":163515,"comment_status":"closed","ping_status":"closed","sticky":false,"template":"","format":"standard","meta":{"content-type":""},"categories":[31],"tags":[],"nelio_content":{"isAutoShareEnabled":false,"autoShareEndMode":"default","automationSources":{"useContentSentences":true,"useSocialTemplates":true,"useCustomSentences":false,"customSentences":[]},"followers":[1],"suggestedReferences":[],"includedReferences":["https:\/\/www.instagram.com\/gastonargeri\/?hl=es-la"],"efiUrl":"","efiAlt":"","highlights":[]},"yoast_head":"<!-- This site is optimized with the Yoast SEO plugin v20.7 - https:\/\/yoast.com\/wordpress\/plugins\/seo\/ -->\n<title>Segunda jura de matriculados: &quot;Las instituciones se consolidan&quot;<\/title>\n<meta name=\"description\" content=\"Segunda jura de matriculados: \u201cLas instituciones se consolidan y fortalecen escuchando a quienes las integran\u201d,\" \/>\n<meta name=\"robots\" content=\"index, follow, max-snippet:-1, max-image-preview:large, max-video-preview:-1\" \/>\n<link rel=\"canonical\" href=\"https:\/\/experienciadevida.com.ar\/portalurbano\/segunda-jura-de-matriculados-las-instituciones-se-consolidan-y-fortalecen-escuchando-a-quienes-las-integran\/\" \/>\n<meta property=\"og:locale\" content=\"es_ES\" \/>\n<meta property=\"og:type\" content=\"article\" \/>\n<meta property=\"og:title\" content=\"Segunda jura de matriculados: &quot;Las instituciones se consolidan&quot;\" \/>\n<meta property=\"og:description\" content=\"Segunda jura de matriculados: \u201cLas instituciones se consolidan y fortalecen escuchando a quienes las integran\u201d,\" \/>\n<meta property=\"og:url\" content=\"https:\/\/experienciadevida.com.ar\/portalurbano\/segunda-jura-de-matriculados-las-instituciones-se-consolidan-y-fortalecen-escuchando-a-quienes-las-integran\/\" \/>\n<meta property=\"article:publisher\" content=\"https:\/\/www.facebook.com\/Portal-Urbano-171542830093757\/\" \/>\n<meta property=\"article:published_time\" content=\"2022-03-16T13:03:10+00:00\" \/>\n<meta property=\"article:modified_time\" content=\"2022-03-16T13:03:41+00:00\" \/>\n<meta property=\"og:image\" content=\"https:\/\/experienciadevida.com.ar\/portalurbano\/wp-content\/uploads\/2022\/03\/Segunda-jura-de-matriculados.jpg\" \/>\n\t<meta property=\"og:image:width\" content=\"1280\" \/>\n\t<meta property=\"og:image:height\" content=\"719\" \/>\n\t<meta property=\"og:image:type\" content=\"image\/jpeg\" \/>\n<meta name=\"author\" content=\"admpu17wp\" \/>\n<meta name=\"twitter:card\" content=\"summary_large_image\" \/>\n<meta name=\"twitter:creator\" content=\"@portalurbanook\" \/>\n<meta name=\"twitter:site\" content=\"@portalurbanook\" \/>\n<meta name=\"twitter:label1\" content=\"Escrito por\" \/>\n\t<meta name=\"twitter:data1\" content=\"admpu17wp\" \/>\n\t<meta name=\"twitter:label2\" content=\"Tiempo de lectura\" \/>\n\t<meta name=\"twitter:data2\" content=\"3 minutos\" \/>\n<script type=\"application\/ld+json\" class=\"yoast-schema-graph\">{\"@context\":\"https:\/\/schema.org\",\"@graph\":[{\"@type\":\"Article\",\"@id\":\"https:\/\/experienciadevida.com.ar\/portalurbano\/segunda-jura-de-matriculados-las-instituciones-se-consolidan-y-fortalecen-escuchando-a-quienes-las-integran\/#article\",\"isPartOf\":{\"@id\":\"https:\/\/experienciadevida.com.ar\/portalurbano\/segunda-jura-de-matriculados-las-instituciones-se-consolidan-y-fortalecen-escuchando-a-quienes-las-integran\/\"},\"author\":{\"name\":\"admpu17wp\",\"@id\":\"https:\/\/experienciadevida.com.ar\/portalurbano\/#\/schema\/person\/02dd326b1c4b056e9cc972486934a3a7\"},\"headline\":\"Segunda jura de matriculados: \u201cLas instituciones se consolidan y fortalecen escuchando a quienes las integran\u201d\",\"datePublished\":\"2022-03-16T13:03:10+00:00\",\"dateModified\":\"2022-03-16T13:03:41+00:00\",\"mainEntityOfPage\":{\"@id\":\"https:\/\/experienciadevida.com.ar\/portalurbano\/segunda-jura-de-matriculados-las-instituciones-se-consolidan-y-fortalecen-escuchando-a-quienes-las-integran\/\"},\"wordCount\":629,\"publisher\":{\"@id\":\"https:\/\/experienciadevida.com.ar\/portalurbano\/#organization\"},\"articleSection\":[\"Educaci\u00f3n\"],\"inLanguage\":\"es\"},{\"@type\":\"WebPage\",\"@id\":\"https:\/\/experienciadevida.com.ar\/portalurbano\/segunda-jura-de-matriculados-las-instituciones-se-consolidan-y-fortalecen-escuchando-a-quienes-las-integran\/\",\"url\":\"https:\/\/experienciadevida.com.ar\/portalurbano\/segunda-jura-de-matriculados-las-instituciones-se-consolidan-y-fortalecen-escuchando-a-quienes-las-integran\/\",\"name\":\"Segunda jura de matriculados: \\\"Las instituciones se consolidan\\\"\",\"isPartOf\":{\"@id\":\"https:\/\/experienciadevida.com.ar\/portalurbano\/#website\"},\"datePublished\":\"2022-03-16T13:03:10+00:00\",\"dateModified\":\"2022-03-16T13:03:41+00:00\",\"description\":\"Segunda jura de matriculados: \u201cLas instituciones se consolidan y fortalecen escuchando a quienes las integran\u201d,\",\"breadcrumb\":{\"@id\":\"https:\/\/experienciadevida.com.ar\/portalurbano\/segunda-jura-de-matriculados-las-instituciones-se-consolidan-y-fortalecen-escuchando-a-quienes-las-integran\/#breadcrumb\"},\"inLanguage\":\"es\",\"potentialAction\":[{\"@type\":\"ReadAction\",\"target\":[\"https:\/\/experienciadevida.com.ar\/portalurbano\/segunda-jura-de-matriculados-las-instituciones-se-consolidan-y-fortalecen-escuchando-a-quienes-las-integran\/\"]}]},{\"@type\":\"BreadcrumbList\",\"@id\":\"https:\/\/experienciadevida.com.ar\/portalurbano\/segunda-jura-de-matriculados-las-instituciones-se-consolidan-y-fortalecen-escuchando-a-quienes-las-integran\/#breadcrumb\",\"itemListElement\":[{\"@type\":\"ListItem\",\"position\":1,\"name\":\"Portada\",\"item\":\"https:\/\/experienciadevida.com.ar\/portalurbano\/\"},{\"@type\":\"ListItem\",\"position\":2,\"name\":\"Segunda jura de matriculados: \u201cLas instituciones se consolidan y fortalecen escuchando a quienes las integran\u201d\"}]},{\"@type\":\"WebSite\",\"@id\":\"https:\/\/experienciadevida.com.ar\/portalurbano\/#website\",\"url\":\"https:\/\/experienciadevida.com.ar\/portalurbano\/\",\"name\":\"\",\"description\":\"\",\"publisher\":{\"@id\":\"https:\/\/experienciadevida.com.ar\/portalurbano\/#organization\"},\"potentialAction\":[{\"@type\":\"SearchAction\",\"target\":{\"@type\":\"EntryPoint\",\"urlTemplate\":\"https:\/\/experienciadevida.com.ar\/portalurbano\/?s={search_term_string}\"},\"query-input\":\"required name=search_term_string\"}],\"inLanguage\":\"es\"},{\"@type\":\"Organization\",\"@id\":\"https:\/\/experienciadevida.com.ar\/portalurbano\/#organization\",\"name\":\"Portal Urbano\",\"url\":\"https:\/\/experienciadevida.com.ar\/portalurbano\/\",\"logo\":{\"@type\":\"ImageObject\",\"inLanguage\":\"es\",\"@id\":\"https:\/\/experienciadevida.com.ar\/portalurbano\/#\/schema\/logo\/image\/\",\"url\":\"https:\/\/experienciadevida.com.ar\/portalurbano\/wp-content\/uploads\/2019\/09\/Logo-Original.png\",\"contentUrl\":\"https:\/\/experienciadevida.com.ar\/portalurbano\/wp-content\/uploads\/2019\/09\/Logo-Original.png\",\"width\":2236,\"height\":1216,\"caption\":\"Portal Urbano\"},\"image\":{\"@id\":\"https:\/\/experienciadevida.com.ar\/portalurbano\/#\/schema\/logo\/image\/\"},\"sameAs\":[\"https:\/\/www.facebook.com\/Portal-Urbano-171542830093757\/\",\"https:\/\/twitter.com\/portalurbanook\",\"https:\/\/www.instagram.com\/_portalurbano\/\",\"https:\/\/www.youtube.com\/channel\/UCXhagIfszH8KxFiOok79zbA?view_as=subscriber\"]},{\"@type\":\"Person\",\"@id\":\"https:\/\/experienciadevida.com.ar\/portalurbano\/#\/schema\/person\/02dd326b1c4b056e9cc972486934a3a7\",\"name\":\"admpu17wp\",\"image\":{\"@type\":\"ImageObject\",\"inLanguage\":\"es\",\"@id\":\"https:\/\/experienciadevida.com.ar\/portalurbano\/#\/schema\/person\/image\/\",\"url\":\"https:\/\/secure.gravatar.com\/avatar\/830d4c57adaae6630765e449a6908047?s=96&d=mm&r=g\",\"contentUrl\":\"https:\/\/secure.gravatar.com\/avatar\/830d4c57adaae6630765e449a6908047?s=96&d=mm&r=g\",\"caption\":\"admpu17wp\"}}]}<\/script>\n<!-- \/ Yoast SEO plugin. -->","yoast_head_json":{"title":"Segunda jura de matriculados: \"Las instituciones se consolidan\"","description":"Segunda jura de matriculados: \u201cLas instituciones se consolidan y fortalecen escuchando a quienes las integran\u201d,","robots":{"index":"index","follow":"follow","max-snippet":"max-snippet:-1","max-image-preview":"max-image-preview:large","max-video-preview":"max-video-preview:-1"},"canonical":"https:\/\/experienciadevida.com.ar\/portalurbano\/segunda-jura-de-matriculados-las-instituciones-se-consolidan-y-fortalecen-escuchando-a-quienes-las-integran\/","og_locale":"es_ES","og_type":"article","og_title":"Segunda jura de matriculados: \"Las instituciones se consolidan\"","og_description":"Segunda jura de matriculados: \u201cLas instituciones se consolidan y fortalecen escuchando a quienes las integran\u201d,","og_url":"https:\/\/experienciadevida.com.ar\/portalurbano\/segunda-jura-de-matriculados-las-instituciones-se-consolidan-y-fortalecen-escuchando-a-quienes-las-integran\/","article_publisher":"https:\/\/www.facebook.com\/Portal-Urbano-171542830093757\/","article_published_time":"2022-03-16T13:03:10+00:00","article_modified_time":"2022-03-16T13:03:41+00:00","og_image":[{"width":1280,"height":719,"url":"https:\/\/experienciadevida.com.ar\/portalurbano\/wp-content\/uploads\/2022\/03\/Segunda-jura-de-matriculados.jpg","type":"image\/jpeg"}],"author":"admpu17wp","twitter_card":"summary_large_image","twitter_creator":"@portalurbanook","twitter_site":"@portalurbanook","twitter_misc":{"Escrito por":"admpu17wp","Tiempo de lectura":"3 minutos"},"schema":{"@context":"https:\/\/schema.org","@graph":[{"@type":"Article","@id":"https:\/\/experienciadevida.com.ar\/portalurbano\/segunda-jura-de-matriculados-las-instituciones-se-consolidan-y-fortalecen-escuchando-a-quienes-las-integran\/#article","isPartOf":{"@id":"https:\/\/experienciadevida.com.ar\/portalurbano\/segunda-jura-de-matriculados-las-instituciones-se-consolidan-y-fortalecen-escuchando-a-quienes-las-integran\/"},"author":{"name":"admpu17wp","@id":"https:\/\/experienciadevida.com.ar\/portalurbano\/#\/schema\/person\/02dd326b1c4b056e9cc972486934a3a7"},"headline":"Segunda jura de matriculados: \u201cLas instituciones se consolidan y fortalecen escuchando a quienes las integran\u201d","datePublished":"2022-03-16T13:03:10+00:00","dateModified":"2022-03-16T13:03:41+00:00","mainEntityOfPage":{"@id":"https:\/\/experienciadevida.com.ar\/portalurbano\/segunda-jura-de-matriculados-las-instituciones-se-consolidan-y-fortalecen-escuchando-a-quienes-las-integran\/"},"wordCount":629,"publisher":{"@id":"https:\/\/experienciadevida.com.ar\/portalurbano\/#organization"},"articleSection":["Educaci\u00f3n"],"inLanguage":"es"},{"@type":"WebPage","@id":"https:\/\/experienciadevida.com.ar\/portalurbano\/segunda-jura-de-matriculados-las-instituciones-se-consolidan-y-fortalecen-escuchando-a-quienes-las-integran\/","url":"https:\/\/experienciadevida.com.ar\/portalurbano\/segunda-jura-de-matriculados-las-instituciones-se-consolidan-y-fortalecen-escuchando-a-quienes-las-integran\/","name":"Segunda jura de matriculados: \"Las instituciones se consolidan\"","isPartOf":{"@id":"https:\/\/experienciadevida.com.ar\/portalurbano\/#website"},"datePublished":"2022-03-16T13:03:10+00:00","dateModified":"2022-03-16T13:03:41+00:00","description":"Segunda jura de matriculados: \u201cLas instituciones se consolidan y fortalecen escuchando a quienes las integran\u201d,","breadcrumb":{"@id":"https:\/\/experienciadevida.com.ar\/portalurbano\/segunda-jura-de-matriculados-las-instituciones-se-consolidan-y-fortalecen-escuchando-a-quienes-las-integran\/#breadcrumb"},"inLanguage":"es","potentialAction":[{"@type":"ReadAction","target":["https:\/\/experienciadevida.com.ar\/portalurbano\/segunda-jura-de-matriculados-las-instituciones-se-consolidan-y-fortalecen-escuchando-a-quienes-las-integran\/"]}]},{"@type":"BreadcrumbList","@id":"https:\/\/experienciadevida.com.ar\/portalurbano\/segunda-jura-de-matriculados-las-instituciones-se-consolidan-y-fortalecen-escuchando-a-quienes-las-integran\/#breadcrumb","itemListElement":[{"@type":"ListItem","position":1,"name":"Portada","item":"https:\/\/experienciadevida.com.ar\/portalurbano\/"},{"@type":"ListItem","position":2,"name":"Segunda jura de matriculados: \u201cLas instituciones se consolidan y fortalecen escuchando a quienes las integran\u201d"}]},{"@type":"WebSite","@id":"https:\/\/experienciadevida.com.ar\/portalurbano\/#website","url":"https:\/\/experienciadevida.com.ar\/portalurbano\/","name":"","description":"","publisher":{"@id":"https:\/\/experienciadevida.com.ar\/portalurbano\/#organization"},"potentialAction":[{"@type":"SearchAction","target":{"@type":"EntryPoint","urlTemplate":"https:\/\/experienciadevida.com.ar\/portalurbano\/?s={search_term_string}"},"query-input":"required name=search_term_string"}],"inLanguage":"es"},{"@type":"Organization","@id":"https:\/\/experienciadevida.com.ar\/portalurbano\/#organization","name":"Portal Urbano","url":"https:\/\/experienciadevida.com.ar\/portalurbano\/","logo":{"@type":"ImageObject","inLanguage":"es","@id":"https:\/\/experienciadevida.com.ar\/portalurbano\/#\/schema\/logo\/image\/","url":"https:\/\/experienciadevida.com.ar\/portalurbano\/wp-content\/uploads\/2019\/09\/Logo-Original.png","contentUrl":"https:\/\/experienciadevida.com.ar\/portalurbano\/wp-content\/uploads\/2019\/09\/Logo-Original.png","width":2236,"height":1216,"caption":"Portal Urbano"},"image":{"@id":"https:\/\/experienciadevida.com.ar\/portalurbano\/#\/schema\/logo\/image\/"},"sameAs":["https:\/\/www.facebook.com\/Portal-Urbano-171542830093757\/","https:\/\/twitter.com\/portalurbanook","https:\/\/www.instagram.com\/_portalurbano\/","https:\/\/www.youtube.com\/channel\/UCXhagIfszH8KxFiOok79zbA?view_as=subscriber"]},{"@type":"Person","@id":"https:\/\/experienciadevida.com.ar\/portalurbano\/#\/schema\/person\/02dd326b1c4b056e9cc972486934a3a7","name":"admpu17wp","image":{"@type":"ImageObject","inLanguage":"es","@id":"https:\/\/experienciadevida.com.ar\/portalurbano\/#\/schema\/person\/image\/","url":"https:\/\/secure.gravatar.com\/avatar\/830d4c57adaae6630765e449a6908047?s=96&d=mm&r=g","contentUrl":"https:\/\/secure.gravatar.com\/avatar\/830d4c57adaae6630765e449a6908047?s=96&d=mm&r=g","caption":"admpu17wp"}}]}},"featured_image_urls":{"full":["https:\/\/experienciadevida.com.ar\/portalurbano\/wp-content\/uploads\/2022\/03\/Segunda-jura-de-matriculados.jpg",1280,719,false],"thumbnail":["https:\/\/experienciadevida.com.ar\/portalurbano\/wp-content\/uploads\/2022\/03\/Segunda-jura-de-matriculados-150x150.jpg",150,150,true],"medium":["https:\/\/experienciadevida.com.ar\/portalurbano\/wp-content\/uploads\/2022\/03\/Segunda-jura-de-matriculados-300x169.jpg",300,169,true],"medium_large":["https:\/\/experienciadevida.com.ar\/portalurbano\/wp-content\/uploads\/2022\/03\/Segunda-jura-de-matriculados-768x431.jpg",640,359,true],"large":["https:\/\/experienciadevida.com.ar\/portalurbano\/wp-content\/uploads\/2022\/03\/Segunda-jura-de-matriculados-1024x575.jpg",640,359,true],"ug_big":["https:\/\/experienciadevida.com.ar\/portalurbano\/wp-content\/uploads\/2022\/03\/Segunda-jura-de-matriculados-768x431.jpg",768,431,true],"1536x1536":["https:\/\/experienciadevida.com.ar\/portalurbano\/wp-content\/uploads\/2022\/03\/Segunda-jura-de-matriculados.jpg",1280,719,false],"2048x2048":["https:\/\/experienciadevida.com.ar\/portalurbano\/wp-content\/uploads\/2022\/03\/Segunda-jura-de-matriculados.jpg",1280,719,false],"newsever-slider-full":["https:\/\/experienciadevida.com.ar\/portalurbano\/wp-content\/uploads\/2022\/03\/Segunda-jura-de-matriculados.jpg",1280,719,false],"newsever-featured":["https:\/\/experienciadevida.com.ar\/portalurbano\/wp-content\/uploads\/2022\/03\/Segunda-jura-de-matriculados.jpg",1024,575,false],"newsever-medium":["https:\/\/experienciadevida.com.ar\/portalurbano\/wp-content\/uploads\/2022\/03\/Segunda-jura-de-matriculados.jpg",720,404,false],"web-stories-poster-portrait":["https:\/\/experienciadevida.com.ar\/portalurbano\/wp-content\/uploads\/2022\/03\/Segunda-jura-de-matriculados.jpg",640,360,false],"web-stories-publisher-logo":["https:\/\/experienciadevida.com.ar\/portalurbano\/wp-content\/uploads\/2022\/03\/Segunda-jura-de-matriculados.jpg",96,54,false],"web-stories-thumbnail":["https:\/\/experienciadevida.com.ar\/portalurbano\/wp-content\/uploads\/2022\/03\/Segunda-jura-de-matriculados.jpg",150,84,false]},"author_info":{"display_name":"admpu17wp","author_link":"https:\/\/experienciadevida.com.ar\/portalurbano\/author\/admpu17wp\/"},"category_info":"<a href=\"https:\/\/experienciadevida.com.ar\/portalurbano\/category\/ciudad\/educacion\/\" rel=\"category tag\">Educaci\u00f3n<\/a>","tag_info":"Educaci\u00f3n","comment_count":"0","amp_enabled":true,"_links":{"self":[{"href":"https:\/\/experienciadevida.com.ar\/portalurbano\/wp-json\/wp\/v2\/posts\/163514"}],"collection":[{"href":"https:\/\/experienciadevida.com.ar\/portalurbano\/wp-json\/wp\/v2\/posts"}],"about":[{"href":"https:\/\/experienciadevida.com.ar\/portalurbano\/wp-json\/wp\/v2\/types\/post"}],"author":[{"embeddable":true,"href":"https:\/\/experienciadevida.com.ar\/portalurbano\/wp-json\/wp\/v2\/users\/1"}],"replies":[{"embeddable":true,"href":"https:\/\/experienciadevida.com.ar\/portalurbano\/wp-json\/wp\/v2\/comments?post=163514"}],"version-history":[{"count":1,"href":"https:\/\/experienciadevida.com.ar\/portalurbano\/wp-json\/wp\/v2\/posts\/163514\/revisions"}],"predecessor-version":[{"id":163516,"href":"https:\/\/experienciadevida.com.ar\/portalurbano\/wp-json\/wp\/v2\/posts\/163514\/revisions\/163516"}],"wp:featuredmedia":[{"embeddable":true,"href":"https:\/\/experienciadevida.com.ar\/portalurbano\/wp-json\/wp\/v2\/media\/163515"}],"wp:attachment":[{"href":"https:\/\/experienciadevida.com.ar\/portalurbano\/wp-json\/wp\/v2\/media?parent=163514"}],"wp:term":[{"taxonomy":"category","embeddable":true,"href":"https:\/\/experienciadevida.com.ar\/portalurbano\/wp-json\/wp\/v2\/categories?post=163514"},{"taxonomy":"post_tag","embeddable":true,"href":"https:\/\/experienciadevida.com.ar\/portalurbano\/wp-json\/wp\/v2\/tags?post=163514"}],"curies":[{"name":"wp","href":"https:\/\/api.w.org\/{rel}","templated":true}]}}