{"id":163493,"date":"2022-03-15T15:32:21","date_gmt":"2022-03-15T18:32:21","guid":{"rendered":"https:\/\/experienciadevida.com.ar\/portalurbano\/?p=163493"},"modified":"2022-03-15T15:33:43","modified_gmt":"2022-03-15T18:33:43","slug":"desarrollo-economico-continua-el-calendario-de-visitas-a-locales-comerciales","status":"publish","type":"post","link":"https:\/\/experienciadevida.com.ar\/portalurbano\/desarrollo-economico-continua-el-calendario-de-visitas-a-locales-comerciales\/","title":{"rendered":"Desarrollo Econ\u00f3mico: contin\u00faa el calendario de visitas a locales comerciales"},"content":{"rendered":"<p>Desarrollo Econ\u00f3mico: contin\u00faa el calendario de visitas a locales comerciales, en el marco del calendario de visitas peri\u00f3dicas a referentes de comercios, emprendimientos e industrias locales; integrantes del equipo de la Secretar\u00eda de Desarrollo Econ\u00f3mico del Municipio recorrieron el local \u201cPlanet Bike\u201d. Ubicado en Vicente L\u00f3pez y Sargento Cabral; dicho local ofrece asesoramiento integral, accesorios y servicios para bicicletas.<\/p>\n<p>Durante la visita, se convers\u00f3 sobre el auge del uso de las bicicletas en la ciudad y alrededores y la utilizaci\u00f3n de este medio para la pr\u00e1ctica de deportes al aire libre. Se proyecta trabajar en conjunto diferentes actividades, articulando el sector deportivo y tur\u00edstico de la ciudad.<\/p>\n<p>La bicicleta es uno de los medios de transporte m\u00e1s ecol\u00f3gicos, dado que no produce contaminaci\u00f3n ambiental ni ac\u00fastica, no emana di\u00f3xido de carbono ni emplea combustibles f\u00f3siles y, por lo tanto, permite disminuir considerablemente la huella personal de carbono.<\/p>\n<p>Se recuerda que desde la Secretar\u00eda de Desarrollo Econ\u00f3mico se ofrece un acompa\u00f1amiento integral al sector comercial y productivo; el cual incluye l\u00edneas de empleo, cr\u00e9ditos, gestiones y asesoramiento general.<\/p>\n<p>&nbsp;<\/p>\n","protected":false},"excerpt":{"rendered":"<p>Desarrollo Econ\u00f3mico: contin\u00faa el calendario de visitas a locales comerciales, en el marco del calendario&#8230;<\/p>\n","protected":false},"author":1,"featured_media":163494,"comment_status":"closed","ping_status":"closed","sticky":false,"template":"","format":"standard","meta":{"content-type":""},"categories":[27,51],"tags":[],"nelio_content":{"isAutoShareEnabled":false,"autoShareEndMode":"default","automationSources":{"useContentSentences":true,"useSocialTemplates":true,"useCustomSentences":false,"customSentences":[]},"followers":[1],"suggestedReferences":[],"includedReferences":[],"efiUrl":"","efiAlt":"","highlights":[]},"yoast_head":"<!-- This site is optimized with the Yoast SEO plugin v20.7 - https:\/\/yoast.com\/wordpress\/plugins\/seo\/ -->\n<title>Desarrollo econ\u00f3mico: contin\u00faa el calendario de visitas a locales<\/title>\n<meta name=\"description\" content=\"Desarrollo Econ\u00f3mico: contin\u00faa el calendario de visitas a locales comerciales, en el marco del calendario de visitas peri\u00f3dicas\" \/>\n<meta name=\"robots\" content=\"index, follow, max-snippet:-1, max-image-preview:large, max-video-preview:-1\" \/>\n<link rel=\"canonical\" href=\"https:\/\/experienciadevida.com.ar\/portalurbano\/desarrollo-economico-continua-el-calendario-de-visitas-a-locales-comerciales\/\" \/>\n<meta property=\"og:locale\" content=\"es_ES\" \/>\n<meta property=\"og:type\" content=\"article\" \/>\n<meta property=\"og:title\" content=\"Desarrollo econ\u00f3mico: contin\u00faa el calendario de visitas a locales\" \/>\n<meta property=\"og:description\" content=\"Desarrollo Econ\u00f3mico: contin\u00faa el calendario de visitas a locales comerciales, en el marco del calendario de visitas peri\u00f3dicas\" \/>\n<meta property=\"og:url\" content=\"https:\/\/experienciadevida.com.ar\/portalurbano\/desarrollo-economico-continua-el-calendario-de-visitas-a-locales-comerciales\/\" \/>\n<meta property=\"article:publisher\" content=\"https:\/\/www.facebook.com\/Portal-Urbano-171542830093757\/\" \/>\n<meta property=\"article:published_time\" content=\"2022-03-15T18:32:21+00:00\" \/>\n<meta property=\"article:modified_time\" content=\"2022-03-15T18:33:43+00:00\" \/>\n<meta property=\"og:image\" content=\"https:\/\/experienciadevida.com.ar\/portalurbano\/wp-content\/uploads\/2022\/03\/Desarrollo-economico.jpg\" \/>\n\t<meta property=\"og:image:width\" content=\"1024\" \/>\n\t<meta property=\"og:image:height\" content=\"682\" \/>\n\t<meta property=\"og:image:type\" content=\"image\/jpeg\" \/>\n<meta name=\"author\" content=\"admpu17wp\" \/>\n<meta name=\"twitter:card\" content=\"summary_large_image\" \/>\n<meta name=\"twitter:creator\" content=\"@portalurbanook\" \/>\n<meta name=\"twitter:site\" content=\"@portalurbanook\" \/>\n<meta name=\"twitter:label1\" content=\"Escrito por\" \/>\n\t<meta name=\"twitter:data1\" content=\"admpu17wp\" \/>\n\t<meta name=\"twitter:label2\" content=\"Tiempo de lectura\" \/>\n\t<meta name=\"twitter:data2\" content=\"1 minuto\" \/>\n<script type=\"application\/ld+json\" class=\"yoast-schema-graph\">{\"@context\":\"https:\/\/schema.org\",\"@graph\":[{\"@type\":\"Article\",\"@id\":\"https:\/\/experienciadevida.com.ar\/portalurbano\/desarrollo-economico-continua-el-calendario-de-visitas-a-locales-comerciales\/#article\",\"isPartOf\":{\"@id\":\"https:\/\/experienciadevida.com.ar\/portalurbano\/desarrollo-economico-continua-el-calendario-de-visitas-a-locales-comerciales\/\"},\"author\":{\"name\":\"admpu17wp\",\"@id\":\"https:\/\/experienciadevida.com.ar\/portalurbano\/#\/schema\/person\/02dd326b1c4b056e9cc972486934a3a7\"},\"headline\":\"Desarrollo Econ\u00f3mico: contin\u00faa el calendario de visitas a locales comerciales\",\"datePublished\":\"2022-03-15T18:32:21+00:00\",\"dateModified\":\"2022-03-15T18:33:43+00:00\",\"mainEntityOfPage\":{\"@id\":\"https:\/\/experienciadevida.com.ar\/portalurbano\/desarrollo-economico-continua-el-calendario-de-visitas-a-locales-comerciales\/\"},\"wordCount\":210,\"publisher\":{\"@id\":\"https:\/\/experienciadevida.com.ar\/portalurbano\/#organization\"},\"articleSection\":[\"Ciudad\",\"Destacadas\"],\"inLanguage\":\"es\"},{\"@type\":\"WebPage\",\"@id\":\"https:\/\/experienciadevida.com.ar\/portalurbano\/desarrollo-economico-continua-el-calendario-de-visitas-a-locales-comerciales\/\",\"url\":\"https:\/\/experienciadevida.com.ar\/portalurbano\/desarrollo-economico-continua-el-calendario-de-visitas-a-locales-comerciales\/\",\"name\":\"Desarrollo econ\u00f3mico: contin\u00faa el calendario de visitas a locales\",\"isPartOf\":{\"@id\":\"https:\/\/experienciadevida.com.ar\/portalurbano\/#website\"},\"datePublished\":\"2022-03-15T18:32:21+00:00\",\"dateModified\":\"2022-03-15T18:33:43+00:00\",\"description\":\"Desarrollo Econ\u00f3mico: contin\u00faa el calendario de visitas a locales comerciales, en el marco del calendario de visitas peri\u00f3dicas\",\"breadcrumb\":{\"@id\":\"https:\/\/experienciadevida.com.ar\/portalurbano\/desarrollo-economico-continua-el-calendario-de-visitas-a-locales-comerciales\/#breadcrumb\"},\"inLanguage\":\"es\",\"potentialAction\":[{\"@type\":\"ReadAction\",\"target\":[\"https:\/\/experienciadevida.com.ar\/portalurbano\/desarrollo-economico-continua-el-calendario-de-visitas-a-locales-comerciales\/\"]}]},{\"@type\":\"BreadcrumbList\",\"@id\":\"https:\/\/experienciadevida.com.ar\/portalurbano\/desarrollo-economico-continua-el-calendario-de-visitas-a-locales-comerciales\/#breadcrumb\",\"itemListElement\":[{\"@type\":\"ListItem\",\"position\":1,\"name\":\"Portada\",\"item\":\"https:\/\/experienciadevida.com.ar\/portalurbano\/\"},{\"@type\":\"ListItem\",\"position\":2,\"name\":\"Desarrollo Econ\u00f3mico: contin\u00faa el calendario de visitas a locales comerciales\"}]},{\"@type\":\"WebSite\",\"@id\":\"https:\/\/experienciadevida.com.ar\/portalurbano\/#website\",\"url\":\"https:\/\/experienciadevida.com.ar\/portalurbano\/\",\"name\":\"\",\"description\":\"\",\"publisher\":{\"@id\":\"https:\/\/experienciadevida.com.ar\/portalurbano\/#organization\"},\"potentialAction\":[{\"@type\":\"SearchAction\",\"target\":{\"@type\":\"EntryPoint\",\"urlTemplate\":\"https:\/\/experienciadevida.com.ar\/portalurbano\/?s={search_term_string}\"},\"query-input\":\"required name=search_term_string\"}],\"inLanguage\":\"es\"},{\"@type\":\"Organization\",\"@id\":\"https:\/\/experienciadevida.com.ar\/portalurbano\/#organization\",\"name\":\"Portal Urbano\",\"url\":\"https:\/\/experienciadevida.com.ar\/portalurbano\/\",\"logo\":{\"@type\":\"ImageObject\",\"inLanguage\":\"es\",\"@id\":\"https:\/\/experienciadevida.com.ar\/portalurbano\/#\/schema\/logo\/image\/\",\"url\":\"https:\/\/experienciadevida.com.ar\/portalurbano\/wp-content\/uploads\/2019\/09\/Logo-Original.png\",\"contentUrl\":\"https:\/\/experienciadevida.com.ar\/portalurbano\/wp-content\/uploads\/2019\/09\/Logo-Original.png\",\"width\":2236,\"height\":1216,\"caption\":\"Portal Urbano\"},\"image\":{\"@id\":\"https:\/\/experienciadevida.com.ar\/portalurbano\/#\/schema\/logo\/image\/\"},\"sameAs\":[\"https:\/\/www.facebook.com\/Portal-Urbano-171542830093757\/\",\"https:\/\/twitter.com\/portalurbanook\",\"https:\/\/www.instagram.com\/_portalurbano\/\",\"https:\/\/www.youtube.com\/channel\/UCXhagIfszH8KxFiOok79zbA?view_as=subscriber\"]},{\"@type\":\"Person\",\"@id\":\"https:\/\/experienciadevida.com.ar\/portalurbano\/#\/schema\/person\/02dd326b1c4b056e9cc972486934a3a7\",\"name\":\"admpu17wp\",\"image\":{\"@type\":\"ImageObject\",\"inLanguage\":\"es\",\"@id\":\"https:\/\/experienciadevida.com.ar\/portalurbano\/#\/schema\/person\/image\/\",\"url\":\"https:\/\/secure.gravatar.com\/avatar\/830d4c57adaae6630765e449a6908047?s=96&d=mm&r=g\",\"contentUrl\":\"https:\/\/secure.gravatar.com\/avatar\/830d4c57adaae6630765e449a6908047?s=96&d=mm&r=g\",\"caption\":\"admpu17wp\"}}]}<\/script>\n<!-- \/ Yoast SEO plugin. -->","yoast_head_json":{"title":"Desarrollo econ\u00f3mico: contin\u00faa el calendario de visitas a locales","description":"Desarrollo Econ\u00f3mico: contin\u00faa el calendario de visitas a locales comerciales, en el marco del calendario de visitas peri\u00f3dicas","robots":{"index":"index","follow":"follow","max-snippet":"max-snippet:-1","max-image-preview":"max-image-preview:large","max-video-preview":"max-video-preview:-1"},"canonical":"https:\/\/experienciadevida.com.ar\/portalurbano\/desarrollo-economico-continua-el-calendario-de-visitas-a-locales-comerciales\/","og_locale":"es_ES","og_type":"article","og_title":"Desarrollo econ\u00f3mico: contin\u00faa el calendario de visitas a locales","og_description":"Desarrollo Econ\u00f3mico: contin\u00faa el calendario de visitas a locales comerciales, en el marco del calendario de visitas peri\u00f3dicas","og_url":"https:\/\/experienciadevida.com.ar\/portalurbano\/desarrollo-economico-continua-el-calendario-de-visitas-a-locales-comerciales\/","article_publisher":"https:\/\/www.facebook.com\/Portal-Urbano-171542830093757\/","article_published_time":"2022-03-15T18:32:21+00:00","article_modified_time":"2022-03-15T18:33:43+00:00","og_image":[{"width":1024,"height":682,"url":"https:\/\/experienciadevida.com.ar\/portalurbano\/wp-content\/uploads\/2022\/03\/Desarrollo-economico.jpg","type":"image\/jpeg"}],"author":"admpu17wp","twitter_card":"summary_large_image","twitter_creator":"@portalurbanook","twitter_site":"@portalurbanook","twitter_misc":{"Escrito por":"admpu17wp","Tiempo de lectura":"1 minuto"},"schema":{"@context":"https:\/\/schema.org","@graph":[{"@type":"Article","@id":"https:\/\/experienciadevida.com.ar\/portalurbano\/desarrollo-economico-continua-el-calendario-de-visitas-a-locales-comerciales\/#article","isPartOf":{"@id":"https:\/\/experienciadevida.com.ar\/portalurbano\/desarrollo-economico-continua-el-calendario-de-visitas-a-locales-comerciales\/"},"author":{"name":"admpu17wp","@id":"https:\/\/experienciadevida.com.ar\/portalurbano\/#\/schema\/person\/02dd326b1c4b056e9cc972486934a3a7"},"headline":"Desarrollo Econ\u00f3mico: contin\u00faa el calendario de visitas a locales comerciales","datePublished":"2022-03-15T18:32:21+00:00","dateModified":"2022-03-15T18:33:43+00:00","mainEntityOfPage":{"@id":"https:\/\/experienciadevida.com.ar\/portalurbano\/desarrollo-economico-continua-el-calendario-de-visitas-a-locales-comerciales\/"},"wordCount":210,"publisher":{"@id":"https:\/\/experienciadevida.com.ar\/portalurbano\/#organization"},"articleSection":["Ciudad","Destacadas"],"inLanguage":"es"},{"@type":"WebPage","@id":"https:\/\/experienciadevida.com.ar\/portalurbano\/desarrollo-economico-continua-el-calendario-de-visitas-a-locales-comerciales\/","url":"https:\/\/experienciadevida.com.ar\/portalurbano\/desarrollo-economico-continua-el-calendario-de-visitas-a-locales-comerciales\/","name":"Desarrollo econ\u00f3mico: contin\u00faa el calendario de visitas a locales","isPartOf":{"@id":"https:\/\/experienciadevida.com.ar\/portalurbano\/#website"},"datePublished":"2022-03-15T18:32:21+00:00","dateModified":"2022-03-15T18:33:43+00:00","description":"Desarrollo Econ\u00f3mico: contin\u00faa el calendario de visitas a locales comerciales, en el marco del calendario de visitas peri\u00f3dicas","breadcrumb":{"@id":"https:\/\/experienciadevida.com.ar\/portalurbano\/desarrollo-economico-continua-el-calendario-de-visitas-a-locales-comerciales\/#breadcrumb"},"inLanguage":"es","potentialAction":[{"@type":"ReadAction","target":["https:\/\/experienciadevida.com.ar\/portalurbano\/desarrollo-economico-continua-el-calendario-de-visitas-a-locales-comerciales\/"]}]},{"@type":"BreadcrumbList","@id":"https:\/\/experienciadevida.com.ar\/portalurbano\/desarrollo-economico-continua-el-calendario-de-visitas-a-locales-comerciales\/#breadcrumb","itemListElement":[{"@type":"ListItem","position":1,"name":"Portada","item":"https:\/\/experienciadevida.com.ar\/portalurbano\/"},{"@type":"ListItem","position":2,"name":"Desarrollo Econ\u00f3mico: contin\u00faa el calendario de visitas a locales comerciales"}]},{"@type":"WebSite","@id":"https:\/\/experienciadevida.com.ar\/portalurbano\/#website","url":"https:\/\/experienciadevida.com.ar\/portalurbano\/","name":"","description":"","publisher":{"@id":"https:\/\/experienciadevida.com.ar\/portalurbano\/#organization"},"potentialAction":[{"@type":"SearchAction","target":{"@type":"EntryPoint","urlTemplate":"https:\/\/experienciadevida.com.ar\/portalurbano\/?s={search_term_string}"},"query-input":"required name=search_term_string"}],"inLanguage":"es"},{"@type":"Organization","@id":"https:\/\/experienciadevida.com.ar\/portalurbano\/#organization","name":"Portal Urbano","url":"https:\/\/experienciadevida.com.ar\/portalurbano\/","logo":{"@type":"ImageObject","inLanguage":"es","@id":"https:\/\/experienciadevida.com.ar\/portalurbano\/#\/schema\/logo\/image\/","url":"https:\/\/experienciadevida.com.ar\/portalurbano\/wp-content\/uploads\/2019\/09\/Logo-Original.png","contentUrl":"https:\/\/experienciadevida.com.ar\/portalurbano\/wp-content\/uploads\/2019\/09\/Logo-Original.png","width":2236,"height":1216,"caption":"Portal Urbano"},"image":{"@id":"https:\/\/experienciadevida.com.ar\/portalurbano\/#\/schema\/logo\/image\/"},"sameAs":["https:\/\/www.facebook.com\/Portal-Urbano-171542830093757\/","https:\/\/twitter.com\/portalurbanook","https:\/\/www.instagram.com\/_portalurbano\/","https:\/\/www.youtube.com\/channel\/UCXhagIfszH8KxFiOok79zbA?view_as=subscriber"]},{"@type":"Person","@id":"https:\/\/experienciadevida.com.ar\/portalurbano\/#\/schema\/person\/02dd326b1c4b056e9cc972486934a3a7","name":"admpu17wp","image":{"@type":"ImageObject","inLanguage":"es","@id":"https:\/\/experienciadevida.com.ar\/portalurbano\/#\/schema\/person\/image\/","url":"https:\/\/secure.gravatar.com\/avatar\/830d4c57adaae6630765e449a6908047?s=96&d=mm&r=g","contentUrl":"https:\/\/secure.gravatar.com\/avatar\/830d4c57adaae6630765e449a6908047?s=96&d=mm&r=g","caption":"admpu17wp"}}]}},"featured_image_urls":{"full":["https:\/\/experienciadevida.com.ar\/portalurbano\/wp-content\/uploads\/2022\/03\/Desarrollo-economico.jpg",1024,682,false],"thumbnail":["https:\/\/experienciadevida.com.ar\/portalurbano\/wp-content\/uploads\/2022\/03\/Desarrollo-economico-150x150.jpg",150,150,true],"medium":["https:\/\/experienciadevida.com.ar\/portalurbano\/wp-content\/uploads\/2022\/03\/Desarrollo-economico-300x200.jpg",300,200,true],"medium_large":["https:\/\/experienciadevida.com.ar\/portalurbano\/wp-content\/uploads\/2022\/03\/Desarrollo-economico-768x512.jpg",640,427,true],"large":["https:\/\/experienciadevida.com.ar\/portalurbano\/wp-content\/uploads\/2022\/03\/Desarrollo-economico.jpg",640,426,false],"ug_big":["https:\/\/experienciadevida.com.ar\/portalurbano\/wp-content\/uploads\/2022\/03\/Desarrollo-economico-768x512.jpg",768,512,true],"1536x1536":["https:\/\/experienciadevida.com.ar\/portalurbano\/wp-content\/uploads\/2022\/03\/Desarrollo-economico.jpg",1024,682,false],"2048x2048":["https:\/\/experienciadevida.com.ar\/portalurbano\/wp-content\/uploads\/2022\/03\/Desarrollo-economico.jpg",1024,682,false],"newsever-slider-full":["https:\/\/experienciadevida.com.ar\/portalurbano\/wp-content\/uploads\/2022\/03\/Desarrollo-economico.jpg",1024,682,false],"newsever-featured":["https:\/\/experienciadevida.com.ar\/portalurbano\/wp-content\/uploads\/2022\/03\/Desarrollo-economico.jpg",1024,682,false],"newsever-medium":["https:\/\/experienciadevida.com.ar\/portalurbano\/wp-content\/uploads\/2022\/03\/Desarrollo-economico.jpg",713,475,false],"web-stories-poster-portrait":["https:\/\/experienciadevida.com.ar\/portalurbano\/wp-content\/uploads\/2022\/03\/Desarrollo-economico.jpg",640,426,false],"web-stories-publisher-logo":["https:\/\/experienciadevida.com.ar\/portalurbano\/wp-content\/uploads\/2022\/03\/Desarrollo-economico.jpg",96,64,false],"web-stories-thumbnail":["https:\/\/experienciadevida.com.ar\/portalurbano\/wp-content\/uploads\/2022\/03\/Desarrollo-economico.jpg",150,100,false]},"author_info":{"display_name":"admpu17wp","author_link":"https:\/\/experienciadevida.com.ar\/portalurbano\/author\/admpu17wp\/"},"category_info":"<a href=\"https:\/\/experienciadevida.com.ar\/portalurbano\/category\/ciudad\/\" rel=\"category tag\">Ciudad<\/a> <a href=\"https:\/\/experienciadevida.com.ar\/portalurbano\/category\/destacadas\/\" rel=\"category tag\">Destacadas<\/a>","tag_info":"Destacadas","comment_count":"0","amp_enabled":true,"_links":{"self":[{"href":"https:\/\/experienciadevida.com.ar\/portalurbano\/wp-json\/wp\/v2\/posts\/163493"}],"collection":[{"href":"https:\/\/experienciadevida.com.ar\/portalurbano\/wp-json\/wp\/v2\/posts"}],"about":[{"href":"https:\/\/experienciadevida.com.ar\/portalurbano\/wp-json\/wp\/v2\/types\/post"}],"author":[{"embeddable":true,"href":"https:\/\/experienciadevida.com.ar\/portalurbano\/wp-json\/wp\/v2\/users\/1"}],"replies":[{"embeddable":true,"href":"https:\/\/experienciadevida.com.ar\/portalurbano\/wp-json\/wp\/v2\/comments?post=163493"}],"version-history":[{"count":2,"href":"https:\/\/experienciadevida.com.ar\/portalurbano\/wp-json\/wp\/v2\/posts\/163493\/revisions"}],"predecessor-version":[{"id":163496,"href":"https:\/\/experienciadevida.com.ar\/portalurbano\/wp-json\/wp\/v2\/posts\/163493\/revisions\/163496"}],"wp:featuredmedia":[{"embeddable":true,"href":"https:\/\/experienciadevida.com.ar\/portalurbano\/wp-json\/wp\/v2\/media\/163494"}],"wp:attachment":[{"href":"https:\/\/experienciadevida.com.ar\/portalurbano\/wp-json\/wp\/v2\/media?parent=163493"}],"wp:term":[{"taxonomy":"category","embeddable":true,"href":"https:\/\/experienciadevida.com.ar\/portalurbano\/wp-json\/wp\/v2\/categories?post=163493"},{"taxonomy":"post_tag","embeddable":true,"href":"https:\/\/experienciadevida.com.ar\/portalurbano\/wp-json\/wp\/v2\/tags?post=163493"}],"curies":[{"name":"wp","href":"https:\/\/api.w.org\/{rel}","templated":true}]}}