{"id":163480,"date":"2022-03-15T14:32:23","date_gmt":"2022-03-15T17:32:23","guid":{"rendered":"https:\/\/experienciadevida.com.ar\/portalurbano\/?p=163480"},"modified":"2022-03-15T14:33:08","modified_gmt":"2022-03-15T17:33:08","slug":"se-inauguro-la-muestra-refranes-populares-en-la-facultad-de-ciencias-sociales","status":"publish","type":"post","link":"https:\/\/experienciadevida.com.ar\/portalurbano\/se-inauguro-la-muestra-refranes-populares-en-la-facultad-de-ciencias-sociales\/","title":{"rendered":"Se inaugur\u00f3 la muestra \u201cRefranes Populares\u201d en la Facultad de Ciencias Sociales"},"content":{"rendered":"<p>Se inaugur\u00f3 la muestra \u201cRefranes Populares\u201d en la <a href=\"https:\/\/www.facebook.com\/facultadcienciassociales.unicen\">Facultad de Ciencias Sociales,<\/a> autoridades de la FACSO y de la Direcci\u00f3n de Pol\u00edticas de G\u00e9nero de la Municipalidad de Olavarr\u00eda participaron de la apertura formal de la exposici\u00f3n, presentada en el marco de las actividades programadas por el 8M.<\/p>\n<p>\u201cRefranes Populares: El lenguaje como herramienta machista\u201d presenta una serie de refranes y otras expresiones difundidas en el habla coloquial de la cultura popular, que producen discriminaci\u00f3n y violencia machista. La muestra itinerante fue presentada este lunes por la tarde en el pasillo de la Facultad de Ciencias Sociales.<\/p>\n<p>Participaron en la apertura la decana de la Facultad de Ciencias Sociales, Lic. Gabriela Gamberini, el Secretario de Extensi\u00f3n de la FACSO, Lic. Nicol\u00e1s Casado y la directora de la Direcci\u00f3n de Pol\u00edticas de G\u00e9nero, Lic. Florencia Caro.<\/p>\n<p>En la apertura estuvieron presentes estudiantes ingresantes que cursan actualmente el Curso Introductorio a la Vida Universitaria (CIVU), quienes recorrieron la muestra.<\/p>\n<p>\u201cQueremos compartir esta exposici\u00f3n, muy interesante, que forma parte de las actividades planificadas en el marco del 8M y que se vincula con una problem\u00e1tica de derechos humanos, de los derechos de la mujer, g\u00e9nero y diversidades, ejes centrales en nuestra Facultad, que, adem\u00e1s, atraviesan el recorrido de cada una de las carreras\u201d, expres\u00f3 la decana de la FACSO.<\/p>\n<p>La muestra, desarrollada en conjunto con la Direcci\u00f3n de Dise\u00f1o Municipal, nace de las capacitaciones sobre Ley Micaela que se implementan en la Municipalidad de Olavarr\u00eda desde abril de 2019 para el personal municipal. Al respecto, la Lic. Caro explic\u00f3 que se recuperaron \u201cfrases que hemos escuchado desde chicos y chicas y que muestran lo naturalizada que est\u00e1 la violencia que sufrimos las mujeres y la diversidad sexual a trav\u00e9s del lenguaje. Y lo dif\u00edcil que resulta conectar el lenguaje machista, el lenguaje sexista, con un femicidio. La distancia que separa estos dos tipos de violencias, una violencia simb\u00f3lica con una violencia m\u00e1s expl\u00edcita, hace que sea dif\u00edcil desarmar ese entramado cultural que es lo que nos lleva a los alt\u00edsimos \u00edndices de violencia que tenemos en Argentina y en el mundo\u201d.<\/p>\n<p>Finalmente, festej\u00f3 la exposici\u00f3n en la FACSO: \u201cEs fant\u00e1stico que est\u00e9 puesto en los pasillos para que puedan verlo todo el tiempo y que sea un disparador para tener este tipo de charlas, que pueden ser inc\u00f3modas pero creemos que son totalmente necesarias para aportar algo a esta transformaci\u00f3n\u201d.<\/p>\n<p>\u201cRefranes Populares: El lenguaje como herramienta machista\u201d permanecer\u00e1 montada en los pasillos de la Facultad de Ciencias Sociales durante las pr\u00f3ximas semanas. Los refranes son expresiones de uso popular que condensan conceptos que circulan en la sociedad y que, una vez instalados, parecen \u201cverdades adquiridas\u201d. Vinculado a la idea de sabidur\u00eda y experiencia se transforma en una sentencia que construye pensamiento y estereotipa, funcionando como un term\u00f3metro social de la \u00e9poca, e invita a la reflexi\u00f3n cr\u00edtica.<\/p>\n","protected":false},"excerpt":{"rendered":"<p>Se inaugur\u00f3 la muestra \u201cRefranes Populares\u201d en la Facultad de Ciencias Sociales, autoridades de la&#8230;<\/p>\n","protected":false},"author":1,"featured_media":163481,"comment_status":"closed","ping_status":"closed","sticky":false,"template":"","format":"standard","meta":{"content-type":""},"categories":[31],"tags":[],"nelio_content":{"isAutoShareEnabled":false,"autoShareEndMode":"default","automationSources":{"useContentSentences":true,"useSocialTemplates":true,"useCustomSentences":false,"customSentences":[]},"followers":[1],"suggestedReferences":[],"includedReferences":[],"efiUrl":"","efiAlt":"","highlights":[]},"yoast_head":"<!-- This site is optimized with the Yoast SEO plugin v20.7 - https:\/\/yoast.com\/wordpress\/plugins\/seo\/ -->\n<title>Se inaugur\u00f3 la muestra &quot;Refranes Populares&quot; en la Facultad<\/title>\n<meta name=\"description\" content=\"Se inaugur\u00f3 la muestra \u201cRefranes Populares\u201d en la Facultad de Ciencias Sociales, autoridades de la FACSO presentes en la inauguraci\u00f3n\" \/>\n<meta name=\"robots\" content=\"index, follow, max-snippet:-1, max-image-preview:large, max-video-preview:-1\" \/>\n<link rel=\"canonical\" href=\"https:\/\/experienciadevida.com.ar\/portalurbano\/se-inauguro-la-muestra-refranes-populares-en-la-facultad-de-ciencias-sociales\/\" \/>\n<meta property=\"og:locale\" content=\"es_ES\" \/>\n<meta property=\"og:type\" content=\"article\" \/>\n<meta property=\"og:title\" content=\"Se inaugur\u00f3 la muestra &quot;Refranes Populares&quot; en la Facultad\" \/>\n<meta property=\"og:description\" content=\"Se inaugur\u00f3 la muestra \u201cRefranes Populares\u201d en la Facultad de Ciencias Sociales, autoridades de la FACSO presentes en la inauguraci\u00f3n\" \/>\n<meta property=\"og:url\" content=\"https:\/\/experienciadevida.com.ar\/portalurbano\/se-inauguro-la-muestra-refranes-populares-en-la-facultad-de-ciencias-sociales\/\" \/>\n<meta property=\"article:publisher\" content=\"https:\/\/www.facebook.com\/Portal-Urbano-171542830093757\/\" \/>\n<meta property=\"article:published_time\" content=\"2022-03-15T17:32:23+00:00\" \/>\n<meta property=\"article:modified_time\" content=\"2022-03-15T17:33:08+00:00\" \/>\n<meta property=\"og:image\" content=\"https:\/\/experienciadevida.com.ar\/portalurbano\/wp-content\/uploads\/2022\/03\/Se-inauguro-la-muestra.jpg\" \/>\n\t<meta property=\"og:image:width\" content=\"1500\" \/>\n\t<meta property=\"og:image:height\" content=\"911\" \/>\n\t<meta property=\"og:image:type\" content=\"image\/jpeg\" \/>\n<meta name=\"author\" content=\"admpu17wp\" \/>\n<meta name=\"twitter:card\" content=\"summary_large_image\" \/>\n<meta name=\"twitter:creator\" content=\"@portalurbanook\" \/>\n<meta name=\"twitter:site\" content=\"@portalurbanook\" \/>\n<meta name=\"twitter:label1\" content=\"Escrito por\" \/>\n\t<meta name=\"twitter:data1\" content=\"admpu17wp\" \/>\n\t<meta name=\"twitter:label2\" content=\"Tiempo de lectura\" \/>\n\t<meta name=\"twitter:data2\" content=\"3 minutos\" \/>\n<script type=\"application\/ld+json\" class=\"yoast-schema-graph\">{\"@context\":\"https:\/\/schema.org\",\"@graph\":[{\"@type\":\"Article\",\"@id\":\"https:\/\/experienciadevida.com.ar\/portalurbano\/se-inauguro-la-muestra-refranes-populares-en-la-facultad-de-ciencias-sociales\/#article\",\"isPartOf\":{\"@id\":\"https:\/\/experienciadevida.com.ar\/portalurbano\/se-inauguro-la-muestra-refranes-populares-en-la-facultad-de-ciencias-sociales\/\"},\"author\":{\"name\":\"admpu17wp\",\"@id\":\"https:\/\/experienciadevida.com.ar\/portalurbano\/#\/schema\/person\/02dd326b1c4b056e9cc972486934a3a7\"},\"headline\":\"Se inaugur\u00f3 la muestra \u201cRefranes Populares\u201d en la Facultad de Ciencias Sociales\",\"datePublished\":\"2022-03-15T17:32:23+00:00\",\"dateModified\":\"2022-03-15T17:33:08+00:00\",\"mainEntityOfPage\":{\"@id\":\"https:\/\/experienciadevida.com.ar\/portalurbano\/se-inauguro-la-muestra-refranes-populares-en-la-facultad-de-ciencias-sociales\/\"},\"wordCount\":519,\"publisher\":{\"@id\":\"https:\/\/experienciadevida.com.ar\/portalurbano\/#organization\"},\"articleSection\":[\"Educaci\u00f3n\"],\"inLanguage\":\"es\"},{\"@type\":\"WebPage\",\"@id\":\"https:\/\/experienciadevida.com.ar\/portalurbano\/se-inauguro-la-muestra-refranes-populares-en-la-facultad-de-ciencias-sociales\/\",\"url\":\"https:\/\/experienciadevida.com.ar\/portalurbano\/se-inauguro-la-muestra-refranes-populares-en-la-facultad-de-ciencias-sociales\/\",\"name\":\"Se inaugur\u00f3 la muestra \\\"Refranes Populares\\\" en la Facultad\",\"isPartOf\":{\"@id\":\"https:\/\/experienciadevida.com.ar\/portalurbano\/#website\"},\"datePublished\":\"2022-03-15T17:32:23+00:00\",\"dateModified\":\"2022-03-15T17:33:08+00:00\",\"description\":\"Se inaugur\u00f3 la muestra \u201cRefranes Populares\u201d en la Facultad de Ciencias Sociales, autoridades de la FACSO presentes en la inauguraci\u00f3n\",\"breadcrumb\":{\"@id\":\"https:\/\/experienciadevida.com.ar\/portalurbano\/se-inauguro-la-muestra-refranes-populares-en-la-facultad-de-ciencias-sociales\/#breadcrumb\"},\"inLanguage\":\"es\",\"potentialAction\":[{\"@type\":\"ReadAction\",\"target\":[\"https:\/\/experienciadevida.com.ar\/portalurbano\/se-inauguro-la-muestra-refranes-populares-en-la-facultad-de-ciencias-sociales\/\"]}]},{\"@type\":\"BreadcrumbList\",\"@id\":\"https:\/\/experienciadevida.com.ar\/portalurbano\/se-inauguro-la-muestra-refranes-populares-en-la-facultad-de-ciencias-sociales\/#breadcrumb\",\"itemListElement\":[{\"@type\":\"ListItem\",\"position\":1,\"name\":\"Portada\",\"item\":\"https:\/\/experienciadevida.com.ar\/portalurbano\/\"},{\"@type\":\"ListItem\",\"position\":2,\"name\":\"Se inaugur\u00f3 la muestra \u201cRefranes Populares\u201d en la Facultad de Ciencias Sociales\"}]},{\"@type\":\"WebSite\",\"@id\":\"https:\/\/experienciadevida.com.ar\/portalurbano\/#website\",\"url\":\"https:\/\/experienciadevida.com.ar\/portalurbano\/\",\"name\":\"\",\"description\":\"\",\"publisher\":{\"@id\":\"https:\/\/experienciadevida.com.ar\/portalurbano\/#organization\"},\"potentialAction\":[{\"@type\":\"SearchAction\",\"target\":{\"@type\":\"EntryPoint\",\"urlTemplate\":\"https:\/\/experienciadevida.com.ar\/portalurbano\/?s={search_term_string}\"},\"query-input\":\"required name=search_term_string\"}],\"inLanguage\":\"es\"},{\"@type\":\"Organization\",\"@id\":\"https:\/\/experienciadevida.com.ar\/portalurbano\/#organization\",\"name\":\"Portal Urbano\",\"url\":\"https:\/\/experienciadevida.com.ar\/portalurbano\/\",\"logo\":{\"@type\":\"ImageObject\",\"inLanguage\":\"es\",\"@id\":\"https:\/\/experienciadevida.com.ar\/portalurbano\/#\/schema\/logo\/image\/\",\"url\":\"https:\/\/experienciadevida.com.ar\/portalurbano\/wp-content\/uploads\/2019\/09\/Logo-Original.png\",\"contentUrl\":\"https:\/\/experienciadevida.com.ar\/portalurbano\/wp-content\/uploads\/2019\/09\/Logo-Original.png\",\"width\":2236,\"height\":1216,\"caption\":\"Portal Urbano\"},\"image\":{\"@id\":\"https:\/\/experienciadevida.com.ar\/portalurbano\/#\/schema\/logo\/image\/\"},\"sameAs\":[\"https:\/\/www.facebook.com\/Portal-Urbano-171542830093757\/\",\"https:\/\/twitter.com\/portalurbanook\",\"https:\/\/www.instagram.com\/_portalurbano\/\",\"https:\/\/www.youtube.com\/channel\/UCXhagIfszH8KxFiOok79zbA?view_as=subscriber\"]},{\"@type\":\"Person\",\"@id\":\"https:\/\/experienciadevida.com.ar\/portalurbano\/#\/schema\/person\/02dd326b1c4b056e9cc972486934a3a7\",\"name\":\"admpu17wp\",\"image\":{\"@type\":\"ImageObject\",\"inLanguage\":\"es\",\"@id\":\"https:\/\/experienciadevida.com.ar\/portalurbano\/#\/schema\/person\/image\/\",\"url\":\"https:\/\/secure.gravatar.com\/avatar\/830d4c57adaae6630765e449a6908047?s=96&d=mm&r=g\",\"contentUrl\":\"https:\/\/secure.gravatar.com\/avatar\/830d4c57adaae6630765e449a6908047?s=96&d=mm&r=g\",\"caption\":\"admpu17wp\"}}]}<\/script>\n<!-- \/ Yoast SEO plugin. -->","yoast_head_json":{"title":"Se inaugur\u00f3 la muestra \"Refranes Populares\" en la Facultad","description":"Se inaugur\u00f3 la muestra \u201cRefranes Populares\u201d en la Facultad de Ciencias Sociales, autoridades de la FACSO presentes en la inauguraci\u00f3n","robots":{"index":"index","follow":"follow","max-snippet":"max-snippet:-1","max-image-preview":"max-image-preview:large","max-video-preview":"max-video-preview:-1"},"canonical":"https:\/\/experienciadevida.com.ar\/portalurbano\/se-inauguro-la-muestra-refranes-populares-en-la-facultad-de-ciencias-sociales\/","og_locale":"es_ES","og_type":"article","og_title":"Se inaugur\u00f3 la muestra \"Refranes Populares\" en la Facultad","og_description":"Se inaugur\u00f3 la muestra \u201cRefranes Populares\u201d en la Facultad de Ciencias Sociales, autoridades de la FACSO presentes en la inauguraci\u00f3n","og_url":"https:\/\/experienciadevida.com.ar\/portalurbano\/se-inauguro-la-muestra-refranes-populares-en-la-facultad-de-ciencias-sociales\/","article_publisher":"https:\/\/www.facebook.com\/Portal-Urbano-171542830093757\/","article_published_time":"2022-03-15T17:32:23+00:00","article_modified_time":"2022-03-15T17:33:08+00:00","og_image":[{"width":1500,"height":911,"url":"https:\/\/experienciadevida.com.ar\/portalurbano\/wp-content\/uploads\/2022\/03\/Se-inauguro-la-muestra.jpg","type":"image\/jpeg"}],"author":"admpu17wp","twitter_card":"summary_large_image","twitter_creator":"@portalurbanook","twitter_site":"@portalurbanook","twitter_misc":{"Escrito por":"admpu17wp","Tiempo de lectura":"3 minutos"},"schema":{"@context":"https:\/\/schema.org","@graph":[{"@type":"Article","@id":"https:\/\/experienciadevida.com.ar\/portalurbano\/se-inauguro-la-muestra-refranes-populares-en-la-facultad-de-ciencias-sociales\/#article","isPartOf":{"@id":"https:\/\/experienciadevida.com.ar\/portalurbano\/se-inauguro-la-muestra-refranes-populares-en-la-facultad-de-ciencias-sociales\/"},"author":{"name":"admpu17wp","@id":"https:\/\/experienciadevida.com.ar\/portalurbano\/#\/schema\/person\/02dd326b1c4b056e9cc972486934a3a7"},"headline":"Se inaugur\u00f3 la muestra \u201cRefranes Populares\u201d en la Facultad de Ciencias Sociales","datePublished":"2022-03-15T17:32:23+00:00","dateModified":"2022-03-15T17:33:08+00:00","mainEntityOfPage":{"@id":"https:\/\/experienciadevida.com.ar\/portalurbano\/se-inauguro-la-muestra-refranes-populares-en-la-facultad-de-ciencias-sociales\/"},"wordCount":519,"publisher":{"@id":"https:\/\/experienciadevida.com.ar\/portalurbano\/#organization"},"articleSection":["Educaci\u00f3n"],"inLanguage":"es"},{"@type":"WebPage","@id":"https:\/\/experienciadevida.com.ar\/portalurbano\/se-inauguro-la-muestra-refranes-populares-en-la-facultad-de-ciencias-sociales\/","url":"https:\/\/experienciadevida.com.ar\/portalurbano\/se-inauguro-la-muestra-refranes-populares-en-la-facultad-de-ciencias-sociales\/","name":"Se inaugur\u00f3 la muestra \"Refranes Populares\" en la Facultad","isPartOf":{"@id":"https:\/\/experienciadevida.com.ar\/portalurbano\/#website"},"datePublished":"2022-03-15T17:32:23+00:00","dateModified":"2022-03-15T17:33:08+00:00","description":"Se inaugur\u00f3 la muestra \u201cRefranes Populares\u201d en la Facultad de Ciencias Sociales, autoridades de la FACSO presentes en la inauguraci\u00f3n","breadcrumb":{"@id":"https:\/\/experienciadevida.com.ar\/portalurbano\/se-inauguro-la-muestra-refranes-populares-en-la-facultad-de-ciencias-sociales\/#breadcrumb"},"inLanguage":"es","potentialAction":[{"@type":"ReadAction","target":["https:\/\/experienciadevida.com.ar\/portalurbano\/se-inauguro-la-muestra-refranes-populares-en-la-facultad-de-ciencias-sociales\/"]}]},{"@type":"BreadcrumbList","@id":"https:\/\/experienciadevida.com.ar\/portalurbano\/se-inauguro-la-muestra-refranes-populares-en-la-facultad-de-ciencias-sociales\/#breadcrumb","itemListElement":[{"@type":"ListItem","position":1,"name":"Portada","item":"https:\/\/experienciadevida.com.ar\/portalurbano\/"},{"@type":"ListItem","position":2,"name":"Se inaugur\u00f3 la muestra \u201cRefranes Populares\u201d en la Facultad de Ciencias Sociales"}]},{"@type":"WebSite","@id":"https:\/\/experienciadevida.com.ar\/portalurbano\/#website","url":"https:\/\/experienciadevida.com.ar\/portalurbano\/","name":"","description":"","publisher":{"@id":"https:\/\/experienciadevida.com.ar\/portalurbano\/#organization"},"potentialAction":[{"@type":"SearchAction","target":{"@type":"EntryPoint","urlTemplate":"https:\/\/experienciadevida.com.ar\/portalurbano\/?s={search_term_string}"},"query-input":"required name=search_term_string"}],"inLanguage":"es"},{"@type":"Organization","@id":"https:\/\/experienciadevida.com.ar\/portalurbano\/#organization","name":"Portal Urbano","url":"https:\/\/experienciadevida.com.ar\/portalurbano\/","logo":{"@type":"ImageObject","inLanguage":"es","@id":"https:\/\/experienciadevida.com.ar\/portalurbano\/#\/schema\/logo\/image\/","url":"https:\/\/experienciadevida.com.ar\/portalurbano\/wp-content\/uploads\/2019\/09\/Logo-Original.png","contentUrl":"https:\/\/experienciadevida.com.ar\/portalurbano\/wp-content\/uploads\/2019\/09\/Logo-Original.png","width":2236,"height":1216,"caption":"Portal Urbano"},"image":{"@id":"https:\/\/experienciadevida.com.ar\/portalurbano\/#\/schema\/logo\/image\/"},"sameAs":["https:\/\/www.facebook.com\/Portal-Urbano-171542830093757\/","https:\/\/twitter.com\/portalurbanook","https:\/\/www.instagram.com\/_portalurbano\/","https:\/\/www.youtube.com\/channel\/UCXhagIfszH8KxFiOok79zbA?view_as=subscriber"]},{"@type":"Person","@id":"https:\/\/experienciadevida.com.ar\/portalurbano\/#\/schema\/person\/02dd326b1c4b056e9cc972486934a3a7","name":"admpu17wp","image":{"@type":"ImageObject","inLanguage":"es","@id":"https:\/\/experienciadevida.com.ar\/portalurbano\/#\/schema\/person\/image\/","url":"https:\/\/secure.gravatar.com\/avatar\/830d4c57adaae6630765e449a6908047?s=96&d=mm&r=g","contentUrl":"https:\/\/secure.gravatar.com\/avatar\/830d4c57adaae6630765e449a6908047?s=96&d=mm&r=g","caption":"admpu17wp"}}]}},"featured_image_urls":{"full":["https:\/\/experienciadevida.com.ar\/portalurbano\/wp-content\/uploads\/2022\/03\/Se-inauguro-la-muestra.jpg",1500,911,false],"thumbnail":["https:\/\/experienciadevida.com.ar\/portalurbano\/wp-content\/uploads\/2022\/03\/Se-inauguro-la-muestra-150x150.jpg",150,150,true],"medium":["https:\/\/experienciadevida.com.ar\/portalurbano\/wp-content\/uploads\/2022\/03\/Se-inauguro-la-muestra-300x182.jpg",300,182,true],"medium_large":["https:\/\/experienciadevida.com.ar\/portalurbano\/wp-content\/uploads\/2022\/03\/Se-inauguro-la-muestra-768x466.jpg",640,388,true],"large":["https:\/\/experienciadevida.com.ar\/portalurbano\/wp-content\/uploads\/2022\/03\/Se-inauguro-la-muestra-1024x622.jpg",640,389,true],"ug_big":["https:\/\/experienciadevida.com.ar\/portalurbano\/wp-content\/uploads\/2022\/03\/Se-inauguro-la-muestra-768x466.jpg",768,466,true],"1536x1536":["https:\/\/experienciadevida.com.ar\/portalurbano\/wp-content\/uploads\/2022\/03\/Se-inauguro-la-muestra.jpg",1500,911,false],"2048x2048":["https:\/\/experienciadevida.com.ar\/portalurbano\/wp-content\/uploads\/2022\/03\/Se-inauguro-la-muestra.jpg",1500,911,false],"newsever-slider-full":["https:\/\/experienciadevida.com.ar\/portalurbano\/wp-content\/uploads\/2022\/03\/Se-inauguro-la-muestra.jpg",1280,777,false],"newsever-featured":["https:\/\/experienciadevida.com.ar\/portalurbano\/wp-content\/uploads\/2022\/03\/Se-inauguro-la-muestra.jpg",1024,622,false],"newsever-medium":["https:\/\/experienciadevida.com.ar\/portalurbano\/wp-content\/uploads\/2022\/03\/Se-inauguro-la-muestra.jpg",720,437,false],"web-stories-poster-portrait":["https:\/\/experienciadevida.com.ar\/portalurbano\/wp-content\/uploads\/2022\/03\/Se-inauguro-la-muestra.jpg",640,389,false],"web-stories-publisher-logo":["https:\/\/experienciadevida.com.ar\/portalurbano\/wp-content\/uploads\/2022\/03\/Se-inauguro-la-muestra.jpg",96,58,false],"web-stories-thumbnail":["https:\/\/experienciadevida.com.ar\/portalurbano\/wp-content\/uploads\/2022\/03\/Se-inauguro-la-muestra.jpg",150,91,false]},"author_info":{"display_name":"admpu17wp","author_link":"https:\/\/experienciadevida.com.ar\/portalurbano\/author\/admpu17wp\/"},"category_info":"<a href=\"https:\/\/experienciadevida.com.ar\/portalurbano\/category\/ciudad\/educacion\/\" rel=\"category tag\">Educaci\u00f3n<\/a>","tag_info":"Educaci\u00f3n","comment_count":"0","amp_enabled":true,"_links":{"self":[{"href":"https:\/\/experienciadevida.com.ar\/portalurbano\/wp-json\/wp\/v2\/posts\/163480"}],"collection":[{"href":"https:\/\/experienciadevida.com.ar\/portalurbano\/wp-json\/wp\/v2\/posts"}],"about":[{"href":"https:\/\/experienciadevida.com.ar\/portalurbano\/wp-json\/wp\/v2\/types\/post"}],"author":[{"embeddable":true,"href":"https:\/\/experienciadevida.com.ar\/portalurbano\/wp-json\/wp\/v2\/users\/1"}],"replies":[{"embeddable":true,"href":"https:\/\/experienciadevida.com.ar\/portalurbano\/wp-json\/wp\/v2\/comments?post=163480"}],"version-history":[{"count":1,"href":"https:\/\/experienciadevida.com.ar\/portalurbano\/wp-json\/wp\/v2\/posts\/163480\/revisions"}],"predecessor-version":[{"id":163482,"href":"https:\/\/experienciadevida.com.ar\/portalurbano\/wp-json\/wp\/v2\/posts\/163480\/revisions\/163482"}],"wp:featuredmedia":[{"embeddable":true,"href":"https:\/\/experienciadevida.com.ar\/portalurbano\/wp-json\/wp\/v2\/media\/163481"}],"wp:attachment":[{"href":"https:\/\/experienciadevida.com.ar\/portalurbano\/wp-json\/wp\/v2\/media?parent=163480"}],"wp:term":[{"taxonomy":"category","embeddable":true,"href":"https:\/\/experienciadevida.com.ar\/portalurbano\/wp-json\/wp\/v2\/categories?post=163480"},{"taxonomy":"post_tag","embeddable":true,"href":"https:\/\/experienciadevida.com.ar\/portalurbano\/wp-json\/wp\/v2\/tags?post=163480"}],"curies":[{"name":"wp","href":"https:\/\/api.w.org\/{rel}","templated":true}]}}