{"id":163472,"date":"2022-03-15T12:26:20","date_gmt":"2022-03-15T15:26:20","guid":{"rendered":"https:\/\/experienciadevida.com.ar\/portalurbano\/?p=163472"},"modified":"2022-03-15T12:29:59","modified_gmt":"2022-03-15T15:29:59","slug":"la-direccion-de-licencias-de-conducir-atendera-los-sabados","status":"publish","type":"post","link":"https:\/\/experienciadevida.com.ar\/portalurbano\/la-direccion-de-licencias-de-conducir-atendera-los-sabados\/","title":{"rendered":"La Direcci\u00f3n de Licencias de Conducir atender\u00e1 los s\u00e1bados"},"content":{"rendered":"<p>La Direcci\u00f3n de Licencias de Conducir atender\u00e1 los s\u00e1bados, la Direcci\u00f3n de Licencias de Conducir del Gobierno <a href=\"https:\/\/www.facebook.com\/municipiodeolavarria\">Municipal<\/a> informa que desde el s\u00e1bado 26 de marzo se atender\u00e1 al p\u00fablico para realizar el tr\u00e1mite de renovaci\u00f3n de las licencias con vencimiento en 2022.<\/p>\n<p>En este sentido, el Director de Licencias Leandro Lanceta explic\u00f3 que \u00abdesde el s\u00e1bado 26 de marzo comenzaremos a realizar tr\u00e1mites de 8 a 13 horas en el Sal\u00f3n Rivadavia del palacio San Mart\u00edn, como lo hacemos de lunes a viernes\u00bb.<\/p>\n<p>Asimismo, el funcionario municipal destac\u00f3 la medida y dijo: \u00abes un gran esfuerzo que realizan los empleados de la Direcci\u00f3n para poder responder a la gran demanda que estamos teniendo este a\u00f1o y creemos que con la extensi\u00f3n de los s\u00e1bados vamos a descomprimir esta situaci\u00f3n\u00bb.<\/p>\n<p>Adem\u00e1s, Lanceta indic\u00f3 que \u00abpara poder venir a realizar el tr\u00e1mite de renovaci\u00f3n de las licencias con vencimiento en 2022, los vecinos deber\u00e1n sacar el turno en la web www.olavarria.gov.ar, tal como se realiza habitualmente\u00bb.<\/p>\n<p>Por otra parte, este jueves 17 de marzo a las 19 horas se llevar\u00e1 a cabo una nueva charla te\u00f3rica para quienes crean necesario el apoyo te\u00f3rico al momento de renovar u obtener la Licencia por primera vez.<\/p>\n<p>&nbsp;<\/p>\n","protected":false},"excerpt":{"rendered":"<p>La Direcci\u00f3n de Licencias de Conducir atender\u00e1 los s\u00e1bados, la Direcci\u00f3n de Licencias de Conducir&#8230;<\/p>\n","protected":false},"author":1,"featured_media":133496,"comment_status":"closed","ping_status":"closed","sticky":false,"template":"","format":"standard","meta":{"content-type":""},"categories":[27,51],"tags":[],"nelio_content":{"isAutoShareEnabled":false,"autoShareEndMode":"default","automationSources":{"useContentSentences":true,"useSocialTemplates":true,"useCustomSentences":false,"customSentences":[]},"followers":[1],"suggestedReferences":[],"includedReferences":[],"efiUrl":"","efiAlt":"","highlights":[]},"yoast_head":"<!-- This site is optimized with the Yoast SEO plugin v20.7 - https:\/\/yoast.com\/wordpress\/plugins\/seo\/ -->\n<title>La direcci\u00f3n de Licencias de conducir atender\u00e1 los s\u00e1bados<\/title>\n<meta name=\"description\" content=\"La Direcci\u00f3n de Licencias de Conducir atender\u00e1 los s\u00e1bados, el s\u00e1bado 26 de marzo se atender\u00e1 al p\u00fablico para realizar el tr\u00e1mite\" \/>\n<meta name=\"robots\" content=\"index, follow, max-snippet:-1, max-image-preview:large, max-video-preview:-1\" \/>\n<link rel=\"canonical\" href=\"https:\/\/experienciadevida.com.ar\/portalurbano\/la-direccion-de-licencias-de-conducir-atendera-los-sabados\/\" \/>\n<meta property=\"og:locale\" content=\"es_ES\" \/>\n<meta property=\"og:type\" content=\"article\" \/>\n<meta property=\"og:title\" content=\"La direcci\u00f3n de Licencias de conducir atender\u00e1 los s\u00e1bados\" \/>\n<meta property=\"og:description\" content=\"La Direcci\u00f3n de Licencias de Conducir atender\u00e1 los s\u00e1bados, el s\u00e1bado 26 de marzo se atender\u00e1 al p\u00fablico para realizar el tr\u00e1mite\" \/>\n<meta property=\"og:url\" content=\"https:\/\/experienciadevida.com.ar\/portalurbano\/la-direccion-de-licencias-de-conducir-atendera-los-sabados\/\" \/>\n<meta property=\"article:publisher\" content=\"https:\/\/www.facebook.com\/Portal-Urbano-171542830093757\/\" \/>\n<meta property=\"article:published_time\" content=\"2022-03-15T15:26:20+00:00\" \/>\n<meta property=\"article:modified_time\" content=\"2022-03-15T15:29:59+00:00\" \/>\n<meta property=\"og:image\" content=\"https:\/\/experienciadevida.com.ar\/portalurbano\/wp-content\/uploads\/2021\/01\/Licencias-de-conducir.jpeg\" \/>\n\t<meta property=\"og:image:width\" content=\"1024\" \/>\n\t<meta property=\"og:image:height\" content=\"682\" \/>\n\t<meta property=\"og:image:type\" content=\"image\/jpeg\" \/>\n<meta name=\"author\" content=\"admpu17wp\" \/>\n<meta name=\"twitter:card\" content=\"summary_large_image\" \/>\n<meta name=\"twitter:creator\" content=\"@portalurbanook\" \/>\n<meta name=\"twitter:site\" content=\"@portalurbanook\" \/>\n<meta name=\"twitter:label1\" content=\"Escrito por\" \/>\n\t<meta name=\"twitter:data1\" content=\"admpu17wp\" \/>\n\t<meta name=\"twitter:label2\" content=\"Tiempo de lectura\" \/>\n\t<meta name=\"twitter:data2\" content=\"1 minuto\" \/>\n<script type=\"application\/ld+json\" class=\"yoast-schema-graph\">{\"@context\":\"https:\/\/schema.org\",\"@graph\":[{\"@type\":\"Article\",\"@id\":\"https:\/\/experienciadevida.com.ar\/portalurbano\/la-direccion-de-licencias-de-conducir-atendera-los-sabados\/#article\",\"isPartOf\":{\"@id\":\"https:\/\/experienciadevida.com.ar\/portalurbano\/la-direccion-de-licencias-de-conducir-atendera-los-sabados\/\"},\"author\":{\"name\":\"admpu17wp\",\"@id\":\"https:\/\/experienciadevida.com.ar\/portalurbano\/#\/schema\/person\/02dd326b1c4b056e9cc972486934a3a7\"},\"headline\":\"La Direcci\u00f3n de Licencias de Conducir atender\u00e1 los s\u00e1bados\",\"datePublished\":\"2022-03-15T15:26:20+00:00\",\"dateModified\":\"2022-03-15T15:29:59+00:00\",\"mainEntityOfPage\":{\"@id\":\"https:\/\/experienciadevida.com.ar\/portalurbano\/la-direccion-de-licencias-de-conducir-atendera-los-sabados\/\"},\"wordCount\":232,\"publisher\":{\"@id\":\"https:\/\/experienciadevida.com.ar\/portalurbano\/#organization\"},\"articleSection\":[\"Ciudad\",\"Destacadas\"],\"inLanguage\":\"es\"},{\"@type\":\"WebPage\",\"@id\":\"https:\/\/experienciadevida.com.ar\/portalurbano\/la-direccion-de-licencias-de-conducir-atendera-los-sabados\/\",\"url\":\"https:\/\/experienciadevida.com.ar\/portalurbano\/la-direccion-de-licencias-de-conducir-atendera-los-sabados\/\",\"name\":\"La direcci\u00f3n de Licencias de conducir atender\u00e1 los s\u00e1bados\",\"isPartOf\":{\"@id\":\"https:\/\/experienciadevida.com.ar\/portalurbano\/#website\"},\"datePublished\":\"2022-03-15T15:26:20+00:00\",\"dateModified\":\"2022-03-15T15:29:59+00:00\",\"description\":\"La Direcci\u00f3n de Licencias de Conducir atender\u00e1 los s\u00e1bados, el s\u00e1bado 26 de marzo se atender\u00e1 al p\u00fablico para realizar el tr\u00e1mite\",\"breadcrumb\":{\"@id\":\"https:\/\/experienciadevida.com.ar\/portalurbano\/la-direccion-de-licencias-de-conducir-atendera-los-sabados\/#breadcrumb\"},\"inLanguage\":\"es\",\"potentialAction\":[{\"@type\":\"ReadAction\",\"target\":[\"https:\/\/experienciadevida.com.ar\/portalurbano\/la-direccion-de-licencias-de-conducir-atendera-los-sabados\/\"]}]},{\"@type\":\"BreadcrumbList\",\"@id\":\"https:\/\/experienciadevida.com.ar\/portalurbano\/la-direccion-de-licencias-de-conducir-atendera-los-sabados\/#breadcrumb\",\"itemListElement\":[{\"@type\":\"ListItem\",\"position\":1,\"name\":\"Portada\",\"item\":\"https:\/\/experienciadevida.com.ar\/portalurbano\/\"},{\"@type\":\"ListItem\",\"position\":2,\"name\":\"La Direcci\u00f3n de Licencias de Conducir atender\u00e1 los s\u00e1bados\"}]},{\"@type\":\"WebSite\",\"@id\":\"https:\/\/experienciadevida.com.ar\/portalurbano\/#website\",\"url\":\"https:\/\/experienciadevida.com.ar\/portalurbano\/\",\"name\":\"\",\"description\":\"\",\"publisher\":{\"@id\":\"https:\/\/experienciadevida.com.ar\/portalurbano\/#organization\"},\"potentialAction\":[{\"@type\":\"SearchAction\",\"target\":{\"@type\":\"EntryPoint\",\"urlTemplate\":\"https:\/\/experienciadevida.com.ar\/portalurbano\/?s={search_term_string}\"},\"query-input\":\"required name=search_term_string\"}],\"inLanguage\":\"es\"},{\"@type\":\"Organization\",\"@id\":\"https:\/\/experienciadevida.com.ar\/portalurbano\/#organization\",\"name\":\"Portal Urbano\",\"url\":\"https:\/\/experienciadevida.com.ar\/portalurbano\/\",\"logo\":{\"@type\":\"ImageObject\",\"inLanguage\":\"es\",\"@id\":\"https:\/\/experienciadevida.com.ar\/portalurbano\/#\/schema\/logo\/image\/\",\"url\":\"https:\/\/experienciadevida.com.ar\/portalurbano\/wp-content\/uploads\/2019\/09\/Logo-Original.png\",\"contentUrl\":\"https:\/\/experienciadevida.com.ar\/portalurbano\/wp-content\/uploads\/2019\/09\/Logo-Original.png\",\"width\":2236,\"height\":1216,\"caption\":\"Portal Urbano\"},\"image\":{\"@id\":\"https:\/\/experienciadevida.com.ar\/portalurbano\/#\/schema\/logo\/image\/\"},\"sameAs\":[\"https:\/\/www.facebook.com\/Portal-Urbano-171542830093757\/\",\"https:\/\/twitter.com\/portalurbanook\",\"https:\/\/www.instagram.com\/_portalurbano\/\",\"https:\/\/www.youtube.com\/channel\/UCXhagIfszH8KxFiOok79zbA?view_as=subscriber\"]},{\"@type\":\"Person\",\"@id\":\"https:\/\/experienciadevida.com.ar\/portalurbano\/#\/schema\/person\/02dd326b1c4b056e9cc972486934a3a7\",\"name\":\"admpu17wp\",\"image\":{\"@type\":\"ImageObject\",\"inLanguage\":\"es\",\"@id\":\"https:\/\/experienciadevida.com.ar\/portalurbano\/#\/schema\/person\/image\/\",\"url\":\"https:\/\/secure.gravatar.com\/avatar\/830d4c57adaae6630765e449a6908047?s=96&d=mm&r=g\",\"contentUrl\":\"https:\/\/secure.gravatar.com\/avatar\/830d4c57adaae6630765e449a6908047?s=96&d=mm&r=g\",\"caption\":\"admpu17wp\"}}]}<\/script>\n<!-- \/ Yoast SEO plugin. -->","yoast_head_json":{"title":"La direcci\u00f3n de Licencias de conducir atender\u00e1 los s\u00e1bados","description":"La Direcci\u00f3n de Licencias de Conducir atender\u00e1 los s\u00e1bados, el s\u00e1bado 26 de marzo se atender\u00e1 al p\u00fablico para realizar el tr\u00e1mite","robots":{"index":"index","follow":"follow","max-snippet":"max-snippet:-1","max-image-preview":"max-image-preview:large","max-video-preview":"max-video-preview:-1"},"canonical":"https:\/\/experienciadevida.com.ar\/portalurbano\/la-direccion-de-licencias-de-conducir-atendera-los-sabados\/","og_locale":"es_ES","og_type":"article","og_title":"La direcci\u00f3n de Licencias de conducir atender\u00e1 los s\u00e1bados","og_description":"La Direcci\u00f3n de Licencias de Conducir atender\u00e1 los s\u00e1bados, el s\u00e1bado 26 de marzo se atender\u00e1 al p\u00fablico para realizar el tr\u00e1mite","og_url":"https:\/\/experienciadevida.com.ar\/portalurbano\/la-direccion-de-licencias-de-conducir-atendera-los-sabados\/","article_publisher":"https:\/\/www.facebook.com\/Portal-Urbano-171542830093757\/","article_published_time":"2022-03-15T15:26:20+00:00","article_modified_time":"2022-03-15T15:29:59+00:00","og_image":[{"width":1024,"height":682,"url":"https:\/\/experienciadevida.com.ar\/portalurbano\/wp-content\/uploads\/2021\/01\/Licencias-de-conducir.jpeg","type":"image\/jpeg"}],"author":"admpu17wp","twitter_card":"summary_large_image","twitter_creator":"@portalurbanook","twitter_site":"@portalurbanook","twitter_misc":{"Escrito por":"admpu17wp","Tiempo de lectura":"1 minuto"},"schema":{"@context":"https:\/\/schema.org","@graph":[{"@type":"Article","@id":"https:\/\/experienciadevida.com.ar\/portalurbano\/la-direccion-de-licencias-de-conducir-atendera-los-sabados\/#article","isPartOf":{"@id":"https:\/\/experienciadevida.com.ar\/portalurbano\/la-direccion-de-licencias-de-conducir-atendera-los-sabados\/"},"author":{"name":"admpu17wp","@id":"https:\/\/experienciadevida.com.ar\/portalurbano\/#\/schema\/person\/02dd326b1c4b056e9cc972486934a3a7"},"headline":"La Direcci\u00f3n de Licencias de Conducir atender\u00e1 los s\u00e1bados","datePublished":"2022-03-15T15:26:20+00:00","dateModified":"2022-03-15T15:29:59+00:00","mainEntityOfPage":{"@id":"https:\/\/experienciadevida.com.ar\/portalurbano\/la-direccion-de-licencias-de-conducir-atendera-los-sabados\/"},"wordCount":232,"publisher":{"@id":"https:\/\/experienciadevida.com.ar\/portalurbano\/#organization"},"articleSection":["Ciudad","Destacadas"],"inLanguage":"es"},{"@type":"WebPage","@id":"https:\/\/experienciadevida.com.ar\/portalurbano\/la-direccion-de-licencias-de-conducir-atendera-los-sabados\/","url":"https:\/\/experienciadevida.com.ar\/portalurbano\/la-direccion-de-licencias-de-conducir-atendera-los-sabados\/","name":"La direcci\u00f3n de Licencias de conducir atender\u00e1 los s\u00e1bados","isPartOf":{"@id":"https:\/\/experienciadevida.com.ar\/portalurbano\/#website"},"datePublished":"2022-03-15T15:26:20+00:00","dateModified":"2022-03-15T15:29:59+00:00","description":"La Direcci\u00f3n de Licencias de Conducir atender\u00e1 los s\u00e1bados, el s\u00e1bado 26 de marzo se atender\u00e1 al p\u00fablico para realizar el tr\u00e1mite","breadcrumb":{"@id":"https:\/\/experienciadevida.com.ar\/portalurbano\/la-direccion-de-licencias-de-conducir-atendera-los-sabados\/#breadcrumb"},"inLanguage":"es","potentialAction":[{"@type":"ReadAction","target":["https:\/\/experienciadevida.com.ar\/portalurbano\/la-direccion-de-licencias-de-conducir-atendera-los-sabados\/"]}]},{"@type":"BreadcrumbList","@id":"https:\/\/experienciadevida.com.ar\/portalurbano\/la-direccion-de-licencias-de-conducir-atendera-los-sabados\/#breadcrumb","itemListElement":[{"@type":"ListItem","position":1,"name":"Portada","item":"https:\/\/experienciadevida.com.ar\/portalurbano\/"},{"@type":"ListItem","position":2,"name":"La Direcci\u00f3n de Licencias de Conducir atender\u00e1 los s\u00e1bados"}]},{"@type":"WebSite","@id":"https:\/\/experienciadevida.com.ar\/portalurbano\/#website","url":"https:\/\/experienciadevida.com.ar\/portalurbano\/","name":"","description":"","publisher":{"@id":"https:\/\/experienciadevida.com.ar\/portalurbano\/#organization"},"potentialAction":[{"@type":"SearchAction","target":{"@type":"EntryPoint","urlTemplate":"https:\/\/experienciadevida.com.ar\/portalurbano\/?s={search_term_string}"},"query-input":"required name=search_term_string"}],"inLanguage":"es"},{"@type":"Organization","@id":"https:\/\/experienciadevida.com.ar\/portalurbano\/#organization","name":"Portal Urbano","url":"https:\/\/experienciadevida.com.ar\/portalurbano\/","logo":{"@type":"ImageObject","inLanguage":"es","@id":"https:\/\/experienciadevida.com.ar\/portalurbano\/#\/schema\/logo\/image\/","url":"https:\/\/experienciadevida.com.ar\/portalurbano\/wp-content\/uploads\/2019\/09\/Logo-Original.png","contentUrl":"https:\/\/experienciadevida.com.ar\/portalurbano\/wp-content\/uploads\/2019\/09\/Logo-Original.png","width":2236,"height":1216,"caption":"Portal Urbano"},"image":{"@id":"https:\/\/experienciadevida.com.ar\/portalurbano\/#\/schema\/logo\/image\/"},"sameAs":["https:\/\/www.facebook.com\/Portal-Urbano-171542830093757\/","https:\/\/twitter.com\/portalurbanook","https:\/\/www.instagram.com\/_portalurbano\/","https:\/\/www.youtube.com\/channel\/UCXhagIfszH8KxFiOok79zbA?view_as=subscriber"]},{"@type":"Person","@id":"https:\/\/experienciadevida.com.ar\/portalurbano\/#\/schema\/person\/02dd326b1c4b056e9cc972486934a3a7","name":"admpu17wp","image":{"@type":"ImageObject","inLanguage":"es","@id":"https:\/\/experienciadevida.com.ar\/portalurbano\/#\/schema\/person\/image\/","url":"https:\/\/secure.gravatar.com\/avatar\/830d4c57adaae6630765e449a6908047?s=96&d=mm&r=g","contentUrl":"https:\/\/secure.gravatar.com\/avatar\/830d4c57adaae6630765e449a6908047?s=96&d=mm&r=g","caption":"admpu17wp"}}]}},"featured_image_urls":{"full":["https:\/\/experienciadevida.com.ar\/portalurbano\/wp-content\/uploads\/2021\/01\/Licencias-de-conducir.jpeg",1024,682,false],"thumbnail":["https:\/\/experienciadevida.com.ar\/portalurbano\/wp-content\/uploads\/2021\/01\/Licencias-de-conducir-150x150.jpeg",150,150,true],"medium":["https:\/\/experienciadevida.com.ar\/portalurbano\/wp-content\/uploads\/2021\/01\/Licencias-de-conducir-300x200.jpeg",300,200,true],"medium_large":["https:\/\/experienciadevida.com.ar\/portalurbano\/wp-content\/uploads\/2021\/01\/Licencias-de-conducir-768x512.jpeg",640,427,true],"large":["https:\/\/experienciadevida.com.ar\/portalurbano\/wp-content\/uploads\/2021\/01\/Licencias-de-conducir.jpeg",640,426,false],"ug_big":["https:\/\/experienciadevida.com.ar\/portalurbano\/wp-content\/uploads\/2021\/01\/Licencias-de-conducir-768x512.jpeg",768,512,true],"1536x1536":["https:\/\/experienciadevida.com.ar\/portalurbano\/wp-content\/uploads\/2021\/01\/Licencias-de-conducir.jpeg",1024,682,false],"2048x2048":["https:\/\/experienciadevida.com.ar\/portalurbano\/wp-content\/uploads\/2021\/01\/Licencias-de-conducir.jpeg",1024,682,false],"newsever-slider-full":["https:\/\/experienciadevida.com.ar\/portalurbano\/wp-content\/uploads\/2021\/01\/Licencias-de-conducir.jpeg",1024,682,false],"newsever-featured":["https:\/\/experienciadevida.com.ar\/portalurbano\/wp-content\/uploads\/2021\/01\/Licencias-de-conducir.jpeg",1024,682,false],"newsever-medium":["https:\/\/experienciadevida.com.ar\/portalurbano\/wp-content\/uploads\/2021\/01\/Licencias-de-conducir.jpeg",713,475,false],"web-stories-poster-portrait":["https:\/\/experienciadevida.com.ar\/portalurbano\/wp-content\/uploads\/2021\/01\/Licencias-de-conducir.jpeg",640,426,false],"web-stories-publisher-logo":["https:\/\/experienciadevida.com.ar\/portalurbano\/wp-content\/uploads\/2021\/01\/Licencias-de-conducir.jpeg",96,64,false],"web-stories-thumbnail":["https:\/\/experienciadevida.com.ar\/portalurbano\/wp-content\/uploads\/2021\/01\/Licencias-de-conducir.jpeg",150,100,false]},"author_info":{"display_name":"admpu17wp","author_link":"https:\/\/experienciadevida.com.ar\/portalurbano\/author\/admpu17wp\/"},"category_info":"<a href=\"https:\/\/experienciadevida.com.ar\/portalurbano\/category\/ciudad\/\" rel=\"category tag\">Ciudad<\/a> <a href=\"https:\/\/experienciadevida.com.ar\/portalurbano\/category\/destacadas\/\" rel=\"category tag\">Destacadas<\/a>","tag_info":"Destacadas","comment_count":"0","amp_enabled":true,"_links":{"self":[{"href":"https:\/\/experienciadevida.com.ar\/portalurbano\/wp-json\/wp\/v2\/posts\/163472"}],"collection":[{"href":"https:\/\/experienciadevida.com.ar\/portalurbano\/wp-json\/wp\/v2\/posts"}],"about":[{"href":"https:\/\/experienciadevida.com.ar\/portalurbano\/wp-json\/wp\/v2\/types\/post"}],"author":[{"embeddable":true,"href":"https:\/\/experienciadevida.com.ar\/portalurbano\/wp-json\/wp\/v2\/users\/1"}],"replies":[{"embeddable":true,"href":"https:\/\/experienciadevida.com.ar\/portalurbano\/wp-json\/wp\/v2\/comments?post=163472"}],"version-history":[{"count":3,"href":"https:\/\/experienciadevida.com.ar\/portalurbano\/wp-json\/wp\/v2\/posts\/163472\/revisions"}],"predecessor-version":[{"id":163474,"href":"https:\/\/experienciadevida.com.ar\/portalurbano\/wp-json\/wp\/v2\/posts\/163472\/revisions\/163474"}],"wp:featuredmedia":[{"embeddable":true,"href":"https:\/\/experienciadevida.com.ar\/portalurbano\/wp-json\/wp\/v2\/media\/133496"}],"wp:attachment":[{"href":"https:\/\/experienciadevida.com.ar\/portalurbano\/wp-json\/wp\/v2\/media?parent=163472"}],"wp:term":[{"taxonomy":"category","embeddable":true,"href":"https:\/\/experienciadevida.com.ar\/portalurbano\/wp-json\/wp\/v2\/categories?post=163472"},{"taxonomy":"post_tag","embeddable":true,"href":"https:\/\/experienciadevida.com.ar\/portalurbano\/wp-json\/wp\/v2\/tags?post=163472"}],"curies":[{"name":"wp","href":"https:\/\/api.w.org\/{rel}","templated":true}]}}