{"id":163448,"date":"2022-03-14T16:19:59","date_gmt":"2022-03-14T19:19:59","guid":{"rendered":"https:\/\/experienciadevida.com.ar\/portalurbano\/?p=163448"},"modified":"2022-03-14T16:36:36","modified_gmt":"2022-03-14T19:36:36","slug":"juan-mujica-y-martin-endere-al-frente-de-las-comisiones-de-hacienda-e-infraestructura","status":"publish","type":"post","link":"https:\/\/experienciadevida.com.ar\/portalurbano\/juan-mujica-y-martin-endere-al-frente-de-las-comisiones-de-hacienda-e-infraestructura\/","title":{"rendered":"Juan Mujica y Mart\u00edn Endere al frente de las comisiones de Hacienda e Infraestructura"},"content":{"rendered":"<p>Juan <a href=\"https:\/\/www.instagram.com\/juan.mujica.54\/?hl=es-la\">Mujica<\/a> y Mart\u00edn <a href=\"https:\/\/www.instagram.com\/martinendere\/?hl=es-la\">Endere<\/a> al frente de las comisiones de Hacienda e Infraestructura, este lunes se llev\u00f3 adelante la constituci\u00f3n de las comisiones de Infraestructura y Hacienda del Honorable Concejo Deliberante de Olavarr\u00eda, en cumplimiento a lo establecido en el art\u00edculo 59 del Reglamento Interno del cuerpo.<\/p>\n<p>En lo que respecta a la comisi\u00f3n de Infraestructura la misma ser\u00e1 presidida por el concejal Mart\u00edn Endere (Juntos) quien estar\u00e1 acompa\u00f1ado por la concejala Telma Cazot (FdT) como secretaria. Integran la comisi\u00f3n los concejales: Juan Mujica (Juntos), Guillermina Amespil (Juntos), Maite Salerno (Juntos), Nicol\u00e1s Marinangeli (Juntos), Sebasti\u00e1n Matrella (UCR-Juntos, Celeste Arouxet (Ahora Olavarr\u00eda), Ubaldo Garc\u00eda (FdT) y Mercedes Landivar (FdT).<\/p>\n<p>Infraestructura se reunir\u00e1 cada lunes a las 8.30 horas.<\/p>\n<p>Por otro lado, tambi\u00e9n este lunes, qued\u00f3 constituida la comisi\u00f3n de Hacienda que ser\u00e1 presidida por el concejal Juan Mujica (Juntos) secundado como secretaria por la concejala Celeste Arouxet (Ahora Olavarr\u00eda).<\/p>\n<p>La comisi\u00f3n de Hacienda qued\u00f3 constituida por los siguientes concejales: Mart\u00edn Endere (Juntos), Guillermina Amespil (Juntos), Miriam Mosescu (Juntos) Maximiliano Wesner (FdT), Ubaldo Garc\u00eda (Fdt) y Gast\u00f3n Sarachu (Foro Olavarr\u00eda).<\/p>\n<p>Tras la primera convocatoria los concejales y concejalas de la comisi\u00f3n de Hacienda definieron el d\u00eda y hora de reuni\u00f3n estableciendo que ser\u00e1 los lunes de cada semana a las 10.00 horas.<\/p>\n","protected":false},"excerpt":{"rendered":"<p>Juan Mujica y Mart\u00edn Endere al frente de las comisiones de Hacienda e Infraestructura, este&#8230;<\/p>\n","protected":false},"author":1,"featured_media":163449,"comment_status":"closed","ping_status":"closed","sticky":false,"template":"","format":"standard","meta":{"content-type":""},"categories":[27,51],"tags":[],"nelio_content":{"isAutoShareEnabled":false,"autoShareEndMode":"default","automationSources":{"useContentSentences":true,"useSocialTemplates":true,"useCustomSentences":false,"customSentences":[]},"followers":[1],"suggestedReferences":[],"includedReferences":["https:\/\/www.instagram.com\/juan.mujica.54\/?hl=es-la"],"efiUrl":"","efiAlt":"","highlights":[]},"yoast_head":"<!-- This site is optimized with the Yoast SEO plugin v20.7 - https:\/\/yoast.com\/wordpress\/plugins\/seo\/ -->\n<title>Juan Mujica y Mart\u00edn Endere al frente de las comisiones de hacienda<\/title>\n<meta name=\"description\" content=\"Juan Mujica y Mart\u00edn Endere al frente de las comisiones de Hacienda e Infraestructura, este lunes se llev\u00f3 adelante la constituci\u00f3n\" \/>\n<meta name=\"robots\" content=\"index, follow, max-snippet:-1, max-image-preview:large, max-video-preview:-1\" \/>\n<link rel=\"canonical\" href=\"https:\/\/experienciadevida.com.ar\/portalurbano\/juan-mujica-y-martin-endere-al-frente-de-las-comisiones-de-hacienda-e-infraestructura\/\" \/>\n<meta property=\"og:locale\" content=\"es_ES\" \/>\n<meta property=\"og:type\" content=\"article\" \/>\n<meta property=\"og:title\" content=\"Juan Mujica y Mart\u00edn Endere al frente de las comisiones de hacienda\" \/>\n<meta property=\"og:description\" content=\"Juan Mujica y Mart\u00edn Endere al frente de las comisiones de Hacienda e Infraestructura, este lunes se llev\u00f3 adelante la constituci\u00f3n\" \/>\n<meta property=\"og:url\" content=\"https:\/\/experienciadevida.com.ar\/portalurbano\/juan-mujica-y-martin-endere-al-frente-de-las-comisiones-de-hacienda-e-infraestructura\/\" \/>\n<meta property=\"article:publisher\" content=\"https:\/\/www.facebook.com\/Portal-Urbano-171542830093757\/\" \/>\n<meta property=\"article:published_time\" content=\"2022-03-14T19:19:59+00:00\" \/>\n<meta property=\"article:modified_time\" content=\"2022-03-14T19:36:36+00:00\" \/>\n<meta property=\"og:image\" content=\"https:\/\/experienciadevida.com.ar\/portalurbano\/wp-content\/uploads\/2022\/03\/Juan-Mujica-y-Martin-Endere.jpeg\" \/>\n\t<meta property=\"og:image:width\" content=\"1600\" \/>\n\t<meta property=\"og:image:height\" content=\"1200\" \/>\n\t<meta property=\"og:image:type\" content=\"image\/jpeg\" \/>\n<meta name=\"author\" content=\"admpu17wp\" \/>\n<meta name=\"twitter:card\" content=\"summary_large_image\" \/>\n<meta name=\"twitter:creator\" content=\"@portalurbanook\" \/>\n<meta name=\"twitter:site\" content=\"@portalurbanook\" \/>\n<meta name=\"twitter:label1\" content=\"Escrito por\" \/>\n\t<meta name=\"twitter:data1\" content=\"admpu17wp\" \/>\n\t<meta name=\"twitter:label2\" content=\"Tiempo de lectura\" \/>\n\t<meta name=\"twitter:data2\" content=\"1 minuto\" \/>\n<script type=\"application\/ld+json\" class=\"yoast-schema-graph\">{\"@context\":\"https:\/\/schema.org\",\"@graph\":[{\"@type\":\"Article\",\"@id\":\"https:\/\/experienciadevida.com.ar\/portalurbano\/juan-mujica-y-martin-endere-al-frente-de-las-comisiones-de-hacienda-e-infraestructura\/#article\",\"isPartOf\":{\"@id\":\"https:\/\/experienciadevida.com.ar\/portalurbano\/juan-mujica-y-martin-endere-al-frente-de-las-comisiones-de-hacienda-e-infraestructura\/\"},\"author\":{\"name\":\"admpu17wp\",\"@id\":\"https:\/\/experienciadevida.com.ar\/portalurbano\/#\/schema\/person\/02dd326b1c4b056e9cc972486934a3a7\"},\"headline\":\"Juan Mujica y Mart\u00edn Endere al frente de las comisiones de Hacienda e Infraestructura\",\"datePublished\":\"2022-03-14T19:19:59+00:00\",\"dateModified\":\"2022-03-14T19:36:36+00:00\",\"mainEntityOfPage\":{\"@id\":\"https:\/\/experienciadevida.com.ar\/portalurbano\/juan-mujica-y-martin-endere-al-frente-de-las-comisiones-de-hacienda-e-infraestructura\/\"},\"wordCount\":246,\"publisher\":{\"@id\":\"https:\/\/experienciadevida.com.ar\/portalurbano\/#organization\"},\"articleSection\":[\"Ciudad\",\"Destacadas\"],\"inLanguage\":\"es\"},{\"@type\":\"WebPage\",\"@id\":\"https:\/\/experienciadevida.com.ar\/portalurbano\/juan-mujica-y-martin-endere-al-frente-de-las-comisiones-de-hacienda-e-infraestructura\/\",\"url\":\"https:\/\/experienciadevida.com.ar\/portalurbano\/juan-mujica-y-martin-endere-al-frente-de-las-comisiones-de-hacienda-e-infraestructura\/\",\"name\":\"Juan Mujica y Mart\u00edn Endere al frente de las comisiones de hacienda\",\"isPartOf\":{\"@id\":\"https:\/\/experienciadevida.com.ar\/portalurbano\/#website\"},\"datePublished\":\"2022-03-14T19:19:59+00:00\",\"dateModified\":\"2022-03-14T19:36:36+00:00\",\"description\":\"Juan Mujica y Mart\u00edn Endere al frente de las comisiones de Hacienda e Infraestructura, este lunes se llev\u00f3 adelante la constituci\u00f3n\",\"breadcrumb\":{\"@id\":\"https:\/\/experienciadevida.com.ar\/portalurbano\/juan-mujica-y-martin-endere-al-frente-de-las-comisiones-de-hacienda-e-infraestructura\/#breadcrumb\"},\"inLanguage\":\"es\",\"potentialAction\":[{\"@type\":\"ReadAction\",\"target\":[\"https:\/\/experienciadevida.com.ar\/portalurbano\/juan-mujica-y-martin-endere-al-frente-de-las-comisiones-de-hacienda-e-infraestructura\/\"]}]},{\"@type\":\"BreadcrumbList\",\"@id\":\"https:\/\/experienciadevida.com.ar\/portalurbano\/juan-mujica-y-martin-endere-al-frente-de-las-comisiones-de-hacienda-e-infraestructura\/#breadcrumb\",\"itemListElement\":[{\"@type\":\"ListItem\",\"position\":1,\"name\":\"Portada\",\"item\":\"https:\/\/experienciadevida.com.ar\/portalurbano\/\"},{\"@type\":\"ListItem\",\"position\":2,\"name\":\"Juan Mujica y Mart\u00edn Endere al frente de las comisiones de Hacienda e Infraestructura\"}]},{\"@type\":\"WebSite\",\"@id\":\"https:\/\/experienciadevida.com.ar\/portalurbano\/#website\",\"url\":\"https:\/\/experienciadevida.com.ar\/portalurbano\/\",\"name\":\"\",\"description\":\"\",\"publisher\":{\"@id\":\"https:\/\/experienciadevida.com.ar\/portalurbano\/#organization\"},\"potentialAction\":[{\"@type\":\"SearchAction\",\"target\":{\"@type\":\"EntryPoint\",\"urlTemplate\":\"https:\/\/experienciadevida.com.ar\/portalurbano\/?s={search_term_string}\"},\"query-input\":\"required name=search_term_string\"}],\"inLanguage\":\"es\"},{\"@type\":\"Organization\",\"@id\":\"https:\/\/experienciadevida.com.ar\/portalurbano\/#organization\",\"name\":\"Portal Urbano\",\"url\":\"https:\/\/experienciadevida.com.ar\/portalurbano\/\",\"logo\":{\"@type\":\"ImageObject\",\"inLanguage\":\"es\",\"@id\":\"https:\/\/experienciadevida.com.ar\/portalurbano\/#\/schema\/logo\/image\/\",\"url\":\"https:\/\/experienciadevida.com.ar\/portalurbano\/wp-content\/uploads\/2019\/09\/Logo-Original.png\",\"contentUrl\":\"https:\/\/experienciadevida.com.ar\/portalurbano\/wp-content\/uploads\/2019\/09\/Logo-Original.png\",\"width\":2236,\"height\":1216,\"caption\":\"Portal Urbano\"},\"image\":{\"@id\":\"https:\/\/experienciadevida.com.ar\/portalurbano\/#\/schema\/logo\/image\/\"},\"sameAs\":[\"https:\/\/www.facebook.com\/Portal-Urbano-171542830093757\/\",\"https:\/\/twitter.com\/portalurbanook\",\"https:\/\/www.instagram.com\/_portalurbano\/\",\"https:\/\/www.youtube.com\/channel\/UCXhagIfszH8KxFiOok79zbA?view_as=subscriber\"]},{\"@type\":\"Person\",\"@id\":\"https:\/\/experienciadevida.com.ar\/portalurbano\/#\/schema\/person\/02dd326b1c4b056e9cc972486934a3a7\",\"name\":\"admpu17wp\",\"image\":{\"@type\":\"ImageObject\",\"inLanguage\":\"es\",\"@id\":\"https:\/\/experienciadevida.com.ar\/portalurbano\/#\/schema\/person\/image\/\",\"url\":\"https:\/\/secure.gravatar.com\/avatar\/830d4c57adaae6630765e449a6908047?s=96&d=mm&r=g\",\"contentUrl\":\"https:\/\/secure.gravatar.com\/avatar\/830d4c57adaae6630765e449a6908047?s=96&d=mm&r=g\",\"caption\":\"admpu17wp\"}}]}<\/script>\n<!-- \/ Yoast SEO plugin. -->","yoast_head_json":{"title":"Juan Mujica y Mart\u00edn Endere al frente de las comisiones de hacienda","description":"Juan Mujica y Mart\u00edn Endere al frente de las comisiones de Hacienda e Infraestructura, este lunes se llev\u00f3 adelante la constituci\u00f3n","robots":{"index":"index","follow":"follow","max-snippet":"max-snippet:-1","max-image-preview":"max-image-preview:large","max-video-preview":"max-video-preview:-1"},"canonical":"https:\/\/experienciadevida.com.ar\/portalurbano\/juan-mujica-y-martin-endere-al-frente-de-las-comisiones-de-hacienda-e-infraestructura\/","og_locale":"es_ES","og_type":"article","og_title":"Juan Mujica y Mart\u00edn Endere al frente de las comisiones de hacienda","og_description":"Juan Mujica y Mart\u00edn Endere al frente de las comisiones de Hacienda e Infraestructura, este lunes se llev\u00f3 adelante la constituci\u00f3n","og_url":"https:\/\/experienciadevida.com.ar\/portalurbano\/juan-mujica-y-martin-endere-al-frente-de-las-comisiones-de-hacienda-e-infraestructura\/","article_publisher":"https:\/\/www.facebook.com\/Portal-Urbano-171542830093757\/","article_published_time":"2022-03-14T19:19:59+00:00","article_modified_time":"2022-03-14T19:36:36+00:00","og_image":[{"width":1600,"height":1200,"url":"https:\/\/experienciadevida.com.ar\/portalurbano\/wp-content\/uploads\/2022\/03\/Juan-Mujica-y-Martin-Endere.jpeg","type":"image\/jpeg"}],"author":"admpu17wp","twitter_card":"summary_large_image","twitter_creator":"@portalurbanook","twitter_site":"@portalurbanook","twitter_misc":{"Escrito por":"admpu17wp","Tiempo de lectura":"1 minuto"},"schema":{"@context":"https:\/\/schema.org","@graph":[{"@type":"Article","@id":"https:\/\/experienciadevida.com.ar\/portalurbano\/juan-mujica-y-martin-endere-al-frente-de-las-comisiones-de-hacienda-e-infraestructura\/#article","isPartOf":{"@id":"https:\/\/experienciadevida.com.ar\/portalurbano\/juan-mujica-y-martin-endere-al-frente-de-las-comisiones-de-hacienda-e-infraestructura\/"},"author":{"name":"admpu17wp","@id":"https:\/\/experienciadevida.com.ar\/portalurbano\/#\/schema\/person\/02dd326b1c4b056e9cc972486934a3a7"},"headline":"Juan Mujica y Mart\u00edn Endere al frente de las comisiones de Hacienda e Infraestructura","datePublished":"2022-03-14T19:19:59+00:00","dateModified":"2022-03-14T19:36:36+00:00","mainEntityOfPage":{"@id":"https:\/\/experienciadevida.com.ar\/portalurbano\/juan-mujica-y-martin-endere-al-frente-de-las-comisiones-de-hacienda-e-infraestructura\/"},"wordCount":246,"publisher":{"@id":"https:\/\/experienciadevida.com.ar\/portalurbano\/#organization"},"articleSection":["Ciudad","Destacadas"],"inLanguage":"es"},{"@type":"WebPage","@id":"https:\/\/experienciadevida.com.ar\/portalurbano\/juan-mujica-y-martin-endere-al-frente-de-las-comisiones-de-hacienda-e-infraestructura\/","url":"https:\/\/experienciadevida.com.ar\/portalurbano\/juan-mujica-y-martin-endere-al-frente-de-las-comisiones-de-hacienda-e-infraestructura\/","name":"Juan Mujica y Mart\u00edn Endere al frente de las comisiones de hacienda","isPartOf":{"@id":"https:\/\/experienciadevida.com.ar\/portalurbano\/#website"},"datePublished":"2022-03-14T19:19:59+00:00","dateModified":"2022-03-14T19:36:36+00:00","description":"Juan Mujica y Mart\u00edn Endere al frente de las comisiones de Hacienda e Infraestructura, este lunes se llev\u00f3 adelante la constituci\u00f3n","breadcrumb":{"@id":"https:\/\/experienciadevida.com.ar\/portalurbano\/juan-mujica-y-martin-endere-al-frente-de-las-comisiones-de-hacienda-e-infraestructura\/#breadcrumb"},"inLanguage":"es","potentialAction":[{"@type":"ReadAction","target":["https:\/\/experienciadevida.com.ar\/portalurbano\/juan-mujica-y-martin-endere-al-frente-de-las-comisiones-de-hacienda-e-infraestructura\/"]}]},{"@type":"BreadcrumbList","@id":"https:\/\/experienciadevida.com.ar\/portalurbano\/juan-mujica-y-martin-endere-al-frente-de-las-comisiones-de-hacienda-e-infraestructura\/#breadcrumb","itemListElement":[{"@type":"ListItem","position":1,"name":"Portada","item":"https:\/\/experienciadevida.com.ar\/portalurbano\/"},{"@type":"ListItem","position":2,"name":"Juan Mujica y Mart\u00edn Endere al frente de las comisiones de Hacienda e Infraestructura"}]},{"@type":"WebSite","@id":"https:\/\/experienciadevida.com.ar\/portalurbano\/#website","url":"https:\/\/experienciadevida.com.ar\/portalurbano\/","name":"","description":"","publisher":{"@id":"https:\/\/experienciadevida.com.ar\/portalurbano\/#organization"},"potentialAction":[{"@type":"SearchAction","target":{"@type":"EntryPoint","urlTemplate":"https:\/\/experienciadevida.com.ar\/portalurbano\/?s={search_term_string}"},"query-input":"required name=search_term_string"}],"inLanguage":"es"},{"@type":"Organization","@id":"https:\/\/experienciadevida.com.ar\/portalurbano\/#organization","name":"Portal Urbano","url":"https:\/\/experienciadevida.com.ar\/portalurbano\/","logo":{"@type":"ImageObject","inLanguage":"es","@id":"https:\/\/experienciadevida.com.ar\/portalurbano\/#\/schema\/logo\/image\/","url":"https:\/\/experienciadevida.com.ar\/portalurbano\/wp-content\/uploads\/2019\/09\/Logo-Original.png","contentUrl":"https:\/\/experienciadevida.com.ar\/portalurbano\/wp-content\/uploads\/2019\/09\/Logo-Original.png","width":2236,"height":1216,"caption":"Portal Urbano"},"image":{"@id":"https:\/\/experienciadevida.com.ar\/portalurbano\/#\/schema\/logo\/image\/"},"sameAs":["https:\/\/www.facebook.com\/Portal-Urbano-171542830093757\/","https:\/\/twitter.com\/portalurbanook","https:\/\/www.instagram.com\/_portalurbano\/","https:\/\/www.youtube.com\/channel\/UCXhagIfszH8KxFiOok79zbA?view_as=subscriber"]},{"@type":"Person","@id":"https:\/\/experienciadevida.com.ar\/portalurbano\/#\/schema\/person\/02dd326b1c4b056e9cc972486934a3a7","name":"admpu17wp","image":{"@type":"ImageObject","inLanguage":"es","@id":"https:\/\/experienciadevida.com.ar\/portalurbano\/#\/schema\/person\/image\/","url":"https:\/\/secure.gravatar.com\/avatar\/830d4c57adaae6630765e449a6908047?s=96&d=mm&r=g","contentUrl":"https:\/\/secure.gravatar.com\/avatar\/830d4c57adaae6630765e449a6908047?s=96&d=mm&r=g","caption":"admpu17wp"}}]}},"featured_image_urls":{"full":["https:\/\/experienciadevida.com.ar\/portalurbano\/wp-content\/uploads\/2022\/03\/Juan-Mujica-y-Martin-Endere.jpeg",1600,1200,false],"thumbnail":["https:\/\/experienciadevida.com.ar\/portalurbano\/wp-content\/uploads\/2022\/03\/Juan-Mujica-y-Martin-Endere-150x150.jpeg",150,150,true],"medium":["https:\/\/experienciadevida.com.ar\/portalurbano\/wp-content\/uploads\/2022\/03\/Juan-Mujica-y-Martin-Endere-300x225.jpeg",300,225,true],"medium_large":["https:\/\/experienciadevida.com.ar\/portalurbano\/wp-content\/uploads\/2022\/03\/Juan-Mujica-y-Martin-Endere-768x576.jpeg",640,480,true],"large":["https:\/\/experienciadevida.com.ar\/portalurbano\/wp-content\/uploads\/2022\/03\/Juan-Mujica-y-Martin-Endere-1024x768.jpeg",640,480,true],"ug_big":["https:\/\/experienciadevida.com.ar\/portalurbano\/wp-content\/uploads\/2022\/03\/Juan-Mujica-y-Martin-Endere-768x576.jpeg",768,576,true],"1536x1536":["https:\/\/experienciadevida.com.ar\/portalurbano\/wp-content\/uploads\/2022\/03\/Juan-Mujica-y-Martin-Endere-1536x1152.jpeg",1536,1152,true],"2048x2048":["https:\/\/experienciadevida.com.ar\/portalurbano\/wp-content\/uploads\/2022\/03\/Juan-Mujica-y-Martin-Endere.jpeg",1600,1200,false],"newsever-slider-full":["https:\/\/experienciadevida.com.ar\/portalurbano\/wp-content\/uploads\/2022\/03\/Juan-Mujica-y-Martin-Endere.jpeg",1127,845,false],"newsever-featured":["https:\/\/experienciadevida.com.ar\/portalurbano\/wp-content\/uploads\/2022\/03\/Juan-Mujica-y-Martin-Endere.jpeg",1024,768,false],"newsever-medium":["https:\/\/experienciadevida.com.ar\/portalurbano\/wp-content\/uploads\/2022\/03\/Juan-Mujica-y-Martin-Endere.jpeg",633,475,false],"web-stories-poster-portrait":["https:\/\/experienciadevida.com.ar\/portalurbano\/wp-content\/uploads\/2022\/03\/Juan-Mujica-y-Martin-Endere.jpeg",640,480,false],"web-stories-publisher-logo":["https:\/\/experienciadevida.com.ar\/portalurbano\/wp-content\/uploads\/2022\/03\/Juan-Mujica-y-Martin-Endere.jpeg",96,72,false],"web-stories-thumbnail":["https:\/\/experienciadevida.com.ar\/portalurbano\/wp-content\/uploads\/2022\/03\/Juan-Mujica-y-Martin-Endere.jpeg",150,113,false]},"author_info":{"display_name":"admpu17wp","author_link":"https:\/\/experienciadevida.com.ar\/portalurbano\/author\/admpu17wp\/"},"category_info":"<a href=\"https:\/\/experienciadevida.com.ar\/portalurbano\/category\/ciudad\/\" rel=\"category tag\">Ciudad<\/a> <a href=\"https:\/\/experienciadevida.com.ar\/portalurbano\/category\/destacadas\/\" rel=\"category tag\">Destacadas<\/a>","tag_info":"Destacadas","comment_count":"0","amp_enabled":true,"_links":{"self":[{"href":"https:\/\/experienciadevida.com.ar\/portalurbano\/wp-json\/wp\/v2\/posts\/163448"}],"collection":[{"href":"https:\/\/experienciadevida.com.ar\/portalurbano\/wp-json\/wp\/v2\/posts"}],"about":[{"href":"https:\/\/experienciadevida.com.ar\/portalurbano\/wp-json\/wp\/v2\/types\/post"}],"author":[{"embeddable":true,"href":"https:\/\/experienciadevida.com.ar\/portalurbano\/wp-json\/wp\/v2\/users\/1"}],"replies":[{"embeddable":true,"href":"https:\/\/experienciadevida.com.ar\/portalurbano\/wp-json\/wp\/v2\/comments?post=163448"}],"version-history":[{"count":2,"href":"https:\/\/experienciadevida.com.ar\/portalurbano\/wp-json\/wp\/v2\/posts\/163448\/revisions"}],"predecessor-version":[{"id":163451,"href":"https:\/\/experienciadevida.com.ar\/portalurbano\/wp-json\/wp\/v2\/posts\/163448\/revisions\/163451"}],"wp:featuredmedia":[{"embeddable":true,"href":"https:\/\/experienciadevida.com.ar\/portalurbano\/wp-json\/wp\/v2\/media\/163449"}],"wp:attachment":[{"href":"https:\/\/experienciadevida.com.ar\/portalurbano\/wp-json\/wp\/v2\/media?parent=163448"}],"wp:term":[{"taxonomy":"category","embeddable":true,"href":"https:\/\/experienciadevida.com.ar\/portalurbano\/wp-json\/wp\/v2\/categories?post=163448"},{"taxonomy":"post_tag","embeddable":true,"href":"https:\/\/experienciadevida.com.ar\/portalurbano\/wp-json\/wp\/v2\/tags?post=163448"}],"curies":[{"name":"wp","href":"https:\/\/api.w.org\/{rel}","templated":true}]}}